{"id":34016,"date":"2008-10-17T14:20:01","date_gmt":"2008-10-17T14:20:01","guid":{"rendered":"http:\/\/www.aceguarulhos.com.br\/blog\/?p=34016"},"modified":"-0001-11-30T00:00:00","modified_gmt":"-0001-11-30T03:00:00","slug":"nota-fiscal-paulista-come%c3%a7a-a-pagar-r-270-milh%c3%b5es","status":"publish","type":"post","link":"https:\/\/www.aceguarulhos.com.br\/blog\/nota-fiscal-paulista-come%c3%a7a-a-pagar-r-270-milh%c3%b5es\/","title":{"rendered":"Nota Fiscal Paulista come\u00e7a a pagar R$ 270 milh\u00f5es"},"content":{"rendered":"<p>A Secretaria da Fazenda come\u00e7ou a pagar, desde o dia 1\u00ba, os cr\u00e9ditos do programa Nota Fiscal Paulista (NFP) referentes ao per\u00edodo de janeiro a junho de 2008. No total, ser\u00e3o distribu\u00eddos mais de R$ 270 milh\u00f5es, a 13.292.664 consumidores que forneceram o Cadastro de Pessoa F\u00edsica (CPF) ou Cadastro Nacional de Pessoa Jur\u00eddica (CNPJ) na hora de suas compras e tiveram seus documentos registrados pelo estabelecimento vendedor no sistema do NFP.<\/p>\n<p><center><\/p>\n<p class=\"midia\" style=\"width: 420px;\"><img loading=\"lazy\" decoding=\"async\" src=\"\/blog\/wp-content\/uploads\/image.php?x=i&amp;i1=100&amp;i2=20080625120234\" title=\"Imprensa \/ ACE\" width=\"420\" height=\"410\"><\/p>\n<p><\/center><\/p>\n<p>Foram processados, no primeiro semestre, 828 milh\u00f5es de documentos fiscais, dos quais 128 milh\u00f5es continham o CPF ou CNPJ do consumidor. Cerca de 2,5 milh\u00f5es de consumidores receber\u00e3o cr\u00e9ditos superiores a R$ 25.<\/p>\n<p>Dos R$ 270 milh\u00f5es a ser distribu\u00eddos, R$ 48,8 milh\u00f5es (18%) foram gerados pelo setor de mercados em geral; R$ 38,5 milh\u00f5es (14,2%) pelo com\u00e9rcio de materiais de constru\u00e7\u00e3o e similares; R$ 29,5 milh\u00f5es (10,9%) pelas lojas de departamentos e magazines; R$ 20,2 milh\u00f5es (7,5%) pelo com\u00e9rcio varejista de vestu\u00e1rio, e 19,8 milh\u00f5es (7,3%) pelas lojas de eletrodom\u00e9sticos e equipamentos de \u00e1udio e v\u00eddeo. Esse \u00e9 o segundo pagamento de cr\u00e9ditos do NFP. O primeiro, em abril, distribuiu R$ 770 mil, referente ao per\u00edodo de outubro a dezembro de 2007.<\/p>\n<p><b>Formas de resgate \u2013<\/b> De acordo com a legisla\u00e7\u00e3o que criou o NFP, os cr\u00e9ditos concedidos no primeiro semestre do ano podem ser resgatados a partir de outubro do mesmo ano; os cr\u00e9ditos do segundo semestre, a partir de abril do ano seguinte. Depois que os cr\u00e9ditos ficam dispon\u00edveis, o consumidor tem o prazo de at\u00e9 cinco anos para utiliz\u00e1-los.<\/p>\n<p>Para a pessoa f\u00edsica, existem tr\u00eas maneiras de fazer o resgate: Se o valor for igual ou superior a R$ 25, o consumidor pode transferir para sua pr\u00f3pria conta corrente ou poupan\u00e7a. Pode tamb\u00e9m passar para outra pessoa f\u00edsica ou jur\u00eddica, sem limite de valor. O cidad\u00e3o tem tamb\u00e9m a possibilidade de usar seus cr\u00e9ditos para abater no valor do Imposto sobre Propriedade de Ve\u00edculos Automotores (IPVA) do ano seguinte. Essa op\u00e7\u00e3o estar\u00e1 dispon\u00edvel apenas at\u00e9 o dia 31 deste m\u00eas, para que esse abatimento possa aparecer descontado na comunica\u00e7\u00e3o de valor do IPVA 2009.<\/p>\n<p>As pessoas jur\u00eddicas s\u00f3 poder\u00e3o resgatar seus cr\u00e9ditos se o valor for igual ou superior a R$ 25, e de uma \u00fanica forma: a transfer\u00eancia para uma conta corrente ou poupan\u00e7a pr\u00f3prias. Valores inferiores dever\u00e3o ser acumulados at\u00e9 atingir R$ 25.<\/p>\n<p>O Nota Fiscal Paulista \u00e9 parte do Programa de Est\u00edmulo \u00e0 Cidadania Fiscal do Estado de S\u00e3o Paulo e reduz a carga tribut\u00e1ria individual dos cidad\u00e3os, porque estes recebem cr\u00e9ditos ao efetuar a compra de mercadorias em S\u00e3o Paulo. Do imposto recolhido pelo estabelecimento, 30% s\u00e3o devolvidos a quem informar o CPF ou CNPJ, proporcionalmente ao valor de sua aquisi\u00e7\u00e3o em rela\u00e7\u00e3o ao total de consumidores identificados. <\/p>\n<p>Para utilizar os cr\u00e9ditos, o consumidor deve acessar o sistema do Nota Fiscal Paulista www.nfp.fazenda.sp.gov.br, mediante senha, selecionar a op\u00e7\u00e3o conta corrente e seguir as instru\u00e7\u00f5es na tela. <\/p>\n<p>O consumidor que n\u00e3o tiver suas notas registradas no sistema deve procurar o estabelecimento no qual realizou a compra e reclamar. <\/p>\n<p>Pode tamb\u00e9m registrar a reclama\u00e7\u00e3o pela Internet, mediante senha pessoal, at\u00e9 o dia 15 do segundo m\u00eas subseq\u00fcente \u00e0quele em que ocorreu a compra<\/p>\n<p>Cadastro de devedores n\u00e3o impede resgate &#8211; Os consumidores com cr\u00e9ditos acumulados do programa Nota Fiscal Paulista (NFP) poder\u00e3o resgat\u00e1-los em outubro, mesmo os que receberam as notifica\u00e7\u00f5es de possibilidade de inclus\u00e3o no Cadastro Informativo Estadual (Cadin) \u2013 cadastro relativo a pessoas e empresas que t\u00eam d\u00edvidas com o Estado.<\/p>\n<p>Quem recebeu a notifica\u00e7\u00e3o de d\u00e9bito existente ainda n\u00e3o foi inclu\u00eddo no Cadin, j\u00e1 que h\u00e1 um prazo legal de 90 dias para que sua pend\u00eancia seja solucionada. Somente ap\u00f3s esse per\u00edodo \u00e9 que os nomes dos devedores ser\u00e3o inclu\u00eddos no cadastro de inadimplentes.<\/p>\n","protected":false},"excerpt":{"rendered":"A Secretaria da Fazenda come\u00e7ou a pagar, desde o dia 1\u00ba, os cr\u00e9ditos do programa Nota Fiscal Paulista (NFP) referentes ao per\u00edodo de \n<a class=\"moretag\" href=\"https:\/\/www.aceguarulhos.com.br\/blog\/nota-fiscal-paulista-come%c3%a7a-a-pagar-r-270-milh%c3%b5es\/\"> [...]<\/a>","protected":false},"author":8,"featured_media":0,"comment_status":"open","ping_status":"open","sticky":false,"template":"","format":"standard","meta":{"footnotes":""},"categories":[2],"tags":[],"class_list":["post-34016","post","type-post","status-publish","format-standard","hentry","category-noticias"],"yoast_head":"<!-- This site is optimized with the Yoast SEO plugin v28.1 - https:\/\/yoast.com\/product\/yoast-seo-wordpress\/ -->\n<title>Nota Fiscal Paulista come\u00e7a a pagar R$ 270 milh\u00f5es  - ACE-Guarulhos<\/title>\n<meta name=\"robots\" content=\"index, follow, max-snippet:-1, max-image-preview:large, max-video-preview:-1\" \/>\n<link rel=\"canonical\" href=\"https:\/\/www.aceguarulhos.com.br\/blog\/nota-fiscal-paulista-come\u00e7a-a-pagar-r-270-milh\u00f5es\/\" \/>\n<meta property=\"og:locale\" content=\"pt_BR\" \/>\n<meta property=\"og:type\" content=\"article\" \/>\n<meta property=\"og:title\" content=\"Nota Fiscal Paulista come\u00e7a a pagar R$ 270 milh\u00f5es  - ACE-Guarulhos\" \/>\n<meta property=\"og:description\" content=\"A Secretaria da Fazenda come\u00e7ou a pagar, desde o dia 1\u00ba, os cr\u00e9ditos do programa Nota Fiscal Paulista (NFP) referentes ao per\u00edodo de\" \/>\n<meta property=\"og:url\" content=\"https:\/\/www.aceguarulhos.com.br\/blog\/nota-fiscal-paulista-come\u00e7a-a-pagar-r-270-milh\u00f5es\/\" \/>\n<meta property=\"og:site_name\" content=\"ACE-Guarulhos\" \/>\n<meta property=\"article:publisher\" content=\"https:\/\/www.facebook.com\/aceguarulhos\/\" \/>\n<meta property=\"article:published_time\" content=\"2008-10-17T14:20:01+00:00\" \/>\n<meta property=\"og:image\" content=\"https:\/\/www.aceguarulhos.com.br\/blog\/wp-content\/uploads\/image.php\" \/>\n<meta name=\"author\" content=\"Assessoria de Imprensa ACE-Guarulhos\" \/>\n<meta name=\"twitter:card\" content=\"summary_large_image\" \/>\n<meta name=\"twitter:label1\" content=\"Escrito por\" \/>\n\t<meta name=\"twitter:data1\" content=\"Assessoria de Imprensa ACE-Guarulhos\" \/>\n\t<meta name=\"twitter:label2\" content=\"Est. tempo de leitura\" \/>\n\t<meta name=\"twitter:data2\" content=\"3 minutos\" \/>\n<script type=\"application\/ld+json\" class=\"yoast-schema-graph\">{\"@context\":\"https:\\\/\\\/schema.org\",\"@graph\":[{\"@type\":\"Article\",\"@id\":\"https:\\\/\\\/www.aceguarulhos.com.br\\\/blog\\\/nota-fiscal-paulista-come%c3%a7a-a-pagar-r-270-milh%c3%b5es\\\/#article\",\"isPartOf\":{\"@id\":\"https:\\\/\\\/www.aceguarulhos.com.br\\\/blog\\\/nota-fiscal-paulista-come%c3%a7a-a-pagar-r-270-milh%c3%b5es\\\/\"},\"author\":{\"name\":\"Assessoria de Imprensa ACE-Guarulhos\",\"@id\":\"https:\\\/\\\/www.aceguarulhos.com.br\\\/blog\\\/#\\\/schema\\\/person\\\/6983b51bad37489989e4f09698c26237\"},\"headline\":\"Nota Fiscal Paulista come\u00e7a a pagar R$ 270 milh\u00f5es\",\"datePublished\":\"2008-10-17T14:20:01+00:00\",\"mainEntityOfPage\":{\"@id\":\"https:\\\/\\\/www.aceguarulhos.com.br\\\/blog\\\/nota-fiscal-paulista-come%c3%a7a-a-pagar-r-270-milh%c3%b5es\\\/\"},\"wordCount\":695,\"commentCount\":0,\"publisher\":{\"@id\":\"https:\\\/\\\/www.aceguarulhos.com.br\\\/blog\\\/#organization\"},\"articleSection\":[\"Not\u00edcias\"],\"inLanguage\":\"pt-BR\"},{\"@type\":\"WebPage\",\"@id\":\"https:\\\/\\\/www.aceguarulhos.com.br\\\/blog\\\/nota-fiscal-paulista-come%c3%a7a-a-pagar-r-270-milh%c3%b5es\\\/\",\"url\":\"https:\\\/\\\/www.aceguarulhos.com.br\\\/blog\\\/nota-fiscal-paulista-come%c3%a7a-a-pagar-r-270-milh%c3%b5es\\\/\",\"name\":\"Nota Fiscal Paulista come\u00e7a a pagar R$ 270 milh\u00f5es - ACE-Guarulhos\",\"isPartOf\":{\"@id\":\"https:\\\/\\\/www.aceguarulhos.com.br\\\/blog\\\/#website\"},\"datePublished\":\"2008-10-17T14:20:01+00:00\",\"breadcrumb\":{\"@id\":\"https:\\\/\\\/www.aceguarulhos.com.br\\\/blog\\\/nota-fiscal-paulista-come%c3%a7a-a-pagar-r-270-milh%c3%b5es\\\/#breadcrumb\"},\"inLanguage\":\"pt-BR\",\"potentialAction\":[{\"@type\":\"ReadAction\",\"target\":[\"https:\\\/\\\/www.aceguarulhos.com.br\\\/blog\\\/nota-fiscal-paulista-come%c3%a7a-a-pagar-r-270-milh%c3%b5es\\\/\"]}]},{\"@type\":\"BreadcrumbList\",\"@id\":\"https:\\\/\\\/www.aceguarulhos.com.br\\\/blog\\\/nota-fiscal-paulista-come%c3%a7a-a-pagar-r-270-milh%c3%b5es\\\/#breadcrumb\",\"itemListElement\":[{\"@type\":\"ListItem\",\"position\":1,\"name\":\"In\u00edcio\",\"item\":\"https:\\\/\\\/www.aceguarulhos.com.br\\\/blog\\\/\"},{\"@type\":\"ListItem\",\"position\":2,\"name\":\"Nota Fiscal Paulista come\u00e7a a pagar R$ 270 milh\u00f5es\"}]},{\"@type\":\"WebSite\",\"@id\":\"https:\\\/\\\/www.aceguarulhos.com.br\\\/blog\\\/#website\",\"url\":\"https:\\\/\\\/www.aceguarulhos.com.br\\\/blog\\\/\",\"name\":\"ACE-Guarulhos\",\"description\":\"A ACE-Guarulhos \u00e9 uma associa\u00e7\u00e3o que ap\u00f3ia os empres\u00e1rios guarulhenses atrav\u00e9s da representa\u00e7\u00e3o, da gera\u00e7\u00e3o de neg\u00f3cios e presta\u00e7\u00e3o de servi\u00e7os.\",\"publisher\":{\"@id\":\"https:\\\/\\\/www.aceguarulhos.com.br\\\/blog\\\/#organization\"},\"potentialAction\":[{\"@type\":\"SearchAction\",\"target\":{\"@type\":\"EntryPoint\",\"urlTemplate\":\"https:\\\/\\\/www.aceguarulhos.com.br\\\/blog\\\/?s={search_term_string}\"},\"query-input\":{\"@type\":\"PropertyValueSpecification\",\"valueRequired\":true,\"valueName\":\"search_term_string\"}}],\"inLanguage\":\"pt-BR\"},{\"@type\":\"Organization\",\"@id\":\"https:\\\/\\\/www.aceguarulhos.com.br\\\/blog\\\/#organization\",\"name\":\"ACE-Guarulhos\",\"url\":\"https:\\\/\\\/www.aceguarulhos.com.br\\\/blog\\\/\",\"logo\":{\"@type\":\"ImageObject\",\"inLanguage\":\"pt-BR\",\"@id\":\"https:\\\/\\\/www.aceguarulhos.com.br\\\/blog\\\/#\\\/schema\\\/logo\\\/image\\\/\",\"url\":\"https:\\\/\\\/www.aceguarulhos.com.br\\\/blog\\\/wp-content\\\/uploads\\\/2017\\\/12\\\/logo-aceguarulhos-2018.png\",\"contentUrl\":\"https:\\\/\\\/www.aceguarulhos.com.br\\\/blog\\\/wp-content\\\/uploads\\\/2017\\\/12\\\/logo-aceguarulhos-2018.png\",\"width\":419,\"height\":76,\"caption\":\"ACE-Guarulhos\"},\"image\":{\"@id\":\"https:\\\/\\\/www.aceguarulhos.com.br\\\/blog\\\/#\\\/schema\\\/logo\\\/image\\\/\"},\"sameAs\":[\"https:\\\/\\\/www.facebook.com\\\/aceguarulhos\\\/\",\"https:\\\/\\\/br.linkedin.com\\\/in\\\/ace-guarulhos-b9a97093\",\"https:\\\/\\\/www.youtube.com\\\/user\\\/aceguarulhos\"]},{\"@type\":\"Person\",\"@id\":\"https:\\\/\\\/www.aceguarulhos.com.br\\\/blog\\\/#\\\/schema\\\/person\\\/6983b51bad37489989e4f09698c26237\",\"name\":\"Assessoria de Imprensa ACE-Guarulhos\",\"image\":{\"@type\":\"ImageObject\",\"inLanguage\":\"pt-BR\",\"@id\":\"https:\\\/\\\/secure.gravatar.com\\\/avatar\\\/707f3fadd6918afeb64173ab22d8a8cb0676953098a4f31ff36dc2b4c699ef6a?s=96&d=mm&r=g\",\"url\":\"https:\\\/\\\/secure.gravatar.com\\\/avatar\\\/707f3fadd6918afeb64173ab22d8a8cb0676953098a4f31ff36dc2b4c699ef6a?s=96&d=mm&r=g\",\"contentUrl\":\"https:\\\/\\\/secure.gravatar.com\\\/avatar\\\/707f3fadd6918afeb64173ab22d8a8cb0676953098a4f31ff36dc2b4c699ef6a?s=96&d=mm&r=g\",\"caption\":\"Assessoria de Imprensa ACE-Guarulhos\"},\"url\":\"https:\\\/\\\/www.aceguarulhos.com.br\\\/blog\\\/author\\\/assessoria-de-imprensa-ace-guarulhos\\\/\"}]}<\/script>\n<!-- \/ Yoast SEO plugin. -->","yoast_head_json":{"title":"Nota Fiscal Paulista come\u00e7a a pagar R$ 270 milh\u00f5es  - ACE-Guarulhos","robots":{"index":"index","follow":"follow","max-snippet":"max-snippet:-1","max-image-preview":"max-image-preview:large","max-video-preview":"max-video-preview:-1"},"canonical":"https:\/\/www.aceguarulhos.com.br\/blog\/nota-fiscal-paulista-come\u00e7a-a-pagar-r-270-milh\u00f5es\/","og_locale":"pt_BR","og_type":"article","og_title":"Nota Fiscal Paulista come\u00e7a a pagar R$ 270 milh\u00f5es  - ACE-Guarulhos","og_description":"A Secretaria da Fazenda come\u00e7ou a pagar, desde o dia 1\u00ba, os cr\u00e9ditos do programa Nota Fiscal Paulista (NFP) referentes ao per\u00edodo de","og_url":"https:\/\/www.aceguarulhos.com.br\/blog\/nota-fiscal-paulista-come\u00e7a-a-pagar-r-270-milh\u00f5es\/","og_site_name":"ACE-Guarulhos","article_publisher":"https:\/\/www.facebook.com\/aceguarulhos\/","article_published_time":"2008-10-17T14:20:01+00:00","og_image":[{"url":"https:\/\/www.aceguarulhos.com.br\/blog\/wp-content\/uploads\/image.php","type":"","width":"","height":""}],"author":"Assessoria de Imprensa ACE-Guarulhos","twitter_card":"summary_large_image","twitter_misc":{"Escrito por":"Assessoria de Imprensa ACE-Guarulhos","Est. tempo de leitura":"3 minutos"},"schema":{"@context":"https:\/\/schema.org","@graph":[{"@type":"Article","@id":"https:\/\/www.aceguarulhos.com.br\/blog\/nota-fiscal-paulista-come%c3%a7a-a-pagar-r-270-milh%c3%b5es\/#article","isPartOf":{"@id":"https:\/\/www.aceguarulhos.com.br\/blog\/nota-fiscal-paulista-come%c3%a7a-a-pagar-r-270-milh%c3%b5es\/"},"author":{"name":"Assessoria de Imprensa ACE-Guarulhos","@id":"https:\/\/www.aceguarulhos.com.br\/blog\/#\/schema\/person\/6983b51bad37489989e4f09698c26237"},"headline":"Nota Fiscal Paulista come\u00e7a a pagar R$ 270 milh\u00f5es","datePublished":"2008-10-17T14:20:01+00:00","mainEntityOfPage":{"@id":"https:\/\/www.aceguarulhos.com.br\/blog\/nota-fiscal-paulista-come%c3%a7a-a-pagar-r-270-milh%c3%b5es\/"},"wordCount":695,"commentCount":0,"publisher":{"@id":"https:\/\/www.aceguarulhos.com.br\/blog\/#organization"},"articleSection":["Not\u00edcias"],"inLanguage":"pt-BR"},{"@type":"WebPage","@id":"https:\/\/www.aceguarulhos.com.br\/blog\/nota-fiscal-paulista-come%c3%a7a-a-pagar-r-270-milh%c3%b5es\/","url":"https:\/\/www.aceguarulhos.com.br\/blog\/nota-fiscal-paulista-come%c3%a7a-a-pagar-r-270-milh%c3%b5es\/","name":"Nota Fiscal Paulista come\u00e7a a pagar R$ 270 milh\u00f5es - ACE-Guarulhos","isPartOf":{"@id":"https:\/\/www.aceguarulhos.com.br\/blog\/#website"},"datePublished":"2008-10-17T14:20:01+00:00","breadcrumb":{"@id":"https:\/\/www.aceguarulhos.com.br\/blog\/nota-fiscal-paulista-come%c3%a7a-a-pagar-r-270-milh%c3%b5es\/#breadcrumb"},"inLanguage":"pt-BR","potentialAction":[{"@type":"ReadAction","target":["https:\/\/www.aceguarulhos.com.br\/blog\/nota-fiscal-paulista-come%c3%a7a-a-pagar-r-270-milh%c3%b5es\/"]}]},{"@type":"BreadcrumbList","@id":"https:\/\/www.aceguarulhos.com.br\/blog\/nota-fiscal-paulista-come%c3%a7a-a-pagar-r-270-milh%c3%b5es\/#breadcrumb","itemListElement":[{"@type":"ListItem","position":1,"name":"In\u00edcio","item":"https:\/\/www.aceguarulhos.com.br\/blog\/"},{"@type":"ListItem","position":2,"name":"Nota Fiscal Paulista come\u00e7a a pagar R$ 270 milh\u00f5es"}]},{"@type":"WebSite","@id":"https:\/\/www.aceguarulhos.com.br\/blog\/#website","url":"https:\/\/www.aceguarulhos.com.br\/blog\/","name":"ACE-Guarulhos","description":"A ACE-Guarulhos \u00e9 uma associa\u00e7\u00e3o que ap\u00f3ia os empres\u00e1rios guarulhenses atrav\u00e9s da representa\u00e7\u00e3o, da gera\u00e7\u00e3o de neg\u00f3cios e presta\u00e7\u00e3o de servi\u00e7os.","publisher":{"@id":"https:\/\/www.aceguarulhos.com.br\/blog\/#organization"},"potentialAction":[{"@type":"SearchAction","target":{"@type":"EntryPoint","urlTemplate":"https:\/\/www.aceguarulhos.com.br\/blog\/?s={search_term_string}"},"query-input":{"@type":"PropertyValueSpecification","valueRequired":true,"valueName":"search_term_string"}}],"inLanguage":"pt-BR"},{"@type":"Organization","@id":"https:\/\/www.aceguarulhos.com.br\/blog\/#organization","name":"ACE-Guarulhos","url":"https:\/\/www.aceguarulhos.com.br\/blog\/","logo":{"@type":"ImageObject","inLanguage":"pt-BR","@id":"https:\/\/www.aceguarulhos.com.br\/blog\/#\/schema\/logo\/image\/","url":"https:\/\/www.aceguarulhos.com.br\/blog\/wp-content\/uploads\/2017\/12\/logo-aceguarulhos-2018.png","contentUrl":"https:\/\/www.aceguarulhos.com.br\/blog\/wp-content\/uploads\/2017\/12\/logo-aceguarulhos-2018.png","width":419,"height":76,"caption":"ACE-Guarulhos"},"image":{"@id":"https:\/\/www.aceguarulhos.com.br\/blog\/#\/schema\/logo\/image\/"},"sameAs":["https:\/\/www.facebook.com\/aceguarulhos\/","https:\/\/br.linkedin.com\/in\/ace-guarulhos-b9a97093","https:\/\/www.youtube.com\/user\/aceguarulhos"]},{"@type":"Person","@id":"https:\/\/www.aceguarulhos.com.br\/blog\/#\/schema\/person\/6983b51bad37489989e4f09698c26237","name":"Assessoria de Imprensa ACE-Guarulhos","image":{"@type":"ImageObject","inLanguage":"pt-BR","@id":"https:\/\/secure.gravatar.com\/avatar\/707f3fadd6918afeb64173ab22d8a8cb0676953098a4f31ff36dc2b4c699ef6a?s=96&d=mm&r=g","url":"https:\/\/secure.gravatar.com\/avatar\/707f3fadd6918afeb64173ab22d8a8cb0676953098a4f31ff36dc2b4c699ef6a?s=96&d=mm&r=g","contentUrl":"https:\/\/secure.gravatar.com\/avatar\/707f3fadd6918afeb64173ab22d8a8cb0676953098a4f31ff36dc2b4c699ef6a?s=96&d=mm&r=g","caption":"Assessoria de Imprensa ACE-Guarulhos"},"url":"https:\/\/www.aceguarulhos.com.br\/blog\/author\/assessoria-de-imprensa-ace-guarulhos\/"}]}},"wps_subtitle":"","amp_enabled":true,"_links":{"self":[{"href":"https:\/\/www.aceguarulhos.com.br\/blog\/wp-json\/wp\/v2\/posts\/34016","targetHints":{"allow":["GET"]}}],"collection":[{"href":"https:\/\/www.aceguarulhos.com.br\/blog\/wp-json\/wp\/v2\/posts"}],"about":[{"href":"https:\/\/www.aceguarulhos.com.br\/blog\/wp-json\/wp\/v2\/types\/post"}],"author":[{"embeddable":true,"href":"https:\/\/www.aceguarulhos.com.br\/blog\/wp-json\/wp\/v2\/users\/8"}],"replies":[{"embeddable":true,"href":"https:\/\/www.aceguarulhos.com.br\/blog\/wp-json\/wp\/v2\/comments?post=34016"}],"version-history":[{"count":0,"href":"https:\/\/www.aceguarulhos.com.br\/blog\/wp-json\/wp\/v2\/posts\/34016\/revisions"}],"wp:attachment":[{"href":"https:\/\/www.aceguarulhos.com.br\/blog\/wp-json\/wp\/v2\/media?parent=34016"}],"wp:term":[{"taxonomy":"category","embeddable":true,"href":"https:\/\/www.aceguarulhos.com.br\/blog\/wp-json\/wp\/v2\/categories?post=34016"},{"taxonomy":"post_tag","embeddable":true,"href":"https:\/\/www.aceguarulhos.com.br\/blog\/wp-json\/wp\/v2\/tags?post=34016"}],"curies":[{"name":"wp","href":"https:\/\/api.w.org\/{rel}","templated":true}]}}