{"id":34005,"date":"2008-10-16T08:18:00","date_gmt":"2008-10-16T08:18:00","guid":{"rendered":"http:\/\/www.aceguarulhos.com.br\/blog\/?p=34005"},"modified":"-0001-11-30T00:00:00","modified_gmt":"-0001-11-30T03:00:00","slug":"nje-promove-a-semana-do-jovem-empreededor","status":"publish","type":"post","link":"https:\/\/www.aceguarulhos.com.br\/blog\/nje-promove-a-semana-do-jovem-empreededor\/","title":{"rendered":"NJE promove a Semana do Jovem Empreededor"},"content":{"rendered":"<p>S\u00e3o cada vez mais freq\u00fcentes o n\u00famero de jovens a frente de neg\u00f3cios no pa\u00eds. A grande maioria deles n\u00e3o tem medo de empreender. Seja na bolsa de valores ou at\u00e9 mesmo abrindo uma loja. No sentido de disseminar a cultura empreendedora entre a juventude, o N\u00facleo de Jovens Empreendedores (NJE) da ACE-Guarulhos, juntamente com o Centro de Desenvolvimento do Empreendedorismo (CDE) da ESPA e do Sebrae-SP, realizam entre os dias 27 a 31 de outubro, no audit\u00f3rio da faculdade, a 1\u00aa Semana do Jovem Empreendedor de Guarulhos.<\/p>\n<p><center><\/p>\n<p class=\"midia\" style=\"width: 420px;\"><img loading=\"lazy\" decoding=\"async\" src=\"\/blog\/wp-content\/uploads\/image.php?x=i&amp;i1=100&amp;i2=20081016081716\" title=\"Imprensa\/ACE\" width=\"420\" height=\"333\"><br \/>Paulo Futami quer fomentar o empreendedorismo entre os jovens<\/p>\n<p><\/center><\/p>\n<p>O encontro, que conta com o apoio da ACE-Guarulhos , \u00e9 a primeira iniciativa do NJE-Guarulhos neste segundo semestre. A Semana do Jovem Empreendedor reunir\u00e1 o corpo docente e discente da faculdade, al\u00e9m de empres\u00e1rios e representantes de entidades para falar sobre o tema, como o superintendente da ACE, Maurici Dias Gomes, e o diretor cultural da entidade, Rodrigo Barros, al\u00e9m de um dos maiores especialistas em empreendedorismo no Brasil, Jos\u00e9 Dornelas.<\/p>\n<p>O empres\u00e1rio Paulo Futami, diretor do NJE-Guarulhos, \u00e9 um exemplo de jovem que desde cedo escolheu o caminho do empreendedorismo. Futami sempre acompanhou seu pai Takeo Futami na administra\u00e7\u00e3o de institui\u00e7\u00f5es de ensino. Hoje, no comando da ESPA \u2013 \u201cA Faculdade de Neg\u00f3cios de Guarulhos\u201d, o empres\u00e1rio tenta estimular a juventude a compartilhar id\u00e9ias e experi\u00eancias administrativas, incentivando o relacionamento e o fomento de neg\u00f3cios.<\/p>\n<p>\u201cTrata-se de uma excelente oportunidade para adquirir gratuitamente conhecimentos acerca do Empreendedorismo. Durante a 1\u00aa Semana do Jovem Empreendedor receberemos os maiores especialistas do pa\u00eds e temos certeza de que o evento atingir\u00e1 sua lota\u00e7\u00e3o m\u00e1xima\u201d, disse Futami.<\/p>\n<p>Para o presidente da Associa\u00e7\u00e3o Comercial, Wilson Louren\u00e7o, o empreendedorismo deveria ser mat\u00e9ria obrigat\u00f3ria nas institui\u00e7\u00f5es de ensino. \u201cO empreendedorismo n\u00e3o est\u00e1 ligado somente \u00e0 abertura de um novo neg\u00f3cio. Todos os dias praticamos a\u00e7\u00f5es empreendedoras, no emprego, em casa, na comunidade que moramos. A ACE defende o empreendedorismo por consider\u00e1-lo um caminho importante para quem deseja progredir. Por isso, seria importante que as escolas, assim como faz a ESPA, dissemine o empreendedorismo entre seus alunos\u201d, falou.<\/p>\n<p>As inscri\u00e7\u00f5es j\u00e1 podem ser feitas atrav\u00e9s do site: www.aceguarulhos.com.br\/sje. <br \/>Informa\u00e7\u00f5es pelo telefone, 2137-9347 ou 2087-7090.<\/p>\n","protected":false},"excerpt":{"rendered":"S\u00e3o cada vez mais freq\u00fcentes o n\u00famero de jovens a frente de neg\u00f3cios no pa\u00eds. A grande maioria deles n\u00e3o tem medo de \n<a class=\"moretag\" href=\"https:\/\/www.aceguarulhos.com.br\/blog\/nje-promove-a-semana-do-jovem-empreededor\/\"> [...]<\/a>","protected":false},"author":8,"featured_media":0,"comment_status":"open","ping_status":"open","sticky":false,"template":"","format":"standard","meta":{"footnotes":""},"categories":[2],"tags":[],"class_list":["post-34005","post","type-post","status-publish","format-standard","hentry","category-noticias"],"yoast_head":"<!-- This site is optimized with the Yoast SEO plugin v28.1 - https:\/\/yoast.com\/product\/yoast-seo-wordpress\/ -->\n<title>NJE promove a Semana do Jovem Empreededor - ACE-Guarulhos<\/title>\n<meta name=\"robots\" content=\"index, follow, max-snippet:-1, max-image-preview:large, max-video-preview:-1\" \/>\n<link rel=\"canonical\" href=\"https:\/\/www.aceguarulhos.com.br\/blog\/nje-promove-a-semana-do-jovem-empreededor\/\" \/>\n<meta property=\"og:locale\" content=\"pt_BR\" \/>\n<meta property=\"og:type\" content=\"article\" \/>\n<meta property=\"og:title\" content=\"NJE promove a Semana do Jovem Empreededor - ACE-Guarulhos\" \/>\n<meta property=\"og:description\" content=\"S\u00e3o cada vez mais freq\u00fcentes o n\u00famero de jovens a frente de neg\u00f3cios no pa\u00eds. A grande maioria deles n\u00e3o tem medo de\" \/>\n<meta property=\"og:url\" content=\"https:\/\/www.aceguarulhos.com.br\/blog\/nje-promove-a-semana-do-jovem-empreededor\/\" \/>\n<meta property=\"og:site_name\" content=\"ACE-Guarulhos\" \/>\n<meta property=\"article:publisher\" content=\"https:\/\/www.facebook.com\/aceguarulhos\/\" \/>\n<meta property=\"article:published_time\" content=\"2008-10-16T08:18:00+00:00\" \/>\n<meta property=\"og:image\" content=\"https:\/\/www.aceguarulhos.com.br\/blog\/wp-content\/uploads\/image.php\" \/>\n<meta name=\"author\" content=\"Assessoria de Imprensa ACE-Guarulhos\" \/>\n<meta name=\"twitter:card\" content=\"summary_large_image\" \/>\n<meta name=\"twitter:label1\" content=\"Escrito por\" \/>\n\t<meta name=\"twitter:data1\" content=\"Assessoria de Imprensa ACE-Guarulhos\" \/>\n\t<meta name=\"twitter:label2\" content=\"Est. tempo de leitura\" \/>\n\t<meta name=\"twitter:data2\" content=\"2 minutos\" \/>\n<script type=\"application\/ld+json\" class=\"yoast-schema-graph\">{\"@context\":\"https:\\\/\\\/schema.org\",\"@graph\":[{\"@type\":\"Article\",\"@id\":\"https:\\\/\\\/www.aceguarulhos.com.br\\\/blog\\\/nje-promove-a-semana-do-jovem-empreededor\\\/#article\",\"isPartOf\":{\"@id\":\"https:\\\/\\\/www.aceguarulhos.com.br\\\/blog\\\/nje-promove-a-semana-do-jovem-empreededor\\\/\"},\"author\":{\"name\":\"Assessoria de Imprensa ACE-Guarulhos\",\"@id\":\"https:\\\/\\\/www.aceguarulhos.com.br\\\/blog\\\/#\\\/schema\\\/person\\\/6983b51bad37489989e4f09698c26237\"},\"headline\":\"NJE promove a Semana do Jovem Empreededor\",\"datePublished\":\"2008-10-16T08:18:00+00:00\",\"mainEntityOfPage\":{\"@id\":\"https:\\\/\\\/www.aceguarulhos.com.br\\\/blog\\\/nje-promove-a-semana-do-jovem-empreededor\\\/\"},\"wordCount\":401,\"commentCount\":0,\"publisher\":{\"@id\":\"https:\\\/\\\/www.aceguarulhos.com.br\\\/blog\\\/#organization\"},\"articleSection\":[\"Not\u00edcias\"],\"inLanguage\":\"pt-BR\"},{\"@type\":\"WebPage\",\"@id\":\"https:\\\/\\\/www.aceguarulhos.com.br\\\/blog\\\/nje-promove-a-semana-do-jovem-empreededor\\\/\",\"url\":\"https:\\\/\\\/www.aceguarulhos.com.br\\\/blog\\\/nje-promove-a-semana-do-jovem-empreededor\\\/\",\"name\":\"NJE promove a Semana do Jovem Empreededor - ACE-Guarulhos\",\"isPartOf\":{\"@id\":\"https:\\\/\\\/www.aceguarulhos.com.br\\\/blog\\\/#website\"},\"datePublished\":\"2008-10-16T08:18:00+00:00\",\"breadcrumb\":{\"@id\":\"https:\\\/\\\/www.aceguarulhos.com.br\\\/blog\\\/nje-promove-a-semana-do-jovem-empreededor\\\/#breadcrumb\"},\"inLanguage\":\"pt-BR\",\"potentialAction\":[{\"@type\":\"ReadAction\",\"target\":[\"https:\\\/\\\/www.aceguarulhos.com.br\\\/blog\\\/nje-promove-a-semana-do-jovem-empreededor\\\/\"]}]},{\"@type\":\"BreadcrumbList\",\"@id\":\"https:\\\/\\\/www.aceguarulhos.com.br\\\/blog\\\/nje-promove-a-semana-do-jovem-empreededor\\\/#breadcrumb\",\"itemListElement\":[{\"@type\":\"ListItem\",\"position\":1,\"name\":\"In\u00edcio\",\"item\":\"https:\\\/\\\/www.aceguarulhos.com.br\\\/blog\\\/\"},{\"@type\":\"ListItem\",\"position\":2,\"name\":\"NJE promove a Semana do Jovem Empreededor\"}]},{\"@type\":\"WebSite\",\"@id\":\"https:\\\/\\\/www.aceguarulhos.com.br\\\/blog\\\/#website\",\"url\":\"https:\\\/\\\/www.aceguarulhos.com.br\\\/blog\\\/\",\"name\":\"ACE-Guarulhos\",\"description\":\"A ACE-Guarulhos \u00e9 uma associa\u00e7\u00e3o que ap\u00f3ia os empres\u00e1rios guarulhenses atrav\u00e9s da representa\u00e7\u00e3o, da gera\u00e7\u00e3o de neg\u00f3cios e presta\u00e7\u00e3o de servi\u00e7os.\",\"publisher\":{\"@id\":\"https:\\\/\\\/www.aceguarulhos.com.br\\\/blog\\\/#organization\"},\"potentialAction\":[{\"@type\":\"SearchAction\",\"target\":{\"@type\":\"EntryPoint\",\"urlTemplate\":\"https:\\\/\\\/www.aceguarulhos.com.br\\\/blog\\\/?s={search_term_string}\"},\"query-input\":{\"@type\":\"PropertyValueSpecification\",\"valueRequired\":true,\"valueName\":\"search_term_string\"}}],\"inLanguage\":\"pt-BR\"},{\"@type\":\"Organization\",\"@id\":\"https:\\\/\\\/www.aceguarulhos.com.br\\\/blog\\\/#organization\",\"name\":\"ACE-Guarulhos\",\"url\":\"https:\\\/\\\/www.aceguarulhos.com.br\\\/blog\\\/\",\"logo\":{\"@type\":\"ImageObject\",\"inLanguage\":\"pt-BR\",\"@id\":\"https:\\\/\\\/www.aceguarulhos.com.br\\\/blog\\\/#\\\/schema\\\/logo\\\/image\\\/\",\"url\":\"https:\\\/\\\/www.aceguarulhos.com.br\\\/blog\\\/wp-content\\\/uploads\\\/2017\\\/12\\\/logo-aceguarulhos-2018.png\",\"contentUrl\":\"https:\\\/\\\/www.aceguarulhos.com.br\\\/blog\\\/wp-content\\\/uploads\\\/2017\\\/12\\\/logo-aceguarulhos-2018.png\",\"width\":419,\"height\":76,\"caption\":\"ACE-Guarulhos\"},\"image\":{\"@id\":\"https:\\\/\\\/www.aceguarulhos.com.br\\\/blog\\\/#\\\/schema\\\/logo\\\/image\\\/\"},\"sameAs\":[\"https:\\\/\\\/www.facebook.com\\\/aceguarulhos\\\/\",\"https:\\\/\\\/br.linkedin.com\\\/in\\\/ace-guarulhos-b9a97093\",\"https:\\\/\\\/www.youtube.com\\\/user\\\/aceguarulhos\"]},{\"@type\":\"Person\",\"@id\":\"https:\\\/\\\/www.aceguarulhos.com.br\\\/blog\\\/#\\\/schema\\\/person\\\/6983b51bad37489989e4f09698c26237\",\"name\":\"Assessoria de Imprensa ACE-Guarulhos\",\"image\":{\"@type\":\"ImageObject\",\"inLanguage\":\"pt-BR\",\"@id\":\"https:\\\/\\\/secure.gravatar.com\\\/avatar\\\/707f3fadd6918afeb64173ab22d8a8cb0676953098a4f31ff36dc2b4c699ef6a?s=96&d=mm&r=g\",\"url\":\"https:\\\/\\\/secure.gravatar.com\\\/avatar\\\/707f3fadd6918afeb64173ab22d8a8cb0676953098a4f31ff36dc2b4c699ef6a?s=96&d=mm&r=g\",\"contentUrl\":\"https:\\\/\\\/secure.gravatar.com\\\/avatar\\\/707f3fadd6918afeb64173ab22d8a8cb0676953098a4f31ff36dc2b4c699ef6a?s=96&d=mm&r=g\",\"caption\":\"Assessoria de Imprensa ACE-Guarulhos\"},\"url\":\"https:\\\/\\\/www.aceguarulhos.com.br\\\/blog\\\/author\\\/assessoria-de-imprensa-ace-guarulhos\\\/\"}]}<\/script>\n<!-- \/ Yoast SEO plugin. -->","yoast_head_json":{"title":"NJE promove a Semana do Jovem Empreededor - ACE-Guarulhos","robots":{"index":"index","follow":"follow","max-snippet":"max-snippet:-1","max-image-preview":"max-image-preview:large","max-video-preview":"max-video-preview:-1"},"canonical":"https:\/\/www.aceguarulhos.com.br\/blog\/nje-promove-a-semana-do-jovem-empreededor\/","og_locale":"pt_BR","og_type":"article","og_title":"NJE promove a Semana do Jovem Empreededor - ACE-Guarulhos","og_description":"S\u00e3o cada vez mais freq\u00fcentes o n\u00famero de jovens a frente de neg\u00f3cios no pa\u00eds. A grande maioria deles n\u00e3o tem medo de","og_url":"https:\/\/www.aceguarulhos.com.br\/blog\/nje-promove-a-semana-do-jovem-empreededor\/","og_site_name":"ACE-Guarulhos","article_publisher":"https:\/\/www.facebook.com\/aceguarulhos\/","article_published_time":"2008-10-16T08:18:00+00:00","og_image":[{"url":"https:\/\/www.aceguarulhos.com.br\/blog\/wp-content\/uploads\/image.php","type":"","width":"","height":""}],"author":"Assessoria de Imprensa ACE-Guarulhos","twitter_card":"summary_large_image","twitter_misc":{"Escrito por":"Assessoria de Imprensa ACE-Guarulhos","Est. tempo de leitura":"2 minutos"},"schema":{"@context":"https:\/\/schema.org","@graph":[{"@type":"Article","@id":"https:\/\/www.aceguarulhos.com.br\/blog\/nje-promove-a-semana-do-jovem-empreededor\/#article","isPartOf":{"@id":"https:\/\/www.aceguarulhos.com.br\/blog\/nje-promove-a-semana-do-jovem-empreededor\/"},"author":{"name":"Assessoria de Imprensa ACE-Guarulhos","@id":"https:\/\/www.aceguarulhos.com.br\/blog\/#\/schema\/person\/6983b51bad37489989e4f09698c26237"},"headline":"NJE promove a Semana do Jovem Empreededor","datePublished":"2008-10-16T08:18:00+00:00","mainEntityOfPage":{"@id":"https:\/\/www.aceguarulhos.com.br\/blog\/nje-promove-a-semana-do-jovem-empreededor\/"},"wordCount":401,"commentCount":0,"publisher":{"@id":"https:\/\/www.aceguarulhos.com.br\/blog\/#organization"},"articleSection":["Not\u00edcias"],"inLanguage":"pt-BR"},{"@type":"WebPage","@id":"https:\/\/www.aceguarulhos.com.br\/blog\/nje-promove-a-semana-do-jovem-empreededor\/","url":"https:\/\/www.aceguarulhos.com.br\/blog\/nje-promove-a-semana-do-jovem-empreededor\/","name":"NJE promove a Semana do Jovem Empreededor - ACE-Guarulhos","isPartOf":{"@id":"https:\/\/www.aceguarulhos.com.br\/blog\/#website"},"datePublished":"2008-10-16T08:18:00+00:00","breadcrumb":{"@id":"https:\/\/www.aceguarulhos.com.br\/blog\/nje-promove-a-semana-do-jovem-empreededor\/#breadcrumb"},"inLanguage":"pt-BR","potentialAction":[{"@type":"ReadAction","target":["https:\/\/www.aceguarulhos.com.br\/blog\/nje-promove-a-semana-do-jovem-empreededor\/"]}]},{"@type":"BreadcrumbList","@id":"https:\/\/www.aceguarulhos.com.br\/blog\/nje-promove-a-semana-do-jovem-empreededor\/#breadcrumb","itemListElement":[{"@type":"ListItem","position":1,"name":"In\u00edcio","item":"https:\/\/www.aceguarulhos.com.br\/blog\/"},{"@type":"ListItem","position":2,"name":"NJE promove a Semana do Jovem Empreededor"}]},{"@type":"WebSite","@id":"https:\/\/www.aceguarulhos.com.br\/blog\/#website","url":"https:\/\/www.aceguarulhos.com.br\/blog\/","name":"ACE-Guarulhos","description":"A ACE-Guarulhos \u00e9 uma associa\u00e7\u00e3o que ap\u00f3ia os empres\u00e1rios guarulhenses atrav\u00e9s da representa\u00e7\u00e3o, da gera\u00e7\u00e3o de neg\u00f3cios e presta\u00e7\u00e3o de servi\u00e7os.","publisher":{"@id":"https:\/\/www.aceguarulhos.com.br\/blog\/#organization"},"potentialAction":[{"@type":"SearchAction","target":{"@type":"EntryPoint","urlTemplate":"https:\/\/www.aceguarulhos.com.br\/blog\/?s={search_term_string}"},"query-input":{"@type":"PropertyValueSpecification","valueRequired":true,"valueName":"search_term_string"}}],"inLanguage":"pt-BR"},{"@type":"Organization","@id":"https:\/\/www.aceguarulhos.com.br\/blog\/#organization","name":"ACE-Guarulhos","url":"https:\/\/www.aceguarulhos.com.br\/blog\/","logo":{"@type":"ImageObject","inLanguage":"pt-BR","@id":"https:\/\/www.aceguarulhos.com.br\/blog\/#\/schema\/logo\/image\/","url":"https:\/\/www.aceguarulhos.com.br\/blog\/wp-content\/uploads\/2017\/12\/logo-aceguarulhos-2018.png","contentUrl":"https:\/\/www.aceguarulhos.com.br\/blog\/wp-content\/uploads\/2017\/12\/logo-aceguarulhos-2018.png","width":419,"height":76,"caption":"ACE-Guarulhos"},"image":{"@id":"https:\/\/www.aceguarulhos.com.br\/blog\/#\/schema\/logo\/image\/"},"sameAs":["https:\/\/www.facebook.com\/aceguarulhos\/","https:\/\/br.linkedin.com\/in\/ace-guarulhos-b9a97093","https:\/\/www.youtube.com\/user\/aceguarulhos"]},{"@type":"Person","@id":"https:\/\/www.aceguarulhos.com.br\/blog\/#\/schema\/person\/6983b51bad37489989e4f09698c26237","name":"Assessoria de Imprensa ACE-Guarulhos","image":{"@type":"ImageObject","inLanguage":"pt-BR","@id":"https:\/\/secure.gravatar.com\/avatar\/707f3fadd6918afeb64173ab22d8a8cb0676953098a4f31ff36dc2b4c699ef6a?s=96&d=mm&r=g","url":"https:\/\/secure.gravatar.com\/avatar\/707f3fadd6918afeb64173ab22d8a8cb0676953098a4f31ff36dc2b4c699ef6a?s=96&d=mm&r=g","contentUrl":"https:\/\/secure.gravatar.com\/avatar\/707f3fadd6918afeb64173ab22d8a8cb0676953098a4f31ff36dc2b4c699ef6a?s=96&d=mm&r=g","caption":"Assessoria de Imprensa ACE-Guarulhos"},"url":"https:\/\/www.aceguarulhos.com.br\/blog\/author\/assessoria-de-imprensa-ace-guarulhos\/"}]}},"wps_subtitle":"","amp_enabled":true,"_links":{"self":[{"href":"https:\/\/www.aceguarulhos.com.br\/blog\/wp-json\/wp\/v2\/posts\/34005","targetHints":{"allow":["GET"]}}],"collection":[{"href":"https:\/\/www.aceguarulhos.com.br\/blog\/wp-json\/wp\/v2\/posts"}],"about":[{"href":"https:\/\/www.aceguarulhos.com.br\/blog\/wp-json\/wp\/v2\/types\/post"}],"author":[{"embeddable":true,"href":"https:\/\/www.aceguarulhos.com.br\/blog\/wp-json\/wp\/v2\/users\/8"}],"replies":[{"embeddable":true,"href":"https:\/\/www.aceguarulhos.com.br\/blog\/wp-json\/wp\/v2\/comments?post=34005"}],"version-history":[{"count":0,"href":"https:\/\/www.aceguarulhos.com.br\/blog\/wp-json\/wp\/v2\/posts\/34005\/revisions"}],"wp:attachment":[{"href":"https:\/\/www.aceguarulhos.com.br\/blog\/wp-json\/wp\/v2\/media?parent=34005"}],"wp:term":[{"taxonomy":"category","embeddable":true,"href":"https:\/\/www.aceguarulhos.com.br\/blog\/wp-json\/wp\/v2\/categories?post=34005"},{"taxonomy":"post_tag","embeddable":true,"href":"https:\/\/www.aceguarulhos.com.br\/blog\/wp-json\/wp\/v2\/tags?post=34005"}],"curies":[{"name":"wp","href":"https:\/\/api.w.org\/{rel}","templated":true}]}}