{"id":33887,"date":"2008-09-22T08:10:01","date_gmt":"2008-09-22T08:10:01","guid":{"rendered":"http:\/\/www.aceguarulhos.com.br\/blog\/?p=33887"},"modified":"-0001-11-30T00:00:00","modified_gmt":"-0001-11-30T03:00:00","slug":"criado-um-impost%c3%b4metro-s%c3%b3-para-a-conta-de-luz","status":"publish","type":"post","link":"https:\/\/www.aceguarulhos.com.br\/blog\/criado-um-impost%c3%b4metro-s%c3%b3-para-a-conta-de-luz\/","title":{"rendered":"Criado um impost\u00f4metro s\u00f3 para a conta de luz"},"content":{"rendered":"<p>Em 2006, o dado mais atual, a carga tribut\u00e1ria do setor el\u00e9trico representou 46,36% do seu faturamento, um custo que \u00e9 repassado ao usu\u00e1rio de energia. Na pr\u00e1tica, significa que, numa conta de luz no valor total de R$ 100,00, exatos R$ 45,36 pagos pelo consumidor v\u00e3o para os cofres p\u00fablicos em forma de impostos e encargos. Para mostrar com maior transpar\u00eancia o apetite do fisco e que quem paga a conta \u00e9 o usu\u00e1rio do servi\u00e7o, o Instituto Acende Brasil lan\u00e7ou o Impost\u00f4metro do Setor El\u00e9trico. <\/p>\n<p>A ferramenta foi inspirada no painel eletr\u00f4nico instalado em 2003 no pr\u00e9dio da Associa\u00e7\u00e3o Comercial de S\u00e3o Paulo (ACSP) no centro paulistano. <\/p>\n<p>O contador de tributos pode ser visualizado no site http:\/\/www.acendebrasil.com.br. Pelo endere\u00e7o, \u00e9 poss\u00edvel saber quanto o setor recolhe de tributos estaduais, federais e municipais desde o in\u00edcio de janeiro deste ano, em tempo real. Ontem \u00e0 tarde, o painel mostrava a cifra de R$ 30,89 bilh\u00f5es arrecadados pelos cofres p\u00fablicos. De acordo com o presidente do instituto, Cl\u00e1udio Sales, os dados sobre o recolhimento dos impostos s\u00e3o baseados nos balan\u00e7os das empresas de energia publicados em 2007 e na receita projetada para este ano. Os c\u00e1lculos levam em conta o fim da cobran\u00e7a da Contribui\u00e7\u00e3o Provis\u00f3ria sobre Movimenta\u00e7\u00e3o Financeira (CPMF) e do encargo conhecido como &#8220;seguro apag\u00e3o&#8221;, que tamb\u00e9m deixou de ser cobrado na conta de luz no ano passado. &#8220;Mesmo assim, continua crescente o volume de impostos e encargos&#8221;, critica Sales. Ele lembra que, em 2006, o setor recolheu R$ 39,3 bilh\u00f5es aos cofres p\u00fablicos, o que equivale \u00e0 antiga arrecada\u00e7\u00e3o anual da CPMF. <\/p>\n<p>O presidente do instituto informa que o objetivo da iniciativa \u00e9 fazer com que a sociedade se mobilize para cobrar dos governantes e parlamentares a\u00e7\u00e3o concreta na redu\u00e7\u00e3o dos impostos da conta de energia el\u00e9trica. De acordo com Sales, o Brasil \u00e9 o pa\u00eds que mais tributa o segmento. No M\u00e9xico, por exemplo, os impostos representam apenas 13% do valor da conta de luz. <\/p>\n<p><b>Levantamento \u2013<\/b> Foi a consultoria PriceWaterhouseCoopers que elaborou o estudo sobre a carga tribut\u00e1ria do setor em 2006. O levantamento leva em conta todos os impostos federais, estaduais e municipais cobrados nos diversos pontos da cadeia do setor el\u00e9trico, ou seja, na gera\u00e7\u00e3o, transmiss\u00e3o e distribui\u00e7\u00e3o. <\/p>\n<p>O maior vil\u00e3o da conta de luz \u00e9 o Imposto sobre Circula\u00e7\u00e3o de Mercadorias e Servi\u00e7os (ICMS), que possui al\u00edquota m\u00e9dia nacional de 21%. Em estados como Rio de Janeiro e Minas Gerais, a al\u00edquota alcan\u00e7a 30%. S\u00e3o Paulo cobra 25% de ICMS sobre a energia.<\/p>\n","protected":false},"excerpt":{"rendered":"Em 2006, o dado mais atual, a carga tribut\u00e1ria do setor el\u00e9trico representou 46,36% do seu faturamento, um custo que \u00e9 repassado ao \n<a class=\"moretag\" href=\"https:\/\/www.aceguarulhos.com.br\/blog\/criado-um-impost%c3%b4metro-s%c3%b3-para-a-conta-de-luz\/\"> [...]<\/a>","protected":false},"author":8,"featured_media":0,"comment_status":"open","ping_status":"open","sticky":false,"template":"","format":"standard","meta":{"footnotes":""},"categories":[2],"tags":[],"class_list":["post-33887","post","type-post","status-publish","format-standard","hentry","category-noticias"],"yoast_head":"<!-- This site is optimized with the Yoast SEO plugin v28.1 - https:\/\/yoast.com\/product\/yoast-seo-wordpress\/ -->\n<title>Criado um impost\u00f4metro s\u00f3 para a conta de luz - ACE-Guarulhos<\/title>\n<meta name=\"robots\" content=\"index, follow, max-snippet:-1, max-image-preview:large, max-video-preview:-1\" \/>\n<link rel=\"canonical\" href=\"https:\/\/www.aceguarulhos.com.br\/blog\/criado-um-impost\u00f4metro-s\u00f3-para-a-conta-de-luz\/\" \/>\n<meta property=\"og:locale\" content=\"pt_BR\" \/>\n<meta property=\"og:type\" content=\"article\" \/>\n<meta property=\"og:title\" content=\"Criado um impost\u00f4metro s\u00f3 para a conta de luz - ACE-Guarulhos\" \/>\n<meta property=\"og:description\" content=\"Em 2006, o dado mais atual, a carga tribut\u00e1ria do setor el\u00e9trico representou 46,36% do seu faturamento, um custo que \u00e9 repassado ao\" \/>\n<meta property=\"og:url\" content=\"https:\/\/www.aceguarulhos.com.br\/blog\/criado-um-impost\u00f4metro-s\u00f3-para-a-conta-de-luz\/\" \/>\n<meta property=\"og:site_name\" content=\"ACE-Guarulhos\" \/>\n<meta property=\"article:publisher\" content=\"https:\/\/www.facebook.com\/aceguarulhos\/\" \/>\n<meta property=\"article:published_time\" content=\"2008-09-22T08:10:01+00:00\" \/>\n<meta name=\"author\" content=\"Assessoria de Imprensa ACE-Guarulhos\" \/>\n<meta name=\"twitter:card\" content=\"summary_large_image\" \/>\n<meta name=\"twitter:label1\" content=\"Escrito por\" \/>\n\t<meta name=\"twitter:data1\" content=\"Assessoria de Imprensa ACE-Guarulhos\" \/>\n\t<meta name=\"twitter:label2\" content=\"Est. tempo de leitura\" \/>\n\t<meta name=\"twitter:data2\" content=\"2 minutos\" \/>\n<script type=\"application\/ld+json\" class=\"yoast-schema-graph\">{\"@context\":\"https:\\\/\\\/schema.org\",\"@graph\":[{\"@type\":\"Article\",\"@id\":\"https:\\\/\\\/www.aceguarulhos.com.br\\\/blog\\\/criado-um-impost%c3%b4metro-s%c3%b3-para-a-conta-de-luz\\\/#article\",\"isPartOf\":{\"@id\":\"https:\\\/\\\/www.aceguarulhos.com.br\\\/blog\\\/criado-um-impost%c3%b4metro-s%c3%b3-para-a-conta-de-luz\\\/\"},\"author\":{\"name\":\"Assessoria de Imprensa ACE-Guarulhos\",\"@id\":\"https:\\\/\\\/www.aceguarulhos.com.br\\\/blog\\\/#\\\/schema\\\/person\\\/6983b51bad37489989e4f09698c26237\"},\"headline\":\"Criado um impost\u00f4metro s\u00f3 para a conta de luz\",\"datePublished\":\"2008-09-22T08:10:01+00:00\",\"mainEntityOfPage\":{\"@id\":\"https:\\\/\\\/www.aceguarulhos.com.br\\\/blog\\\/criado-um-impost%c3%b4metro-s%c3%b3-para-a-conta-de-luz\\\/\"},\"wordCount\":464,\"commentCount\":0,\"publisher\":{\"@id\":\"https:\\\/\\\/www.aceguarulhos.com.br\\\/blog\\\/#organization\"},\"articleSection\":[\"Not\u00edcias\"],\"inLanguage\":\"pt-BR\"},{\"@type\":\"WebPage\",\"@id\":\"https:\\\/\\\/www.aceguarulhos.com.br\\\/blog\\\/criado-um-impost%c3%b4metro-s%c3%b3-para-a-conta-de-luz\\\/\",\"url\":\"https:\\\/\\\/www.aceguarulhos.com.br\\\/blog\\\/criado-um-impost%c3%b4metro-s%c3%b3-para-a-conta-de-luz\\\/\",\"name\":\"Criado um impost\u00f4metro s\u00f3 para a conta de luz - ACE-Guarulhos\",\"isPartOf\":{\"@id\":\"https:\\\/\\\/www.aceguarulhos.com.br\\\/blog\\\/#website\"},\"datePublished\":\"2008-09-22T08:10:01+00:00\",\"breadcrumb\":{\"@id\":\"https:\\\/\\\/www.aceguarulhos.com.br\\\/blog\\\/criado-um-impost%c3%b4metro-s%c3%b3-para-a-conta-de-luz\\\/#breadcrumb\"},\"inLanguage\":\"pt-BR\",\"potentialAction\":[{\"@type\":\"ReadAction\",\"target\":[\"https:\\\/\\\/www.aceguarulhos.com.br\\\/blog\\\/criado-um-impost%c3%b4metro-s%c3%b3-para-a-conta-de-luz\\\/\"]}]},{\"@type\":\"BreadcrumbList\",\"@id\":\"https:\\\/\\\/www.aceguarulhos.com.br\\\/blog\\\/criado-um-impost%c3%b4metro-s%c3%b3-para-a-conta-de-luz\\\/#breadcrumb\",\"itemListElement\":[{\"@type\":\"ListItem\",\"position\":1,\"name\":\"In\u00edcio\",\"item\":\"https:\\\/\\\/www.aceguarulhos.com.br\\\/blog\\\/\"},{\"@type\":\"ListItem\",\"position\":2,\"name\":\"Criado um impost\u00f4metro s\u00f3 para a conta de luz\"}]},{\"@type\":\"WebSite\",\"@id\":\"https:\\\/\\\/www.aceguarulhos.com.br\\\/blog\\\/#website\",\"url\":\"https:\\\/\\\/www.aceguarulhos.com.br\\\/blog\\\/\",\"name\":\"ACE-Guarulhos\",\"description\":\"A ACE-Guarulhos \u00e9 uma associa\u00e7\u00e3o que ap\u00f3ia os empres\u00e1rios guarulhenses atrav\u00e9s da representa\u00e7\u00e3o, da gera\u00e7\u00e3o de neg\u00f3cios e presta\u00e7\u00e3o de servi\u00e7os.\",\"publisher\":{\"@id\":\"https:\\\/\\\/www.aceguarulhos.com.br\\\/blog\\\/#organization\"},\"potentialAction\":[{\"@type\":\"SearchAction\",\"target\":{\"@type\":\"EntryPoint\",\"urlTemplate\":\"https:\\\/\\\/www.aceguarulhos.com.br\\\/blog\\\/?s={search_term_string}\"},\"query-input\":{\"@type\":\"PropertyValueSpecification\",\"valueRequired\":true,\"valueName\":\"search_term_string\"}}],\"inLanguage\":\"pt-BR\"},{\"@type\":\"Organization\",\"@id\":\"https:\\\/\\\/www.aceguarulhos.com.br\\\/blog\\\/#organization\",\"name\":\"ACE-Guarulhos\",\"url\":\"https:\\\/\\\/www.aceguarulhos.com.br\\\/blog\\\/\",\"logo\":{\"@type\":\"ImageObject\",\"inLanguage\":\"pt-BR\",\"@id\":\"https:\\\/\\\/www.aceguarulhos.com.br\\\/blog\\\/#\\\/schema\\\/logo\\\/image\\\/\",\"url\":\"https:\\\/\\\/www.aceguarulhos.com.br\\\/blog\\\/wp-content\\\/uploads\\\/2017\\\/12\\\/logo-aceguarulhos-2018.png\",\"contentUrl\":\"https:\\\/\\\/www.aceguarulhos.com.br\\\/blog\\\/wp-content\\\/uploads\\\/2017\\\/12\\\/logo-aceguarulhos-2018.png\",\"width\":419,\"height\":76,\"caption\":\"ACE-Guarulhos\"},\"image\":{\"@id\":\"https:\\\/\\\/www.aceguarulhos.com.br\\\/blog\\\/#\\\/schema\\\/logo\\\/image\\\/\"},\"sameAs\":[\"https:\\\/\\\/www.facebook.com\\\/aceguarulhos\\\/\",\"https:\\\/\\\/br.linkedin.com\\\/in\\\/ace-guarulhos-b9a97093\",\"https:\\\/\\\/www.youtube.com\\\/user\\\/aceguarulhos\"]},{\"@type\":\"Person\",\"@id\":\"https:\\\/\\\/www.aceguarulhos.com.br\\\/blog\\\/#\\\/schema\\\/person\\\/6983b51bad37489989e4f09698c26237\",\"name\":\"Assessoria de Imprensa ACE-Guarulhos\",\"image\":{\"@type\":\"ImageObject\",\"inLanguage\":\"pt-BR\",\"@id\":\"https:\\\/\\\/secure.gravatar.com\\\/avatar\\\/707f3fadd6918afeb64173ab22d8a8cb0676953098a4f31ff36dc2b4c699ef6a?s=96&d=mm&r=g\",\"url\":\"https:\\\/\\\/secure.gravatar.com\\\/avatar\\\/707f3fadd6918afeb64173ab22d8a8cb0676953098a4f31ff36dc2b4c699ef6a?s=96&d=mm&r=g\",\"contentUrl\":\"https:\\\/\\\/secure.gravatar.com\\\/avatar\\\/707f3fadd6918afeb64173ab22d8a8cb0676953098a4f31ff36dc2b4c699ef6a?s=96&d=mm&r=g\",\"caption\":\"Assessoria de Imprensa ACE-Guarulhos\"},\"url\":\"https:\\\/\\\/www.aceguarulhos.com.br\\\/blog\\\/author\\\/assessoria-de-imprensa-ace-guarulhos\\\/\"}]}<\/script>\n<!-- \/ Yoast SEO plugin. -->","yoast_head_json":{"title":"Criado um impost\u00f4metro s\u00f3 para a conta de luz - ACE-Guarulhos","robots":{"index":"index","follow":"follow","max-snippet":"max-snippet:-1","max-image-preview":"max-image-preview:large","max-video-preview":"max-video-preview:-1"},"canonical":"https:\/\/www.aceguarulhos.com.br\/blog\/criado-um-impost\u00f4metro-s\u00f3-para-a-conta-de-luz\/","og_locale":"pt_BR","og_type":"article","og_title":"Criado um impost\u00f4metro s\u00f3 para a conta de luz - ACE-Guarulhos","og_description":"Em 2006, o dado mais atual, a carga tribut\u00e1ria do setor el\u00e9trico representou 46,36% do seu faturamento, um custo que \u00e9 repassado ao","og_url":"https:\/\/www.aceguarulhos.com.br\/blog\/criado-um-impost\u00f4metro-s\u00f3-para-a-conta-de-luz\/","og_site_name":"ACE-Guarulhos","article_publisher":"https:\/\/www.facebook.com\/aceguarulhos\/","article_published_time":"2008-09-22T08:10:01+00:00","author":"Assessoria de Imprensa ACE-Guarulhos","twitter_card":"summary_large_image","twitter_misc":{"Escrito por":"Assessoria de Imprensa ACE-Guarulhos","Est. tempo de leitura":"2 minutos"},"schema":{"@context":"https:\/\/schema.org","@graph":[{"@type":"Article","@id":"https:\/\/www.aceguarulhos.com.br\/blog\/criado-um-impost%c3%b4metro-s%c3%b3-para-a-conta-de-luz\/#article","isPartOf":{"@id":"https:\/\/www.aceguarulhos.com.br\/blog\/criado-um-impost%c3%b4metro-s%c3%b3-para-a-conta-de-luz\/"},"author":{"name":"Assessoria de Imprensa ACE-Guarulhos","@id":"https:\/\/www.aceguarulhos.com.br\/blog\/#\/schema\/person\/6983b51bad37489989e4f09698c26237"},"headline":"Criado um impost\u00f4metro s\u00f3 para a conta de luz","datePublished":"2008-09-22T08:10:01+00:00","mainEntityOfPage":{"@id":"https:\/\/www.aceguarulhos.com.br\/blog\/criado-um-impost%c3%b4metro-s%c3%b3-para-a-conta-de-luz\/"},"wordCount":464,"commentCount":0,"publisher":{"@id":"https:\/\/www.aceguarulhos.com.br\/blog\/#organization"},"articleSection":["Not\u00edcias"],"inLanguage":"pt-BR"},{"@type":"WebPage","@id":"https:\/\/www.aceguarulhos.com.br\/blog\/criado-um-impost%c3%b4metro-s%c3%b3-para-a-conta-de-luz\/","url":"https:\/\/www.aceguarulhos.com.br\/blog\/criado-um-impost%c3%b4metro-s%c3%b3-para-a-conta-de-luz\/","name":"Criado um impost\u00f4metro s\u00f3 para a conta de luz - ACE-Guarulhos","isPartOf":{"@id":"https:\/\/www.aceguarulhos.com.br\/blog\/#website"},"datePublished":"2008-09-22T08:10:01+00:00","breadcrumb":{"@id":"https:\/\/www.aceguarulhos.com.br\/blog\/criado-um-impost%c3%b4metro-s%c3%b3-para-a-conta-de-luz\/#breadcrumb"},"inLanguage":"pt-BR","potentialAction":[{"@type":"ReadAction","target":["https:\/\/www.aceguarulhos.com.br\/blog\/criado-um-impost%c3%b4metro-s%c3%b3-para-a-conta-de-luz\/"]}]},{"@type":"BreadcrumbList","@id":"https:\/\/www.aceguarulhos.com.br\/blog\/criado-um-impost%c3%b4metro-s%c3%b3-para-a-conta-de-luz\/#breadcrumb","itemListElement":[{"@type":"ListItem","position":1,"name":"In\u00edcio","item":"https:\/\/www.aceguarulhos.com.br\/blog\/"},{"@type":"ListItem","position":2,"name":"Criado um impost\u00f4metro s\u00f3 para a conta de luz"}]},{"@type":"WebSite","@id":"https:\/\/www.aceguarulhos.com.br\/blog\/#website","url":"https:\/\/www.aceguarulhos.com.br\/blog\/","name":"ACE-Guarulhos","description":"A ACE-Guarulhos \u00e9 uma associa\u00e7\u00e3o que ap\u00f3ia os empres\u00e1rios guarulhenses atrav\u00e9s da representa\u00e7\u00e3o, da gera\u00e7\u00e3o de neg\u00f3cios e presta\u00e7\u00e3o de servi\u00e7os.","publisher":{"@id":"https:\/\/www.aceguarulhos.com.br\/blog\/#organization"},"potentialAction":[{"@type":"SearchAction","target":{"@type":"EntryPoint","urlTemplate":"https:\/\/www.aceguarulhos.com.br\/blog\/?s={search_term_string}"},"query-input":{"@type":"PropertyValueSpecification","valueRequired":true,"valueName":"search_term_string"}}],"inLanguage":"pt-BR"},{"@type":"Organization","@id":"https:\/\/www.aceguarulhos.com.br\/blog\/#organization","name":"ACE-Guarulhos","url":"https:\/\/www.aceguarulhos.com.br\/blog\/","logo":{"@type":"ImageObject","inLanguage":"pt-BR","@id":"https:\/\/www.aceguarulhos.com.br\/blog\/#\/schema\/logo\/image\/","url":"https:\/\/www.aceguarulhos.com.br\/blog\/wp-content\/uploads\/2017\/12\/logo-aceguarulhos-2018.png","contentUrl":"https:\/\/www.aceguarulhos.com.br\/blog\/wp-content\/uploads\/2017\/12\/logo-aceguarulhos-2018.png","width":419,"height":76,"caption":"ACE-Guarulhos"},"image":{"@id":"https:\/\/www.aceguarulhos.com.br\/blog\/#\/schema\/logo\/image\/"},"sameAs":["https:\/\/www.facebook.com\/aceguarulhos\/","https:\/\/br.linkedin.com\/in\/ace-guarulhos-b9a97093","https:\/\/www.youtube.com\/user\/aceguarulhos"]},{"@type":"Person","@id":"https:\/\/www.aceguarulhos.com.br\/blog\/#\/schema\/person\/6983b51bad37489989e4f09698c26237","name":"Assessoria de Imprensa ACE-Guarulhos","image":{"@type":"ImageObject","inLanguage":"pt-BR","@id":"https:\/\/secure.gravatar.com\/avatar\/707f3fadd6918afeb64173ab22d8a8cb0676953098a4f31ff36dc2b4c699ef6a?s=96&d=mm&r=g","url":"https:\/\/secure.gravatar.com\/avatar\/707f3fadd6918afeb64173ab22d8a8cb0676953098a4f31ff36dc2b4c699ef6a?s=96&d=mm&r=g","contentUrl":"https:\/\/secure.gravatar.com\/avatar\/707f3fadd6918afeb64173ab22d8a8cb0676953098a4f31ff36dc2b4c699ef6a?s=96&d=mm&r=g","caption":"Assessoria de Imprensa ACE-Guarulhos"},"url":"https:\/\/www.aceguarulhos.com.br\/blog\/author\/assessoria-de-imprensa-ace-guarulhos\/"}]}},"wps_subtitle":"","amp_enabled":true,"_links":{"self":[{"href":"https:\/\/www.aceguarulhos.com.br\/blog\/wp-json\/wp\/v2\/posts\/33887","targetHints":{"allow":["GET"]}}],"collection":[{"href":"https:\/\/www.aceguarulhos.com.br\/blog\/wp-json\/wp\/v2\/posts"}],"about":[{"href":"https:\/\/www.aceguarulhos.com.br\/blog\/wp-json\/wp\/v2\/types\/post"}],"author":[{"embeddable":true,"href":"https:\/\/www.aceguarulhos.com.br\/blog\/wp-json\/wp\/v2\/users\/8"}],"replies":[{"embeddable":true,"href":"https:\/\/www.aceguarulhos.com.br\/blog\/wp-json\/wp\/v2\/comments?post=33887"}],"version-history":[{"count":0,"href":"https:\/\/www.aceguarulhos.com.br\/blog\/wp-json\/wp\/v2\/posts\/33887\/revisions"}],"wp:attachment":[{"href":"https:\/\/www.aceguarulhos.com.br\/blog\/wp-json\/wp\/v2\/media?parent=33887"}],"wp:term":[{"taxonomy":"category","embeddable":true,"href":"https:\/\/www.aceguarulhos.com.br\/blog\/wp-json\/wp\/v2\/categories?post=33887"},{"taxonomy":"post_tag","embeddable":true,"href":"https:\/\/www.aceguarulhos.com.br\/blog\/wp-json\/wp\/v2\/tags?post=33887"}],"curies":[{"name":"wp","href":"https:\/\/api.w.org\/{rel}","templated":true}]}}