{"id":33827,"date":"2008-09-08T10:41:34","date_gmt":"2008-09-08T10:41:34","guid":{"rendered":"http:\/\/www.aceguarulhos.com.br\/blog\/?p=33827"},"modified":"-0001-11-30T00:00:00","modified_gmt":"-0001-11-30T03:00:00","slug":"rede-teovision-e-grupo-m%c3%addia-promovem-encontros-com-prefeitur%c3%a1veis","status":"publish","type":"post","link":"https:\/\/www.aceguarulhos.com.br\/blog\/rede-teovision-e-grupo-m%c3%addia-promovem-encontros-com-prefeitur%c3%a1veis\/","title":{"rendered":"Rede Teovision e Grupo M\u00eddia promovem encontros com prefeitur\u00e1veis"},"content":{"rendered":"<p>A Rede Teovision Canal 14 da Big TV, por meio do Programa Guarulhos Agora, e o Grupo M\u00eddia Guarulhos, produtor do Jornal Guarulhos Hoje, Jornal do Farol e site Guarulhos Web iniciam nesta segunda-feira, dia 8, \u00e0s 7h30, a s\u00e9rie de entrevistas ao vivo com os candidatos a Prefeito de Guarulhos e seus respectivos vices, na sede da emissora.<\/p>\n<p>O primeiro candidato a ser entrevistado ser\u00e1 Adilson Valente, que estar\u00e1 acompanhado de sua vice Sandra Santos, pela coliga\u00e7\u00e3o PCdoB\/PDT. As reprises dessa entrevista poder\u00e3o ser assistidas no mesmo dia \u00e0s 11h30, 19h30 e 23h30. A dura\u00e7\u00e3o \u00e9 de uma hora. No final de semana, dias 13 e 14, a entrevista ir\u00e1 ao ar pela Rede Teovision novamente em 2 partes: a primeira no s\u00e1bado \u00e0s 7h30 e a segunda no domingo \u00e0s 23h30.<br \/>&nbsp;<br \/>Na seq\u00fc\u00eancia est\u00e3o previstas as seguintes participa\u00e7\u00f5es, sempre ao vivo \u00e0s 7h30 da manh\u00e3 com reprises nos mesmos dias \u00e0s 11h30, 19h30 e 23h30:<br \/>&nbsp;<br \/>&#8211; Dia 9: Adriana Afonso e Osvaldo Tassi pela coliga\u00e7\u00e3o PMDB\/PTB. No final de semana a reprise da parte 1 ocorre no dia 13 \u00e0s 11h30 e da parte 2, dia 14 \u00e0s 19h30.<br \/>&nbsp;<br \/>&#8211; Dia 10: Jovino C\u00e2ndido e Ad\u00ea Rocha pela coliga\u00e7\u00e3o PV\/PMN. No final de semana a reprise da parte 1 ocorre dia 13 \u00e0s 19h30 e da parte 2 dia 14 \u00e0s 11h30.<br \/>&nbsp;<br \/>&#8211; Dia 11: Jorge Tadeu e Sandra Matos (DEM). No final de semana a reprise da parte 1 acontece dia 13 \u00e1s 23h30 e da parte 2 dia 14 \u00e0s 7h30.<br \/>&nbsp;<br \/>&#8211; Dia 15: Sebasti\u00e3o Almeida e Carlos Derman (PT). No final de semana a reprise da parte 1 acontece dia 20 \u00e0s 7h30 e da parte 2 dia 21 \u00e0s 23h30<br \/>&nbsp;<br \/>&#8211; Dia 16: Edson Albert\u00e3o e Sandra Esteves da coliga\u00e7\u00e3o PSOL\/PSTU. No final de semana a reprise da parte 1 ocorre dia 20 \u00e0s 19h30 e da parte 2 dia 21 \u00e0s 11h30.<br \/>&nbsp;<br \/>&#8211; Dia 17: Orlando Fantazini e Irma Molinero (PPS). No final de semana a reprise da parte 1 ser\u00e1 transmitida no dia 20 \u00e0s 11h30 e da parte 2 no dia 21 \u00e0s 19h30.<br \/>&nbsp;<br \/>&#8211; Dia 18: Carlos Roberto e Toninho Messias pela coliga\u00e7\u00e3o PSDB\/PHS\/PSC. No final de semana a reprise da parte 1 ocorre dia 20 \u00e0s 23h30 e da parte 2 dia 21 \u00e0s 7h30.<br \/>&nbsp;<br \/>Se o candidato e o vice faltarem \u00e0s entrevistas individuais, o espa\u00e7o ser\u00e1 utilizado pela emissora de acordo com a pauta do Programa Guarulhos Agora.<br \/>&nbsp;<br \/>Nas entrevistas individuais \u00e9 obrigat\u00f3ria a presen\u00e7a do candidato a prefeito e do vice, sendo que na aus\u00eancia de algum deles, fica vedada a participa\u00e7\u00e3o do presente.<br \/>&nbsp;<br \/>Terminadas a s\u00e9rie de entrevistas, est\u00e1 previsto tamb\u00e9m nos est\u00fadios da rede Teovision, a transmiss\u00e3o AO VIVO de um Debate em conjunto com os 8 candidatos a Prefeito no dia 22 de Setembro, \u00e0s 19h30, com reprise dos melhores momentos durante toda a semana no programa Guarulhos Agora (dias 24, 25 e 26 de Setembro) e transmiss\u00e3o na \u00edntegra de 4 partes de 30 minutos nos dias 27 e 28 de Setembro \u00e0s 7h30, 11h30, 19h30 e 23h30, com garantia de tempo igual de exposi\u00e7\u00e3o a todos os participantes. O mediador deste Debate ser\u00e1 o Diretor Geral da emissora, Joel Baptista.<br \/>&nbsp;<br \/>Estar\u00e1 \u00e0 disposi\u00e7\u00e3o da popula\u00e7\u00e3o tudo que for veiculado na emissora de TV no Portal www.guarulhosagora.com.br por meio da Web TV. <br \/>&nbsp;<br \/>O Debate ser\u00e1 aberto a todos os ve\u00edculos de Comunica\u00e7\u00e3o da cidade interessados para a devida cobertura jornal\u00edstica.<br \/>&nbsp;<br \/><b>Regras do Debate:<\/b><br \/>&nbsp;<br \/>&#8211; O candidato que aceitar participar da entrevista individual, automaticamente est\u00e1 aceitando participar do Debate.<br \/>&nbsp;<br \/>&#8211; O tempo de dura\u00e7\u00e3o das entrevistas individuais \u00e9 de 1 hora sendo que aproximadamente \u00be do tempo ser\u00e1 destinado ao prefeito e \u00bc para o vice. No dia das entrevistas individuais \u00e9 permitida a presen\u00e7a de no m\u00e1ximo 2 assessores no est\u00fadio.<br \/>&nbsp;<br \/>&#8211; No Debate teremos a dura\u00e7\u00e3o de 2 horas. Neste dia ser\u00e1 permitida a presen\u00e7a m\u00e1xima de 3 acompanhantes por candidato, sendo que apenas 1 deles poder\u00e1 ficar no est\u00fadio durante sua realiza\u00e7\u00e3o. Os demais ficar\u00e3o acomodados na emissora em local apropriado para o acompanhamento do Debate via TV.<br \/>&nbsp;<br \/><b>O debate est\u00e1 previsto para ser realizado em 6 blocos:<\/b><br \/>&nbsp;<br \/>Bloco 1: Abertura com apresenta\u00e7\u00e3o dos candidatos pelo mediador e participa\u00e7\u00e3o individual dos candidatos em 2 minutos cada para explicarem quem s\u00e3o e por que pretendem ser prefeito de Guarulhos<br \/>&nbsp;<br \/>Blocos 2, 3, 4 e 5: Rodada de perguntas e respostas. Haver\u00e1 o sorteio de qual candidato far\u00e1 a pergunta, que escolher\u00e1 aquele que dar\u00e1 a resposta. Nos blocos 2\/3 e 4\/5 quem perguntou n\u00e3o pode perguntar de novo e quem respondeu n\u00e3o pode responder de novo.<br \/>&nbsp;<br \/>O tema de cada pergunta ser\u00e1 livre a todos os candidatos. O tempo para cada pergunta \u00e9 de trinta segundos; para cada resposta 2 minutos; r\u00e9plica 1 minuto e tr\u00e9plica 30 segundos.<br \/>&nbsp;<br \/>Ao final haver\u00e3o as considera\u00e7\u00f5es finais e cada candidato dever\u00e1 deixar uma pergunta no ar que n\u00e3o ser\u00e1 respondida por ningu\u00e9m, apenas para reflex\u00e3o dos telespectadores. Tempo estimado de 2 minutos para cada candidato.<br \/>&nbsp;<br \/>Se um candidato faltar ao Debate o espa\u00e7o reservado ser\u00e1 utilizado por aquele que iria interagir com ele de acordo com o sorteio. Na aus\u00eancia de qualquer candidato ficar\u00e1 uma cadeira vazia no est\u00fadio representando o espa\u00e7o dado ao candidato faltante.<br \/>&nbsp;<br \/>O direito de resposta durante o debate ser\u00e1 avaliado pelo mediador e pelos jornalistas envolvidos no projeto, que dar\u00e3o ou n\u00e3o o espa\u00e7o requerido.<\/p>\n","protected":false},"excerpt":{"rendered":"Est\u00e3o previstas entrevistas individuais com os oito candidatos a Prefeito de Guarulhos e seus respectivos vices. Em seguida, no dia 22 de Setembro \u00e0s 19h30, ser\u00e1 realizado um debate na sede da emissora\n<a class=\"moretag\" href=\"https:\/\/www.aceguarulhos.com.br\/blog\/rede-teovision-e-grupo-m%c3%addia-promovem-encontros-com-prefeitur%c3%a1veis\/\"> [...]<\/a>","protected":false},"author":8,"featured_media":0,"comment_status":"open","ping_status":"open","sticky":false,"template":"","format":"standard","meta":{"footnotes":""},"categories":[2],"tags":[],"class_list":["post-33827","post","type-post","status-publish","format-standard","hentry","category-noticias"],"yoast_head":"<!-- This site is optimized with the Yoast SEO plugin v28.1 - https:\/\/yoast.com\/product\/yoast-seo-wordpress\/ -->\n<title>Rede Teovision e Grupo M\u00eddia promovem encontros com prefeitur\u00e1veis - ACE-Guarulhos<\/title>\n<meta name=\"robots\" content=\"index, follow, max-snippet:-1, max-image-preview:large, max-video-preview:-1\" \/>\n<link rel=\"canonical\" href=\"https:\/\/www.aceguarulhos.com.br\/blog\/rede-teovision-e-grupo-m\u00eddia-promovem-encontros-com-prefeitur\u00e1veis\/\" \/>\n<meta property=\"og:locale\" content=\"pt_BR\" \/>\n<meta property=\"og:type\" content=\"article\" \/>\n<meta property=\"og:title\" content=\"Rede Teovision e Grupo M\u00eddia promovem encontros com prefeitur\u00e1veis - ACE-Guarulhos\" \/>\n<meta property=\"og:description\" content=\"Est\u00e3o previstas entrevistas individuais com os oito candidatos a Prefeito de Guarulhos e seus respectivos vices. Em seguida, no dia 22 de Setembro \u00e0s 19h30, ser\u00e1 realizado um debate na sede da emissora\" \/>\n<meta property=\"og:url\" content=\"https:\/\/www.aceguarulhos.com.br\/blog\/rede-teovision-e-grupo-m\u00eddia-promovem-encontros-com-prefeitur\u00e1veis\/\" \/>\n<meta property=\"og:site_name\" content=\"ACE-Guarulhos\" \/>\n<meta property=\"article:publisher\" content=\"https:\/\/www.facebook.com\/aceguarulhos\/\" \/>\n<meta property=\"article:published_time\" content=\"2008-09-08T10:41:34+00:00\" \/>\n<meta name=\"author\" content=\"Assessoria de Imprensa ACE-Guarulhos\" \/>\n<meta name=\"twitter:card\" content=\"summary_large_image\" \/>\n<meta name=\"twitter:label1\" content=\"Escrito por\" \/>\n\t<meta name=\"twitter:data1\" content=\"Assessoria de Imprensa ACE-Guarulhos\" \/>\n\t<meta name=\"twitter:label2\" content=\"Est. tempo de leitura\" \/>\n\t<meta name=\"twitter:data2\" content=\"5 minutos\" \/>\n<script type=\"application\/ld+json\" class=\"yoast-schema-graph\">{\"@context\":\"https:\\\/\\\/schema.org\",\"@graph\":[{\"@type\":\"Article\",\"@id\":\"https:\\\/\\\/www.aceguarulhos.com.br\\\/blog\\\/rede-teovision-e-grupo-m%c3%addia-promovem-encontros-com-prefeitur%c3%a1veis\\\/#article\",\"isPartOf\":{\"@id\":\"https:\\\/\\\/www.aceguarulhos.com.br\\\/blog\\\/rede-teovision-e-grupo-m%c3%addia-promovem-encontros-com-prefeitur%c3%a1veis\\\/\"},\"author\":{\"name\":\"Assessoria de Imprensa ACE-Guarulhos\",\"@id\":\"https:\\\/\\\/www.aceguarulhos.com.br\\\/blog\\\/#\\\/schema\\\/person\\\/6983b51bad37489989e4f09698c26237\"},\"headline\":\"Rede Teovision e Grupo M\u00eddia promovem encontros com prefeitur\u00e1veis\",\"datePublished\":\"2008-09-08T10:41:34+00:00\",\"mainEntityOfPage\":{\"@id\":\"https:\\\/\\\/www.aceguarulhos.com.br\\\/blog\\\/rede-teovision-e-grupo-m%c3%addia-promovem-encontros-com-prefeitur%c3%a1veis\\\/\"},\"wordCount\":936,\"commentCount\":0,\"publisher\":{\"@id\":\"https:\\\/\\\/www.aceguarulhos.com.br\\\/blog\\\/#organization\"},\"articleSection\":[\"Not\u00edcias\"],\"inLanguage\":\"pt-BR\"},{\"@type\":\"WebPage\",\"@id\":\"https:\\\/\\\/www.aceguarulhos.com.br\\\/blog\\\/rede-teovision-e-grupo-m%c3%addia-promovem-encontros-com-prefeitur%c3%a1veis\\\/\",\"url\":\"https:\\\/\\\/www.aceguarulhos.com.br\\\/blog\\\/rede-teovision-e-grupo-m%c3%addia-promovem-encontros-com-prefeitur%c3%a1veis\\\/\",\"name\":\"Rede Teovision e Grupo M\u00eddia promovem encontros com prefeitur\u00e1veis - ACE-Guarulhos\",\"isPartOf\":{\"@id\":\"https:\\\/\\\/www.aceguarulhos.com.br\\\/blog\\\/#website\"},\"datePublished\":\"2008-09-08T10:41:34+00:00\",\"breadcrumb\":{\"@id\":\"https:\\\/\\\/www.aceguarulhos.com.br\\\/blog\\\/rede-teovision-e-grupo-m%c3%addia-promovem-encontros-com-prefeitur%c3%a1veis\\\/#breadcrumb\"},\"inLanguage\":\"pt-BR\",\"potentialAction\":[{\"@type\":\"ReadAction\",\"target\":[\"https:\\\/\\\/www.aceguarulhos.com.br\\\/blog\\\/rede-teovision-e-grupo-m%c3%addia-promovem-encontros-com-prefeitur%c3%a1veis\\\/\"]}]},{\"@type\":\"BreadcrumbList\",\"@id\":\"https:\\\/\\\/www.aceguarulhos.com.br\\\/blog\\\/rede-teovision-e-grupo-m%c3%addia-promovem-encontros-com-prefeitur%c3%a1veis\\\/#breadcrumb\",\"itemListElement\":[{\"@type\":\"ListItem\",\"position\":1,\"name\":\"In\u00edcio\",\"item\":\"https:\\\/\\\/www.aceguarulhos.com.br\\\/blog\\\/\"},{\"@type\":\"ListItem\",\"position\":2,\"name\":\"Rede Teovision e Grupo M\u00eddia promovem encontros com prefeitur\u00e1veis\"}]},{\"@type\":\"WebSite\",\"@id\":\"https:\\\/\\\/www.aceguarulhos.com.br\\\/blog\\\/#website\",\"url\":\"https:\\\/\\\/www.aceguarulhos.com.br\\\/blog\\\/\",\"name\":\"ACE-Guarulhos\",\"description\":\"A ACE-Guarulhos \u00e9 uma associa\u00e7\u00e3o que ap\u00f3ia os empres\u00e1rios guarulhenses atrav\u00e9s da representa\u00e7\u00e3o, da gera\u00e7\u00e3o de neg\u00f3cios e presta\u00e7\u00e3o de servi\u00e7os.\",\"publisher\":{\"@id\":\"https:\\\/\\\/www.aceguarulhos.com.br\\\/blog\\\/#organization\"},\"potentialAction\":[{\"@type\":\"SearchAction\",\"target\":{\"@type\":\"EntryPoint\",\"urlTemplate\":\"https:\\\/\\\/www.aceguarulhos.com.br\\\/blog\\\/?s={search_term_string}\"},\"query-input\":{\"@type\":\"PropertyValueSpecification\",\"valueRequired\":true,\"valueName\":\"search_term_string\"}}],\"inLanguage\":\"pt-BR\"},{\"@type\":\"Organization\",\"@id\":\"https:\\\/\\\/www.aceguarulhos.com.br\\\/blog\\\/#organization\",\"name\":\"ACE-Guarulhos\",\"url\":\"https:\\\/\\\/www.aceguarulhos.com.br\\\/blog\\\/\",\"logo\":{\"@type\":\"ImageObject\",\"inLanguage\":\"pt-BR\",\"@id\":\"https:\\\/\\\/www.aceguarulhos.com.br\\\/blog\\\/#\\\/schema\\\/logo\\\/image\\\/\",\"url\":\"https:\\\/\\\/www.aceguarulhos.com.br\\\/blog\\\/wp-content\\\/uploads\\\/2017\\\/12\\\/logo-aceguarulhos-2018.png\",\"contentUrl\":\"https:\\\/\\\/www.aceguarulhos.com.br\\\/blog\\\/wp-content\\\/uploads\\\/2017\\\/12\\\/logo-aceguarulhos-2018.png\",\"width\":419,\"height\":76,\"caption\":\"ACE-Guarulhos\"},\"image\":{\"@id\":\"https:\\\/\\\/www.aceguarulhos.com.br\\\/blog\\\/#\\\/schema\\\/logo\\\/image\\\/\"},\"sameAs\":[\"https:\\\/\\\/www.facebook.com\\\/aceguarulhos\\\/\",\"https:\\\/\\\/br.linkedin.com\\\/in\\\/ace-guarulhos-b9a97093\",\"https:\\\/\\\/www.youtube.com\\\/user\\\/aceguarulhos\"]},{\"@type\":\"Person\",\"@id\":\"https:\\\/\\\/www.aceguarulhos.com.br\\\/blog\\\/#\\\/schema\\\/person\\\/6983b51bad37489989e4f09698c26237\",\"name\":\"Assessoria de Imprensa ACE-Guarulhos\",\"image\":{\"@type\":\"ImageObject\",\"inLanguage\":\"pt-BR\",\"@id\":\"https:\\\/\\\/secure.gravatar.com\\\/avatar\\\/707f3fadd6918afeb64173ab22d8a8cb0676953098a4f31ff36dc2b4c699ef6a?s=96&d=mm&r=g\",\"url\":\"https:\\\/\\\/secure.gravatar.com\\\/avatar\\\/707f3fadd6918afeb64173ab22d8a8cb0676953098a4f31ff36dc2b4c699ef6a?s=96&d=mm&r=g\",\"contentUrl\":\"https:\\\/\\\/secure.gravatar.com\\\/avatar\\\/707f3fadd6918afeb64173ab22d8a8cb0676953098a4f31ff36dc2b4c699ef6a?s=96&d=mm&r=g\",\"caption\":\"Assessoria de Imprensa ACE-Guarulhos\"},\"url\":\"https:\\\/\\\/www.aceguarulhos.com.br\\\/blog\\\/author\\\/assessoria-de-imprensa-ace-guarulhos\\\/\"}]}<\/script>\n<!-- \/ Yoast SEO plugin. -->","yoast_head_json":{"title":"Rede Teovision e Grupo M\u00eddia promovem encontros com prefeitur\u00e1veis - ACE-Guarulhos","robots":{"index":"index","follow":"follow","max-snippet":"max-snippet:-1","max-image-preview":"max-image-preview:large","max-video-preview":"max-video-preview:-1"},"canonical":"https:\/\/www.aceguarulhos.com.br\/blog\/rede-teovision-e-grupo-m\u00eddia-promovem-encontros-com-prefeitur\u00e1veis\/","og_locale":"pt_BR","og_type":"article","og_title":"Rede Teovision e Grupo M\u00eddia promovem encontros com prefeitur\u00e1veis - ACE-Guarulhos","og_description":"Est\u00e3o previstas entrevistas individuais com os oito candidatos a Prefeito de Guarulhos e seus respectivos vices. Em seguida, no dia 22 de Setembro \u00e0s 19h30, ser\u00e1 realizado um debate na sede da emissora","og_url":"https:\/\/www.aceguarulhos.com.br\/blog\/rede-teovision-e-grupo-m\u00eddia-promovem-encontros-com-prefeitur\u00e1veis\/","og_site_name":"ACE-Guarulhos","article_publisher":"https:\/\/www.facebook.com\/aceguarulhos\/","article_published_time":"2008-09-08T10:41:34+00:00","author":"Assessoria de Imprensa ACE-Guarulhos","twitter_card":"summary_large_image","twitter_misc":{"Escrito por":"Assessoria de Imprensa ACE-Guarulhos","Est. tempo de leitura":"5 minutos"},"schema":{"@context":"https:\/\/schema.org","@graph":[{"@type":"Article","@id":"https:\/\/www.aceguarulhos.com.br\/blog\/rede-teovision-e-grupo-m%c3%addia-promovem-encontros-com-prefeitur%c3%a1veis\/#article","isPartOf":{"@id":"https:\/\/www.aceguarulhos.com.br\/blog\/rede-teovision-e-grupo-m%c3%addia-promovem-encontros-com-prefeitur%c3%a1veis\/"},"author":{"name":"Assessoria de Imprensa ACE-Guarulhos","@id":"https:\/\/www.aceguarulhos.com.br\/blog\/#\/schema\/person\/6983b51bad37489989e4f09698c26237"},"headline":"Rede Teovision e Grupo M\u00eddia promovem encontros com prefeitur\u00e1veis","datePublished":"2008-09-08T10:41:34+00:00","mainEntityOfPage":{"@id":"https:\/\/www.aceguarulhos.com.br\/blog\/rede-teovision-e-grupo-m%c3%addia-promovem-encontros-com-prefeitur%c3%a1veis\/"},"wordCount":936,"commentCount":0,"publisher":{"@id":"https:\/\/www.aceguarulhos.com.br\/blog\/#organization"},"articleSection":["Not\u00edcias"],"inLanguage":"pt-BR"},{"@type":"WebPage","@id":"https:\/\/www.aceguarulhos.com.br\/blog\/rede-teovision-e-grupo-m%c3%addia-promovem-encontros-com-prefeitur%c3%a1veis\/","url":"https:\/\/www.aceguarulhos.com.br\/blog\/rede-teovision-e-grupo-m%c3%addia-promovem-encontros-com-prefeitur%c3%a1veis\/","name":"Rede Teovision e Grupo M\u00eddia promovem encontros com prefeitur\u00e1veis - ACE-Guarulhos","isPartOf":{"@id":"https:\/\/www.aceguarulhos.com.br\/blog\/#website"},"datePublished":"2008-09-08T10:41:34+00:00","breadcrumb":{"@id":"https:\/\/www.aceguarulhos.com.br\/blog\/rede-teovision-e-grupo-m%c3%addia-promovem-encontros-com-prefeitur%c3%a1veis\/#breadcrumb"},"inLanguage":"pt-BR","potentialAction":[{"@type":"ReadAction","target":["https:\/\/www.aceguarulhos.com.br\/blog\/rede-teovision-e-grupo-m%c3%addia-promovem-encontros-com-prefeitur%c3%a1veis\/"]}]},{"@type":"BreadcrumbList","@id":"https:\/\/www.aceguarulhos.com.br\/blog\/rede-teovision-e-grupo-m%c3%addia-promovem-encontros-com-prefeitur%c3%a1veis\/#breadcrumb","itemListElement":[{"@type":"ListItem","position":1,"name":"In\u00edcio","item":"https:\/\/www.aceguarulhos.com.br\/blog\/"},{"@type":"ListItem","position":2,"name":"Rede Teovision e Grupo M\u00eddia promovem encontros com prefeitur\u00e1veis"}]},{"@type":"WebSite","@id":"https:\/\/www.aceguarulhos.com.br\/blog\/#website","url":"https:\/\/www.aceguarulhos.com.br\/blog\/","name":"ACE-Guarulhos","description":"A ACE-Guarulhos \u00e9 uma associa\u00e7\u00e3o que ap\u00f3ia os empres\u00e1rios guarulhenses atrav\u00e9s da representa\u00e7\u00e3o, da gera\u00e7\u00e3o de neg\u00f3cios e presta\u00e7\u00e3o de servi\u00e7os.","publisher":{"@id":"https:\/\/www.aceguarulhos.com.br\/blog\/#organization"},"potentialAction":[{"@type":"SearchAction","target":{"@type":"EntryPoint","urlTemplate":"https:\/\/www.aceguarulhos.com.br\/blog\/?s={search_term_string}"},"query-input":{"@type":"PropertyValueSpecification","valueRequired":true,"valueName":"search_term_string"}}],"inLanguage":"pt-BR"},{"@type":"Organization","@id":"https:\/\/www.aceguarulhos.com.br\/blog\/#organization","name":"ACE-Guarulhos","url":"https:\/\/www.aceguarulhos.com.br\/blog\/","logo":{"@type":"ImageObject","inLanguage":"pt-BR","@id":"https:\/\/www.aceguarulhos.com.br\/blog\/#\/schema\/logo\/image\/","url":"https:\/\/www.aceguarulhos.com.br\/blog\/wp-content\/uploads\/2017\/12\/logo-aceguarulhos-2018.png","contentUrl":"https:\/\/www.aceguarulhos.com.br\/blog\/wp-content\/uploads\/2017\/12\/logo-aceguarulhos-2018.png","width":419,"height":76,"caption":"ACE-Guarulhos"},"image":{"@id":"https:\/\/www.aceguarulhos.com.br\/blog\/#\/schema\/logo\/image\/"},"sameAs":["https:\/\/www.facebook.com\/aceguarulhos\/","https:\/\/br.linkedin.com\/in\/ace-guarulhos-b9a97093","https:\/\/www.youtube.com\/user\/aceguarulhos"]},{"@type":"Person","@id":"https:\/\/www.aceguarulhos.com.br\/blog\/#\/schema\/person\/6983b51bad37489989e4f09698c26237","name":"Assessoria de Imprensa ACE-Guarulhos","image":{"@type":"ImageObject","inLanguage":"pt-BR","@id":"https:\/\/secure.gravatar.com\/avatar\/707f3fadd6918afeb64173ab22d8a8cb0676953098a4f31ff36dc2b4c699ef6a?s=96&d=mm&r=g","url":"https:\/\/secure.gravatar.com\/avatar\/707f3fadd6918afeb64173ab22d8a8cb0676953098a4f31ff36dc2b4c699ef6a?s=96&d=mm&r=g","contentUrl":"https:\/\/secure.gravatar.com\/avatar\/707f3fadd6918afeb64173ab22d8a8cb0676953098a4f31ff36dc2b4c699ef6a?s=96&d=mm&r=g","caption":"Assessoria de Imprensa ACE-Guarulhos"},"url":"https:\/\/www.aceguarulhos.com.br\/blog\/author\/assessoria-de-imprensa-ace-guarulhos\/"}]}},"wps_subtitle":"","amp_enabled":true,"_links":{"self":[{"href":"https:\/\/www.aceguarulhos.com.br\/blog\/wp-json\/wp\/v2\/posts\/33827","targetHints":{"allow":["GET"]}}],"collection":[{"href":"https:\/\/www.aceguarulhos.com.br\/blog\/wp-json\/wp\/v2\/posts"}],"about":[{"href":"https:\/\/www.aceguarulhos.com.br\/blog\/wp-json\/wp\/v2\/types\/post"}],"author":[{"embeddable":true,"href":"https:\/\/www.aceguarulhos.com.br\/blog\/wp-json\/wp\/v2\/users\/8"}],"replies":[{"embeddable":true,"href":"https:\/\/www.aceguarulhos.com.br\/blog\/wp-json\/wp\/v2\/comments?post=33827"}],"version-history":[{"count":0,"href":"https:\/\/www.aceguarulhos.com.br\/blog\/wp-json\/wp\/v2\/posts\/33827\/revisions"}],"wp:attachment":[{"href":"https:\/\/www.aceguarulhos.com.br\/blog\/wp-json\/wp\/v2\/media?parent=33827"}],"wp:term":[{"taxonomy":"category","embeddable":true,"href":"https:\/\/www.aceguarulhos.com.br\/blog\/wp-json\/wp\/v2\/categories?post=33827"},{"taxonomy":"post_tag","embeddable":true,"href":"https:\/\/www.aceguarulhos.com.br\/blog\/wp-json\/wp\/v2\/tags?post=33827"}],"curies":[{"name":"wp","href":"https:\/\/api.w.org\/{rel}","templated":true}]}}