{"id":33817,"date":"2008-09-05T07:59:59","date_gmt":"2008-09-05T07:59:59","guid":{"rendered":"http:\/\/www.aceguarulhos.com.br\/blog\/?p=33817"},"modified":"-0001-11-30T00:00:00","modified_gmt":"-0001-11-30T03:00:00","slug":"jorge-tadeu-lan%c3%a7a-plano-de-governo-na-ace","status":"publish","type":"post","link":"https:\/\/www.aceguarulhos.com.br\/blog\/jorge-tadeu-lan%c3%a7a-plano-de-governo-na-ace\/","title":{"rendered":"Jorge Tadeu lan\u00e7a plano de governo na ACE"},"content":{"rendered":"<p>O primeiro exemplar do Plano de Governo do candidato democrata, Jorge Tadeu Mudalen, foi entregue na manh\u00e3 de ontem ao presidente da Associa\u00e7\u00e3o Comercial e Empresarial de Guarulhos (ACE), Wilson Louren\u00e7o, em sua participa\u00e7\u00e3o no encontro promovido pela entidade com os candidatos a Prefeito de Guarulhos.<\/p>\n<p><center><\/p>\n<p class=\"midia\" style=\"width: 420px;\"><img loading=\"lazy\" decoding=\"async\" src=\"\/blog\/wp-content\/uploads\/image.php?x=i&amp;i1=100&amp;i2=20080904123829\" title=\"Imprensa\/ACE\" width=\"420\" height=\"347\"><br \/>Louren\u00e7o e Tadeu em encontro na ACE-Guarulhos<\/p>\n<p><\/center><\/p>\n<p>Jorge Tadeu exaltou seu trabalho como deputado federal e enumerou suas propostas para sa\u00fade, tr\u00e2nsito e transporte, educa\u00e7\u00e3o e seguran\u00e7a.<\/p>\n<p>Na sa\u00fade, o democrata parece seguir a mesma cartilha do colega de partido e candidato a reelei\u00e7\u00e3o na Capital, Gilberto Kassab. Ele pretende implantar programas j\u00e1 existentes no munic\u00edpio vizinho. \u201cVou implantar o rem\u00e9dio em casa, como na Capital. Criarei as Assist\u00eancias M\u00e9dicas Ambulatoriais (AMAs) e o mais importante, criaremos um hospital refer\u00eancia da mulher\u201d, disse.<\/p>\n<p>Quanto ao tema tr\u00e2nsito e transporte, o deputado federal disse que conseguiu, por emenda no or\u00e7amento, R$ 23 milh\u00f5es para a execu\u00e7\u00e3o das obras da Jac\u00fa-Pess\u00eago, no trecho guarulhense. Ele criticou, ainda, a administra\u00e7\u00e3o municipal pela coloca\u00e7\u00e3o de placas indicando a constru\u00e7\u00e3o de um t\u00fanel na Rodovia Presidente Dutra, projeto este que n\u00e3o teria sido aprovado pela Ag\u00eancia Nacional de Transportes Terrestre (ANTT).<\/p>\n<p>Jorge Tadeu falou que pretende rediscutir a concess\u00e3o do transporte p\u00fablico na cidade e afirmou que se eleito, vai trazer o Metr\u00f4 para a cidade. \u201cNeste per\u00edodo, n\u00e3o foi constru\u00eddos nenhum terminal de passageiro. O povo \u00e9 transportado que nem gado. Atrav\u00e9s do Governo do Estado vamos trazer o Metr\u00f4 do Tucuruvi para o centro de Guarulhos e temos dinheiro para isto\u201d, afirmou.<\/p>\n<p>Para Seguran\u00e7a, Jorge Tadeu disse que pretende implementar um Centro Integrado envolvendo Pol\u00edcia Militar, Pol\u00edcia Civil, Defesa Civil, Bombeiros, Guarda Civil Municipal. \u201cQuero implantar uma esp\u00e9cie de Big Brother. O Centro Integrado ficar\u00e1 com a responsabilidade de monitorar a cidade por meio de c\u00e2meras\u201d, disse.<\/p>\n<p>Para o setor empresarial, o democrata disse que em Guarulhos o empreendedor faz muito e recebe pouco. Ele citou a Cidade Sat\u00e9lite como exemplo de descaso com os empres\u00e1rios. \u201cSou favor\u00e1vel a Reforma Tribut\u00e1ria. Como deputado fiz minha parte. Votei contra a CPMF e a CSS e est\u00e1 provado que a arrecada\u00e7\u00e3o do governo n\u00e3o mudou, ao contr\u00e1rio, continua aumentando\u201d, contou.<\/p>\n<p>Em cr\u00edtica direta ao governo de El\u00f3i Piet\u00e1, Mudalen falou que falta vontade, gest\u00e3o e planejamento em Guarulhos e garantiu que n\u00e3o far\u00e1 da administra\u00e7\u00e3o um cabide de emprego. \u201cQuem perdeu a elei\u00e7\u00e3o em cidade A ou B est\u00e1 trabalhando em Guarulhos\u201d, criticou.<\/p>\n<p>Al\u00e9m de Jorge Tadeu Mudalen, a ACE-Guarulhos j\u00e1 recebeu os candidatos Jovino C\u00e2ndido (PV), Adriana Afonso (PMDB), Carlos Roberto de Campos (PSDB), Orlando Fantazini (PPS) e Adilson Valente (PCdoB). Na ter\u00e7a-feira, 9, a partir das 7h30, ser\u00e1 a vez do candidato do PSOL, Edson Albert\u00e3o, ser sabatinado pela diretoria da entidade.<\/p>\n","protected":false},"excerpt":{"rendered":"Em sua participa\u00e7\u00e3o no encontro da entidade, Jorge Tadeu, exaltou sua atua\u00e7\u00e3o como deputado federal e aposta em sua vit\u00f3ria para Prefeito \n<a class=\"moretag\" href=\"https:\/\/www.aceguarulhos.com.br\/blog\/jorge-tadeu-lan%c3%a7a-plano-de-governo-na-ace\/\"> [...]<\/a>","protected":false},"author":8,"featured_media":0,"comment_status":"open","ping_status":"open","sticky":false,"template":"","format":"standard","meta":{"footnotes":""},"categories":[2],"tags":[],"class_list":["post-33817","post","type-post","status-publish","format-standard","hentry","category-noticias"],"yoast_head":"<!-- This site is optimized with the Yoast SEO plugin v28.1 - https:\/\/yoast.com\/product\/yoast-seo-wordpress\/ -->\n<title>Jorge Tadeu lan\u00e7a plano de governo na ACE - ACE-Guarulhos<\/title>\n<meta name=\"robots\" content=\"index, follow, max-snippet:-1, max-image-preview:large, max-video-preview:-1\" \/>\n<link rel=\"canonical\" href=\"https:\/\/www.aceguarulhos.com.br\/blog\/jorge-tadeu-lan\u00e7a-plano-de-governo-na-ace\/\" \/>\n<meta property=\"og:locale\" content=\"pt_BR\" \/>\n<meta property=\"og:type\" content=\"article\" \/>\n<meta property=\"og:title\" content=\"Jorge Tadeu lan\u00e7a plano de governo na ACE - ACE-Guarulhos\" \/>\n<meta property=\"og:description\" content=\"Em sua participa\u00e7\u00e3o no encontro da entidade, Jorge Tadeu, exaltou sua atua\u00e7\u00e3o como deputado federal e aposta em sua vit\u00f3ria para Prefeito\" \/>\n<meta property=\"og:url\" content=\"https:\/\/www.aceguarulhos.com.br\/blog\/jorge-tadeu-lan\u00e7a-plano-de-governo-na-ace\/\" \/>\n<meta property=\"og:site_name\" content=\"ACE-Guarulhos\" \/>\n<meta property=\"article:publisher\" content=\"https:\/\/www.facebook.com\/aceguarulhos\/\" \/>\n<meta property=\"article:published_time\" content=\"2008-09-05T07:59:59+00:00\" \/>\n<meta property=\"og:image\" content=\"https:\/\/www.aceguarulhos.com.br\/blog\/wp-content\/uploads\/image.php\" \/>\n<meta name=\"author\" content=\"Assessoria de Imprensa ACE-Guarulhos\" \/>\n<meta name=\"twitter:card\" content=\"summary_large_image\" \/>\n<meta name=\"twitter:label1\" content=\"Escrito por\" \/>\n\t<meta name=\"twitter:data1\" content=\"Assessoria de Imprensa ACE-Guarulhos\" \/>\n\t<meta name=\"twitter:label2\" content=\"Est. tempo de leitura\" \/>\n\t<meta name=\"twitter:data2\" content=\"3 minutos\" \/>\n<script type=\"application\/ld+json\" class=\"yoast-schema-graph\">{\"@context\":\"https:\\\/\\\/schema.org\",\"@graph\":[{\"@type\":\"Article\",\"@id\":\"https:\\\/\\\/www.aceguarulhos.com.br\\\/blog\\\/jorge-tadeu-lan%c3%a7a-plano-de-governo-na-ace\\\/#article\",\"isPartOf\":{\"@id\":\"https:\\\/\\\/www.aceguarulhos.com.br\\\/blog\\\/jorge-tadeu-lan%c3%a7a-plano-de-governo-na-ace\\\/\"},\"author\":{\"name\":\"Assessoria de Imprensa ACE-Guarulhos\",\"@id\":\"https:\\\/\\\/www.aceguarulhos.com.br\\\/blog\\\/#\\\/schema\\\/person\\\/6983b51bad37489989e4f09698c26237\"},\"headline\":\"Jorge Tadeu lan\u00e7a plano de governo na ACE\",\"datePublished\":\"2008-09-05T07:59:59+00:00\",\"mainEntityOfPage\":{\"@id\":\"https:\\\/\\\/www.aceguarulhos.com.br\\\/blog\\\/jorge-tadeu-lan%c3%a7a-plano-de-governo-na-ace\\\/\"},\"wordCount\":516,\"commentCount\":0,\"publisher\":{\"@id\":\"https:\\\/\\\/www.aceguarulhos.com.br\\\/blog\\\/#organization\"},\"articleSection\":[\"Not\u00edcias\"],\"inLanguage\":\"pt-BR\"},{\"@type\":\"WebPage\",\"@id\":\"https:\\\/\\\/www.aceguarulhos.com.br\\\/blog\\\/jorge-tadeu-lan%c3%a7a-plano-de-governo-na-ace\\\/\",\"url\":\"https:\\\/\\\/www.aceguarulhos.com.br\\\/blog\\\/jorge-tadeu-lan%c3%a7a-plano-de-governo-na-ace\\\/\",\"name\":\"Jorge Tadeu lan\u00e7a plano de governo na ACE - ACE-Guarulhos\",\"isPartOf\":{\"@id\":\"https:\\\/\\\/www.aceguarulhos.com.br\\\/blog\\\/#website\"},\"datePublished\":\"2008-09-05T07:59:59+00:00\",\"breadcrumb\":{\"@id\":\"https:\\\/\\\/www.aceguarulhos.com.br\\\/blog\\\/jorge-tadeu-lan%c3%a7a-plano-de-governo-na-ace\\\/#breadcrumb\"},\"inLanguage\":\"pt-BR\",\"potentialAction\":[{\"@type\":\"ReadAction\",\"target\":[\"https:\\\/\\\/www.aceguarulhos.com.br\\\/blog\\\/jorge-tadeu-lan%c3%a7a-plano-de-governo-na-ace\\\/\"]}]},{\"@type\":\"BreadcrumbList\",\"@id\":\"https:\\\/\\\/www.aceguarulhos.com.br\\\/blog\\\/jorge-tadeu-lan%c3%a7a-plano-de-governo-na-ace\\\/#breadcrumb\",\"itemListElement\":[{\"@type\":\"ListItem\",\"position\":1,\"name\":\"In\u00edcio\",\"item\":\"https:\\\/\\\/www.aceguarulhos.com.br\\\/blog\\\/\"},{\"@type\":\"ListItem\",\"position\":2,\"name\":\"Jorge Tadeu lan\u00e7a plano de governo na ACE\"}]},{\"@type\":\"WebSite\",\"@id\":\"https:\\\/\\\/www.aceguarulhos.com.br\\\/blog\\\/#website\",\"url\":\"https:\\\/\\\/www.aceguarulhos.com.br\\\/blog\\\/\",\"name\":\"ACE-Guarulhos\",\"description\":\"A ACE-Guarulhos \u00e9 uma associa\u00e7\u00e3o que ap\u00f3ia os empres\u00e1rios guarulhenses atrav\u00e9s da representa\u00e7\u00e3o, da gera\u00e7\u00e3o de neg\u00f3cios e presta\u00e7\u00e3o de servi\u00e7os.\",\"publisher\":{\"@id\":\"https:\\\/\\\/www.aceguarulhos.com.br\\\/blog\\\/#organization\"},\"potentialAction\":[{\"@type\":\"SearchAction\",\"target\":{\"@type\":\"EntryPoint\",\"urlTemplate\":\"https:\\\/\\\/www.aceguarulhos.com.br\\\/blog\\\/?s={search_term_string}\"},\"query-input\":{\"@type\":\"PropertyValueSpecification\",\"valueRequired\":true,\"valueName\":\"search_term_string\"}}],\"inLanguage\":\"pt-BR\"},{\"@type\":\"Organization\",\"@id\":\"https:\\\/\\\/www.aceguarulhos.com.br\\\/blog\\\/#organization\",\"name\":\"ACE-Guarulhos\",\"url\":\"https:\\\/\\\/www.aceguarulhos.com.br\\\/blog\\\/\",\"logo\":{\"@type\":\"ImageObject\",\"inLanguage\":\"pt-BR\",\"@id\":\"https:\\\/\\\/www.aceguarulhos.com.br\\\/blog\\\/#\\\/schema\\\/logo\\\/image\\\/\",\"url\":\"https:\\\/\\\/www.aceguarulhos.com.br\\\/blog\\\/wp-content\\\/uploads\\\/2017\\\/12\\\/logo-aceguarulhos-2018.png\",\"contentUrl\":\"https:\\\/\\\/www.aceguarulhos.com.br\\\/blog\\\/wp-content\\\/uploads\\\/2017\\\/12\\\/logo-aceguarulhos-2018.png\",\"width\":419,\"height\":76,\"caption\":\"ACE-Guarulhos\"},\"image\":{\"@id\":\"https:\\\/\\\/www.aceguarulhos.com.br\\\/blog\\\/#\\\/schema\\\/logo\\\/image\\\/\"},\"sameAs\":[\"https:\\\/\\\/www.facebook.com\\\/aceguarulhos\\\/\",\"https:\\\/\\\/br.linkedin.com\\\/in\\\/ace-guarulhos-b9a97093\",\"https:\\\/\\\/www.youtube.com\\\/user\\\/aceguarulhos\"]},{\"@type\":\"Person\",\"@id\":\"https:\\\/\\\/www.aceguarulhos.com.br\\\/blog\\\/#\\\/schema\\\/person\\\/6983b51bad37489989e4f09698c26237\",\"name\":\"Assessoria de Imprensa ACE-Guarulhos\",\"image\":{\"@type\":\"ImageObject\",\"inLanguage\":\"pt-BR\",\"@id\":\"https:\\\/\\\/secure.gravatar.com\\\/avatar\\\/707f3fadd6918afeb64173ab22d8a8cb0676953098a4f31ff36dc2b4c699ef6a?s=96&d=mm&r=g\",\"url\":\"https:\\\/\\\/secure.gravatar.com\\\/avatar\\\/707f3fadd6918afeb64173ab22d8a8cb0676953098a4f31ff36dc2b4c699ef6a?s=96&d=mm&r=g\",\"contentUrl\":\"https:\\\/\\\/secure.gravatar.com\\\/avatar\\\/707f3fadd6918afeb64173ab22d8a8cb0676953098a4f31ff36dc2b4c699ef6a?s=96&d=mm&r=g\",\"caption\":\"Assessoria de Imprensa ACE-Guarulhos\"},\"url\":\"https:\\\/\\\/www.aceguarulhos.com.br\\\/blog\\\/author\\\/assessoria-de-imprensa-ace-guarulhos\\\/\"}]}<\/script>\n<!-- \/ Yoast SEO plugin. -->","yoast_head_json":{"title":"Jorge Tadeu lan\u00e7a plano de governo na ACE - ACE-Guarulhos","robots":{"index":"index","follow":"follow","max-snippet":"max-snippet:-1","max-image-preview":"max-image-preview:large","max-video-preview":"max-video-preview:-1"},"canonical":"https:\/\/www.aceguarulhos.com.br\/blog\/jorge-tadeu-lan\u00e7a-plano-de-governo-na-ace\/","og_locale":"pt_BR","og_type":"article","og_title":"Jorge Tadeu lan\u00e7a plano de governo na ACE - ACE-Guarulhos","og_description":"Em sua participa\u00e7\u00e3o no encontro da entidade, Jorge Tadeu, exaltou sua atua\u00e7\u00e3o como deputado federal e aposta em sua vit\u00f3ria para Prefeito","og_url":"https:\/\/www.aceguarulhos.com.br\/blog\/jorge-tadeu-lan\u00e7a-plano-de-governo-na-ace\/","og_site_name":"ACE-Guarulhos","article_publisher":"https:\/\/www.facebook.com\/aceguarulhos\/","article_published_time":"2008-09-05T07:59:59+00:00","og_image":[{"url":"https:\/\/www.aceguarulhos.com.br\/blog\/wp-content\/uploads\/image.php","type":"","width":"","height":""}],"author":"Assessoria de Imprensa ACE-Guarulhos","twitter_card":"summary_large_image","twitter_misc":{"Escrito por":"Assessoria de Imprensa ACE-Guarulhos","Est. tempo de leitura":"3 minutos"},"schema":{"@context":"https:\/\/schema.org","@graph":[{"@type":"Article","@id":"https:\/\/www.aceguarulhos.com.br\/blog\/jorge-tadeu-lan%c3%a7a-plano-de-governo-na-ace\/#article","isPartOf":{"@id":"https:\/\/www.aceguarulhos.com.br\/blog\/jorge-tadeu-lan%c3%a7a-plano-de-governo-na-ace\/"},"author":{"name":"Assessoria de Imprensa ACE-Guarulhos","@id":"https:\/\/www.aceguarulhos.com.br\/blog\/#\/schema\/person\/6983b51bad37489989e4f09698c26237"},"headline":"Jorge Tadeu lan\u00e7a plano de governo na ACE","datePublished":"2008-09-05T07:59:59+00:00","mainEntityOfPage":{"@id":"https:\/\/www.aceguarulhos.com.br\/blog\/jorge-tadeu-lan%c3%a7a-plano-de-governo-na-ace\/"},"wordCount":516,"commentCount":0,"publisher":{"@id":"https:\/\/www.aceguarulhos.com.br\/blog\/#organization"},"articleSection":["Not\u00edcias"],"inLanguage":"pt-BR"},{"@type":"WebPage","@id":"https:\/\/www.aceguarulhos.com.br\/blog\/jorge-tadeu-lan%c3%a7a-plano-de-governo-na-ace\/","url":"https:\/\/www.aceguarulhos.com.br\/blog\/jorge-tadeu-lan%c3%a7a-plano-de-governo-na-ace\/","name":"Jorge Tadeu lan\u00e7a plano de governo na ACE - ACE-Guarulhos","isPartOf":{"@id":"https:\/\/www.aceguarulhos.com.br\/blog\/#website"},"datePublished":"2008-09-05T07:59:59+00:00","breadcrumb":{"@id":"https:\/\/www.aceguarulhos.com.br\/blog\/jorge-tadeu-lan%c3%a7a-plano-de-governo-na-ace\/#breadcrumb"},"inLanguage":"pt-BR","potentialAction":[{"@type":"ReadAction","target":["https:\/\/www.aceguarulhos.com.br\/blog\/jorge-tadeu-lan%c3%a7a-plano-de-governo-na-ace\/"]}]},{"@type":"BreadcrumbList","@id":"https:\/\/www.aceguarulhos.com.br\/blog\/jorge-tadeu-lan%c3%a7a-plano-de-governo-na-ace\/#breadcrumb","itemListElement":[{"@type":"ListItem","position":1,"name":"In\u00edcio","item":"https:\/\/www.aceguarulhos.com.br\/blog\/"},{"@type":"ListItem","position":2,"name":"Jorge Tadeu lan\u00e7a plano de governo na ACE"}]},{"@type":"WebSite","@id":"https:\/\/www.aceguarulhos.com.br\/blog\/#website","url":"https:\/\/www.aceguarulhos.com.br\/blog\/","name":"ACE-Guarulhos","description":"A ACE-Guarulhos \u00e9 uma associa\u00e7\u00e3o que ap\u00f3ia os empres\u00e1rios guarulhenses atrav\u00e9s da representa\u00e7\u00e3o, da gera\u00e7\u00e3o de neg\u00f3cios e presta\u00e7\u00e3o de servi\u00e7os.","publisher":{"@id":"https:\/\/www.aceguarulhos.com.br\/blog\/#organization"},"potentialAction":[{"@type":"SearchAction","target":{"@type":"EntryPoint","urlTemplate":"https:\/\/www.aceguarulhos.com.br\/blog\/?s={search_term_string}"},"query-input":{"@type":"PropertyValueSpecification","valueRequired":true,"valueName":"search_term_string"}}],"inLanguage":"pt-BR"},{"@type":"Organization","@id":"https:\/\/www.aceguarulhos.com.br\/blog\/#organization","name":"ACE-Guarulhos","url":"https:\/\/www.aceguarulhos.com.br\/blog\/","logo":{"@type":"ImageObject","inLanguage":"pt-BR","@id":"https:\/\/www.aceguarulhos.com.br\/blog\/#\/schema\/logo\/image\/","url":"https:\/\/www.aceguarulhos.com.br\/blog\/wp-content\/uploads\/2017\/12\/logo-aceguarulhos-2018.png","contentUrl":"https:\/\/www.aceguarulhos.com.br\/blog\/wp-content\/uploads\/2017\/12\/logo-aceguarulhos-2018.png","width":419,"height":76,"caption":"ACE-Guarulhos"},"image":{"@id":"https:\/\/www.aceguarulhos.com.br\/blog\/#\/schema\/logo\/image\/"},"sameAs":["https:\/\/www.facebook.com\/aceguarulhos\/","https:\/\/br.linkedin.com\/in\/ace-guarulhos-b9a97093","https:\/\/www.youtube.com\/user\/aceguarulhos"]},{"@type":"Person","@id":"https:\/\/www.aceguarulhos.com.br\/blog\/#\/schema\/person\/6983b51bad37489989e4f09698c26237","name":"Assessoria de Imprensa ACE-Guarulhos","image":{"@type":"ImageObject","inLanguage":"pt-BR","@id":"https:\/\/secure.gravatar.com\/avatar\/707f3fadd6918afeb64173ab22d8a8cb0676953098a4f31ff36dc2b4c699ef6a?s=96&d=mm&r=g","url":"https:\/\/secure.gravatar.com\/avatar\/707f3fadd6918afeb64173ab22d8a8cb0676953098a4f31ff36dc2b4c699ef6a?s=96&d=mm&r=g","contentUrl":"https:\/\/secure.gravatar.com\/avatar\/707f3fadd6918afeb64173ab22d8a8cb0676953098a4f31ff36dc2b4c699ef6a?s=96&d=mm&r=g","caption":"Assessoria de Imprensa ACE-Guarulhos"},"url":"https:\/\/www.aceguarulhos.com.br\/blog\/author\/assessoria-de-imprensa-ace-guarulhos\/"}]}},"wps_subtitle":"","amp_enabled":true,"_links":{"self":[{"href":"https:\/\/www.aceguarulhos.com.br\/blog\/wp-json\/wp\/v2\/posts\/33817","targetHints":{"allow":["GET"]}}],"collection":[{"href":"https:\/\/www.aceguarulhos.com.br\/blog\/wp-json\/wp\/v2\/posts"}],"about":[{"href":"https:\/\/www.aceguarulhos.com.br\/blog\/wp-json\/wp\/v2\/types\/post"}],"author":[{"embeddable":true,"href":"https:\/\/www.aceguarulhos.com.br\/blog\/wp-json\/wp\/v2\/users\/8"}],"replies":[{"embeddable":true,"href":"https:\/\/www.aceguarulhos.com.br\/blog\/wp-json\/wp\/v2\/comments?post=33817"}],"version-history":[{"count":0,"href":"https:\/\/www.aceguarulhos.com.br\/blog\/wp-json\/wp\/v2\/posts\/33817\/revisions"}],"wp:attachment":[{"href":"https:\/\/www.aceguarulhos.com.br\/blog\/wp-json\/wp\/v2\/media?parent=33817"}],"wp:term":[{"taxonomy":"category","embeddable":true,"href":"https:\/\/www.aceguarulhos.com.br\/blog\/wp-json\/wp\/v2\/categories?post=33817"},{"taxonomy":"post_tag","embeddable":true,"href":"https:\/\/www.aceguarulhos.com.br\/blog\/wp-json\/wp\/v2\/tags?post=33817"}],"curies":[{"name":"wp","href":"https:\/\/api.w.org\/{rel}","templated":true}]}}