{"id":33807,"date":"2008-09-03T07:59:59","date_gmt":"2008-09-03T07:59:59","guid":{"rendered":"http:\/\/www.aceguarulhos.com.br\/blog\/?p=33807"},"modified":"-0001-11-30T00:00:00","modified_gmt":"-0001-11-30T03:00:00","slug":"escolha-petista-influenciou-candidatura-de-valente","status":"publish","type":"post","link":"https:\/\/www.aceguarulhos.com.br\/blog\/escolha-petista-influenciou-candidatura-de-valente\/","title":{"rendered":"Escolha petista influenciou candidatura de Valente"},"content":{"rendered":"<p>O candidato a prefeito pelo PCdoB, Adilson Valente, afirmou ontem, em sua participa\u00e7\u00e3o na reuni\u00e3o da diretoria executiva da Associa\u00e7\u00e3o Comercial e Empresarial de Guarulhos (ACE) que se a candidata do PT a sucess\u00e3o de El\u00f3i Piet\u00e1 fosse \u00e0 vice-prefeita Eneide Maria Moreira, possivelmente, n\u00e3o sairia candidato e as duas siglas poderiam seguir juntas nas elei\u00e7\u00f5es.<\/p>\n<p><center><\/p>\n<p class=\"midia\" style=\"width: 420px;\"><img loading=\"lazy\" decoding=\"async\" src=\"\/blog\/wp-content\/uploads\/image.php?x=i&amp;i1=100&amp;i2=20080902152047\" title=\"Imprensa\/ACE\" width=\"420\" height=\"388\"><br \/>Louren\u00e7o recebeu uma c\u00f3pia do plano de governo de Adilson Valente<\/p>\n<p><\/center><\/p>\n<p>Segundo Valente, a candidatura do deputado estadual Sebasti\u00e3o Almeida estaria comprometida com outros grupos petistas, que teriam articulado a derrota da ala de Piet\u00e1 na conven\u00e7\u00e3o. \u201cPor isso a decis\u00e3o do PCdoB foi de assumir a independ\u00eancia. A possibilidade de compormos com o PT, como acontece na Capital era grande\u201d, completou.<\/p>\n<p>Durante a reuni\u00e3o, o comunista afirmou que pretende priorizar a educa\u00e7\u00e3o. \u201cVamos colocar todas as crian\u00e7as em tempo integral nas escolas e reformularemos a parte pedag\u00f3gica\u201d, contou.<\/p>\n<p>Na sa\u00fade, o candidato disse que pretende resgatar no munic\u00edpio a refer\u00eancia com o Sistema \u00danico de Sa\u00fade (SUS). Ele exemplificou dizendo que a popula\u00e7\u00e3o quando necessita de exames \u00e9 encaminhada para hospitais de Mogi das Cruzes. <\/p>\n<p>Para o setor empresarial, Valente disse que pretende agilizar o processo de abertura e fechamento de empresas. Sua proposta \u00e9 implementar, em car\u00e1ter experimental, um sistema que permita que, em 24 horas, qualquer empreendedor consiga abrir ou fechar seu neg\u00f3cio. Quando questionado pelo Superintendente da ACE, Maurici Dias Gomes, sobre suas propostas de fomento do empreendedorismo, ele foi enf\u00e1tico. \u201cGuarulhos possui um parque industrial diversificado. N\u00e3o d\u00e1 para menosprezar o setor e nem o com\u00e9rcio. Se queremos resolver o problema social, temos que incentivar a cria\u00e7\u00e3o de empregos na cidade\u201d, disse.<\/p>\n<p><center><\/p>\n<p class=\"midia\" style=\"width: 420px;\"><img loading=\"lazy\" decoding=\"async\" src=\"\/blog\/wp-content\/uploads\/image.php?x=i&amp;i1=100&amp;i2=20080902152131\" title=\"Imprensa\/ACE\" width=\"420\" height=\"314\"><br \/>Diretores da ACE prestigiaram encontro com o candidato do PCdoB<\/p>\n<p><\/center><\/p>\n<p>Quanto \u00e0 quest\u00e3o tribut\u00e1ria municipal, Valente criticou a possibilidade de redu\u00e7\u00e3o do ISS somente para empresas de \u00f4nibus e defendeu a queda do tributo para todos os setores. \u201cSe reduzo para 1% ou 2% a possibilidade de todos pagarem aumenta\u201d, disse.<\/p>\n<p>Amanh\u00e3, a partir das 7h30, na sede da ACE-Guarulhos, ser\u00e1 a vez do candidato dos Democratas, Jorge Tadeu Mudalen, participar da reuni\u00e3o da diretoria executiva da entidade.<\/p>\n","protected":false},"excerpt":{"rendered":"Segundo Adilson Valente, possivelmente, seu partido estaria compondo na majorit\u00e1ria com o PT, se Eneide Maria Moreira fosse candidata\n<a class=\"moretag\" href=\"https:\/\/www.aceguarulhos.com.br\/blog\/escolha-petista-influenciou-candidatura-de-valente\/\"> [...]<\/a>","protected":false},"author":8,"featured_media":0,"comment_status":"open","ping_status":"open","sticky":false,"template":"","format":"standard","meta":{"footnotes":""},"categories":[2],"tags":[],"class_list":["post-33807","post","type-post","status-publish","format-standard","hentry","category-noticias"],"yoast_head":"<!-- This site is optimized with the Yoast SEO plugin v28.1 - https:\/\/yoast.com\/product\/yoast-seo-wordpress\/ -->\n<title>Escolha petista influenciou candidatura de Valente - ACE-Guarulhos<\/title>\n<meta name=\"robots\" content=\"index, follow, max-snippet:-1, max-image-preview:large, max-video-preview:-1\" \/>\n<link rel=\"canonical\" href=\"https:\/\/www.aceguarulhos.com.br\/blog\/escolha-petista-influenciou-candidatura-de-valente\/\" \/>\n<meta property=\"og:locale\" content=\"pt_BR\" \/>\n<meta property=\"og:type\" content=\"article\" \/>\n<meta property=\"og:title\" content=\"Escolha petista influenciou candidatura de Valente - ACE-Guarulhos\" \/>\n<meta property=\"og:description\" content=\"Segundo Adilson Valente, possivelmente, seu partido estaria compondo na majorit\u00e1ria com o PT, se Eneide Maria Moreira fosse candidata\" \/>\n<meta property=\"og:url\" content=\"https:\/\/www.aceguarulhos.com.br\/blog\/escolha-petista-influenciou-candidatura-de-valente\/\" \/>\n<meta property=\"og:site_name\" content=\"ACE-Guarulhos\" \/>\n<meta property=\"article:publisher\" content=\"https:\/\/www.facebook.com\/aceguarulhos\/\" \/>\n<meta property=\"article:published_time\" content=\"2008-09-03T07:59:59+00:00\" \/>\n<meta property=\"og:image\" content=\"https:\/\/www.aceguarulhos.com.br\/blog\/wp-content\/uploads\/image.php\" \/>\n<meta name=\"author\" content=\"Assessoria de Imprensa ACE-Guarulhos\" \/>\n<meta name=\"twitter:card\" content=\"summary_large_image\" \/>\n<meta name=\"twitter:label1\" content=\"Escrito por\" \/>\n\t<meta name=\"twitter:data1\" content=\"Assessoria de Imprensa ACE-Guarulhos\" \/>\n\t<meta name=\"twitter:label2\" content=\"Est. tempo de leitura\" \/>\n\t<meta name=\"twitter:data2\" content=\"2 minutos\" \/>\n<script type=\"application\/ld+json\" class=\"yoast-schema-graph\">{\"@context\":\"https:\\\/\\\/schema.org\",\"@graph\":[{\"@type\":\"Article\",\"@id\":\"https:\\\/\\\/www.aceguarulhos.com.br\\\/blog\\\/escolha-petista-influenciou-candidatura-de-valente\\\/#article\",\"isPartOf\":{\"@id\":\"https:\\\/\\\/www.aceguarulhos.com.br\\\/blog\\\/escolha-petista-influenciou-candidatura-de-valente\\\/\"},\"author\":{\"name\":\"Assessoria de Imprensa ACE-Guarulhos\",\"@id\":\"https:\\\/\\\/www.aceguarulhos.com.br\\\/blog\\\/#\\\/schema\\\/person\\\/6983b51bad37489989e4f09698c26237\"},\"headline\":\"Escolha petista influenciou candidatura de Valente\",\"datePublished\":\"2008-09-03T07:59:59+00:00\",\"mainEntityOfPage\":{\"@id\":\"https:\\\/\\\/www.aceguarulhos.com.br\\\/blog\\\/escolha-petista-influenciou-candidatura-de-valente\\\/\"},\"wordCount\":382,\"commentCount\":0,\"publisher\":{\"@id\":\"https:\\\/\\\/www.aceguarulhos.com.br\\\/blog\\\/#organization\"},\"articleSection\":[\"Not\u00edcias\"],\"inLanguage\":\"pt-BR\"},{\"@type\":\"WebPage\",\"@id\":\"https:\\\/\\\/www.aceguarulhos.com.br\\\/blog\\\/escolha-petista-influenciou-candidatura-de-valente\\\/\",\"url\":\"https:\\\/\\\/www.aceguarulhos.com.br\\\/blog\\\/escolha-petista-influenciou-candidatura-de-valente\\\/\",\"name\":\"Escolha petista influenciou candidatura de Valente - ACE-Guarulhos\",\"isPartOf\":{\"@id\":\"https:\\\/\\\/www.aceguarulhos.com.br\\\/blog\\\/#website\"},\"datePublished\":\"2008-09-03T07:59:59+00:00\",\"breadcrumb\":{\"@id\":\"https:\\\/\\\/www.aceguarulhos.com.br\\\/blog\\\/escolha-petista-influenciou-candidatura-de-valente\\\/#breadcrumb\"},\"inLanguage\":\"pt-BR\",\"potentialAction\":[{\"@type\":\"ReadAction\",\"target\":[\"https:\\\/\\\/www.aceguarulhos.com.br\\\/blog\\\/escolha-petista-influenciou-candidatura-de-valente\\\/\"]}]},{\"@type\":\"BreadcrumbList\",\"@id\":\"https:\\\/\\\/www.aceguarulhos.com.br\\\/blog\\\/escolha-petista-influenciou-candidatura-de-valente\\\/#breadcrumb\",\"itemListElement\":[{\"@type\":\"ListItem\",\"position\":1,\"name\":\"In\u00edcio\",\"item\":\"https:\\\/\\\/www.aceguarulhos.com.br\\\/blog\\\/\"},{\"@type\":\"ListItem\",\"position\":2,\"name\":\"Escolha petista influenciou candidatura de Valente\"}]},{\"@type\":\"WebSite\",\"@id\":\"https:\\\/\\\/www.aceguarulhos.com.br\\\/blog\\\/#website\",\"url\":\"https:\\\/\\\/www.aceguarulhos.com.br\\\/blog\\\/\",\"name\":\"ACE-Guarulhos\",\"description\":\"A ACE-Guarulhos \u00e9 uma associa\u00e7\u00e3o que ap\u00f3ia os empres\u00e1rios guarulhenses atrav\u00e9s da representa\u00e7\u00e3o, da gera\u00e7\u00e3o de neg\u00f3cios e presta\u00e7\u00e3o de servi\u00e7os.\",\"publisher\":{\"@id\":\"https:\\\/\\\/www.aceguarulhos.com.br\\\/blog\\\/#organization\"},\"potentialAction\":[{\"@type\":\"SearchAction\",\"target\":{\"@type\":\"EntryPoint\",\"urlTemplate\":\"https:\\\/\\\/www.aceguarulhos.com.br\\\/blog\\\/?s={search_term_string}\"},\"query-input\":{\"@type\":\"PropertyValueSpecification\",\"valueRequired\":true,\"valueName\":\"search_term_string\"}}],\"inLanguage\":\"pt-BR\"},{\"@type\":\"Organization\",\"@id\":\"https:\\\/\\\/www.aceguarulhos.com.br\\\/blog\\\/#organization\",\"name\":\"ACE-Guarulhos\",\"url\":\"https:\\\/\\\/www.aceguarulhos.com.br\\\/blog\\\/\",\"logo\":{\"@type\":\"ImageObject\",\"inLanguage\":\"pt-BR\",\"@id\":\"https:\\\/\\\/www.aceguarulhos.com.br\\\/blog\\\/#\\\/schema\\\/logo\\\/image\\\/\",\"url\":\"https:\\\/\\\/www.aceguarulhos.com.br\\\/blog\\\/wp-content\\\/uploads\\\/2017\\\/12\\\/logo-aceguarulhos-2018.png\",\"contentUrl\":\"https:\\\/\\\/www.aceguarulhos.com.br\\\/blog\\\/wp-content\\\/uploads\\\/2017\\\/12\\\/logo-aceguarulhos-2018.png\",\"width\":419,\"height\":76,\"caption\":\"ACE-Guarulhos\"},\"image\":{\"@id\":\"https:\\\/\\\/www.aceguarulhos.com.br\\\/blog\\\/#\\\/schema\\\/logo\\\/image\\\/\"},\"sameAs\":[\"https:\\\/\\\/www.facebook.com\\\/aceguarulhos\\\/\",\"https:\\\/\\\/br.linkedin.com\\\/in\\\/ace-guarulhos-b9a97093\",\"https:\\\/\\\/www.youtube.com\\\/user\\\/aceguarulhos\"]},{\"@type\":\"Person\",\"@id\":\"https:\\\/\\\/www.aceguarulhos.com.br\\\/blog\\\/#\\\/schema\\\/person\\\/6983b51bad37489989e4f09698c26237\",\"name\":\"Assessoria de Imprensa ACE-Guarulhos\",\"image\":{\"@type\":\"ImageObject\",\"inLanguage\":\"pt-BR\",\"@id\":\"https:\\\/\\\/secure.gravatar.com\\\/avatar\\\/707f3fadd6918afeb64173ab22d8a8cb0676953098a4f31ff36dc2b4c699ef6a?s=96&d=mm&r=g\",\"url\":\"https:\\\/\\\/secure.gravatar.com\\\/avatar\\\/707f3fadd6918afeb64173ab22d8a8cb0676953098a4f31ff36dc2b4c699ef6a?s=96&d=mm&r=g\",\"contentUrl\":\"https:\\\/\\\/secure.gravatar.com\\\/avatar\\\/707f3fadd6918afeb64173ab22d8a8cb0676953098a4f31ff36dc2b4c699ef6a?s=96&d=mm&r=g\",\"caption\":\"Assessoria de Imprensa ACE-Guarulhos\"},\"url\":\"https:\\\/\\\/www.aceguarulhos.com.br\\\/blog\\\/author\\\/assessoria-de-imprensa-ace-guarulhos\\\/\"}]}<\/script>\n<!-- \/ Yoast SEO plugin. -->","yoast_head_json":{"title":"Escolha petista influenciou candidatura de Valente - ACE-Guarulhos","robots":{"index":"index","follow":"follow","max-snippet":"max-snippet:-1","max-image-preview":"max-image-preview:large","max-video-preview":"max-video-preview:-1"},"canonical":"https:\/\/www.aceguarulhos.com.br\/blog\/escolha-petista-influenciou-candidatura-de-valente\/","og_locale":"pt_BR","og_type":"article","og_title":"Escolha petista influenciou candidatura de Valente - ACE-Guarulhos","og_description":"Segundo Adilson Valente, possivelmente, seu partido estaria compondo na majorit\u00e1ria com o PT, se Eneide Maria Moreira fosse candidata","og_url":"https:\/\/www.aceguarulhos.com.br\/blog\/escolha-petista-influenciou-candidatura-de-valente\/","og_site_name":"ACE-Guarulhos","article_publisher":"https:\/\/www.facebook.com\/aceguarulhos\/","article_published_time":"2008-09-03T07:59:59+00:00","og_image":[{"url":"https:\/\/www.aceguarulhos.com.br\/blog\/wp-content\/uploads\/image.php","type":"","width":"","height":""}],"author":"Assessoria de Imprensa ACE-Guarulhos","twitter_card":"summary_large_image","twitter_misc":{"Escrito por":"Assessoria de Imprensa ACE-Guarulhos","Est. tempo de leitura":"2 minutos"},"schema":{"@context":"https:\/\/schema.org","@graph":[{"@type":"Article","@id":"https:\/\/www.aceguarulhos.com.br\/blog\/escolha-petista-influenciou-candidatura-de-valente\/#article","isPartOf":{"@id":"https:\/\/www.aceguarulhos.com.br\/blog\/escolha-petista-influenciou-candidatura-de-valente\/"},"author":{"name":"Assessoria de Imprensa ACE-Guarulhos","@id":"https:\/\/www.aceguarulhos.com.br\/blog\/#\/schema\/person\/6983b51bad37489989e4f09698c26237"},"headline":"Escolha petista influenciou candidatura de Valente","datePublished":"2008-09-03T07:59:59+00:00","mainEntityOfPage":{"@id":"https:\/\/www.aceguarulhos.com.br\/blog\/escolha-petista-influenciou-candidatura-de-valente\/"},"wordCount":382,"commentCount":0,"publisher":{"@id":"https:\/\/www.aceguarulhos.com.br\/blog\/#organization"},"articleSection":["Not\u00edcias"],"inLanguage":"pt-BR"},{"@type":"WebPage","@id":"https:\/\/www.aceguarulhos.com.br\/blog\/escolha-petista-influenciou-candidatura-de-valente\/","url":"https:\/\/www.aceguarulhos.com.br\/blog\/escolha-petista-influenciou-candidatura-de-valente\/","name":"Escolha petista influenciou candidatura de Valente - ACE-Guarulhos","isPartOf":{"@id":"https:\/\/www.aceguarulhos.com.br\/blog\/#website"},"datePublished":"2008-09-03T07:59:59+00:00","breadcrumb":{"@id":"https:\/\/www.aceguarulhos.com.br\/blog\/escolha-petista-influenciou-candidatura-de-valente\/#breadcrumb"},"inLanguage":"pt-BR","potentialAction":[{"@type":"ReadAction","target":["https:\/\/www.aceguarulhos.com.br\/blog\/escolha-petista-influenciou-candidatura-de-valente\/"]}]},{"@type":"BreadcrumbList","@id":"https:\/\/www.aceguarulhos.com.br\/blog\/escolha-petista-influenciou-candidatura-de-valente\/#breadcrumb","itemListElement":[{"@type":"ListItem","position":1,"name":"In\u00edcio","item":"https:\/\/www.aceguarulhos.com.br\/blog\/"},{"@type":"ListItem","position":2,"name":"Escolha petista influenciou candidatura de Valente"}]},{"@type":"WebSite","@id":"https:\/\/www.aceguarulhos.com.br\/blog\/#website","url":"https:\/\/www.aceguarulhos.com.br\/blog\/","name":"ACE-Guarulhos","description":"A ACE-Guarulhos \u00e9 uma associa\u00e7\u00e3o que ap\u00f3ia os empres\u00e1rios guarulhenses atrav\u00e9s da representa\u00e7\u00e3o, da gera\u00e7\u00e3o de neg\u00f3cios e presta\u00e7\u00e3o de servi\u00e7os.","publisher":{"@id":"https:\/\/www.aceguarulhos.com.br\/blog\/#organization"},"potentialAction":[{"@type":"SearchAction","target":{"@type":"EntryPoint","urlTemplate":"https:\/\/www.aceguarulhos.com.br\/blog\/?s={search_term_string}"},"query-input":{"@type":"PropertyValueSpecification","valueRequired":true,"valueName":"search_term_string"}}],"inLanguage":"pt-BR"},{"@type":"Organization","@id":"https:\/\/www.aceguarulhos.com.br\/blog\/#organization","name":"ACE-Guarulhos","url":"https:\/\/www.aceguarulhos.com.br\/blog\/","logo":{"@type":"ImageObject","inLanguage":"pt-BR","@id":"https:\/\/www.aceguarulhos.com.br\/blog\/#\/schema\/logo\/image\/","url":"https:\/\/www.aceguarulhos.com.br\/blog\/wp-content\/uploads\/2017\/12\/logo-aceguarulhos-2018.png","contentUrl":"https:\/\/www.aceguarulhos.com.br\/blog\/wp-content\/uploads\/2017\/12\/logo-aceguarulhos-2018.png","width":419,"height":76,"caption":"ACE-Guarulhos"},"image":{"@id":"https:\/\/www.aceguarulhos.com.br\/blog\/#\/schema\/logo\/image\/"},"sameAs":["https:\/\/www.facebook.com\/aceguarulhos\/","https:\/\/br.linkedin.com\/in\/ace-guarulhos-b9a97093","https:\/\/www.youtube.com\/user\/aceguarulhos"]},{"@type":"Person","@id":"https:\/\/www.aceguarulhos.com.br\/blog\/#\/schema\/person\/6983b51bad37489989e4f09698c26237","name":"Assessoria de Imprensa ACE-Guarulhos","image":{"@type":"ImageObject","inLanguage":"pt-BR","@id":"https:\/\/secure.gravatar.com\/avatar\/707f3fadd6918afeb64173ab22d8a8cb0676953098a4f31ff36dc2b4c699ef6a?s=96&d=mm&r=g","url":"https:\/\/secure.gravatar.com\/avatar\/707f3fadd6918afeb64173ab22d8a8cb0676953098a4f31ff36dc2b4c699ef6a?s=96&d=mm&r=g","contentUrl":"https:\/\/secure.gravatar.com\/avatar\/707f3fadd6918afeb64173ab22d8a8cb0676953098a4f31ff36dc2b4c699ef6a?s=96&d=mm&r=g","caption":"Assessoria de Imprensa ACE-Guarulhos"},"url":"https:\/\/www.aceguarulhos.com.br\/blog\/author\/assessoria-de-imprensa-ace-guarulhos\/"}]}},"wps_subtitle":"","amp_enabled":true,"_links":{"self":[{"href":"https:\/\/www.aceguarulhos.com.br\/blog\/wp-json\/wp\/v2\/posts\/33807","targetHints":{"allow":["GET"]}}],"collection":[{"href":"https:\/\/www.aceguarulhos.com.br\/blog\/wp-json\/wp\/v2\/posts"}],"about":[{"href":"https:\/\/www.aceguarulhos.com.br\/blog\/wp-json\/wp\/v2\/types\/post"}],"author":[{"embeddable":true,"href":"https:\/\/www.aceguarulhos.com.br\/blog\/wp-json\/wp\/v2\/users\/8"}],"replies":[{"embeddable":true,"href":"https:\/\/www.aceguarulhos.com.br\/blog\/wp-json\/wp\/v2\/comments?post=33807"}],"version-history":[{"count":0,"href":"https:\/\/www.aceguarulhos.com.br\/blog\/wp-json\/wp\/v2\/posts\/33807\/revisions"}],"wp:attachment":[{"href":"https:\/\/www.aceguarulhos.com.br\/blog\/wp-json\/wp\/v2\/media?parent=33807"}],"wp:term":[{"taxonomy":"category","embeddable":true,"href":"https:\/\/www.aceguarulhos.com.br\/blog\/wp-json\/wp\/v2\/categories?post=33807"},{"taxonomy":"post_tag","embeddable":true,"href":"https:\/\/www.aceguarulhos.com.br\/blog\/wp-json\/wp\/v2\/tags?post=33807"}],"curies":[{"name":"wp","href":"https:\/\/api.w.org\/{rel}","templated":true}]}}