{"id":33779,"date":"2008-08-28T08:25:01","date_gmt":"2008-08-28T08:25:01","guid":{"rendered":"http:\/\/www.aceguarulhos.com.br\/blog\/?p=33779"},"modified":"-0001-11-30T00:00:00","modified_gmt":"-0001-11-30T03:00:00","slug":"fatec-abre-inscri%c3%a7%c3%b5es-para-isen%c3%a7%c3%a3o-da-taxa-do-vestibular","status":"publish","type":"post","link":"https:\/\/www.aceguarulhos.com.br\/blog\/fatec-abre-inscri%c3%a7%c3%b5es-para-isen%c3%a7%c3%a3o-da-taxa-do-vestibular\/","title":{"rendered":"Fatec abre inscri\u00e7\u00f5es para isen\u00e7\u00e3o da taxa do vestibular"},"content":{"rendered":"<p>A Fatec\/Guarulhos abre inscri\u00e7\u00f5es para isen\u00e7\u00e3o ou redu\u00e7\u00e3o de at\u00e9 50% da taxa de inscri\u00e7\u00e3o para o vestibular do 1\u00ba semestre de 2009. S\u00e3o 150 isen\u00e7\u00f5es ao todo. Os interessados devem preencher o formul\u00e1rio que estar\u00e1 dispon\u00edvel no site&nbsp; www.vestibularfatec.com.br entre os dias 27 de agosto e 10 de setembro. Em 10 de setembro,&nbsp; as inscri\u00e7\u00f5es ser\u00e3o aceitas at\u00e9 as 14h. \u00c9 necess\u00e1rio preservar o n\u00famero do protocolo.<\/p>\n<p>Para solicitar a isen\u00e7\u00e3o da taxa de inscri\u00e7\u00e3o, que custa R$ 70,00 o candidato precisa ter conclu\u00eddo o Ensino M\u00e9dio em institui\u00e7\u00e3o p\u00fablica ou em institui\u00e7\u00e3o particular com concess\u00e3o de bolsa de estudo integral, ou ter cursado a Educa\u00e7\u00e3o de Jovens e Adultos (supletivo). Al\u00e9m disso, \u00e9 necess\u00e1rio ter renda familiar bruta mensal igual ou inferior a R$ 450 (por pessoa), e residir no Estado de S\u00e3o Paulo.<\/p>\n<p>Quem desejar solicitar a redu\u00e7\u00e3o de 50% na inscri\u00e7\u00e3o precisa estar matriculado na 3\u00aa s\u00e9rie do Ensino M\u00e9dio, em curso pr\u00e9-vestibular ou em curso superior de gradua\u00e7\u00e3o ou de p\u00f3s-gradua\u00e7\u00e3o. O interessado deve, tamb\u00e9m, ter uma remunera\u00e7\u00e3o mensal inferior a dois sal\u00e1rios m\u00ednimos ou estar desempregado.<\/p>\n<p>Do dia 4 ao dia 10 de setembro, das 13h \u00e0s 19h, o candidato \u00e0 isen\u00e7\u00e3odever\u00e1 entregar os documentos (c\u00f3pias do hist\u00f3rico escolar, hollerith e comprovante de resid\u00eancia) em um envelope lacrado, na secretaria da Fatec (rua Jo\u00e3o Gon\u00e7alves, 511, Centro).<\/p>\n<p>O resultado ser\u00e1 divulgado somente na internet no dia 6 de outubro. No per\u00edodo de 6 a 20 de outubro, o candidato que receber um dos benef\u00edcios dever\u00e1 fazer sua inscri\u00e7\u00e3o para o vestibular exclusivamente pela internet, no site www.vestibularfatec.com.br. O Manual do Candidato tamb\u00e9m estar\u00e1 dispon\u00edvel neste site.<\/p>\n<p>A Fatec\/Guarulhos oferece dois cursos superiores, com dura\u00e7\u00e3o de seis semestres: Tecnologia em Log\u00edstica e Transportes e Tecnologia em Log\u00edstica Aeroportu\u00e1ria.<\/p>\n","protected":false},"excerpt":{"rendered":"A Fatec\/Guarulhos abre inscri\u00e7\u00f5es para isen\u00e7\u00e3o ou redu\u00e7\u00e3o de at\u00e9 50% da taxa de inscri\u00e7\u00e3o para o vestibular do 1\u00ba semestre de 2009. \n<a class=\"moretag\" href=\"https:\/\/www.aceguarulhos.com.br\/blog\/fatec-abre-inscri%c3%a7%c3%b5es-para-isen%c3%a7%c3%a3o-da-taxa-do-vestibular\/\"> [...]<\/a>","protected":false},"author":8,"featured_media":0,"comment_status":"open","ping_status":"open","sticky":false,"template":"","format":"standard","meta":{"footnotes":""},"categories":[2],"tags":[],"class_list":["post-33779","post","type-post","status-publish","format-standard","hentry","category-noticias"],"yoast_head":"<!-- This site is optimized with the Yoast SEO plugin v28.1 - https:\/\/yoast.com\/product\/yoast-seo-wordpress\/ -->\n<title>Fatec abre inscri\u00e7\u00f5es para isen\u00e7\u00e3o da taxa do vestibular - ACE-Guarulhos<\/title>\n<meta name=\"robots\" content=\"index, follow, max-snippet:-1, max-image-preview:large, max-video-preview:-1\" \/>\n<link rel=\"canonical\" href=\"https:\/\/www.aceguarulhos.com.br\/blog\/fatec-abre-inscri\u00e7\u00f5es-para-isen\u00e7\u00e3o-da-taxa-do-vestibular\/\" \/>\n<meta property=\"og:locale\" content=\"pt_BR\" \/>\n<meta property=\"og:type\" content=\"article\" \/>\n<meta property=\"og:title\" content=\"Fatec abre inscri\u00e7\u00f5es para isen\u00e7\u00e3o da taxa do vestibular - ACE-Guarulhos\" \/>\n<meta property=\"og:description\" content=\"A Fatec\/Guarulhos abre inscri\u00e7\u00f5es para isen\u00e7\u00e3o ou redu\u00e7\u00e3o de at\u00e9 50% da taxa de inscri\u00e7\u00e3o para o vestibular do 1\u00ba semestre de 2009.\" \/>\n<meta property=\"og:url\" content=\"https:\/\/www.aceguarulhos.com.br\/blog\/fatec-abre-inscri\u00e7\u00f5es-para-isen\u00e7\u00e3o-da-taxa-do-vestibular\/\" \/>\n<meta property=\"og:site_name\" content=\"ACE-Guarulhos\" \/>\n<meta property=\"article:publisher\" content=\"https:\/\/www.facebook.com\/aceguarulhos\/\" \/>\n<meta property=\"article:published_time\" content=\"2008-08-28T08:25:01+00:00\" \/>\n<meta name=\"author\" content=\"Assessoria de Imprensa ACE-Guarulhos\" \/>\n<meta name=\"twitter:card\" content=\"summary_large_image\" \/>\n<meta name=\"twitter:label1\" content=\"Escrito por\" \/>\n\t<meta name=\"twitter:data1\" content=\"Assessoria de Imprensa ACE-Guarulhos\" \/>\n\t<meta name=\"twitter:label2\" content=\"Est. tempo de leitura\" \/>\n\t<meta name=\"twitter:data2\" content=\"2 minutos\" \/>\n<script type=\"application\/ld+json\" class=\"yoast-schema-graph\">{\"@context\":\"https:\\\/\\\/schema.org\",\"@graph\":[{\"@type\":\"Article\",\"@id\":\"https:\\\/\\\/www.aceguarulhos.com.br\\\/blog\\\/fatec-abre-inscri%c3%a7%c3%b5es-para-isen%c3%a7%c3%a3o-da-taxa-do-vestibular\\\/#article\",\"isPartOf\":{\"@id\":\"https:\\\/\\\/www.aceguarulhos.com.br\\\/blog\\\/fatec-abre-inscri%c3%a7%c3%b5es-para-isen%c3%a7%c3%a3o-da-taxa-do-vestibular\\\/\"},\"author\":{\"name\":\"Assessoria de Imprensa ACE-Guarulhos\",\"@id\":\"https:\\\/\\\/www.aceguarulhos.com.br\\\/blog\\\/#\\\/schema\\\/person\\\/6983b51bad37489989e4f09698c26237\"},\"headline\":\"Fatec abre inscri\u00e7\u00f5es para isen\u00e7\u00e3o da taxa do vestibular\",\"datePublished\":\"2008-08-28T08:25:01+00:00\",\"mainEntityOfPage\":{\"@id\":\"https:\\\/\\\/www.aceguarulhos.com.br\\\/blog\\\/fatec-abre-inscri%c3%a7%c3%b5es-para-isen%c3%a7%c3%a3o-da-taxa-do-vestibular\\\/\"},\"wordCount\":345,\"commentCount\":0,\"publisher\":{\"@id\":\"https:\\\/\\\/www.aceguarulhos.com.br\\\/blog\\\/#organization\"},\"articleSection\":[\"Not\u00edcias\"],\"inLanguage\":\"pt-BR\"},{\"@type\":\"WebPage\",\"@id\":\"https:\\\/\\\/www.aceguarulhos.com.br\\\/blog\\\/fatec-abre-inscri%c3%a7%c3%b5es-para-isen%c3%a7%c3%a3o-da-taxa-do-vestibular\\\/\",\"url\":\"https:\\\/\\\/www.aceguarulhos.com.br\\\/blog\\\/fatec-abre-inscri%c3%a7%c3%b5es-para-isen%c3%a7%c3%a3o-da-taxa-do-vestibular\\\/\",\"name\":\"Fatec abre inscri\u00e7\u00f5es para isen\u00e7\u00e3o da taxa do vestibular - ACE-Guarulhos\",\"isPartOf\":{\"@id\":\"https:\\\/\\\/www.aceguarulhos.com.br\\\/blog\\\/#website\"},\"datePublished\":\"2008-08-28T08:25:01+00:00\",\"breadcrumb\":{\"@id\":\"https:\\\/\\\/www.aceguarulhos.com.br\\\/blog\\\/fatec-abre-inscri%c3%a7%c3%b5es-para-isen%c3%a7%c3%a3o-da-taxa-do-vestibular\\\/#breadcrumb\"},\"inLanguage\":\"pt-BR\",\"potentialAction\":[{\"@type\":\"ReadAction\",\"target\":[\"https:\\\/\\\/www.aceguarulhos.com.br\\\/blog\\\/fatec-abre-inscri%c3%a7%c3%b5es-para-isen%c3%a7%c3%a3o-da-taxa-do-vestibular\\\/\"]}]},{\"@type\":\"BreadcrumbList\",\"@id\":\"https:\\\/\\\/www.aceguarulhos.com.br\\\/blog\\\/fatec-abre-inscri%c3%a7%c3%b5es-para-isen%c3%a7%c3%a3o-da-taxa-do-vestibular\\\/#breadcrumb\",\"itemListElement\":[{\"@type\":\"ListItem\",\"position\":1,\"name\":\"In\u00edcio\",\"item\":\"https:\\\/\\\/www.aceguarulhos.com.br\\\/blog\\\/\"},{\"@type\":\"ListItem\",\"position\":2,\"name\":\"Fatec abre inscri\u00e7\u00f5es para isen\u00e7\u00e3o da taxa do vestibular\"}]},{\"@type\":\"WebSite\",\"@id\":\"https:\\\/\\\/www.aceguarulhos.com.br\\\/blog\\\/#website\",\"url\":\"https:\\\/\\\/www.aceguarulhos.com.br\\\/blog\\\/\",\"name\":\"ACE-Guarulhos\",\"description\":\"A ACE-Guarulhos \u00e9 uma associa\u00e7\u00e3o que ap\u00f3ia os empres\u00e1rios guarulhenses atrav\u00e9s da representa\u00e7\u00e3o, da gera\u00e7\u00e3o de neg\u00f3cios e presta\u00e7\u00e3o de servi\u00e7os.\",\"publisher\":{\"@id\":\"https:\\\/\\\/www.aceguarulhos.com.br\\\/blog\\\/#organization\"},\"potentialAction\":[{\"@type\":\"SearchAction\",\"target\":{\"@type\":\"EntryPoint\",\"urlTemplate\":\"https:\\\/\\\/www.aceguarulhos.com.br\\\/blog\\\/?s={search_term_string}\"},\"query-input\":{\"@type\":\"PropertyValueSpecification\",\"valueRequired\":true,\"valueName\":\"search_term_string\"}}],\"inLanguage\":\"pt-BR\"},{\"@type\":\"Organization\",\"@id\":\"https:\\\/\\\/www.aceguarulhos.com.br\\\/blog\\\/#organization\",\"name\":\"ACE-Guarulhos\",\"url\":\"https:\\\/\\\/www.aceguarulhos.com.br\\\/blog\\\/\",\"logo\":{\"@type\":\"ImageObject\",\"inLanguage\":\"pt-BR\",\"@id\":\"https:\\\/\\\/www.aceguarulhos.com.br\\\/blog\\\/#\\\/schema\\\/logo\\\/image\\\/\",\"url\":\"https:\\\/\\\/www.aceguarulhos.com.br\\\/blog\\\/wp-content\\\/uploads\\\/2017\\\/12\\\/logo-aceguarulhos-2018.png\",\"contentUrl\":\"https:\\\/\\\/www.aceguarulhos.com.br\\\/blog\\\/wp-content\\\/uploads\\\/2017\\\/12\\\/logo-aceguarulhos-2018.png\",\"width\":419,\"height\":76,\"caption\":\"ACE-Guarulhos\"},\"image\":{\"@id\":\"https:\\\/\\\/www.aceguarulhos.com.br\\\/blog\\\/#\\\/schema\\\/logo\\\/image\\\/\"},\"sameAs\":[\"https:\\\/\\\/www.facebook.com\\\/aceguarulhos\\\/\",\"https:\\\/\\\/br.linkedin.com\\\/in\\\/ace-guarulhos-b9a97093\",\"https:\\\/\\\/www.youtube.com\\\/user\\\/aceguarulhos\"]},{\"@type\":\"Person\",\"@id\":\"https:\\\/\\\/www.aceguarulhos.com.br\\\/blog\\\/#\\\/schema\\\/person\\\/6983b51bad37489989e4f09698c26237\",\"name\":\"Assessoria de Imprensa ACE-Guarulhos\",\"image\":{\"@type\":\"ImageObject\",\"inLanguage\":\"pt-BR\",\"@id\":\"https:\\\/\\\/secure.gravatar.com\\\/avatar\\\/707f3fadd6918afeb64173ab22d8a8cb0676953098a4f31ff36dc2b4c699ef6a?s=96&d=mm&r=g\",\"url\":\"https:\\\/\\\/secure.gravatar.com\\\/avatar\\\/707f3fadd6918afeb64173ab22d8a8cb0676953098a4f31ff36dc2b4c699ef6a?s=96&d=mm&r=g\",\"contentUrl\":\"https:\\\/\\\/secure.gravatar.com\\\/avatar\\\/707f3fadd6918afeb64173ab22d8a8cb0676953098a4f31ff36dc2b4c699ef6a?s=96&d=mm&r=g\",\"caption\":\"Assessoria de Imprensa ACE-Guarulhos\"},\"url\":\"https:\\\/\\\/www.aceguarulhos.com.br\\\/blog\\\/author\\\/assessoria-de-imprensa-ace-guarulhos\\\/\"}]}<\/script>\n<!-- \/ Yoast SEO plugin. -->","yoast_head_json":{"title":"Fatec abre inscri\u00e7\u00f5es para isen\u00e7\u00e3o da taxa do vestibular - ACE-Guarulhos","robots":{"index":"index","follow":"follow","max-snippet":"max-snippet:-1","max-image-preview":"max-image-preview:large","max-video-preview":"max-video-preview:-1"},"canonical":"https:\/\/www.aceguarulhos.com.br\/blog\/fatec-abre-inscri\u00e7\u00f5es-para-isen\u00e7\u00e3o-da-taxa-do-vestibular\/","og_locale":"pt_BR","og_type":"article","og_title":"Fatec abre inscri\u00e7\u00f5es para isen\u00e7\u00e3o da taxa do vestibular - ACE-Guarulhos","og_description":"A Fatec\/Guarulhos abre inscri\u00e7\u00f5es para isen\u00e7\u00e3o ou redu\u00e7\u00e3o de at\u00e9 50% da taxa de inscri\u00e7\u00e3o para o vestibular do 1\u00ba semestre de 2009.","og_url":"https:\/\/www.aceguarulhos.com.br\/blog\/fatec-abre-inscri\u00e7\u00f5es-para-isen\u00e7\u00e3o-da-taxa-do-vestibular\/","og_site_name":"ACE-Guarulhos","article_publisher":"https:\/\/www.facebook.com\/aceguarulhos\/","article_published_time":"2008-08-28T08:25:01+00:00","author":"Assessoria de Imprensa ACE-Guarulhos","twitter_card":"summary_large_image","twitter_misc":{"Escrito por":"Assessoria de Imprensa ACE-Guarulhos","Est. tempo de leitura":"2 minutos"},"schema":{"@context":"https:\/\/schema.org","@graph":[{"@type":"Article","@id":"https:\/\/www.aceguarulhos.com.br\/blog\/fatec-abre-inscri%c3%a7%c3%b5es-para-isen%c3%a7%c3%a3o-da-taxa-do-vestibular\/#article","isPartOf":{"@id":"https:\/\/www.aceguarulhos.com.br\/blog\/fatec-abre-inscri%c3%a7%c3%b5es-para-isen%c3%a7%c3%a3o-da-taxa-do-vestibular\/"},"author":{"name":"Assessoria de Imprensa ACE-Guarulhos","@id":"https:\/\/www.aceguarulhos.com.br\/blog\/#\/schema\/person\/6983b51bad37489989e4f09698c26237"},"headline":"Fatec abre inscri\u00e7\u00f5es para isen\u00e7\u00e3o da taxa do vestibular","datePublished":"2008-08-28T08:25:01+00:00","mainEntityOfPage":{"@id":"https:\/\/www.aceguarulhos.com.br\/blog\/fatec-abre-inscri%c3%a7%c3%b5es-para-isen%c3%a7%c3%a3o-da-taxa-do-vestibular\/"},"wordCount":345,"commentCount":0,"publisher":{"@id":"https:\/\/www.aceguarulhos.com.br\/blog\/#organization"},"articleSection":["Not\u00edcias"],"inLanguage":"pt-BR"},{"@type":"WebPage","@id":"https:\/\/www.aceguarulhos.com.br\/blog\/fatec-abre-inscri%c3%a7%c3%b5es-para-isen%c3%a7%c3%a3o-da-taxa-do-vestibular\/","url":"https:\/\/www.aceguarulhos.com.br\/blog\/fatec-abre-inscri%c3%a7%c3%b5es-para-isen%c3%a7%c3%a3o-da-taxa-do-vestibular\/","name":"Fatec abre inscri\u00e7\u00f5es para isen\u00e7\u00e3o da taxa do vestibular - ACE-Guarulhos","isPartOf":{"@id":"https:\/\/www.aceguarulhos.com.br\/blog\/#website"},"datePublished":"2008-08-28T08:25:01+00:00","breadcrumb":{"@id":"https:\/\/www.aceguarulhos.com.br\/blog\/fatec-abre-inscri%c3%a7%c3%b5es-para-isen%c3%a7%c3%a3o-da-taxa-do-vestibular\/#breadcrumb"},"inLanguage":"pt-BR","potentialAction":[{"@type":"ReadAction","target":["https:\/\/www.aceguarulhos.com.br\/blog\/fatec-abre-inscri%c3%a7%c3%b5es-para-isen%c3%a7%c3%a3o-da-taxa-do-vestibular\/"]}]},{"@type":"BreadcrumbList","@id":"https:\/\/www.aceguarulhos.com.br\/blog\/fatec-abre-inscri%c3%a7%c3%b5es-para-isen%c3%a7%c3%a3o-da-taxa-do-vestibular\/#breadcrumb","itemListElement":[{"@type":"ListItem","position":1,"name":"In\u00edcio","item":"https:\/\/www.aceguarulhos.com.br\/blog\/"},{"@type":"ListItem","position":2,"name":"Fatec abre inscri\u00e7\u00f5es para isen\u00e7\u00e3o da taxa do vestibular"}]},{"@type":"WebSite","@id":"https:\/\/www.aceguarulhos.com.br\/blog\/#website","url":"https:\/\/www.aceguarulhos.com.br\/blog\/","name":"ACE-Guarulhos","description":"A ACE-Guarulhos \u00e9 uma associa\u00e7\u00e3o que ap\u00f3ia os empres\u00e1rios guarulhenses atrav\u00e9s da representa\u00e7\u00e3o, da gera\u00e7\u00e3o de neg\u00f3cios e presta\u00e7\u00e3o de servi\u00e7os.","publisher":{"@id":"https:\/\/www.aceguarulhos.com.br\/blog\/#organization"},"potentialAction":[{"@type":"SearchAction","target":{"@type":"EntryPoint","urlTemplate":"https:\/\/www.aceguarulhos.com.br\/blog\/?s={search_term_string}"},"query-input":{"@type":"PropertyValueSpecification","valueRequired":true,"valueName":"search_term_string"}}],"inLanguage":"pt-BR"},{"@type":"Organization","@id":"https:\/\/www.aceguarulhos.com.br\/blog\/#organization","name":"ACE-Guarulhos","url":"https:\/\/www.aceguarulhos.com.br\/blog\/","logo":{"@type":"ImageObject","inLanguage":"pt-BR","@id":"https:\/\/www.aceguarulhos.com.br\/blog\/#\/schema\/logo\/image\/","url":"https:\/\/www.aceguarulhos.com.br\/blog\/wp-content\/uploads\/2017\/12\/logo-aceguarulhos-2018.png","contentUrl":"https:\/\/www.aceguarulhos.com.br\/blog\/wp-content\/uploads\/2017\/12\/logo-aceguarulhos-2018.png","width":419,"height":76,"caption":"ACE-Guarulhos"},"image":{"@id":"https:\/\/www.aceguarulhos.com.br\/blog\/#\/schema\/logo\/image\/"},"sameAs":["https:\/\/www.facebook.com\/aceguarulhos\/","https:\/\/br.linkedin.com\/in\/ace-guarulhos-b9a97093","https:\/\/www.youtube.com\/user\/aceguarulhos"]},{"@type":"Person","@id":"https:\/\/www.aceguarulhos.com.br\/blog\/#\/schema\/person\/6983b51bad37489989e4f09698c26237","name":"Assessoria de Imprensa ACE-Guarulhos","image":{"@type":"ImageObject","inLanguage":"pt-BR","@id":"https:\/\/secure.gravatar.com\/avatar\/707f3fadd6918afeb64173ab22d8a8cb0676953098a4f31ff36dc2b4c699ef6a?s=96&d=mm&r=g","url":"https:\/\/secure.gravatar.com\/avatar\/707f3fadd6918afeb64173ab22d8a8cb0676953098a4f31ff36dc2b4c699ef6a?s=96&d=mm&r=g","contentUrl":"https:\/\/secure.gravatar.com\/avatar\/707f3fadd6918afeb64173ab22d8a8cb0676953098a4f31ff36dc2b4c699ef6a?s=96&d=mm&r=g","caption":"Assessoria de Imprensa ACE-Guarulhos"},"url":"https:\/\/www.aceguarulhos.com.br\/blog\/author\/assessoria-de-imprensa-ace-guarulhos\/"}]}},"wps_subtitle":"","amp_enabled":true,"_links":{"self":[{"href":"https:\/\/www.aceguarulhos.com.br\/blog\/wp-json\/wp\/v2\/posts\/33779","targetHints":{"allow":["GET"]}}],"collection":[{"href":"https:\/\/www.aceguarulhos.com.br\/blog\/wp-json\/wp\/v2\/posts"}],"about":[{"href":"https:\/\/www.aceguarulhos.com.br\/blog\/wp-json\/wp\/v2\/types\/post"}],"author":[{"embeddable":true,"href":"https:\/\/www.aceguarulhos.com.br\/blog\/wp-json\/wp\/v2\/users\/8"}],"replies":[{"embeddable":true,"href":"https:\/\/www.aceguarulhos.com.br\/blog\/wp-json\/wp\/v2\/comments?post=33779"}],"version-history":[{"count":0,"href":"https:\/\/www.aceguarulhos.com.br\/blog\/wp-json\/wp\/v2\/posts\/33779\/revisions"}],"wp:attachment":[{"href":"https:\/\/www.aceguarulhos.com.br\/blog\/wp-json\/wp\/v2\/media?parent=33779"}],"wp:term":[{"taxonomy":"category","embeddable":true,"href":"https:\/\/www.aceguarulhos.com.br\/blog\/wp-json\/wp\/v2\/categories?post=33779"},{"taxonomy":"post_tag","embeddable":true,"href":"https:\/\/www.aceguarulhos.com.br\/blog\/wp-json\/wp\/v2\/tags?post=33779"}],"curies":[{"name":"wp","href":"https:\/\/api.w.org\/{rel}","templated":true}]}}