{"id":33737,"date":"2008-08-20T07:59:59","date_gmt":"2008-08-20T07:59:59","guid":{"rendered":"http:\/\/www.aceguarulhos.com.br\/blog\/?p=33737"},"modified":"-0001-11-30T00:00:00","modified_gmt":"-0001-11-30T03:00:00","slug":"adriana-afonso-diz-que-priorizar%c3%a1-a-sa%c3%bade-e-a-educa%c3%a7%c3%a3o","status":"publish","type":"post","link":"https:\/\/www.aceguarulhos.com.br\/blog\/adriana-afonso-diz-que-priorizar%c3%a1-a-sa%c3%bade-e-a-educa%c3%a7%c3%a3o\/","title":{"rendered":"Adriana Afonso diz que priorizar\u00e1 a sa\u00fade e a educa\u00e7\u00e3o"},"content":{"rendered":"<p>Em sua participa\u00e7\u00e3o na reuni\u00e3o da diretoria executiva da Associa\u00e7\u00e3o Comercial e Empresarial de Guarulhos (ACE) na \u201cCasa do Empreendedor\u201d, na manh\u00e3 de ontem, a candidata \u00e0 Prefeitura de Guarulhos, Adriana Afonso (PMDB), disse que se for eleita priorizar\u00e1 a educa\u00e7\u00e3o e a sa\u00fade nos dois primeiros anos de governo.<\/p>\n<p><center><\/p>\n<p class=\"midia\" style=\"width: 420px;\"><img loading=\"lazy\" decoding=\"async\" src=\"\/blog\/wp-content\/uploads\/image.php?x=i&amp;i1=100&amp;i2=20080819150741\" title=\"Imprensa\/ACE\" width=\"420\" height=\"333\"><br \/>Louren\u00e7o recebe uma c\u00f3pia do plano de governo de Adriana; ao seu lado, o vice Osvaldo Tassi<\/p>\n<p><\/center><\/p>\n<p>Com muita objetividade na exposi\u00e7\u00e3o de seu plano de governo, a peemedebista disse que sua primeira a\u00e7\u00e3o como prefeita ser\u00e1 a contrata\u00e7\u00e3o de m\u00e9dicos. \u201cEstamos tratando nossa sa\u00fade igual \u00e0 de cidades pequenas do nordeste, em que a popula\u00e7\u00e3o precisa se deslocar \u00e0 Capital em busca de atendimento de qualidade\u201d, disse.<\/p>\n<p>Para o tr\u00e2nsito, a candidata promete criar uma autarquia nos moldes da Companhia de Engenharia de Trafego (CET), da Capital, al\u00e9m de ressaltar que pretende realizar uma nova licita\u00e7\u00e3o para a explora\u00e7\u00e3o do transporte coletivo, al\u00e9m da redu\u00e7\u00e3o da tarifa cobrada pelas empresas. \u201cJ\u00e1 temos as respostas para realizar as mudan\u00e7as\u201d, completou.<\/p>\n<p>Quando o assunto foi sua atua\u00e7\u00e3o como vereadora, Afonso disse que sai frustrada do legislativo. Segundo ela, muitos interpretaram mal a instala\u00e7\u00e3o de uma barraca na regi\u00e3o central, em protesto ao aluguel da C\u00e2mara de Vereadores e que sua atua\u00e7\u00e3o independente fez com que muitos de seus pedidos n\u00e3o fossem atendidos pelas secretarias municipais. A peemedebista disse ainda que se eleita, sua rela\u00e7\u00e3o com os futuros vereadores ser\u00e1 na base do di\u00e1logo. \u201cN\u00e3o cometeria o mesmo erro do prefeito El\u00f3i Piet\u00e1 (PT), de amorda\u00e7ar os vereadores\u201d, falou.<\/p>\n<p>Wilson Louren\u00e7o, presidente da ACE, questionou a candidata quanto \u00e0s propostas de incentivos fiscais para os empreendedores da cidade. Segundo Louren\u00e7o, hoje, o munic\u00edpio conta apenas com o Sim Guarulhos. Adriana Afonso foi enf\u00e1tica. \u201cVotei contra o aumento do Imposto Territorial e Predial Urbano (IPTU). \u00c9 claro que, como prefeita, vamos rever e reduzir o valor do imposto\u201d, disse.<\/p>\n<p><center><\/p>\n<p class=\"midia\" style=\"width: 420px;\"><img loading=\"lazy\" decoding=\"async\" src=\"\/blog\/wp-content\/uploads\/image.php?x=i&amp;i1=100&amp;i2=20080819150853\" title=\"Imprensa\/ACE\" width=\"420\" height=\"315\"><br \/>Diretores da ACE acompanharam, atentamente, as propostas da candidata do PMDB<\/p>\n<p><\/center><\/p>\n<p>A candidata do PMDB disse ainda que pretende criar novos p\u00f3los de atra\u00e7\u00e3o tur\u00edstica \u2013 mercado municipal, centro de conven\u00e7\u00f5es e Feira das Na\u00e7\u00f5es Permanentes &#8211; enxugar a m\u00e1quina administrativa, reduzindo o n\u00famero de secretarias e cargos comissionados que n\u00e3o devem passar de 500, como tamb\u00e9m, reunir todos as secretarias municipais em um \u00fanico local, que pela sua proposta seria onde hoje se localiza a Pra\u00e7a JB Maciel, no Pa\u00e7o Municipal.<\/p>\n<p><i><b>Confira os pr\u00f3ximos candidatos que participar\u00e3o do encontro:<\/b><\/p>\n<p>Orlando Fantazini (PPS) \u2013 26 de agosto, \u00e0s 7h30<\/p>\n<p>Adilson Valente (PCdoB) \u2013 2 de setembro, \u00e0s 7h30<\/p>\n<p>Jorge Tadeu (DEM) \u2013 4 de Setembro, \u00e0s 7h30<\/p>\n<p>Edson Alberton (Psol) \u2013 9 de setembro, \u00e0s 7h30<\/p>\n<p>Sebasti\u00e3o Almeida (PT) \u2013 16 de setembro, \u00e0s 7h30 (a confirmar)<\/i><\/p>\n","protected":false},"excerpt":{"rendered":"Candidata do PMDB guarulhense prometeu enxugar a m\u00e1quina administrativa\n<a class=\"moretag\" href=\"https:\/\/www.aceguarulhos.com.br\/blog\/adriana-afonso-diz-que-priorizar%c3%a1-a-sa%c3%bade-e-a-educa%c3%a7%c3%a3o\/\"> [...]<\/a>","protected":false},"author":8,"featured_media":0,"comment_status":"open","ping_status":"open","sticky":false,"template":"","format":"standard","meta":{"footnotes":""},"categories":[2],"tags":[],"class_list":["post-33737","post","type-post","status-publish","format-standard","hentry","category-noticias"],"yoast_head":"<!-- This site is optimized with the Yoast SEO plugin v28.1 - https:\/\/yoast.com\/product\/yoast-seo-wordpress\/ -->\n<title>Adriana Afonso diz que priorizar\u00e1 a sa\u00fade e a educa\u00e7\u00e3o  - ACE-Guarulhos<\/title>\n<meta name=\"robots\" content=\"index, follow, max-snippet:-1, max-image-preview:large, max-video-preview:-1\" \/>\n<link rel=\"canonical\" href=\"https:\/\/www.aceguarulhos.com.br\/blog\/adriana-afonso-diz-que-priorizar\u00e1-a-sa\u00fade-e-a-educa\u00e7\u00e3o\/\" \/>\n<meta property=\"og:locale\" content=\"pt_BR\" \/>\n<meta property=\"og:type\" content=\"article\" \/>\n<meta property=\"og:title\" content=\"Adriana Afonso diz que priorizar\u00e1 a sa\u00fade e a educa\u00e7\u00e3o  - ACE-Guarulhos\" \/>\n<meta property=\"og:description\" content=\"Candidata do PMDB guarulhense prometeu enxugar a m\u00e1quina administrativa\" \/>\n<meta property=\"og:url\" content=\"https:\/\/www.aceguarulhos.com.br\/blog\/adriana-afonso-diz-que-priorizar\u00e1-a-sa\u00fade-e-a-educa\u00e7\u00e3o\/\" \/>\n<meta property=\"og:site_name\" content=\"ACE-Guarulhos\" \/>\n<meta property=\"article:publisher\" content=\"https:\/\/www.facebook.com\/aceguarulhos\/\" \/>\n<meta property=\"article:published_time\" content=\"2008-08-20T07:59:59+00:00\" \/>\n<meta property=\"og:image\" content=\"https:\/\/www.aceguarulhos.com.br\/blog\/wp-content\/uploads\/image.php\" \/>\n<meta name=\"author\" content=\"Assessoria de Imprensa ACE-Guarulhos\" \/>\n<meta name=\"twitter:card\" content=\"summary_large_image\" \/>\n<meta name=\"twitter:label1\" content=\"Escrito por\" \/>\n\t<meta name=\"twitter:data1\" content=\"Assessoria de Imprensa ACE-Guarulhos\" \/>\n\t<meta name=\"twitter:label2\" content=\"Est. tempo de leitura\" \/>\n\t<meta name=\"twitter:data2\" content=\"2 minutos\" \/>\n<script type=\"application\/ld+json\" class=\"yoast-schema-graph\">{\"@context\":\"https:\\\/\\\/schema.org\",\"@graph\":[{\"@type\":\"Article\",\"@id\":\"https:\\\/\\\/www.aceguarulhos.com.br\\\/blog\\\/adriana-afonso-diz-que-priorizar%c3%a1-a-sa%c3%bade-e-a-educa%c3%a7%c3%a3o\\\/#article\",\"isPartOf\":{\"@id\":\"https:\\\/\\\/www.aceguarulhos.com.br\\\/blog\\\/adriana-afonso-diz-que-priorizar%c3%a1-a-sa%c3%bade-e-a-educa%c3%a7%c3%a3o\\\/\"},\"author\":{\"name\":\"Assessoria de Imprensa ACE-Guarulhos\",\"@id\":\"https:\\\/\\\/www.aceguarulhos.com.br\\\/blog\\\/#\\\/schema\\\/person\\\/6983b51bad37489989e4f09698c26237\"},\"headline\":\"Adriana Afonso diz que priorizar\u00e1 a sa\u00fade e a educa\u00e7\u00e3o\",\"datePublished\":\"2008-08-20T07:59:59+00:00\",\"mainEntityOfPage\":{\"@id\":\"https:\\\/\\\/www.aceguarulhos.com.br\\\/blog\\\/adriana-afonso-diz-que-priorizar%c3%a1-a-sa%c3%bade-e-a-educa%c3%a7%c3%a3o\\\/\"},\"wordCount\":498,\"commentCount\":0,\"publisher\":{\"@id\":\"https:\\\/\\\/www.aceguarulhos.com.br\\\/blog\\\/#organization\"},\"articleSection\":[\"Not\u00edcias\"],\"inLanguage\":\"pt-BR\"},{\"@type\":\"WebPage\",\"@id\":\"https:\\\/\\\/www.aceguarulhos.com.br\\\/blog\\\/adriana-afonso-diz-que-priorizar%c3%a1-a-sa%c3%bade-e-a-educa%c3%a7%c3%a3o\\\/\",\"url\":\"https:\\\/\\\/www.aceguarulhos.com.br\\\/blog\\\/adriana-afonso-diz-que-priorizar%c3%a1-a-sa%c3%bade-e-a-educa%c3%a7%c3%a3o\\\/\",\"name\":\"Adriana Afonso diz que priorizar\u00e1 a sa\u00fade e a educa\u00e7\u00e3o - ACE-Guarulhos\",\"isPartOf\":{\"@id\":\"https:\\\/\\\/www.aceguarulhos.com.br\\\/blog\\\/#website\"},\"datePublished\":\"2008-08-20T07:59:59+00:00\",\"breadcrumb\":{\"@id\":\"https:\\\/\\\/www.aceguarulhos.com.br\\\/blog\\\/adriana-afonso-diz-que-priorizar%c3%a1-a-sa%c3%bade-e-a-educa%c3%a7%c3%a3o\\\/#breadcrumb\"},\"inLanguage\":\"pt-BR\",\"potentialAction\":[{\"@type\":\"ReadAction\",\"target\":[\"https:\\\/\\\/www.aceguarulhos.com.br\\\/blog\\\/adriana-afonso-diz-que-priorizar%c3%a1-a-sa%c3%bade-e-a-educa%c3%a7%c3%a3o\\\/\"]}]},{\"@type\":\"BreadcrumbList\",\"@id\":\"https:\\\/\\\/www.aceguarulhos.com.br\\\/blog\\\/adriana-afonso-diz-que-priorizar%c3%a1-a-sa%c3%bade-e-a-educa%c3%a7%c3%a3o\\\/#breadcrumb\",\"itemListElement\":[{\"@type\":\"ListItem\",\"position\":1,\"name\":\"In\u00edcio\",\"item\":\"https:\\\/\\\/www.aceguarulhos.com.br\\\/blog\\\/\"},{\"@type\":\"ListItem\",\"position\":2,\"name\":\"Adriana Afonso diz que priorizar\u00e1 a sa\u00fade e a educa\u00e7\u00e3o\"}]},{\"@type\":\"WebSite\",\"@id\":\"https:\\\/\\\/www.aceguarulhos.com.br\\\/blog\\\/#website\",\"url\":\"https:\\\/\\\/www.aceguarulhos.com.br\\\/blog\\\/\",\"name\":\"ACE-Guarulhos\",\"description\":\"A ACE-Guarulhos \u00e9 uma associa\u00e7\u00e3o que ap\u00f3ia os empres\u00e1rios guarulhenses atrav\u00e9s da representa\u00e7\u00e3o, da gera\u00e7\u00e3o de neg\u00f3cios e presta\u00e7\u00e3o de servi\u00e7os.\",\"publisher\":{\"@id\":\"https:\\\/\\\/www.aceguarulhos.com.br\\\/blog\\\/#organization\"},\"potentialAction\":[{\"@type\":\"SearchAction\",\"target\":{\"@type\":\"EntryPoint\",\"urlTemplate\":\"https:\\\/\\\/www.aceguarulhos.com.br\\\/blog\\\/?s={search_term_string}\"},\"query-input\":{\"@type\":\"PropertyValueSpecification\",\"valueRequired\":true,\"valueName\":\"search_term_string\"}}],\"inLanguage\":\"pt-BR\"},{\"@type\":\"Organization\",\"@id\":\"https:\\\/\\\/www.aceguarulhos.com.br\\\/blog\\\/#organization\",\"name\":\"ACE-Guarulhos\",\"url\":\"https:\\\/\\\/www.aceguarulhos.com.br\\\/blog\\\/\",\"logo\":{\"@type\":\"ImageObject\",\"inLanguage\":\"pt-BR\",\"@id\":\"https:\\\/\\\/www.aceguarulhos.com.br\\\/blog\\\/#\\\/schema\\\/logo\\\/image\\\/\",\"url\":\"https:\\\/\\\/www.aceguarulhos.com.br\\\/blog\\\/wp-content\\\/uploads\\\/2017\\\/12\\\/logo-aceguarulhos-2018.png\",\"contentUrl\":\"https:\\\/\\\/www.aceguarulhos.com.br\\\/blog\\\/wp-content\\\/uploads\\\/2017\\\/12\\\/logo-aceguarulhos-2018.png\",\"width\":419,\"height\":76,\"caption\":\"ACE-Guarulhos\"},\"image\":{\"@id\":\"https:\\\/\\\/www.aceguarulhos.com.br\\\/blog\\\/#\\\/schema\\\/logo\\\/image\\\/\"},\"sameAs\":[\"https:\\\/\\\/www.facebook.com\\\/aceguarulhos\\\/\",\"https:\\\/\\\/br.linkedin.com\\\/in\\\/ace-guarulhos-b9a97093\",\"https:\\\/\\\/www.youtube.com\\\/user\\\/aceguarulhos\"]},{\"@type\":\"Person\",\"@id\":\"https:\\\/\\\/www.aceguarulhos.com.br\\\/blog\\\/#\\\/schema\\\/person\\\/6983b51bad37489989e4f09698c26237\",\"name\":\"Assessoria de Imprensa ACE-Guarulhos\",\"image\":{\"@type\":\"ImageObject\",\"inLanguage\":\"pt-BR\",\"@id\":\"https:\\\/\\\/secure.gravatar.com\\\/avatar\\\/707f3fadd6918afeb64173ab22d8a8cb0676953098a4f31ff36dc2b4c699ef6a?s=96&d=mm&r=g\",\"url\":\"https:\\\/\\\/secure.gravatar.com\\\/avatar\\\/707f3fadd6918afeb64173ab22d8a8cb0676953098a4f31ff36dc2b4c699ef6a?s=96&d=mm&r=g\",\"contentUrl\":\"https:\\\/\\\/secure.gravatar.com\\\/avatar\\\/707f3fadd6918afeb64173ab22d8a8cb0676953098a4f31ff36dc2b4c699ef6a?s=96&d=mm&r=g\",\"caption\":\"Assessoria de Imprensa ACE-Guarulhos\"},\"url\":\"https:\\\/\\\/www.aceguarulhos.com.br\\\/blog\\\/author\\\/assessoria-de-imprensa-ace-guarulhos\\\/\"}]}<\/script>\n<!-- \/ Yoast SEO plugin. -->","yoast_head_json":{"title":"Adriana Afonso diz que priorizar\u00e1 a sa\u00fade e a educa\u00e7\u00e3o  - ACE-Guarulhos","robots":{"index":"index","follow":"follow","max-snippet":"max-snippet:-1","max-image-preview":"max-image-preview:large","max-video-preview":"max-video-preview:-1"},"canonical":"https:\/\/www.aceguarulhos.com.br\/blog\/adriana-afonso-diz-que-priorizar\u00e1-a-sa\u00fade-e-a-educa\u00e7\u00e3o\/","og_locale":"pt_BR","og_type":"article","og_title":"Adriana Afonso diz que priorizar\u00e1 a sa\u00fade e a educa\u00e7\u00e3o  - ACE-Guarulhos","og_description":"Candidata do PMDB guarulhense prometeu enxugar a m\u00e1quina administrativa","og_url":"https:\/\/www.aceguarulhos.com.br\/blog\/adriana-afonso-diz-que-priorizar\u00e1-a-sa\u00fade-e-a-educa\u00e7\u00e3o\/","og_site_name":"ACE-Guarulhos","article_publisher":"https:\/\/www.facebook.com\/aceguarulhos\/","article_published_time":"2008-08-20T07:59:59+00:00","og_image":[{"url":"https:\/\/www.aceguarulhos.com.br\/blog\/wp-content\/uploads\/image.php","type":"","width":"","height":""}],"author":"Assessoria de Imprensa ACE-Guarulhos","twitter_card":"summary_large_image","twitter_misc":{"Escrito por":"Assessoria de Imprensa ACE-Guarulhos","Est. tempo de leitura":"2 minutos"},"schema":{"@context":"https:\/\/schema.org","@graph":[{"@type":"Article","@id":"https:\/\/www.aceguarulhos.com.br\/blog\/adriana-afonso-diz-que-priorizar%c3%a1-a-sa%c3%bade-e-a-educa%c3%a7%c3%a3o\/#article","isPartOf":{"@id":"https:\/\/www.aceguarulhos.com.br\/blog\/adriana-afonso-diz-que-priorizar%c3%a1-a-sa%c3%bade-e-a-educa%c3%a7%c3%a3o\/"},"author":{"name":"Assessoria de Imprensa ACE-Guarulhos","@id":"https:\/\/www.aceguarulhos.com.br\/blog\/#\/schema\/person\/6983b51bad37489989e4f09698c26237"},"headline":"Adriana Afonso diz que priorizar\u00e1 a sa\u00fade e a educa\u00e7\u00e3o","datePublished":"2008-08-20T07:59:59+00:00","mainEntityOfPage":{"@id":"https:\/\/www.aceguarulhos.com.br\/blog\/adriana-afonso-diz-que-priorizar%c3%a1-a-sa%c3%bade-e-a-educa%c3%a7%c3%a3o\/"},"wordCount":498,"commentCount":0,"publisher":{"@id":"https:\/\/www.aceguarulhos.com.br\/blog\/#organization"},"articleSection":["Not\u00edcias"],"inLanguage":"pt-BR"},{"@type":"WebPage","@id":"https:\/\/www.aceguarulhos.com.br\/blog\/adriana-afonso-diz-que-priorizar%c3%a1-a-sa%c3%bade-e-a-educa%c3%a7%c3%a3o\/","url":"https:\/\/www.aceguarulhos.com.br\/blog\/adriana-afonso-diz-que-priorizar%c3%a1-a-sa%c3%bade-e-a-educa%c3%a7%c3%a3o\/","name":"Adriana Afonso diz que priorizar\u00e1 a sa\u00fade e a educa\u00e7\u00e3o - ACE-Guarulhos","isPartOf":{"@id":"https:\/\/www.aceguarulhos.com.br\/blog\/#website"},"datePublished":"2008-08-20T07:59:59+00:00","breadcrumb":{"@id":"https:\/\/www.aceguarulhos.com.br\/blog\/adriana-afonso-diz-que-priorizar%c3%a1-a-sa%c3%bade-e-a-educa%c3%a7%c3%a3o\/#breadcrumb"},"inLanguage":"pt-BR","potentialAction":[{"@type":"ReadAction","target":["https:\/\/www.aceguarulhos.com.br\/blog\/adriana-afonso-diz-que-priorizar%c3%a1-a-sa%c3%bade-e-a-educa%c3%a7%c3%a3o\/"]}]},{"@type":"BreadcrumbList","@id":"https:\/\/www.aceguarulhos.com.br\/blog\/adriana-afonso-diz-que-priorizar%c3%a1-a-sa%c3%bade-e-a-educa%c3%a7%c3%a3o\/#breadcrumb","itemListElement":[{"@type":"ListItem","position":1,"name":"In\u00edcio","item":"https:\/\/www.aceguarulhos.com.br\/blog\/"},{"@type":"ListItem","position":2,"name":"Adriana Afonso diz que priorizar\u00e1 a sa\u00fade e a educa\u00e7\u00e3o"}]},{"@type":"WebSite","@id":"https:\/\/www.aceguarulhos.com.br\/blog\/#website","url":"https:\/\/www.aceguarulhos.com.br\/blog\/","name":"ACE-Guarulhos","description":"A ACE-Guarulhos \u00e9 uma associa\u00e7\u00e3o que ap\u00f3ia os empres\u00e1rios guarulhenses atrav\u00e9s da representa\u00e7\u00e3o, da gera\u00e7\u00e3o de neg\u00f3cios e presta\u00e7\u00e3o de servi\u00e7os.","publisher":{"@id":"https:\/\/www.aceguarulhos.com.br\/blog\/#organization"},"potentialAction":[{"@type":"SearchAction","target":{"@type":"EntryPoint","urlTemplate":"https:\/\/www.aceguarulhos.com.br\/blog\/?s={search_term_string}"},"query-input":{"@type":"PropertyValueSpecification","valueRequired":true,"valueName":"search_term_string"}}],"inLanguage":"pt-BR"},{"@type":"Organization","@id":"https:\/\/www.aceguarulhos.com.br\/blog\/#organization","name":"ACE-Guarulhos","url":"https:\/\/www.aceguarulhos.com.br\/blog\/","logo":{"@type":"ImageObject","inLanguage":"pt-BR","@id":"https:\/\/www.aceguarulhos.com.br\/blog\/#\/schema\/logo\/image\/","url":"https:\/\/www.aceguarulhos.com.br\/blog\/wp-content\/uploads\/2017\/12\/logo-aceguarulhos-2018.png","contentUrl":"https:\/\/www.aceguarulhos.com.br\/blog\/wp-content\/uploads\/2017\/12\/logo-aceguarulhos-2018.png","width":419,"height":76,"caption":"ACE-Guarulhos"},"image":{"@id":"https:\/\/www.aceguarulhos.com.br\/blog\/#\/schema\/logo\/image\/"},"sameAs":["https:\/\/www.facebook.com\/aceguarulhos\/","https:\/\/br.linkedin.com\/in\/ace-guarulhos-b9a97093","https:\/\/www.youtube.com\/user\/aceguarulhos"]},{"@type":"Person","@id":"https:\/\/www.aceguarulhos.com.br\/blog\/#\/schema\/person\/6983b51bad37489989e4f09698c26237","name":"Assessoria de Imprensa ACE-Guarulhos","image":{"@type":"ImageObject","inLanguage":"pt-BR","@id":"https:\/\/secure.gravatar.com\/avatar\/707f3fadd6918afeb64173ab22d8a8cb0676953098a4f31ff36dc2b4c699ef6a?s=96&d=mm&r=g","url":"https:\/\/secure.gravatar.com\/avatar\/707f3fadd6918afeb64173ab22d8a8cb0676953098a4f31ff36dc2b4c699ef6a?s=96&d=mm&r=g","contentUrl":"https:\/\/secure.gravatar.com\/avatar\/707f3fadd6918afeb64173ab22d8a8cb0676953098a4f31ff36dc2b4c699ef6a?s=96&d=mm&r=g","caption":"Assessoria de Imprensa ACE-Guarulhos"},"url":"https:\/\/www.aceguarulhos.com.br\/blog\/author\/assessoria-de-imprensa-ace-guarulhos\/"}]}},"wps_subtitle":"","amp_enabled":true,"_links":{"self":[{"href":"https:\/\/www.aceguarulhos.com.br\/blog\/wp-json\/wp\/v2\/posts\/33737","targetHints":{"allow":["GET"]}}],"collection":[{"href":"https:\/\/www.aceguarulhos.com.br\/blog\/wp-json\/wp\/v2\/posts"}],"about":[{"href":"https:\/\/www.aceguarulhos.com.br\/blog\/wp-json\/wp\/v2\/types\/post"}],"author":[{"embeddable":true,"href":"https:\/\/www.aceguarulhos.com.br\/blog\/wp-json\/wp\/v2\/users\/8"}],"replies":[{"embeddable":true,"href":"https:\/\/www.aceguarulhos.com.br\/blog\/wp-json\/wp\/v2\/comments?post=33737"}],"version-history":[{"count":0,"href":"https:\/\/www.aceguarulhos.com.br\/blog\/wp-json\/wp\/v2\/posts\/33737\/revisions"}],"wp:attachment":[{"href":"https:\/\/www.aceguarulhos.com.br\/blog\/wp-json\/wp\/v2\/media?parent=33737"}],"wp:term":[{"taxonomy":"category","embeddable":true,"href":"https:\/\/www.aceguarulhos.com.br\/blog\/wp-json\/wp\/v2\/categories?post=33737"},{"taxonomy":"post_tag","embeddable":true,"href":"https:\/\/www.aceguarulhos.com.br\/blog\/wp-json\/wp\/v2\/tags?post=33737"}],"curies":[{"name":"wp","href":"https:\/\/api.w.org\/{rel}","templated":true}]}}