{"id":33578,"date":"2008-07-16T11:47:32","date_gmt":"2008-07-16T11:47:32","guid":{"rendered":"http:\/\/www.aceguarulhos.com.br\/blog\/?p=33578"},"modified":"-0001-11-30T00:00:00","modified_gmt":"-0001-11-30T03:00:00","slug":"ace-comemora-45-anos-de-funda%c3%a7%c3%a3o","status":"publish","type":"post","link":"https:\/\/www.aceguarulhos.com.br\/blog\/ace-comemora-45-anos-de-funda%c3%a7%c3%a3o\/","title":{"rendered":"ACE comemora 45 anos de funda\u00e7\u00e3o"},"content":{"rendered":"<p>Uma das principais entidades de classe de Guarulhos comemora, hoje, 45 anos de funda\u00e7\u00e3o. Trata-se da Associa\u00e7\u00e3o Comercial e Empresarial de Guarulhos (ACE), idealizada em 1963, por 67 empres\u00e1rios e personalidades guarulhenses e que se tornou a voz do empreendedorismo e associativismo do munic\u00edpio.<\/p>\n<p><center><\/p>\n<p class=\"midia\" style=\"width: 288px;\"><img loading=\"lazy\" decoding=\"async\" src=\"\/blog\/wp-content\/uploads\/image.php?x=i&amp;i1=100&amp;i2=20080716153624\" title=\"ACE-Guarulhos\" width=\"288\" height=\"420\"><br \/>Nova sede da entidade foi o grande presente de anivers\u00e1rio<\/p>\n<p><\/center><\/p>\n<p>Passados quatro d\u00e9cadas e nove presidentes \u2013 Nahim Hassan Rachid, Primo Poli, Ant\u00f4nio Veronezi, Ari Jorge Zeitune, Dargham Ahmad Dargham, Luis Roberto Mesquita, Anunciato Thomeo Sobrinho, Decio Pomp\u00eao Junior e Wilson Louren\u00e7o \u2013 o desafio de fomentar o consumo local continua latente na entidade.<\/p>\n<p>Wilson Louren\u00e7o, que assumiu a presid\u00eancia da entidade h\u00e1 um ano e meio, conta que o maior desafio da atual diretoria executiva \u00e9 \u201cconsolidar a ACE-Guarulhos como ferramenta de crescimento, tornando-a refer\u00eancia no desenvolvimento empresarial at\u00e9 2009\u201d. Para atingir o objetivo, n\u00e3o tem poupado esfor\u00e7os na realiza\u00e7\u00e3o de uma programa\u00e7\u00e3o extensa de cursos e palestras para os empreendedores. <\/p>\n<p>\u201cSe h\u00e1 45 anos a preocupa\u00e7\u00e3o dos l\u00edderes empresariais era a fuga do consumidor guarulhense para os centros comerciais da Capital, hoje a nossa preocupa\u00e7\u00e3o n\u00e3o \u00e9 diferente e a culpa \u00e9 de todos n\u00f3s, entidade e empres\u00e1rios que n\u00e3o buscam alternativas para o problema. Neste sentido, a atual diretoria entendeu que o com\u00e9rcio atual precisa de capacita\u00e7\u00e3o e assim conquistar o consumidor\u201d, disse.<\/p>\n<p>Louren\u00e7o destacou, ainda, os principais projetos da entidade que tem por objetivo o fortalecimento do com\u00e9rcio como o Empresa Mais e o Encontro dos Profissionais do Varejo, ambos em parceria com o escrit\u00f3rio regional do SEBRAE-SP, que tem reunido profissionais do setor varejista na busca por a\u00e7\u00f5es que fomentem o consumo.<\/p>\n<p>Presidente da ACE em tr\u00eas ocasi\u00f5es, o empres\u00e1rio Anunciato Thomeo Sobrinho fala com alegria do crescimento da entidade. Segundo Sobrinho, a principal mudan\u00e7a que ocorreu foi a informatiza\u00e7\u00e3o do banco de dados do Servi\u00e7o Central de Prote\u00e7\u00e3o ao Cr\u00e9dito (SCPC). Ele conta que em sua primeira gest\u00e3o os maus devedores eram consultados por meio de fichas. \u201cHoje temos uma grande representatividade, resultado dos nossos servi\u00e7os e inser\u00e7\u00e3o da entidade nos assuntos que interferem diretamente no dia-a-dia de Guarulhos\u201d, completou.<\/p>\n<p><center><\/p>\n<p class=\"midia\" style=\"width: 337px;\"><img loading=\"lazy\" decoding=\"async\" src=\"\/blog\/wp-content\/uploads\/image.php?x=i&amp;i1=100&amp;i2=20080716115400\" title=\"Imprensa \/ ACE\" width=\"337\" height=\"420\"><br \/>Wilson Louren\u00e7o, atual presidente da ACE<\/p>\n<p><\/center><\/p>\n<p>Al\u00e9m de seu anivers\u00e1rio, a entidade comemora, tamb\u00e9m, o Dia do Comerciante, institu\u00eddo em 26 de outubro de 1953, pelo presidente do Senado, Jo\u00e3o Caf\u00e9 Filho. Neste dia homenageamos Jos\u00e9 da Silva Lisboa \u2013 mais conhecido como Visconde de Cayru &#8211; pol\u00edtico baiano hist\u00f3rico, que exerceu grande influ\u00eancia junto ao pr\u00edncipe regente portugu\u00eas D. Jo\u00e3o VI para que fossem abertos os portos brasileiros para o com\u00e9rcio com as na\u00e7\u00f5es amigas, em 1808.<br \/><b><br \/>Parceriais \u2013 <\/b>A entidade presenciou, tamb\u00e9m, o avan\u00e7o de parcerias com institui\u00e7\u00f5es da cidade, principalmente as de ensino superior. Hoje, os associados contam com importantes parcerias com a Universidade de Guarulhos, UNIFIG, FACIG, Faculdades Torricelli, Eniac e ESPA.<\/p>\n<p>Mas, uma das principais parcerias que Wilson Louren\u00e7o destaca \u00e9 a com o grupo M\u00eddia Guarulhos, que desde mar\u00e7o vem proporcionando informa\u00e7\u00e3o di\u00e1ria aos associados ativos por meio do Jornal Guarulhos Hoje, que se tornou leitura obrigat\u00f3ria entre os guarulhenses.<\/p>\n<p>A ACE \u00e9 respons\u00e1vel pelo conte\u00fado do caderno de neg\u00f3cios. Por meio do caderno os associados ficam sabendo, em primeira m\u00e3o, das novidades da entidade.<\/p>\n<p>O GH \u00e9 di\u00e1rio \u2013 com circula\u00e7\u00e3o de ter\u00e7a-feira a s\u00e1bado, com tiragem de 30 mil exemplares. Em formato Standard, o jornal se diferencia dos demais ve\u00edculos da cidade, principalmente por ser vendido em bancas. <br \/><b><br \/>PDE 2008 \u2013 <\/b>Como faz todos os anos, a festa para comemorar o anivers\u00e1rio da ACE \u00e9 realizada no Pr\u00eamio Destaque Empresarial. A entidade homenageia os destaques no com\u00e9rcio, servi\u00e7o, ind\u00fastria, terceiro setor, al\u00e9m da microempresa e mulher empreendedora.<\/p>\n<p>Este ano o evento acontece no dia 30 de julho, a partir das 20h, no Open Hall Convention Center e ter\u00e1 como atra\u00e7\u00e3o a Fam\u00edlia Lima. Informa\u00e7\u00f5es sobre convites atrav\u00e9s do telefone: 2137-9304.<\/p>\n","protected":false},"excerpt":{"rendered":"Anivers\u00e1rio da entidade ser\u00e1 comemorado na 11\u00aa edi\u00e7\u00e3o do Pr\u00eamio Destaque Empresarial\n<a class=\"moretag\" href=\"https:\/\/www.aceguarulhos.com.br\/blog\/ace-comemora-45-anos-de-funda%c3%a7%c3%a3o\/\"> [...]<\/a>","protected":false},"author":8,"featured_media":0,"comment_status":"open","ping_status":"open","sticky":false,"template":"","format":"standard","meta":{"footnotes":""},"categories":[2],"tags":[],"class_list":["post-33578","post","type-post","status-publish","format-standard","hentry","category-noticias"],"yoast_head":"<!-- This site is optimized with the Yoast SEO plugin v28.1 - https:\/\/yoast.com\/product\/yoast-seo-wordpress\/ -->\n<title>ACE comemora 45 anos de funda\u00e7\u00e3o - ACE-Guarulhos<\/title>\n<meta name=\"robots\" content=\"index, follow, max-snippet:-1, max-image-preview:large, max-video-preview:-1\" \/>\n<link rel=\"canonical\" href=\"https:\/\/www.aceguarulhos.com.br\/blog\/ace-comemora-45-anos-de-funda\u00e7\u00e3o\/\" \/>\n<meta property=\"og:locale\" content=\"pt_BR\" \/>\n<meta property=\"og:type\" content=\"article\" \/>\n<meta property=\"og:title\" content=\"ACE comemora 45 anos de funda\u00e7\u00e3o - ACE-Guarulhos\" \/>\n<meta property=\"og:description\" content=\"Anivers\u00e1rio da entidade ser\u00e1 comemorado na 11\u00aa edi\u00e7\u00e3o do Pr\u00eamio Destaque Empresarial\" \/>\n<meta property=\"og:url\" content=\"https:\/\/www.aceguarulhos.com.br\/blog\/ace-comemora-45-anos-de-funda\u00e7\u00e3o\/\" \/>\n<meta property=\"og:site_name\" content=\"ACE-Guarulhos\" \/>\n<meta property=\"article:publisher\" content=\"https:\/\/www.facebook.com\/aceguarulhos\/\" \/>\n<meta property=\"article:published_time\" content=\"2008-07-16T11:47:32+00:00\" \/>\n<meta property=\"og:image\" content=\"https:\/\/www.aceguarulhos.com.br\/blog\/wp-content\/uploads\/image.php\" \/>\n<meta name=\"author\" content=\"Assessoria de Imprensa ACE-Guarulhos\" \/>\n<meta name=\"twitter:card\" content=\"summary_large_image\" \/>\n<meta name=\"twitter:label1\" content=\"Escrito por\" \/>\n\t<meta name=\"twitter:data1\" content=\"Assessoria de Imprensa ACE-Guarulhos\" \/>\n\t<meta name=\"twitter:label2\" content=\"Est. tempo de leitura\" \/>\n\t<meta name=\"twitter:data2\" content=\"3 minutos\" \/>\n<script type=\"application\/ld+json\" class=\"yoast-schema-graph\">{\"@context\":\"https:\\\/\\\/schema.org\",\"@graph\":[{\"@type\":\"Article\",\"@id\":\"https:\\\/\\\/www.aceguarulhos.com.br\\\/blog\\\/ace-comemora-45-anos-de-funda%c3%a7%c3%a3o\\\/#article\",\"isPartOf\":{\"@id\":\"https:\\\/\\\/www.aceguarulhos.com.br\\\/blog\\\/ace-comemora-45-anos-de-funda%c3%a7%c3%a3o\\\/\"},\"author\":{\"name\":\"Assessoria de Imprensa ACE-Guarulhos\",\"@id\":\"https:\\\/\\\/www.aceguarulhos.com.br\\\/blog\\\/#\\\/schema\\\/person\\\/6983b51bad37489989e4f09698c26237\"},\"headline\":\"ACE comemora 45 anos de funda\u00e7\u00e3o\",\"datePublished\":\"2008-07-16T11:47:32+00:00\",\"mainEntityOfPage\":{\"@id\":\"https:\\\/\\\/www.aceguarulhos.com.br\\\/blog\\\/ace-comemora-45-anos-de-funda%c3%a7%c3%a3o\\\/\"},\"wordCount\":702,\"commentCount\":0,\"publisher\":{\"@id\":\"https:\\\/\\\/www.aceguarulhos.com.br\\\/blog\\\/#organization\"},\"articleSection\":[\"Not\u00edcias\"],\"inLanguage\":\"pt-BR\"},{\"@type\":\"WebPage\",\"@id\":\"https:\\\/\\\/www.aceguarulhos.com.br\\\/blog\\\/ace-comemora-45-anos-de-funda%c3%a7%c3%a3o\\\/\",\"url\":\"https:\\\/\\\/www.aceguarulhos.com.br\\\/blog\\\/ace-comemora-45-anos-de-funda%c3%a7%c3%a3o\\\/\",\"name\":\"ACE comemora 45 anos de funda\u00e7\u00e3o - ACE-Guarulhos\",\"isPartOf\":{\"@id\":\"https:\\\/\\\/www.aceguarulhos.com.br\\\/blog\\\/#website\"},\"datePublished\":\"2008-07-16T11:47:32+00:00\",\"breadcrumb\":{\"@id\":\"https:\\\/\\\/www.aceguarulhos.com.br\\\/blog\\\/ace-comemora-45-anos-de-funda%c3%a7%c3%a3o\\\/#breadcrumb\"},\"inLanguage\":\"pt-BR\",\"potentialAction\":[{\"@type\":\"ReadAction\",\"target\":[\"https:\\\/\\\/www.aceguarulhos.com.br\\\/blog\\\/ace-comemora-45-anos-de-funda%c3%a7%c3%a3o\\\/\"]}]},{\"@type\":\"BreadcrumbList\",\"@id\":\"https:\\\/\\\/www.aceguarulhos.com.br\\\/blog\\\/ace-comemora-45-anos-de-funda%c3%a7%c3%a3o\\\/#breadcrumb\",\"itemListElement\":[{\"@type\":\"ListItem\",\"position\":1,\"name\":\"In\u00edcio\",\"item\":\"https:\\\/\\\/www.aceguarulhos.com.br\\\/blog\\\/\"},{\"@type\":\"ListItem\",\"position\":2,\"name\":\"ACE comemora 45 anos de funda\u00e7\u00e3o\"}]},{\"@type\":\"WebSite\",\"@id\":\"https:\\\/\\\/www.aceguarulhos.com.br\\\/blog\\\/#website\",\"url\":\"https:\\\/\\\/www.aceguarulhos.com.br\\\/blog\\\/\",\"name\":\"ACE-Guarulhos\",\"description\":\"A ACE-Guarulhos \u00e9 uma associa\u00e7\u00e3o que ap\u00f3ia os empres\u00e1rios guarulhenses atrav\u00e9s da representa\u00e7\u00e3o, da gera\u00e7\u00e3o de neg\u00f3cios e presta\u00e7\u00e3o de servi\u00e7os.\",\"publisher\":{\"@id\":\"https:\\\/\\\/www.aceguarulhos.com.br\\\/blog\\\/#organization\"},\"potentialAction\":[{\"@type\":\"SearchAction\",\"target\":{\"@type\":\"EntryPoint\",\"urlTemplate\":\"https:\\\/\\\/www.aceguarulhos.com.br\\\/blog\\\/?s={search_term_string}\"},\"query-input\":{\"@type\":\"PropertyValueSpecification\",\"valueRequired\":true,\"valueName\":\"search_term_string\"}}],\"inLanguage\":\"pt-BR\"},{\"@type\":\"Organization\",\"@id\":\"https:\\\/\\\/www.aceguarulhos.com.br\\\/blog\\\/#organization\",\"name\":\"ACE-Guarulhos\",\"url\":\"https:\\\/\\\/www.aceguarulhos.com.br\\\/blog\\\/\",\"logo\":{\"@type\":\"ImageObject\",\"inLanguage\":\"pt-BR\",\"@id\":\"https:\\\/\\\/www.aceguarulhos.com.br\\\/blog\\\/#\\\/schema\\\/logo\\\/image\\\/\",\"url\":\"https:\\\/\\\/www.aceguarulhos.com.br\\\/blog\\\/wp-content\\\/uploads\\\/2017\\\/12\\\/logo-aceguarulhos-2018.png\",\"contentUrl\":\"https:\\\/\\\/www.aceguarulhos.com.br\\\/blog\\\/wp-content\\\/uploads\\\/2017\\\/12\\\/logo-aceguarulhos-2018.png\",\"width\":419,\"height\":76,\"caption\":\"ACE-Guarulhos\"},\"image\":{\"@id\":\"https:\\\/\\\/www.aceguarulhos.com.br\\\/blog\\\/#\\\/schema\\\/logo\\\/image\\\/\"},\"sameAs\":[\"https:\\\/\\\/www.facebook.com\\\/aceguarulhos\\\/\",\"https:\\\/\\\/br.linkedin.com\\\/in\\\/ace-guarulhos-b9a97093\",\"https:\\\/\\\/www.youtube.com\\\/user\\\/aceguarulhos\"]},{\"@type\":\"Person\",\"@id\":\"https:\\\/\\\/www.aceguarulhos.com.br\\\/blog\\\/#\\\/schema\\\/person\\\/6983b51bad37489989e4f09698c26237\",\"name\":\"Assessoria de Imprensa ACE-Guarulhos\",\"image\":{\"@type\":\"ImageObject\",\"inLanguage\":\"pt-BR\",\"@id\":\"https:\\\/\\\/secure.gravatar.com\\\/avatar\\\/707f3fadd6918afeb64173ab22d8a8cb0676953098a4f31ff36dc2b4c699ef6a?s=96&d=mm&r=g\",\"url\":\"https:\\\/\\\/secure.gravatar.com\\\/avatar\\\/707f3fadd6918afeb64173ab22d8a8cb0676953098a4f31ff36dc2b4c699ef6a?s=96&d=mm&r=g\",\"contentUrl\":\"https:\\\/\\\/secure.gravatar.com\\\/avatar\\\/707f3fadd6918afeb64173ab22d8a8cb0676953098a4f31ff36dc2b4c699ef6a?s=96&d=mm&r=g\",\"caption\":\"Assessoria de Imprensa ACE-Guarulhos\"},\"url\":\"https:\\\/\\\/www.aceguarulhos.com.br\\\/blog\\\/author\\\/assessoria-de-imprensa-ace-guarulhos\\\/\"}]}<\/script>\n<!-- \/ Yoast SEO plugin. -->","yoast_head_json":{"title":"ACE comemora 45 anos de funda\u00e7\u00e3o - ACE-Guarulhos","robots":{"index":"index","follow":"follow","max-snippet":"max-snippet:-1","max-image-preview":"max-image-preview:large","max-video-preview":"max-video-preview:-1"},"canonical":"https:\/\/www.aceguarulhos.com.br\/blog\/ace-comemora-45-anos-de-funda\u00e7\u00e3o\/","og_locale":"pt_BR","og_type":"article","og_title":"ACE comemora 45 anos de funda\u00e7\u00e3o - ACE-Guarulhos","og_description":"Anivers\u00e1rio da entidade ser\u00e1 comemorado na 11\u00aa edi\u00e7\u00e3o do Pr\u00eamio Destaque Empresarial","og_url":"https:\/\/www.aceguarulhos.com.br\/blog\/ace-comemora-45-anos-de-funda\u00e7\u00e3o\/","og_site_name":"ACE-Guarulhos","article_publisher":"https:\/\/www.facebook.com\/aceguarulhos\/","article_published_time":"2008-07-16T11:47:32+00:00","og_image":[{"url":"https:\/\/www.aceguarulhos.com.br\/blog\/wp-content\/uploads\/image.php","type":"","width":"","height":""}],"author":"Assessoria de Imprensa ACE-Guarulhos","twitter_card":"summary_large_image","twitter_misc":{"Escrito por":"Assessoria de Imprensa ACE-Guarulhos","Est. tempo de leitura":"3 minutos"},"schema":{"@context":"https:\/\/schema.org","@graph":[{"@type":"Article","@id":"https:\/\/www.aceguarulhos.com.br\/blog\/ace-comemora-45-anos-de-funda%c3%a7%c3%a3o\/#article","isPartOf":{"@id":"https:\/\/www.aceguarulhos.com.br\/blog\/ace-comemora-45-anos-de-funda%c3%a7%c3%a3o\/"},"author":{"name":"Assessoria de Imprensa ACE-Guarulhos","@id":"https:\/\/www.aceguarulhos.com.br\/blog\/#\/schema\/person\/6983b51bad37489989e4f09698c26237"},"headline":"ACE comemora 45 anos de funda\u00e7\u00e3o","datePublished":"2008-07-16T11:47:32+00:00","mainEntityOfPage":{"@id":"https:\/\/www.aceguarulhos.com.br\/blog\/ace-comemora-45-anos-de-funda%c3%a7%c3%a3o\/"},"wordCount":702,"commentCount":0,"publisher":{"@id":"https:\/\/www.aceguarulhos.com.br\/blog\/#organization"},"articleSection":["Not\u00edcias"],"inLanguage":"pt-BR"},{"@type":"WebPage","@id":"https:\/\/www.aceguarulhos.com.br\/blog\/ace-comemora-45-anos-de-funda%c3%a7%c3%a3o\/","url":"https:\/\/www.aceguarulhos.com.br\/blog\/ace-comemora-45-anos-de-funda%c3%a7%c3%a3o\/","name":"ACE comemora 45 anos de funda\u00e7\u00e3o - ACE-Guarulhos","isPartOf":{"@id":"https:\/\/www.aceguarulhos.com.br\/blog\/#website"},"datePublished":"2008-07-16T11:47:32+00:00","breadcrumb":{"@id":"https:\/\/www.aceguarulhos.com.br\/blog\/ace-comemora-45-anos-de-funda%c3%a7%c3%a3o\/#breadcrumb"},"inLanguage":"pt-BR","potentialAction":[{"@type":"ReadAction","target":["https:\/\/www.aceguarulhos.com.br\/blog\/ace-comemora-45-anos-de-funda%c3%a7%c3%a3o\/"]}]},{"@type":"BreadcrumbList","@id":"https:\/\/www.aceguarulhos.com.br\/blog\/ace-comemora-45-anos-de-funda%c3%a7%c3%a3o\/#breadcrumb","itemListElement":[{"@type":"ListItem","position":1,"name":"In\u00edcio","item":"https:\/\/www.aceguarulhos.com.br\/blog\/"},{"@type":"ListItem","position":2,"name":"ACE comemora 45 anos de funda\u00e7\u00e3o"}]},{"@type":"WebSite","@id":"https:\/\/www.aceguarulhos.com.br\/blog\/#website","url":"https:\/\/www.aceguarulhos.com.br\/blog\/","name":"ACE-Guarulhos","description":"A ACE-Guarulhos \u00e9 uma associa\u00e7\u00e3o que ap\u00f3ia os empres\u00e1rios guarulhenses atrav\u00e9s da representa\u00e7\u00e3o, da gera\u00e7\u00e3o de neg\u00f3cios e presta\u00e7\u00e3o de servi\u00e7os.","publisher":{"@id":"https:\/\/www.aceguarulhos.com.br\/blog\/#organization"},"potentialAction":[{"@type":"SearchAction","target":{"@type":"EntryPoint","urlTemplate":"https:\/\/www.aceguarulhos.com.br\/blog\/?s={search_term_string}"},"query-input":{"@type":"PropertyValueSpecification","valueRequired":true,"valueName":"search_term_string"}}],"inLanguage":"pt-BR"},{"@type":"Organization","@id":"https:\/\/www.aceguarulhos.com.br\/blog\/#organization","name":"ACE-Guarulhos","url":"https:\/\/www.aceguarulhos.com.br\/blog\/","logo":{"@type":"ImageObject","inLanguage":"pt-BR","@id":"https:\/\/www.aceguarulhos.com.br\/blog\/#\/schema\/logo\/image\/","url":"https:\/\/www.aceguarulhos.com.br\/blog\/wp-content\/uploads\/2017\/12\/logo-aceguarulhos-2018.png","contentUrl":"https:\/\/www.aceguarulhos.com.br\/blog\/wp-content\/uploads\/2017\/12\/logo-aceguarulhos-2018.png","width":419,"height":76,"caption":"ACE-Guarulhos"},"image":{"@id":"https:\/\/www.aceguarulhos.com.br\/blog\/#\/schema\/logo\/image\/"},"sameAs":["https:\/\/www.facebook.com\/aceguarulhos\/","https:\/\/br.linkedin.com\/in\/ace-guarulhos-b9a97093","https:\/\/www.youtube.com\/user\/aceguarulhos"]},{"@type":"Person","@id":"https:\/\/www.aceguarulhos.com.br\/blog\/#\/schema\/person\/6983b51bad37489989e4f09698c26237","name":"Assessoria de Imprensa ACE-Guarulhos","image":{"@type":"ImageObject","inLanguage":"pt-BR","@id":"https:\/\/secure.gravatar.com\/avatar\/707f3fadd6918afeb64173ab22d8a8cb0676953098a4f31ff36dc2b4c699ef6a?s=96&d=mm&r=g","url":"https:\/\/secure.gravatar.com\/avatar\/707f3fadd6918afeb64173ab22d8a8cb0676953098a4f31ff36dc2b4c699ef6a?s=96&d=mm&r=g","contentUrl":"https:\/\/secure.gravatar.com\/avatar\/707f3fadd6918afeb64173ab22d8a8cb0676953098a4f31ff36dc2b4c699ef6a?s=96&d=mm&r=g","caption":"Assessoria de Imprensa ACE-Guarulhos"},"url":"https:\/\/www.aceguarulhos.com.br\/blog\/author\/assessoria-de-imprensa-ace-guarulhos\/"}]}},"wps_subtitle":"","amp_enabled":true,"_links":{"self":[{"href":"https:\/\/www.aceguarulhos.com.br\/blog\/wp-json\/wp\/v2\/posts\/33578","targetHints":{"allow":["GET"]}}],"collection":[{"href":"https:\/\/www.aceguarulhos.com.br\/blog\/wp-json\/wp\/v2\/posts"}],"about":[{"href":"https:\/\/www.aceguarulhos.com.br\/blog\/wp-json\/wp\/v2\/types\/post"}],"author":[{"embeddable":true,"href":"https:\/\/www.aceguarulhos.com.br\/blog\/wp-json\/wp\/v2\/users\/8"}],"replies":[{"embeddable":true,"href":"https:\/\/www.aceguarulhos.com.br\/blog\/wp-json\/wp\/v2\/comments?post=33578"}],"version-history":[{"count":0,"href":"https:\/\/www.aceguarulhos.com.br\/blog\/wp-json\/wp\/v2\/posts\/33578\/revisions"}],"wp:attachment":[{"href":"https:\/\/www.aceguarulhos.com.br\/blog\/wp-json\/wp\/v2\/media?parent=33578"}],"wp:term":[{"taxonomy":"category","embeddable":true,"href":"https:\/\/www.aceguarulhos.com.br\/blog\/wp-json\/wp\/v2\/categories?post=33578"},{"taxonomy":"post_tag","embeddable":true,"href":"https:\/\/www.aceguarulhos.com.br\/blog\/wp-json\/wp\/v2\/tags?post=33578"}],"curies":[{"name":"wp","href":"https:\/\/api.w.org\/{rel}","templated":true}]}}