{"id":33538,"date":"2008-07-10T11:41:24","date_gmt":"2008-07-10T11:41:24","guid":{"rendered":"http:\/\/www.aceguarulhos.com.br\/blog\/?p=33538"},"modified":"-0001-11-30T00:00:00","modified_gmt":"-0001-11-30T03:00:00","slug":"sai-os-primeiros-selecionados-ao-pde-2008","status":"publish","type":"post","link":"https:\/\/www.aceguarulhos.com.br\/blog\/sai-os-primeiros-selecionados-ao-pde-2008\/","title":{"rendered":"Sai os primeiros selecionados ao PDE 2008"},"content":{"rendered":"<p>J\u00e1 foram definidos os primeiros selecionados \u00e0 11\u00aa edi\u00e7\u00e3o do Pr\u00eamio Destaque Empresarial-2008. A ACE-Guarulhos recebeu cerca de 300 indica\u00e7\u00f5es que foram realizadas por meio do seu site e pelos parceiros: Sescon, Sebrae-SP e Prefeitura de Guarulhos.<\/p>\n<p>Na categoria Com\u00e9rcio os selecionados foram: \u00c1urea Scarpi Cal\u00e7ados, Berkana Modas, Supermercado Lopes, Magazinemais \/ Winton, Internacional Shopping Guarulhos, Comercial Esperan\u00e7a, Ashtar Com\u00e9rcio de Brindes e Pharma &amp; Cia.<\/p>\n<p>Na categoria Ind\u00fastria os primeiros selecionados foram: Keita Ind\u00fastria e Com\u00e9rcio Ltda, Fortek Lajes, Terramar Instrumentos N\u00e1uticos Ltda, TLC V\u00e1lvulas, General Brands do Brasil e Laborat\u00f3rios Ache. <\/p>\n<p>J\u00e1 para a categoria Servi\u00e7os os selecionados s\u00e3o: Vital Odonto, Cepac, Lumar Servi\u00e7os Ltda, Revista \u00c9! e Golden Farma &#8211; Sistema de Conv\u00eanios.<\/p>\n<p>Na categoria Terceiro Setor foram selecionados os seguintes nomes: Associa\u00e7\u00e3o Atl\u00e9tica Flamengo, SOS Fam\u00edlia S\u00e3o Geraldo, ACM, Casas Andr\u00e9 Luiz, Acomac e Maternidade Jesus, Jos\u00e9 e Maria.<\/p>\n<p>Nas homenagens deste ano, os selecionados ao pr\u00eamio Microempresa foram: Trevicar, Pontualto Materiais de Constru\u00e7\u00e3o, Argos Entregas R\u00e1pidas, Vanda Cal\u00e7ados e JABG &#8211; Confec\u00e7\u00f5es Ltda. E na categoria Mulher Empreendedora os nomes selecionados foram: Neyde Arrepia, Maria de F\u00e1tima Caetano Pinto,<\/p>\n<p>Mirtes Ang\u00e9lica de Matos, S\u00f4nia Lago, Vera L\u00facia de Oliveira Franco e Leila Lopes.<\/p>\n<p>\u201cTemos, agora, a responsabilidade de conhecer, melhor, os primeiros selecionados para que depois possamos indicar os tr\u00eas finalistas, por categoria, ao pr\u00eamio. No final, vamos comemorar juntos aqueles que se destacaram no setor empresarial em nossa cidade\u201d, disse o coordenador do Destaque Empresarial, o diretor Ananias Ara\u00fajo Sobrinho.<\/p>\n<p>At\u00e9 a pr\u00f3xima semana dever\u00e3o ser definidos os nomes dos tr\u00eas finalistas, por categoria. Todos eles receber\u00e3o a visita da diretoria da ACE que ter\u00e3o por objetivo levantar informa\u00e7\u00f5es como: n\u00famero de funcion\u00e1rios, crescimento econ\u00f4mico, a\u00e7\u00f5es com a comunidade, produtos e servi\u00e7os, entre outros. As informa\u00e7\u00f5es coletadas s\u00e3o imprescind\u00edveis para chegar ao nome dos vencedores deste ano.<\/p>\n<p><b>PDE 2008 &#8211; <\/b>Para comemorar seus 45 anos de funda\u00e7\u00e3o, a Associa\u00e7\u00e3o Comercial e Empresarial de Guarulhos (ACE) prepara uma grande festa na 11\u00aa edi\u00e7\u00e3o do Pr\u00eamio Destaque Empresarial. O evento, que ganhou nova data, 30 de julho, ser\u00e1 realizado no Open Hall Convention Center, com grande da Fam\u00edlia Lima.<\/p>\n<p>Al\u00e9m do show, o PDE 2008 contar\u00e1 com coquetel e jantar para os convidados. O convite individual ser\u00e1 de R$ 100,00. \u00c9 poss\u00edvel, tamb\u00e9m, fazer reservas atrav\u00e9s do site: www.aceguarulhos.com.br .<\/p>\n<p>Informa\u00e7\u00f5es sobre o PDE 2008 atrav\u00e9s do departamento de marketing da entidade no telefone, 11-2137-9304.<\/p>\n","protected":false},"excerpt":{"rendered":"Edi\u00e7\u00e3o deste ano do PDE comemora os 45 anos da ACE-Guarulhos e contar\u00e1 com da Fam\u00edlia Lima\n<a class=\"moretag\" href=\"https:\/\/www.aceguarulhos.com.br\/blog\/sai-os-primeiros-selecionados-ao-pde-2008\/\"> [...]<\/a>","protected":false},"author":8,"featured_media":0,"comment_status":"open","ping_status":"open","sticky":false,"template":"","format":"standard","meta":{"footnotes":""},"categories":[2],"tags":[],"class_list":["post-33538","post","type-post","status-publish","format-standard","hentry","category-noticias"],"yoast_head":"<!-- This site is optimized with the Yoast SEO plugin v28.1 - https:\/\/yoast.com\/product\/yoast-seo-wordpress\/ -->\n<title>Sai os primeiros selecionados ao PDE 2008 - ACE-Guarulhos<\/title>\n<meta name=\"robots\" content=\"index, follow, max-snippet:-1, max-image-preview:large, max-video-preview:-1\" \/>\n<link rel=\"canonical\" href=\"https:\/\/www.aceguarulhos.com.br\/blog\/sai-os-primeiros-selecionados-ao-pde-2008\/\" \/>\n<meta property=\"og:locale\" content=\"pt_BR\" \/>\n<meta property=\"og:type\" content=\"article\" \/>\n<meta property=\"og:title\" content=\"Sai os primeiros selecionados ao PDE 2008 - ACE-Guarulhos\" \/>\n<meta property=\"og:description\" content=\"Edi\u00e7\u00e3o deste ano do PDE comemora os 45 anos da ACE-Guarulhos e contar\u00e1 com da Fam\u00edlia Lima\" \/>\n<meta property=\"og:url\" content=\"https:\/\/www.aceguarulhos.com.br\/blog\/sai-os-primeiros-selecionados-ao-pde-2008\/\" \/>\n<meta property=\"og:site_name\" content=\"ACE-Guarulhos\" \/>\n<meta property=\"article:publisher\" content=\"https:\/\/www.facebook.com\/aceguarulhos\/\" \/>\n<meta property=\"article:published_time\" content=\"2008-07-10T11:41:24+00:00\" \/>\n<meta name=\"author\" content=\"Assessoria de Imprensa ACE-Guarulhos\" \/>\n<meta name=\"twitter:card\" content=\"summary_large_image\" \/>\n<meta name=\"twitter:label1\" content=\"Escrito por\" \/>\n\t<meta name=\"twitter:data1\" content=\"Assessoria de Imprensa ACE-Guarulhos\" \/>\n\t<meta name=\"twitter:label2\" content=\"Est. tempo de leitura\" \/>\n\t<meta name=\"twitter:data2\" content=\"2 minutos\" \/>\n<script type=\"application\/ld+json\" class=\"yoast-schema-graph\">{\"@context\":\"https:\\\/\\\/schema.org\",\"@graph\":[{\"@type\":\"Article\",\"@id\":\"https:\\\/\\\/www.aceguarulhos.com.br\\\/blog\\\/sai-os-primeiros-selecionados-ao-pde-2008\\\/#article\",\"isPartOf\":{\"@id\":\"https:\\\/\\\/www.aceguarulhos.com.br\\\/blog\\\/sai-os-primeiros-selecionados-ao-pde-2008\\\/\"},\"author\":{\"name\":\"Assessoria de Imprensa ACE-Guarulhos\",\"@id\":\"https:\\\/\\\/www.aceguarulhos.com.br\\\/blog\\\/#\\\/schema\\\/person\\\/6983b51bad37489989e4f09698c26237\"},\"headline\":\"Sai os primeiros selecionados ao PDE 2008\",\"datePublished\":\"2008-07-10T11:41:24+00:00\",\"mainEntityOfPage\":{\"@id\":\"https:\\\/\\\/www.aceguarulhos.com.br\\\/blog\\\/sai-os-primeiros-selecionados-ao-pde-2008\\\/\"},\"wordCount\":453,\"commentCount\":0,\"publisher\":{\"@id\":\"https:\\\/\\\/www.aceguarulhos.com.br\\\/blog\\\/#organization\"},\"articleSection\":[\"Not\u00edcias\"],\"inLanguage\":\"pt-BR\"},{\"@type\":\"WebPage\",\"@id\":\"https:\\\/\\\/www.aceguarulhos.com.br\\\/blog\\\/sai-os-primeiros-selecionados-ao-pde-2008\\\/\",\"url\":\"https:\\\/\\\/www.aceguarulhos.com.br\\\/blog\\\/sai-os-primeiros-selecionados-ao-pde-2008\\\/\",\"name\":\"Sai os primeiros selecionados ao PDE 2008 - ACE-Guarulhos\",\"isPartOf\":{\"@id\":\"https:\\\/\\\/www.aceguarulhos.com.br\\\/blog\\\/#website\"},\"datePublished\":\"2008-07-10T11:41:24+00:00\",\"breadcrumb\":{\"@id\":\"https:\\\/\\\/www.aceguarulhos.com.br\\\/blog\\\/sai-os-primeiros-selecionados-ao-pde-2008\\\/#breadcrumb\"},\"inLanguage\":\"pt-BR\",\"potentialAction\":[{\"@type\":\"ReadAction\",\"target\":[\"https:\\\/\\\/www.aceguarulhos.com.br\\\/blog\\\/sai-os-primeiros-selecionados-ao-pde-2008\\\/\"]}]},{\"@type\":\"BreadcrumbList\",\"@id\":\"https:\\\/\\\/www.aceguarulhos.com.br\\\/blog\\\/sai-os-primeiros-selecionados-ao-pde-2008\\\/#breadcrumb\",\"itemListElement\":[{\"@type\":\"ListItem\",\"position\":1,\"name\":\"In\u00edcio\",\"item\":\"https:\\\/\\\/www.aceguarulhos.com.br\\\/blog\\\/\"},{\"@type\":\"ListItem\",\"position\":2,\"name\":\"Sai os primeiros selecionados ao PDE 2008\"}]},{\"@type\":\"WebSite\",\"@id\":\"https:\\\/\\\/www.aceguarulhos.com.br\\\/blog\\\/#website\",\"url\":\"https:\\\/\\\/www.aceguarulhos.com.br\\\/blog\\\/\",\"name\":\"ACE-Guarulhos\",\"description\":\"A ACE-Guarulhos \u00e9 uma associa\u00e7\u00e3o que ap\u00f3ia os empres\u00e1rios guarulhenses atrav\u00e9s da representa\u00e7\u00e3o, da gera\u00e7\u00e3o de neg\u00f3cios e presta\u00e7\u00e3o de servi\u00e7os.\",\"publisher\":{\"@id\":\"https:\\\/\\\/www.aceguarulhos.com.br\\\/blog\\\/#organization\"},\"potentialAction\":[{\"@type\":\"SearchAction\",\"target\":{\"@type\":\"EntryPoint\",\"urlTemplate\":\"https:\\\/\\\/www.aceguarulhos.com.br\\\/blog\\\/?s={search_term_string}\"},\"query-input\":{\"@type\":\"PropertyValueSpecification\",\"valueRequired\":true,\"valueName\":\"search_term_string\"}}],\"inLanguage\":\"pt-BR\"},{\"@type\":\"Organization\",\"@id\":\"https:\\\/\\\/www.aceguarulhos.com.br\\\/blog\\\/#organization\",\"name\":\"ACE-Guarulhos\",\"url\":\"https:\\\/\\\/www.aceguarulhos.com.br\\\/blog\\\/\",\"logo\":{\"@type\":\"ImageObject\",\"inLanguage\":\"pt-BR\",\"@id\":\"https:\\\/\\\/www.aceguarulhos.com.br\\\/blog\\\/#\\\/schema\\\/logo\\\/image\\\/\",\"url\":\"https:\\\/\\\/www.aceguarulhos.com.br\\\/blog\\\/wp-content\\\/uploads\\\/2017\\\/12\\\/logo-aceguarulhos-2018.png\",\"contentUrl\":\"https:\\\/\\\/www.aceguarulhos.com.br\\\/blog\\\/wp-content\\\/uploads\\\/2017\\\/12\\\/logo-aceguarulhos-2018.png\",\"width\":419,\"height\":76,\"caption\":\"ACE-Guarulhos\"},\"image\":{\"@id\":\"https:\\\/\\\/www.aceguarulhos.com.br\\\/blog\\\/#\\\/schema\\\/logo\\\/image\\\/\"},\"sameAs\":[\"https:\\\/\\\/www.facebook.com\\\/aceguarulhos\\\/\",\"https:\\\/\\\/br.linkedin.com\\\/in\\\/ace-guarulhos-b9a97093\",\"https:\\\/\\\/www.youtube.com\\\/user\\\/aceguarulhos\"]},{\"@type\":\"Person\",\"@id\":\"https:\\\/\\\/www.aceguarulhos.com.br\\\/blog\\\/#\\\/schema\\\/person\\\/6983b51bad37489989e4f09698c26237\",\"name\":\"Assessoria de Imprensa ACE-Guarulhos\",\"image\":{\"@type\":\"ImageObject\",\"inLanguage\":\"pt-BR\",\"@id\":\"https:\\\/\\\/secure.gravatar.com\\\/avatar\\\/707f3fadd6918afeb64173ab22d8a8cb0676953098a4f31ff36dc2b4c699ef6a?s=96&d=mm&r=g\",\"url\":\"https:\\\/\\\/secure.gravatar.com\\\/avatar\\\/707f3fadd6918afeb64173ab22d8a8cb0676953098a4f31ff36dc2b4c699ef6a?s=96&d=mm&r=g\",\"contentUrl\":\"https:\\\/\\\/secure.gravatar.com\\\/avatar\\\/707f3fadd6918afeb64173ab22d8a8cb0676953098a4f31ff36dc2b4c699ef6a?s=96&d=mm&r=g\",\"caption\":\"Assessoria de Imprensa ACE-Guarulhos\"},\"url\":\"https:\\\/\\\/www.aceguarulhos.com.br\\\/blog\\\/author\\\/assessoria-de-imprensa-ace-guarulhos\\\/\"}]}<\/script>\n<!-- \/ Yoast SEO plugin. -->","yoast_head_json":{"title":"Sai os primeiros selecionados ao PDE 2008 - ACE-Guarulhos","robots":{"index":"index","follow":"follow","max-snippet":"max-snippet:-1","max-image-preview":"max-image-preview:large","max-video-preview":"max-video-preview:-1"},"canonical":"https:\/\/www.aceguarulhos.com.br\/blog\/sai-os-primeiros-selecionados-ao-pde-2008\/","og_locale":"pt_BR","og_type":"article","og_title":"Sai os primeiros selecionados ao PDE 2008 - ACE-Guarulhos","og_description":"Edi\u00e7\u00e3o deste ano do PDE comemora os 45 anos da ACE-Guarulhos e contar\u00e1 com da Fam\u00edlia Lima","og_url":"https:\/\/www.aceguarulhos.com.br\/blog\/sai-os-primeiros-selecionados-ao-pde-2008\/","og_site_name":"ACE-Guarulhos","article_publisher":"https:\/\/www.facebook.com\/aceguarulhos\/","article_published_time":"2008-07-10T11:41:24+00:00","author":"Assessoria de Imprensa ACE-Guarulhos","twitter_card":"summary_large_image","twitter_misc":{"Escrito por":"Assessoria de Imprensa ACE-Guarulhos","Est. tempo de leitura":"2 minutos"},"schema":{"@context":"https:\/\/schema.org","@graph":[{"@type":"Article","@id":"https:\/\/www.aceguarulhos.com.br\/blog\/sai-os-primeiros-selecionados-ao-pde-2008\/#article","isPartOf":{"@id":"https:\/\/www.aceguarulhos.com.br\/blog\/sai-os-primeiros-selecionados-ao-pde-2008\/"},"author":{"name":"Assessoria de Imprensa ACE-Guarulhos","@id":"https:\/\/www.aceguarulhos.com.br\/blog\/#\/schema\/person\/6983b51bad37489989e4f09698c26237"},"headline":"Sai os primeiros selecionados ao PDE 2008","datePublished":"2008-07-10T11:41:24+00:00","mainEntityOfPage":{"@id":"https:\/\/www.aceguarulhos.com.br\/blog\/sai-os-primeiros-selecionados-ao-pde-2008\/"},"wordCount":453,"commentCount":0,"publisher":{"@id":"https:\/\/www.aceguarulhos.com.br\/blog\/#organization"},"articleSection":["Not\u00edcias"],"inLanguage":"pt-BR"},{"@type":"WebPage","@id":"https:\/\/www.aceguarulhos.com.br\/blog\/sai-os-primeiros-selecionados-ao-pde-2008\/","url":"https:\/\/www.aceguarulhos.com.br\/blog\/sai-os-primeiros-selecionados-ao-pde-2008\/","name":"Sai os primeiros selecionados ao PDE 2008 - ACE-Guarulhos","isPartOf":{"@id":"https:\/\/www.aceguarulhos.com.br\/blog\/#website"},"datePublished":"2008-07-10T11:41:24+00:00","breadcrumb":{"@id":"https:\/\/www.aceguarulhos.com.br\/blog\/sai-os-primeiros-selecionados-ao-pde-2008\/#breadcrumb"},"inLanguage":"pt-BR","potentialAction":[{"@type":"ReadAction","target":["https:\/\/www.aceguarulhos.com.br\/blog\/sai-os-primeiros-selecionados-ao-pde-2008\/"]}]},{"@type":"BreadcrumbList","@id":"https:\/\/www.aceguarulhos.com.br\/blog\/sai-os-primeiros-selecionados-ao-pde-2008\/#breadcrumb","itemListElement":[{"@type":"ListItem","position":1,"name":"In\u00edcio","item":"https:\/\/www.aceguarulhos.com.br\/blog\/"},{"@type":"ListItem","position":2,"name":"Sai os primeiros selecionados ao PDE 2008"}]},{"@type":"WebSite","@id":"https:\/\/www.aceguarulhos.com.br\/blog\/#website","url":"https:\/\/www.aceguarulhos.com.br\/blog\/","name":"ACE-Guarulhos","description":"A ACE-Guarulhos \u00e9 uma associa\u00e7\u00e3o que ap\u00f3ia os empres\u00e1rios guarulhenses atrav\u00e9s da representa\u00e7\u00e3o, da gera\u00e7\u00e3o de neg\u00f3cios e presta\u00e7\u00e3o de servi\u00e7os.","publisher":{"@id":"https:\/\/www.aceguarulhos.com.br\/blog\/#organization"},"potentialAction":[{"@type":"SearchAction","target":{"@type":"EntryPoint","urlTemplate":"https:\/\/www.aceguarulhos.com.br\/blog\/?s={search_term_string}"},"query-input":{"@type":"PropertyValueSpecification","valueRequired":true,"valueName":"search_term_string"}}],"inLanguage":"pt-BR"},{"@type":"Organization","@id":"https:\/\/www.aceguarulhos.com.br\/blog\/#organization","name":"ACE-Guarulhos","url":"https:\/\/www.aceguarulhos.com.br\/blog\/","logo":{"@type":"ImageObject","inLanguage":"pt-BR","@id":"https:\/\/www.aceguarulhos.com.br\/blog\/#\/schema\/logo\/image\/","url":"https:\/\/www.aceguarulhos.com.br\/blog\/wp-content\/uploads\/2017\/12\/logo-aceguarulhos-2018.png","contentUrl":"https:\/\/www.aceguarulhos.com.br\/blog\/wp-content\/uploads\/2017\/12\/logo-aceguarulhos-2018.png","width":419,"height":76,"caption":"ACE-Guarulhos"},"image":{"@id":"https:\/\/www.aceguarulhos.com.br\/blog\/#\/schema\/logo\/image\/"},"sameAs":["https:\/\/www.facebook.com\/aceguarulhos\/","https:\/\/br.linkedin.com\/in\/ace-guarulhos-b9a97093","https:\/\/www.youtube.com\/user\/aceguarulhos"]},{"@type":"Person","@id":"https:\/\/www.aceguarulhos.com.br\/blog\/#\/schema\/person\/6983b51bad37489989e4f09698c26237","name":"Assessoria de Imprensa ACE-Guarulhos","image":{"@type":"ImageObject","inLanguage":"pt-BR","@id":"https:\/\/secure.gravatar.com\/avatar\/707f3fadd6918afeb64173ab22d8a8cb0676953098a4f31ff36dc2b4c699ef6a?s=96&d=mm&r=g","url":"https:\/\/secure.gravatar.com\/avatar\/707f3fadd6918afeb64173ab22d8a8cb0676953098a4f31ff36dc2b4c699ef6a?s=96&d=mm&r=g","contentUrl":"https:\/\/secure.gravatar.com\/avatar\/707f3fadd6918afeb64173ab22d8a8cb0676953098a4f31ff36dc2b4c699ef6a?s=96&d=mm&r=g","caption":"Assessoria de Imprensa ACE-Guarulhos"},"url":"https:\/\/www.aceguarulhos.com.br\/blog\/author\/assessoria-de-imprensa-ace-guarulhos\/"}]}},"wps_subtitle":"","amp_enabled":true,"_links":{"self":[{"href":"https:\/\/www.aceguarulhos.com.br\/blog\/wp-json\/wp\/v2\/posts\/33538","targetHints":{"allow":["GET"]}}],"collection":[{"href":"https:\/\/www.aceguarulhos.com.br\/blog\/wp-json\/wp\/v2\/posts"}],"about":[{"href":"https:\/\/www.aceguarulhos.com.br\/blog\/wp-json\/wp\/v2\/types\/post"}],"author":[{"embeddable":true,"href":"https:\/\/www.aceguarulhos.com.br\/blog\/wp-json\/wp\/v2\/users\/8"}],"replies":[{"embeddable":true,"href":"https:\/\/www.aceguarulhos.com.br\/blog\/wp-json\/wp\/v2\/comments?post=33538"}],"version-history":[{"count":0,"href":"https:\/\/www.aceguarulhos.com.br\/blog\/wp-json\/wp\/v2\/posts\/33538\/revisions"}],"wp:attachment":[{"href":"https:\/\/www.aceguarulhos.com.br\/blog\/wp-json\/wp\/v2\/media?parent=33538"}],"wp:term":[{"taxonomy":"category","embeddable":true,"href":"https:\/\/www.aceguarulhos.com.br\/blog\/wp-json\/wp\/v2\/categories?post=33538"},{"taxonomy":"post_tag","embeddable":true,"href":"https:\/\/www.aceguarulhos.com.br\/blog\/wp-json\/wp\/v2\/tags?post=33538"}],"curies":[{"name":"wp","href":"https:\/\/api.w.org\/{rel}","templated":true}]}}