{"id":33427,"date":"2008-06-12T10:58:03","date_gmt":"2008-06-12T10:58:03","guid":{"rendered":"http:\/\/www.aceguarulhos.com.br\/blog\/?p=33427"},"modified":"-0001-11-30T00:00:00","modified_gmt":"-0001-11-30T03:00:00","slug":"cansei-debate-o-transporte-p%c3%bablico","status":"publish","type":"post","link":"https:\/\/www.aceguarulhos.com.br\/blog\/cansei-debate-o-transporte-p%c3%bablico\/","title":{"rendered":"Cansei debate o transporte p\u00fablico"},"content":{"rendered":"<p>O recorde de congestionamento parece n\u00e3o se limitar somente a Capital paulista. A realidade se reflete no tr\u00e2nsito guarulhense que a cada acidente na Rodovia Presidente Dutra, por exemplo, torna a volta para casa uma verdadeira peregrina\u00e7\u00e3o. O entupimento das principais vias do munic\u00edpio virou pauta do Movimento Cansei, que recebeu ontem, na Casa do Empreendedor \u2013 sede da ACE \u2013 o vice-presidente da Associa\u00e7\u00e3o das Empresas de Transportes Urbanos de Passageiros de Guarulhos e Regi\u00e3o (Guarupas), Paulo Arantes, para debater qual a solu\u00e7\u00e3o para o transporte p\u00fablico.<\/p>\n<p><center><\/p>\n<p class=\"midia\" style=\"width: 420px;\"><img loading=\"lazy\" decoding=\"async\" src=\"\/blog\/wp-content\/uploads\/image.php?x=i&amp;i1=100&amp;i2=20080612105521\" title=\"Imprensa-ACE\" height=\"315\" width=\"420\"><br \/>Paulo Arantes, vice-presidente da Guarupas<\/p>\n<p><\/center><\/p>\n<p>Segundo Arantes, a solu\u00e7\u00e3o parte da vontade pol\u00edtica do poder p\u00fablico em priorizar o transporte p\u00fablico em detrimento aos autom\u00f3veis. Como exemplo, o representante das empresas de \u00f4nibus citou os projetos implantados em Curitiba e em Bogot\u00e1, na Col\u00f4mbia. \u201cGuarulhos n\u00e3o tem um modelo de urbaniza\u00e7\u00e3o e de planejamento. Ela est\u00e1 cheia de esparadrapos. T\u00ednhamos que seguir a cartilha de Curitiba, cidade que n\u00e3o est\u00e1 muito longe da gente\u201d, disse.<\/p>\n<p>Para Arantes, o munic\u00edpio precisa arrumar um jeito de andar mais r\u00e1pido. Para alcan\u00e7ar este objetivo defendeu a constru\u00e7\u00e3o de ciclovias e de corredores de \u00f4nibus nas principais avenidas, como tamb\u00e9m a proibi\u00e7\u00e3o do estacionamento de ve\u00edculos. \u201cRestringir o autom\u00f3vel \u00e9 a \u00fanica maneira de estimular o uso do transporte p\u00fablico e diminuir o tempo perdido em congestionamentos\u201d, completou.<\/p>\n<p>O advogado Hugo Mesquita, que representou a Viva Guarulhos, disse que a popula\u00e7\u00e3o precisa saber o que o poder p\u00fablico est\u00e1 preparando para aliviar o impacto no tr\u00e2nsito, por conta da chegada de novos empreendimentos. \u201cA mobilidade urbana, o tr\u00e2nsito e o transporte s\u00e3o assuntos que nos preocupam, j\u00e1 que as a\u00e7\u00f5es da administra\u00e7\u00e3o municipal n\u00e3o t\u00eam adiantado muito\u201d, disse.<\/p>\n<p>J\u00e1 o presidente da ACE, Wilson Louren\u00e7o, defendeu um debate que priorize o transporte p\u00fablico. \u201cEste ano teremos elei\u00e7\u00f5es municipais e temos que aproveitar o momento para envolver os candidatos que postulam a prefeitura para que coloquem como prioridade de governo o pol\u00edticas para o setor. \u00c9 hora de debatermos e planejar\u201d, afirmou.<\/p>\n<p><center><\/p>\n<p class=\"midia\" style=\"width: 420px;\"><img loading=\"lazy\" decoding=\"async\" src=\"\/blog\/wp-content\/uploads\/image.php?x=i&amp;i1=100&amp;i2=20080612105725\" title=\"Imprensa-ACE\" height=\"315\" width=\"420\"><br \/>Integrantes do Movimento Cansei<\/p>\n<p><\/center><\/p>\n<p>Os integrantes do Cansei planejam, ainda, conhecer o modelo curitibano de transporte p\u00fablico, como tamb\u00e9m, pretendem conversar com o criador do projeto, o ex-prefeito Jaime Lenner.<\/p>\n<p><i>Confira as solu\u00e7\u00f5es propostas para o transporte p\u00fablico, sugeridas pela Guarupas:<\/i><\/p>\n<p><b>Imediatas \u2013 <\/b>Proibir o estacionamento de ve\u00edculos nas principais avenidas<\/p>\n<p><b>Curto Prazo \u2013<\/b> Segrega\u00e7\u00e3o de avenidas e ruas principais para o transporte p\u00fablico<\/p>\n<p><b>M\u00e9dio Prazo \u2013<\/b> Reestrutura\u00e7\u00e3o do transporte com integra\u00e7\u00e3o entre a EMTU e o Munic\u00edpio. <\/p>\n","protected":false},"excerpt":{"rendered":"Movimento defende reestrutura\u00e7\u00e3o no tr\u00e2nsito da cidade, antes que ele pare de vez\n<a class=\"moretag\" href=\"https:\/\/www.aceguarulhos.com.br\/blog\/cansei-debate-o-transporte-p%c3%bablico\/\"> [...]<\/a>","protected":false},"author":8,"featured_media":0,"comment_status":"open","ping_status":"open","sticky":false,"template":"","format":"standard","meta":{"footnotes":""},"categories":[2],"tags":[],"class_list":["post-33427","post","type-post","status-publish","format-standard","hentry","category-noticias"],"yoast_head":"<!-- This site is optimized with the Yoast SEO plugin v28.1 - https:\/\/yoast.com\/product\/yoast-seo-wordpress\/ -->\n<title>Cansei debate o transporte p\u00fablico - ACE-Guarulhos<\/title>\n<meta name=\"robots\" content=\"index, follow, max-snippet:-1, max-image-preview:large, max-video-preview:-1\" \/>\n<link rel=\"canonical\" href=\"https:\/\/www.aceguarulhos.com.br\/blog\/cansei-debate-o-transporte-p\u00fablico\/\" \/>\n<meta property=\"og:locale\" content=\"pt_BR\" \/>\n<meta property=\"og:type\" content=\"article\" \/>\n<meta property=\"og:title\" content=\"Cansei debate o transporte p\u00fablico - ACE-Guarulhos\" \/>\n<meta property=\"og:description\" content=\"Movimento defende reestrutura\u00e7\u00e3o no tr\u00e2nsito da cidade, antes que ele pare de vez\" \/>\n<meta property=\"og:url\" content=\"https:\/\/www.aceguarulhos.com.br\/blog\/cansei-debate-o-transporte-p\u00fablico\/\" \/>\n<meta property=\"og:site_name\" content=\"ACE-Guarulhos\" \/>\n<meta property=\"article:publisher\" content=\"https:\/\/www.facebook.com\/aceguarulhos\/\" \/>\n<meta property=\"article:published_time\" content=\"2008-06-12T10:58:03+00:00\" \/>\n<meta property=\"og:image\" content=\"https:\/\/www.aceguarulhos.com.br\/blog\/wp-content\/uploads\/image.php\" \/>\n<meta name=\"author\" content=\"Assessoria de Imprensa ACE-Guarulhos\" \/>\n<meta name=\"twitter:card\" content=\"summary_large_image\" \/>\n<meta name=\"twitter:label1\" content=\"Escrito por\" \/>\n\t<meta name=\"twitter:data1\" content=\"Assessoria de Imprensa ACE-Guarulhos\" \/>\n\t<meta name=\"twitter:label2\" content=\"Est. tempo de leitura\" \/>\n\t<meta name=\"twitter:data2\" content=\"2 minutos\" \/>\n<script type=\"application\/ld+json\" class=\"yoast-schema-graph\">{\"@context\":\"https:\\\/\\\/schema.org\",\"@graph\":[{\"@type\":\"Article\",\"@id\":\"https:\\\/\\\/www.aceguarulhos.com.br\\\/blog\\\/cansei-debate-o-transporte-p%c3%bablico\\\/#article\",\"isPartOf\":{\"@id\":\"https:\\\/\\\/www.aceguarulhos.com.br\\\/blog\\\/cansei-debate-o-transporte-p%c3%bablico\\\/\"},\"author\":{\"name\":\"Assessoria de Imprensa ACE-Guarulhos\",\"@id\":\"https:\\\/\\\/www.aceguarulhos.com.br\\\/blog\\\/#\\\/schema\\\/person\\\/6983b51bad37489989e4f09698c26237\"},\"headline\":\"Cansei debate o transporte p\u00fablico\",\"datePublished\":\"2008-06-12T10:58:03+00:00\",\"mainEntityOfPage\":{\"@id\":\"https:\\\/\\\/www.aceguarulhos.com.br\\\/blog\\\/cansei-debate-o-transporte-p%c3%bablico\\\/\"},\"wordCount\":463,\"commentCount\":0,\"publisher\":{\"@id\":\"https:\\\/\\\/www.aceguarulhos.com.br\\\/blog\\\/#organization\"},\"articleSection\":[\"Not\u00edcias\"],\"inLanguage\":\"pt-BR\"},{\"@type\":\"WebPage\",\"@id\":\"https:\\\/\\\/www.aceguarulhos.com.br\\\/blog\\\/cansei-debate-o-transporte-p%c3%bablico\\\/\",\"url\":\"https:\\\/\\\/www.aceguarulhos.com.br\\\/blog\\\/cansei-debate-o-transporte-p%c3%bablico\\\/\",\"name\":\"Cansei debate o transporte p\u00fablico - ACE-Guarulhos\",\"isPartOf\":{\"@id\":\"https:\\\/\\\/www.aceguarulhos.com.br\\\/blog\\\/#website\"},\"datePublished\":\"2008-06-12T10:58:03+00:00\",\"breadcrumb\":{\"@id\":\"https:\\\/\\\/www.aceguarulhos.com.br\\\/blog\\\/cansei-debate-o-transporte-p%c3%bablico\\\/#breadcrumb\"},\"inLanguage\":\"pt-BR\",\"potentialAction\":[{\"@type\":\"ReadAction\",\"target\":[\"https:\\\/\\\/www.aceguarulhos.com.br\\\/blog\\\/cansei-debate-o-transporte-p%c3%bablico\\\/\"]}]},{\"@type\":\"BreadcrumbList\",\"@id\":\"https:\\\/\\\/www.aceguarulhos.com.br\\\/blog\\\/cansei-debate-o-transporte-p%c3%bablico\\\/#breadcrumb\",\"itemListElement\":[{\"@type\":\"ListItem\",\"position\":1,\"name\":\"In\u00edcio\",\"item\":\"https:\\\/\\\/www.aceguarulhos.com.br\\\/blog\\\/\"},{\"@type\":\"ListItem\",\"position\":2,\"name\":\"Cansei debate o transporte p\u00fablico\"}]},{\"@type\":\"WebSite\",\"@id\":\"https:\\\/\\\/www.aceguarulhos.com.br\\\/blog\\\/#website\",\"url\":\"https:\\\/\\\/www.aceguarulhos.com.br\\\/blog\\\/\",\"name\":\"ACE-Guarulhos\",\"description\":\"A ACE-Guarulhos \u00e9 uma associa\u00e7\u00e3o que ap\u00f3ia os empres\u00e1rios guarulhenses atrav\u00e9s da representa\u00e7\u00e3o, da gera\u00e7\u00e3o de neg\u00f3cios e presta\u00e7\u00e3o de servi\u00e7os.\",\"publisher\":{\"@id\":\"https:\\\/\\\/www.aceguarulhos.com.br\\\/blog\\\/#organization\"},\"potentialAction\":[{\"@type\":\"SearchAction\",\"target\":{\"@type\":\"EntryPoint\",\"urlTemplate\":\"https:\\\/\\\/www.aceguarulhos.com.br\\\/blog\\\/?s={search_term_string}\"},\"query-input\":{\"@type\":\"PropertyValueSpecification\",\"valueRequired\":true,\"valueName\":\"search_term_string\"}}],\"inLanguage\":\"pt-BR\"},{\"@type\":\"Organization\",\"@id\":\"https:\\\/\\\/www.aceguarulhos.com.br\\\/blog\\\/#organization\",\"name\":\"ACE-Guarulhos\",\"url\":\"https:\\\/\\\/www.aceguarulhos.com.br\\\/blog\\\/\",\"logo\":{\"@type\":\"ImageObject\",\"inLanguage\":\"pt-BR\",\"@id\":\"https:\\\/\\\/www.aceguarulhos.com.br\\\/blog\\\/#\\\/schema\\\/logo\\\/image\\\/\",\"url\":\"https:\\\/\\\/www.aceguarulhos.com.br\\\/blog\\\/wp-content\\\/uploads\\\/2017\\\/12\\\/logo-aceguarulhos-2018.png\",\"contentUrl\":\"https:\\\/\\\/www.aceguarulhos.com.br\\\/blog\\\/wp-content\\\/uploads\\\/2017\\\/12\\\/logo-aceguarulhos-2018.png\",\"width\":419,\"height\":76,\"caption\":\"ACE-Guarulhos\"},\"image\":{\"@id\":\"https:\\\/\\\/www.aceguarulhos.com.br\\\/blog\\\/#\\\/schema\\\/logo\\\/image\\\/\"},\"sameAs\":[\"https:\\\/\\\/www.facebook.com\\\/aceguarulhos\\\/\",\"https:\\\/\\\/br.linkedin.com\\\/in\\\/ace-guarulhos-b9a97093\",\"https:\\\/\\\/www.youtube.com\\\/user\\\/aceguarulhos\"]},{\"@type\":\"Person\",\"@id\":\"https:\\\/\\\/www.aceguarulhos.com.br\\\/blog\\\/#\\\/schema\\\/person\\\/6983b51bad37489989e4f09698c26237\",\"name\":\"Assessoria de Imprensa ACE-Guarulhos\",\"image\":{\"@type\":\"ImageObject\",\"inLanguage\":\"pt-BR\",\"@id\":\"https:\\\/\\\/secure.gravatar.com\\\/avatar\\\/707f3fadd6918afeb64173ab22d8a8cb0676953098a4f31ff36dc2b4c699ef6a?s=96&d=mm&r=g\",\"url\":\"https:\\\/\\\/secure.gravatar.com\\\/avatar\\\/707f3fadd6918afeb64173ab22d8a8cb0676953098a4f31ff36dc2b4c699ef6a?s=96&d=mm&r=g\",\"contentUrl\":\"https:\\\/\\\/secure.gravatar.com\\\/avatar\\\/707f3fadd6918afeb64173ab22d8a8cb0676953098a4f31ff36dc2b4c699ef6a?s=96&d=mm&r=g\",\"caption\":\"Assessoria de Imprensa ACE-Guarulhos\"},\"url\":\"https:\\\/\\\/www.aceguarulhos.com.br\\\/blog\\\/author\\\/assessoria-de-imprensa-ace-guarulhos\\\/\"}]}<\/script>\n<!-- \/ Yoast SEO plugin. -->","yoast_head_json":{"title":"Cansei debate o transporte p\u00fablico - ACE-Guarulhos","robots":{"index":"index","follow":"follow","max-snippet":"max-snippet:-1","max-image-preview":"max-image-preview:large","max-video-preview":"max-video-preview:-1"},"canonical":"https:\/\/www.aceguarulhos.com.br\/blog\/cansei-debate-o-transporte-p\u00fablico\/","og_locale":"pt_BR","og_type":"article","og_title":"Cansei debate o transporte p\u00fablico - ACE-Guarulhos","og_description":"Movimento defende reestrutura\u00e7\u00e3o no tr\u00e2nsito da cidade, antes que ele pare de vez","og_url":"https:\/\/www.aceguarulhos.com.br\/blog\/cansei-debate-o-transporte-p\u00fablico\/","og_site_name":"ACE-Guarulhos","article_publisher":"https:\/\/www.facebook.com\/aceguarulhos\/","article_published_time":"2008-06-12T10:58:03+00:00","og_image":[{"url":"https:\/\/www.aceguarulhos.com.br\/blog\/wp-content\/uploads\/image.php","type":"","width":"","height":""}],"author":"Assessoria de Imprensa ACE-Guarulhos","twitter_card":"summary_large_image","twitter_misc":{"Escrito por":"Assessoria de Imprensa ACE-Guarulhos","Est. tempo de leitura":"2 minutos"},"schema":{"@context":"https:\/\/schema.org","@graph":[{"@type":"Article","@id":"https:\/\/www.aceguarulhos.com.br\/blog\/cansei-debate-o-transporte-p%c3%bablico\/#article","isPartOf":{"@id":"https:\/\/www.aceguarulhos.com.br\/blog\/cansei-debate-o-transporte-p%c3%bablico\/"},"author":{"name":"Assessoria de Imprensa ACE-Guarulhos","@id":"https:\/\/www.aceguarulhos.com.br\/blog\/#\/schema\/person\/6983b51bad37489989e4f09698c26237"},"headline":"Cansei debate o transporte p\u00fablico","datePublished":"2008-06-12T10:58:03+00:00","mainEntityOfPage":{"@id":"https:\/\/www.aceguarulhos.com.br\/blog\/cansei-debate-o-transporte-p%c3%bablico\/"},"wordCount":463,"commentCount":0,"publisher":{"@id":"https:\/\/www.aceguarulhos.com.br\/blog\/#organization"},"articleSection":["Not\u00edcias"],"inLanguage":"pt-BR"},{"@type":"WebPage","@id":"https:\/\/www.aceguarulhos.com.br\/blog\/cansei-debate-o-transporte-p%c3%bablico\/","url":"https:\/\/www.aceguarulhos.com.br\/blog\/cansei-debate-o-transporte-p%c3%bablico\/","name":"Cansei debate o transporte p\u00fablico - ACE-Guarulhos","isPartOf":{"@id":"https:\/\/www.aceguarulhos.com.br\/blog\/#website"},"datePublished":"2008-06-12T10:58:03+00:00","breadcrumb":{"@id":"https:\/\/www.aceguarulhos.com.br\/blog\/cansei-debate-o-transporte-p%c3%bablico\/#breadcrumb"},"inLanguage":"pt-BR","potentialAction":[{"@type":"ReadAction","target":["https:\/\/www.aceguarulhos.com.br\/blog\/cansei-debate-o-transporte-p%c3%bablico\/"]}]},{"@type":"BreadcrumbList","@id":"https:\/\/www.aceguarulhos.com.br\/blog\/cansei-debate-o-transporte-p%c3%bablico\/#breadcrumb","itemListElement":[{"@type":"ListItem","position":1,"name":"In\u00edcio","item":"https:\/\/www.aceguarulhos.com.br\/blog\/"},{"@type":"ListItem","position":2,"name":"Cansei debate o transporte p\u00fablico"}]},{"@type":"WebSite","@id":"https:\/\/www.aceguarulhos.com.br\/blog\/#website","url":"https:\/\/www.aceguarulhos.com.br\/blog\/","name":"ACE-Guarulhos","description":"A ACE-Guarulhos \u00e9 uma associa\u00e7\u00e3o que ap\u00f3ia os empres\u00e1rios guarulhenses atrav\u00e9s da representa\u00e7\u00e3o, da gera\u00e7\u00e3o de neg\u00f3cios e presta\u00e7\u00e3o de servi\u00e7os.","publisher":{"@id":"https:\/\/www.aceguarulhos.com.br\/blog\/#organization"},"potentialAction":[{"@type":"SearchAction","target":{"@type":"EntryPoint","urlTemplate":"https:\/\/www.aceguarulhos.com.br\/blog\/?s={search_term_string}"},"query-input":{"@type":"PropertyValueSpecification","valueRequired":true,"valueName":"search_term_string"}}],"inLanguage":"pt-BR"},{"@type":"Organization","@id":"https:\/\/www.aceguarulhos.com.br\/blog\/#organization","name":"ACE-Guarulhos","url":"https:\/\/www.aceguarulhos.com.br\/blog\/","logo":{"@type":"ImageObject","inLanguage":"pt-BR","@id":"https:\/\/www.aceguarulhos.com.br\/blog\/#\/schema\/logo\/image\/","url":"https:\/\/www.aceguarulhos.com.br\/blog\/wp-content\/uploads\/2017\/12\/logo-aceguarulhos-2018.png","contentUrl":"https:\/\/www.aceguarulhos.com.br\/blog\/wp-content\/uploads\/2017\/12\/logo-aceguarulhos-2018.png","width":419,"height":76,"caption":"ACE-Guarulhos"},"image":{"@id":"https:\/\/www.aceguarulhos.com.br\/blog\/#\/schema\/logo\/image\/"},"sameAs":["https:\/\/www.facebook.com\/aceguarulhos\/","https:\/\/br.linkedin.com\/in\/ace-guarulhos-b9a97093","https:\/\/www.youtube.com\/user\/aceguarulhos"]},{"@type":"Person","@id":"https:\/\/www.aceguarulhos.com.br\/blog\/#\/schema\/person\/6983b51bad37489989e4f09698c26237","name":"Assessoria de Imprensa ACE-Guarulhos","image":{"@type":"ImageObject","inLanguage":"pt-BR","@id":"https:\/\/secure.gravatar.com\/avatar\/707f3fadd6918afeb64173ab22d8a8cb0676953098a4f31ff36dc2b4c699ef6a?s=96&d=mm&r=g","url":"https:\/\/secure.gravatar.com\/avatar\/707f3fadd6918afeb64173ab22d8a8cb0676953098a4f31ff36dc2b4c699ef6a?s=96&d=mm&r=g","contentUrl":"https:\/\/secure.gravatar.com\/avatar\/707f3fadd6918afeb64173ab22d8a8cb0676953098a4f31ff36dc2b4c699ef6a?s=96&d=mm&r=g","caption":"Assessoria de Imprensa ACE-Guarulhos"},"url":"https:\/\/www.aceguarulhos.com.br\/blog\/author\/assessoria-de-imprensa-ace-guarulhos\/"}]}},"wps_subtitle":"","amp_enabled":true,"_links":{"self":[{"href":"https:\/\/www.aceguarulhos.com.br\/blog\/wp-json\/wp\/v2\/posts\/33427","targetHints":{"allow":["GET"]}}],"collection":[{"href":"https:\/\/www.aceguarulhos.com.br\/blog\/wp-json\/wp\/v2\/posts"}],"about":[{"href":"https:\/\/www.aceguarulhos.com.br\/blog\/wp-json\/wp\/v2\/types\/post"}],"author":[{"embeddable":true,"href":"https:\/\/www.aceguarulhos.com.br\/blog\/wp-json\/wp\/v2\/users\/8"}],"replies":[{"embeddable":true,"href":"https:\/\/www.aceguarulhos.com.br\/blog\/wp-json\/wp\/v2\/comments?post=33427"}],"version-history":[{"count":0,"href":"https:\/\/www.aceguarulhos.com.br\/blog\/wp-json\/wp\/v2\/posts\/33427\/revisions"}],"wp:attachment":[{"href":"https:\/\/www.aceguarulhos.com.br\/blog\/wp-json\/wp\/v2\/media?parent=33427"}],"wp:term":[{"taxonomy":"category","embeddable":true,"href":"https:\/\/www.aceguarulhos.com.br\/blog\/wp-json\/wp\/v2\/categories?post=33427"},{"taxonomy":"post_tag","embeddable":true,"href":"https:\/\/www.aceguarulhos.com.br\/blog\/wp-json\/wp\/v2\/tags?post=33427"}],"curies":[{"name":"wp","href":"https:\/\/api.w.org\/{rel}","templated":true}]}}