{"id":33370,"date":"2008-05-29T15:39:19","date_gmt":"2008-05-29T15:39:19","guid":{"rendered":"http:\/\/www.aceguarulhos.com.br\/blog\/?p=33370"},"modified":"-0001-11-30T00:00:00","modified_gmt":"-0001-11-30T03:00:00","slug":"programa-quer-fortalecer-com%c3%a9rcio-e-prestadores","status":"publish","type":"post","link":"https:\/\/www.aceguarulhos.com.br\/blog\/programa-quer-fortalecer-com%c3%a9rcio-e-prestadores\/","title":{"rendered":"Programa quer fortalecer com\u00e9rcio e prestadores"},"content":{"rendered":"<p>Foi lan\u00e7ado oficialmente ontem, no audit\u00f3rio Baeta Neves, na UNIFIG, o programa \u201cEmpresa Mais \u2013 Forte, Competitiva e Completa!\u201d. O projeto, desenvolvido em parceria pela Associa\u00e7\u00e3o Comercial e Empresarial de Guarulhos (ACE) e o Sebrae-SP, \u00e9 ousado e visa oferecer um conjunto de a\u00e7\u00f5es que propiciem a competitividade do com\u00e9rcio varejista e das empresas prestadoras de servi\u00e7os de Guarulhos.<\/p>\n<p><center><\/p>\n<p class=\"midia\" style=\"width: 420px;\"><img loading=\"lazy\" decoding=\"async\" src=\"\/blog\/wp-content\/uploads\/image.php?x=i&amp;i1=100&amp;i2=20080529153728\" title=\"Imprensa-ACE\" height=\"315\" width=\"420\"><br \/>Empreendedores prestigiaram o evento<\/p>\n<p><\/center><\/p>\n<p>O programa pretende melhorar a gest\u00e3o e a fideliza\u00e7\u00e3o da carteira de clientes dos participantes, como, tamb\u00e9m, aprimorar e desenvolver a administra\u00e7\u00e3o, as estrat\u00e9gias de vendas, o aumento da lucratividade e promover cria\u00e7\u00e3o de grupos setoriais. <\/p>\n<p>Quem integrar o \u201cEmpresa Mais\u201d vai dispor de importantes benef\u00edcios, tais como: a realiza\u00e7\u00e3o de um diagn\u00f3stico operacional que proporcionar\u00e1 a avalia\u00e7\u00e3o operacional da loja e na elabora\u00e7\u00e3o de um plano de a\u00e7\u00e3o \u2013 marketing, vendas e finan\u00e7as -,&nbsp; al\u00e9m de uma pesquisa de comportamento de compra do consumidor guarulhense e de consultoria empresarial.<\/p>\n<p>O presidente da ACE, Wilson Louren\u00e7o, aproveitou o encontro para relatar a insatisfa\u00e7\u00e3o de um consumidor guarulhense. Segundo Louren\u00e7o, a entidade recebeu, por meio de seu canal de comunica\u00e7\u00e3o com os associados, uma reclama\u00e7\u00e3o do atendimento de alguns atendentes de lojas da cidade. Para ele, o problema pode ser resolvido atrav\u00e9s do programa.&nbsp; \u201cPrecisamos capacitar os comerciantes associados, bem como seus colaboradores, e o projeto v\u00eam ajudar a corrigir estes erros, mas, principalmente, o&nbsp; \u201cEmpresa Mais\u201d chega para fortalecer o com\u00e9rcio de nossa cidade, mostrando aos consumidores que \u00e9 poss\u00edvel encontrar os mesmo produtos vendidos no com\u00e9rcio da capital, em Guarulhos\u201d, disse.<\/p>\n<p>O gerente do escrit\u00f3rio regional do Sebrae-SP, Evandro Saturi, disse aos empreendedores que as entidades querem trazer propostas e solu\u00e7\u00f5es que fa\u00e7am a diferen\u00e7a no setor. \u201cAs entidades est\u00e3o defendendo o nome de Guarulhos, mas n\u00e3o podemos fazer tudo sozinhos, por isso dependemos da ajuda de todos\u201d, ressaltou.<\/p>\n<p>O programa &#8220;Empresa Mais&#8221; foi apresentado pelo superintendente da ACE, Maurici Dias Gomes, e pela consultora do Sebrae-SP, M\u00f4nica Sartori.<\/p>\n<p>O programa, que precisa da participa\u00e7\u00e3o de 70 empresas, conseguiu, somente no primeiro dia, a ades\u00e3o de 43 empreendedores, que sa\u00edram do encontro com a programa\u00e7\u00e3o do Empresa Mais.&nbsp; Um novo encontro foi agendado para o dia 10 de junho. Mais informa\u00e7\u00f5es sobre o projeto \u201cEmpresa Mais\u201d pelos telefones: 2137-9304 ou 6440-1009.<\/p>\n<p><b>Palestra mostra as tend\u00eancias do setor varejista &#8211; <\/b>Num tom divertido, que levou os convidados ao riso, o consultor especializado em varejo, Maur\u00edcio Morgado, ministrou no lan\u00e7amento do \u201cEmpresa Mais\u201d a palestra \u201cTend\u00eancias de Varejo \u2013 Impactos no ponto de venda\u201d \u2013 primeira a\u00e7\u00e3o do programa. Morgado mostrou as 14 tend\u00eancias do com\u00e9rcio varejista no mundo.<center><\/p>\n<p class=\"midia\" style=\"width: 420px;\"><img loading=\"lazy\" decoding=\"async\" src=\"\/blog\/wp-content\/uploads\/image.php?x=i&amp;i1=100&amp;i2=20080529155237\" title=\"Imprensa-ACE\" height=\"315\" width=\"420\"><br \/>Maur\u00edcio Morgado falou das 14 tend\u00eancias do varejo<\/p>\n<p><\/center><\/p>\n<p>De acordo com Morgado, o consumidor brasileiro passa por um processo de envelhecimento, o que o torna mais exigente e informado. Neste novo cen\u00e1rio, a figura da mulher \u00e9 cada vez mais forte. As tend\u00eancias do setor varejista (veja no quadro abaixo) visam sintonizar os empreendedores a estes novos conceitos. \u201cO varejista que n\u00e3o oferecer: qualidade, pre\u00e7o, variedade, conveni\u00eancia e valor justo, pode se considerar fora do mercado. \u00c9 preciso se preparar para a concorr\u00eancia, absorvendo os novos conceitos, de olho no desenvolvimento do seu neg\u00f3cio, principalmente, o microempreendedor\u201d, falou.<\/p>\n<p><i>Confira as 14 tend\u00eancias do setor varejista:<\/p>\n<p>1 \u2013 Preocupa\u00e7\u00e3o com a sa\u00fade<br \/>2 \u2013 Envelhecimento da popula\u00e7\u00e3o<br \/>3 \u2013 Meu hobby<br \/>4 \u2013 Busca da conveni\u00eancia<br \/>5 \u2013 Presen\u00e7a brasileira<br \/>6 \u2013 Lojas de f\u00e1brica<br \/>7 \u2013 Auto-servi\u00e7o<br \/>8 \u2013 Foco no pre\u00e7o<br \/>9 \u2013 Reconhecimento do mercado de baixa renda<br \/>10 \u2013 Varejo multicanal<br \/>11 \u2013 Mega moda<br \/>12 \u2013 Mega luxo<br \/>13 \u2013 Hiper-segmenta\u00e7\u00e3o<br \/>14 \u2013 Experi\u00eancia de compra<br \/><\/i><\/p>\n<p><\/p>\n","protected":false},"excerpt":{"rendered":"Empresa Mais vai propor solu\u00e7\u00f5es a empreendedores do com\u00e9rcio varejista e prestadores de servi\u00e7os com a finalidade de fortalecer as empresas\n<a class=\"moretag\" href=\"https:\/\/www.aceguarulhos.com.br\/blog\/programa-quer-fortalecer-com%c3%a9rcio-e-prestadores\/\"> [...]<\/a>","protected":false},"author":8,"featured_media":0,"comment_status":"open","ping_status":"open","sticky":false,"template":"","format":"standard","meta":{"footnotes":""},"categories":[2],"tags":[],"class_list":["post-33370","post","type-post","status-publish","format-standard","hentry","category-noticias"],"yoast_head":"<!-- This site is optimized with the Yoast SEO plugin v28.1 - https:\/\/yoast.com\/product\/yoast-seo-wordpress\/ -->\n<title>Programa quer fortalecer com\u00e9rcio e prestadores - ACE-Guarulhos<\/title>\n<meta name=\"robots\" content=\"index, follow, max-snippet:-1, max-image-preview:large, max-video-preview:-1\" \/>\n<link rel=\"canonical\" href=\"https:\/\/www.aceguarulhos.com.br\/blog\/programa-quer-fortalecer-com\u00e9rcio-e-prestadores\/\" \/>\n<meta property=\"og:locale\" content=\"pt_BR\" \/>\n<meta property=\"og:type\" content=\"article\" \/>\n<meta property=\"og:title\" content=\"Programa quer fortalecer com\u00e9rcio e prestadores - ACE-Guarulhos\" \/>\n<meta property=\"og:description\" content=\"Empresa Mais vai propor solu\u00e7\u00f5es a empreendedores do com\u00e9rcio varejista e prestadores de servi\u00e7os com a finalidade de fortalecer as empresas\" \/>\n<meta property=\"og:url\" content=\"https:\/\/www.aceguarulhos.com.br\/blog\/programa-quer-fortalecer-com\u00e9rcio-e-prestadores\/\" \/>\n<meta property=\"og:site_name\" content=\"ACE-Guarulhos\" \/>\n<meta property=\"article:publisher\" content=\"https:\/\/www.facebook.com\/aceguarulhos\/\" \/>\n<meta property=\"article:published_time\" content=\"2008-05-29T15:39:19+00:00\" \/>\n<meta property=\"og:image\" content=\"https:\/\/www.aceguarulhos.com.br\/blog\/wp-content\/uploads\/image.php\" \/>\n<meta name=\"author\" content=\"Assessoria de Imprensa ACE-Guarulhos\" \/>\n<meta name=\"twitter:card\" content=\"summary_large_image\" \/>\n<meta name=\"twitter:label1\" content=\"Escrito por\" \/>\n\t<meta name=\"twitter:data1\" content=\"Assessoria de Imprensa ACE-Guarulhos\" \/>\n\t<meta name=\"twitter:label2\" content=\"Est. tempo de leitura\" \/>\n\t<meta name=\"twitter:data2\" content=\"3 minutos\" \/>\n<script type=\"application\/ld+json\" class=\"yoast-schema-graph\">{\"@context\":\"https:\\\/\\\/schema.org\",\"@graph\":[{\"@type\":\"Article\",\"@id\":\"https:\\\/\\\/www.aceguarulhos.com.br\\\/blog\\\/programa-quer-fortalecer-com%c3%a9rcio-e-prestadores\\\/#article\",\"isPartOf\":{\"@id\":\"https:\\\/\\\/www.aceguarulhos.com.br\\\/blog\\\/programa-quer-fortalecer-com%c3%a9rcio-e-prestadores\\\/\"},\"author\":{\"name\":\"Assessoria de Imprensa ACE-Guarulhos\",\"@id\":\"https:\\\/\\\/www.aceguarulhos.com.br\\\/blog\\\/#\\\/schema\\\/person\\\/6983b51bad37489989e4f09698c26237\"},\"headline\":\"Programa quer fortalecer com\u00e9rcio e prestadores\",\"datePublished\":\"2008-05-29T15:39:19+00:00\",\"mainEntityOfPage\":{\"@id\":\"https:\\\/\\\/www.aceguarulhos.com.br\\\/blog\\\/programa-quer-fortalecer-com%c3%a9rcio-e-prestadores\\\/\"},\"wordCount\":639,\"commentCount\":0,\"publisher\":{\"@id\":\"https:\\\/\\\/www.aceguarulhos.com.br\\\/blog\\\/#organization\"},\"articleSection\":[\"Not\u00edcias\"],\"inLanguage\":\"pt-BR\"},{\"@type\":\"WebPage\",\"@id\":\"https:\\\/\\\/www.aceguarulhos.com.br\\\/blog\\\/programa-quer-fortalecer-com%c3%a9rcio-e-prestadores\\\/\",\"url\":\"https:\\\/\\\/www.aceguarulhos.com.br\\\/blog\\\/programa-quer-fortalecer-com%c3%a9rcio-e-prestadores\\\/\",\"name\":\"Programa quer fortalecer com\u00e9rcio e prestadores - ACE-Guarulhos\",\"isPartOf\":{\"@id\":\"https:\\\/\\\/www.aceguarulhos.com.br\\\/blog\\\/#website\"},\"datePublished\":\"2008-05-29T15:39:19+00:00\",\"breadcrumb\":{\"@id\":\"https:\\\/\\\/www.aceguarulhos.com.br\\\/blog\\\/programa-quer-fortalecer-com%c3%a9rcio-e-prestadores\\\/#breadcrumb\"},\"inLanguage\":\"pt-BR\",\"potentialAction\":[{\"@type\":\"ReadAction\",\"target\":[\"https:\\\/\\\/www.aceguarulhos.com.br\\\/blog\\\/programa-quer-fortalecer-com%c3%a9rcio-e-prestadores\\\/\"]}]},{\"@type\":\"BreadcrumbList\",\"@id\":\"https:\\\/\\\/www.aceguarulhos.com.br\\\/blog\\\/programa-quer-fortalecer-com%c3%a9rcio-e-prestadores\\\/#breadcrumb\",\"itemListElement\":[{\"@type\":\"ListItem\",\"position\":1,\"name\":\"In\u00edcio\",\"item\":\"https:\\\/\\\/www.aceguarulhos.com.br\\\/blog\\\/\"},{\"@type\":\"ListItem\",\"position\":2,\"name\":\"Programa quer fortalecer com\u00e9rcio e prestadores\"}]},{\"@type\":\"WebSite\",\"@id\":\"https:\\\/\\\/www.aceguarulhos.com.br\\\/blog\\\/#website\",\"url\":\"https:\\\/\\\/www.aceguarulhos.com.br\\\/blog\\\/\",\"name\":\"ACE-Guarulhos\",\"description\":\"A ACE-Guarulhos \u00e9 uma associa\u00e7\u00e3o que ap\u00f3ia os empres\u00e1rios guarulhenses atrav\u00e9s da representa\u00e7\u00e3o, da gera\u00e7\u00e3o de neg\u00f3cios e presta\u00e7\u00e3o de servi\u00e7os.\",\"publisher\":{\"@id\":\"https:\\\/\\\/www.aceguarulhos.com.br\\\/blog\\\/#organization\"},\"potentialAction\":[{\"@type\":\"SearchAction\",\"target\":{\"@type\":\"EntryPoint\",\"urlTemplate\":\"https:\\\/\\\/www.aceguarulhos.com.br\\\/blog\\\/?s={search_term_string}\"},\"query-input\":{\"@type\":\"PropertyValueSpecification\",\"valueRequired\":true,\"valueName\":\"search_term_string\"}}],\"inLanguage\":\"pt-BR\"},{\"@type\":\"Organization\",\"@id\":\"https:\\\/\\\/www.aceguarulhos.com.br\\\/blog\\\/#organization\",\"name\":\"ACE-Guarulhos\",\"url\":\"https:\\\/\\\/www.aceguarulhos.com.br\\\/blog\\\/\",\"logo\":{\"@type\":\"ImageObject\",\"inLanguage\":\"pt-BR\",\"@id\":\"https:\\\/\\\/www.aceguarulhos.com.br\\\/blog\\\/#\\\/schema\\\/logo\\\/image\\\/\",\"url\":\"https:\\\/\\\/www.aceguarulhos.com.br\\\/blog\\\/wp-content\\\/uploads\\\/2017\\\/12\\\/logo-aceguarulhos-2018.png\",\"contentUrl\":\"https:\\\/\\\/www.aceguarulhos.com.br\\\/blog\\\/wp-content\\\/uploads\\\/2017\\\/12\\\/logo-aceguarulhos-2018.png\",\"width\":419,\"height\":76,\"caption\":\"ACE-Guarulhos\"},\"image\":{\"@id\":\"https:\\\/\\\/www.aceguarulhos.com.br\\\/blog\\\/#\\\/schema\\\/logo\\\/image\\\/\"},\"sameAs\":[\"https:\\\/\\\/www.facebook.com\\\/aceguarulhos\\\/\",\"https:\\\/\\\/br.linkedin.com\\\/in\\\/ace-guarulhos-b9a97093\",\"https:\\\/\\\/www.youtube.com\\\/user\\\/aceguarulhos\"]},{\"@type\":\"Person\",\"@id\":\"https:\\\/\\\/www.aceguarulhos.com.br\\\/blog\\\/#\\\/schema\\\/person\\\/6983b51bad37489989e4f09698c26237\",\"name\":\"Assessoria de Imprensa ACE-Guarulhos\",\"image\":{\"@type\":\"ImageObject\",\"inLanguage\":\"pt-BR\",\"@id\":\"https:\\\/\\\/secure.gravatar.com\\\/avatar\\\/707f3fadd6918afeb64173ab22d8a8cb0676953098a4f31ff36dc2b4c699ef6a?s=96&d=mm&r=g\",\"url\":\"https:\\\/\\\/secure.gravatar.com\\\/avatar\\\/707f3fadd6918afeb64173ab22d8a8cb0676953098a4f31ff36dc2b4c699ef6a?s=96&d=mm&r=g\",\"contentUrl\":\"https:\\\/\\\/secure.gravatar.com\\\/avatar\\\/707f3fadd6918afeb64173ab22d8a8cb0676953098a4f31ff36dc2b4c699ef6a?s=96&d=mm&r=g\",\"caption\":\"Assessoria de Imprensa ACE-Guarulhos\"},\"url\":\"https:\\\/\\\/www.aceguarulhos.com.br\\\/blog\\\/author\\\/assessoria-de-imprensa-ace-guarulhos\\\/\"}]}<\/script>\n<!-- \/ Yoast SEO plugin. -->","yoast_head_json":{"title":"Programa quer fortalecer com\u00e9rcio e prestadores - ACE-Guarulhos","robots":{"index":"index","follow":"follow","max-snippet":"max-snippet:-1","max-image-preview":"max-image-preview:large","max-video-preview":"max-video-preview:-1"},"canonical":"https:\/\/www.aceguarulhos.com.br\/blog\/programa-quer-fortalecer-com\u00e9rcio-e-prestadores\/","og_locale":"pt_BR","og_type":"article","og_title":"Programa quer fortalecer com\u00e9rcio e prestadores - ACE-Guarulhos","og_description":"Empresa Mais vai propor solu\u00e7\u00f5es a empreendedores do com\u00e9rcio varejista e prestadores de servi\u00e7os com a finalidade de fortalecer as empresas","og_url":"https:\/\/www.aceguarulhos.com.br\/blog\/programa-quer-fortalecer-com\u00e9rcio-e-prestadores\/","og_site_name":"ACE-Guarulhos","article_publisher":"https:\/\/www.facebook.com\/aceguarulhos\/","article_published_time":"2008-05-29T15:39:19+00:00","og_image":[{"url":"https:\/\/www.aceguarulhos.com.br\/blog\/wp-content\/uploads\/image.php","type":"","width":"","height":""}],"author":"Assessoria de Imprensa ACE-Guarulhos","twitter_card":"summary_large_image","twitter_misc":{"Escrito por":"Assessoria de Imprensa ACE-Guarulhos","Est. tempo de leitura":"3 minutos"},"schema":{"@context":"https:\/\/schema.org","@graph":[{"@type":"Article","@id":"https:\/\/www.aceguarulhos.com.br\/blog\/programa-quer-fortalecer-com%c3%a9rcio-e-prestadores\/#article","isPartOf":{"@id":"https:\/\/www.aceguarulhos.com.br\/blog\/programa-quer-fortalecer-com%c3%a9rcio-e-prestadores\/"},"author":{"name":"Assessoria de Imprensa ACE-Guarulhos","@id":"https:\/\/www.aceguarulhos.com.br\/blog\/#\/schema\/person\/6983b51bad37489989e4f09698c26237"},"headline":"Programa quer fortalecer com\u00e9rcio e prestadores","datePublished":"2008-05-29T15:39:19+00:00","mainEntityOfPage":{"@id":"https:\/\/www.aceguarulhos.com.br\/blog\/programa-quer-fortalecer-com%c3%a9rcio-e-prestadores\/"},"wordCount":639,"commentCount":0,"publisher":{"@id":"https:\/\/www.aceguarulhos.com.br\/blog\/#organization"},"articleSection":["Not\u00edcias"],"inLanguage":"pt-BR"},{"@type":"WebPage","@id":"https:\/\/www.aceguarulhos.com.br\/blog\/programa-quer-fortalecer-com%c3%a9rcio-e-prestadores\/","url":"https:\/\/www.aceguarulhos.com.br\/blog\/programa-quer-fortalecer-com%c3%a9rcio-e-prestadores\/","name":"Programa quer fortalecer com\u00e9rcio e prestadores - ACE-Guarulhos","isPartOf":{"@id":"https:\/\/www.aceguarulhos.com.br\/blog\/#website"},"datePublished":"2008-05-29T15:39:19+00:00","breadcrumb":{"@id":"https:\/\/www.aceguarulhos.com.br\/blog\/programa-quer-fortalecer-com%c3%a9rcio-e-prestadores\/#breadcrumb"},"inLanguage":"pt-BR","potentialAction":[{"@type":"ReadAction","target":["https:\/\/www.aceguarulhos.com.br\/blog\/programa-quer-fortalecer-com%c3%a9rcio-e-prestadores\/"]}]},{"@type":"BreadcrumbList","@id":"https:\/\/www.aceguarulhos.com.br\/blog\/programa-quer-fortalecer-com%c3%a9rcio-e-prestadores\/#breadcrumb","itemListElement":[{"@type":"ListItem","position":1,"name":"In\u00edcio","item":"https:\/\/www.aceguarulhos.com.br\/blog\/"},{"@type":"ListItem","position":2,"name":"Programa quer fortalecer com\u00e9rcio e prestadores"}]},{"@type":"WebSite","@id":"https:\/\/www.aceguarulhos.com.br\/blog\/#website","url":"https:\/\/www.aceguarulhos.com.br\/blog\/","name":"ACE-Guarulhos","description":"A ACE-Guarulhos \u00e9 uma associa\u00e7\u00e3o que ap\u00f3ia os empres\u00e1rios guarulhenses atrav\u00e9s da representa\u00e7\u00e3o, da gera\u00e7\u00e3o de neg\u00f3cios e presta\u00e7\u00e3o de servi\u00e7os.","publisher":{"@id":"https:\/\/www.aceguarulhos.com.br\/blog\/#organization"},"potentialAction":[{"@type":"SearchAction","target":{"@type":"EntryPoint","urlTemplate":"https:\/\/www.aceguarulhos.com.br\/blog\/?s={search_term_string}"},"query-input":{"@type":"PropertyValueSpecification","valueRequired":true,"valueName":"search_term_string"}}],"inLanguage":"pt-BR"},{"@type":"Organization","@id":"https:\/\/www.aceguarulhos.com.br\/blog\/#organization","name":"ACE-Guarulhos","url":"https:\/\/www.aceguarulhos.com.br\/blog\/","logo":{"@type":"ImageObject","inLanguage":"pt-BR","@id":"https:\/\/www.aceguarulhos.com.br\/blog\/#\/schema\/logo\/image\/","url":"https:\/\/www.aceguarulhos.com.br\/blog\/wp-content\/uploads\/2017\/12\/logo-aceguarulhos-2018.png","contentUrl":"https:\/\/www.aceguarulhos.com.br\/blog\/wp-content\/uploads\/2017\/12\/logo-aceguarulhos-2018.png","width":419,"height":76,"caption":"ACE-Guarulhos"},"image":{"@id":"https:\/\/www.aceguarulhos.com.br\/blog\/#\/schema\/logo\/image\/"},"sameAs":["https:\/\/www.facebook.com\/aceguarulhos\/","https:\/\/br.linkedin.com\/in\/ace-guarulhos-b9a97093","https:\/\/www.youtube.com\/user\/aceguarulhos"]},{"@type":"Person","@id":"https:\/\/www.aceguarulhos.com.br\/blog\/#\/schema\/person\/6983b51bad37489989e4f09698c26237","name":"Assessoria de Imprensa ACE-Guarulhos","image":{"@type":"ImageObject","inLanguage":"pt-BR","@id":"https:\/\/secure.gravatar.com\/avatar\/707f3fadd6918afeb64173ab22d8a8cb0676953098a4f31ff36dc2b4c699ef6a?s=96&d=mm&r=g","url":"https:\/\/secure.gravatar.com\/avatar\/707f3fadd6918afeb64173ab22d8a8cb0676953098a4f31ff36dc2b4c699ef6a?s=96&d=mm&r=g","contentUrl":"https:\/\/secure.gravatar.com\/avatar\/707f3fadd6918afeb64173ab22d8a8cb0676953098a4f31ff36dc2b4c699ef6a?s=96&d=mm&r=g","caption":"Assessoria de Imprensa ACE-Guarulhos"},"url":"https:\/\/www.aceguarulhos.com.br\/blog\/author\/assessoria-de-imprensa-ace-guarulhos\/"}]}},"wps_subtitle":"","amp_enabled":true,"_links":{"self":[{"href":"https:\/\/www.aceguarulhos.com.br\/blog\/wp-json\/wp\/v2\/posts\/33370","targetHints":{"allow":["GET"]}}],"collection":[{"href":"https:\/\/www.aceguarulhos.com.br\/blog\/wp-json\/wp\/v2\/posts"}],"about":[{"href":"https:\/\/www.aceguarulhos.com.br\/blog\/wp-json\/wp\/v2\/types\/post"}],"author":[{"embeddable":true,"href":"https:\/\/www.aceguarulhos.com.br\/blog\/wp-json\/wp\/v2\/users\/8"}],"replies":[{"embeddable":true,"href":"https:\/\/www.aceguarulhos.com.br\/blog\/wp-json\/wp\/v2\/comments?post=33370"}],"version-history":[{"count":0,"href":"https:\/\/www.aceguarulhos.com.br\/blog\/wp-json\/wp\/v2\/posts\/33370\/revisions"}],"wp:attachment":[{"href":"https:\/\/www.aceguarulhos.com.br\/blog\/wp-json\/wp\/v2\/media?parent=33370"}],"wp:term":[{"taxonomy":"category","embeddable":true,"href":"https:\/\/www.aceguarulhos.com.br\/blog\/wp-json\/wp\/v2\/categories?post=33370"},{"taxonomy":"post_tag","embeddable":true,"href":"https:\/\/www.aceguarulhos.com.br\/blog\/wp-json\/wp\/v2\/tags?post=33370"}],"curies":[{"name":"wp","href":"https:\/\/api.w.org\/{rel}","templated":true}]}}