{"id":33369,"date":"2008-05-29T15:34:41","date_gmt":"2008-05-29T15:34:41","guid":{"rendered":"http:\/\/www.aceguarulhos.com.br\/blog\/?p=33369"},"modified":"-0001-11-30T00:00:00","modified_gmt":"-0001-11-30T03:00:00","slug":"atividades-do-dia-mundial-sem-tabaco-ser%c3%a3o-antecipadas","status":"publish","type":"post","link":"https:\/\/www.aceguarulhos.com.br\/blog\/atividades-do-dia-mundial-sem-tabaco-ser%c3%a3o-antecipadas\/","title":{"rendered":"Atividades do Dia Mundial sem Tabaco ser\u00e3o antecipadas"},"content":{"rendered":"<p>\u201cJuventude Livre do Tabaco\u201d \u00e9 o tema deste ano, proposto pela Organiza\u00e7\u00e3o Mundial da Sa\u00fade, para o Dia Mundial sem Tabaco, comemorado oficialmente neste s\u00e1bado, 31. Em Guarulhos, as atividades acontecer\u00e3o um dia antes: durante todo o dia desta sexta-feira, 30, a\u00e7\u00f5es antitabagistas, como palestras, exposi\u00e7\u00f5es de fotos e distribui\u00e7\u00e3o de material educativo, ser\u00e3o realizadas nas Unidades B\u00e1sicas de Sa\u00fade (UBS) do Inocoop e \u00c1gua Azul, bem como no Hospital Municipal da Crian\u00e7a (Centro).<\/p>\n<p>Tamb\u00e9m marcar\u00e1 a data na cidade a forma\u00e7\u00e3o de profissionais do sistema municipal de sa\u00fade, para a implementa\u00e7\u00e3o de tratamento de tabagistas em algumas unidades da rede, a partir da administra\u00e7\u00e3o de medicamentos. A capacita\u00e7\u00e3o dos trabalhadores ter\u00e1 in\u00edcio no come\u00e7o do pr\u00f3ximo m\u00eas de junho e ser\u00e1 realizada pelo Centro de Refer\u00eancia de \u00c1lcool, Tabaco e outras Drogas (Cratod), \u00f3rg\u00e3o ligado \u00e0 Secretaria Estadual de Sa\u00fade.<\/p>\n<p>Segundo informou a coordenadora do Programa Municipal de Controle do Tabagismo, Cristina Passeri, a inten\u00e7\u00e3o \u00e9 implantar os dois primeiros servi\u00e7os municipais de refer\u00eancia no tratamento de tabagistas ainda no segundo semestre deste ano. Eles ir\u00e3o funcionar na UBS Inocoop e no Hospital Municipal da Crian\u00e7a.<br \/><b><br \/>Programa\u00e7\u00e3o &#8211; <\/b>Na sexta-feira, 30, a UBS \u00c1gua Azul far\u00e1 a exposi\u00e7\u00e3o de um painel com fotos dos malef\u00edcios do fumo. \u00c0s 14h, a m\u00e9dica do Programa Sa\u00fade da Fam\u00edlia da unidade Dr\u00aa Tarcimar Marcello dos Santos ministrar\u00e1 uma palestra sobre os efeitos nocivos do cigarro. Aberto \u00e0 comunidade em geral, o evento \u00e9 destinado especialmente ao p\u00fablico jovem.<\/p>\n<p>Na \u00e1rea de abrang\u00eancia da UBS Inocoop, o cirurgi\u00e3o-dentista F\u00e1bio Soares da Silva far\u00e1 abordagens aos adolescentes da escola estadual do bairro, durante o dia todo, com o objetivo de formar grupos de estudantes para debater o assunto de maneira informal. O mesmo trabalho ser\u00e1 realizado pelas enfermeiras, dentro da unidade, com as pessoas que estiverem aguardando atendimento na recep\u00e7\u00e3o. J\u00e1 no Hospital Municipal da Crian\u00e7a, os usu\u00e1rios ser\u00e3o contemplados com a distribui\u00e7\u00e3o de material educativo.<\/p>\n","protected":false},"excerpt":{"rendered":"\u201cJuventude Livre do Tabaco\u201d \u00e9 o tema deste ano, proposto pela Organiza\u00e7\u00e3o Mundial da Sa\u00fade, para o Dia Mundial sem Tabaco, comemorado oficialmente \n<a class=\"moretag\" href=\"https:\/\/www.aceguarulhos.com.br\/blog\/atividades-do-dia-mundial-sem-tabaco-ser%c3%a3o-antecipadas\/\"> [...]<\/a>","protected":false},"author":8,"featured_media":0,"comment_status":"open","ping_status":"open","sticky":false,"template":"","format":"standard","meta":{"footnotes":""},"categories":[2],"tags":[],"class_list":["post-33369","post","type-post","status-publish","format-standard","hentry","category-noticias"],"yoast_head":"<!-- This site is optimized with the Yoast SEO plugin v28.1 - https:\/\/yoast.com\/product\/yoast-seo-wordpress\/ -->\n<title>Atividades do Dia Mundial sem Tabaco ser\u00e3o antecipadas - ACE-Guarulhos<\/title>\n<meta name=\"robots\" content=\"index, follow, max-snippet:-1, max-image-preview:large, max-video-preview:-1\" \/>\n<link rel=\"canonical\" href=\"https:\/\/www.aceguarulhos.com.br\/blog\/atividades-do-dia-mundial-sem-tabaco-ser\u00e3o-antecipadas\/\" \/>\n<meta property=\"og:locale\" content=\"pt_BR\" \/>\n<meta property=\"og:type\" content=\"article\" \/>\n<meta property=\"og:title\" content=\"Atividades do Dia Mundial sem Tabaco ser\u00e3o antecipadas - ACE-Guarulhos\" \/>\n<meta property=\"og:description\" content=\"\u201cJuventude Livre do Tabaco\u201d \u00e9 o tema deste ano, proposto pela Organiza\u00e7\u00e3o Mundial da Sa\u00fade, para o Dia Mundial sem Tabaco, comemorado oficialmente\" \/>\n<meta property=\"og:url\" content=\"https:\/\/www.aceguarulhos.com.br\/blog\/atividades-do-dia-mundial-sem-tabaco-ser\u00e3o-antecipadas\/\" \/>\n<meta property=\"og:site_name\" content=\"ACE-Guarulhos\" \/>\n<meta property=\"article:publisher\" content=\"https:\/\/www.facebook.com\/aceguarulhos\/\" \/>\n<meta property=\"article:published_time\" content=\"2008-05-29T15:34:41+00:00\" \/>\n<meta name=\"author\" content=\"Assessoria de Imprensa ACE-Guarulhos\" \/>\n<meta name=\"twitter:card\" content=\"summary_large_image\" \/>\n<meta name=\"twitter:label1\" content=\"Escrito por\" \/>\n\t<meta name=\"twitter:data1\" content=\"Assessoria de Imprensa ACE-Guarulhos\" \/>\n\t<meta name=\"twitter:label2\" content=\"Est. tempo de leitura\" \/>\n\t<meta name=\"twitter:data2\" content=\"2 minutos\" \/>\n<script type=\"application\/ld+json\" class=\"yoast-schema-graph\">{\"@context\":\"https:\\\/\\\/schema.org\",\"@graph\":[{\"@type\":\"Article\",\"@id\":\"https:\\\/\\\/www.aceguarulhos.com.br\\\/blog\\\/atividades-do-dia-mundial-sem-tabaco-ser%c3%a3o-antecipadas\\\/#article\",\"isPartOf\":{\"@id\":\"https:\\\/\\\/www.aceguarulhos.com.br\\\/blog\\\/atividades-do-dia-mundial-sem-tabaco-ser%c3%a3o-antecipadas\\\/\"},\"author\":{\"name\":\"Assessoria de Imprensa ACE-Guarulhos\",\"@id\":\"https:\\\/\\\/www.aceguarulhos.com.br\\\/blog\\\/#\\\/schema\\\/person\\\/6983b51bad37489989e4f09698c26237\"},\"headline\":\"Atividades do Dia Mundial sem Tabaco ser\u00e3o antecipadas\",\"datePublished\":\"2008-05-29T15:34:41+00:00\",\"mainEntityOfPage\":{\"@id\":\"https:\\\/\\\/www.aceguarulhos.com.br\\\/blog\\\/atividades-do-dia-mundial-sem-tabaco-ser%c3%a3o-antecipadas\\\/\"},\"wordCount\":367,\"commentCount\":0,\"publisher\":{\"@id\":\"https:\\\/\\\/www.aceguarulhos.com.br\\\/blog\\\/#organization\"},\"articleSection\":[\"Not\u00edcias\"],\"inLanguage\":\"pt-BR\"},{\"@type\":\"WebPage\",\"@id\":\"https:\\\/\\\/www.aceguarulhos.com.br\\\/blog\\\/atividades-do-dia-mundial-sem-tabaco-ser%c3%a3o-antecipadas\\\/\",\"url\":\"https:\\\/\\\/www.aceguarulhos.com.br\\\/blog\\\/atividades-do-dia-mundial-sem-tabaco-ser%c3%a3o-antecipadas\\\/\",\"name\":\"Atividades do Dia Mundial sem Tabaco ser\u00e3o antecipadas - ACE-Guarulhos\",\"isPartOf\":{\"@id\":\"https:\\\/\\\/www.aceguarulhos.com.br\\\/blog\\\/#website\"},\"datePublished\":\"2008-05-29T15:34:41+00:00\",\"breadcrumb\":{\"@id\":\"https:\\\/\\\/www.aceguarulhos.com.br\\\/blog\\\/atividades-do-dia-mundial-sem-tabaco-ser%c3%a3o-antecipadas\\\/#breadcrumb\"},\"inLanguage\":\"pt-BR\",\"potentialAction\":[{\"@type\":\"ReadAction\",\"target\":[\"https:\\\/\\\/www.aceguarulhos.com.br\\\/blog\\\/atividades-do-dia-mundial-sem-tabaco-ser%c3%a3o-antecipadas\\\/\"]}]},{\"@type\":\"BreadcrumbList\",\"@id\":\"https:\\\/\\\/www.aceguarulhos.com.br\\\/blog\\\/atividades-do-dia-mundial-sem-tabaco-ser%c3%a3o-antecipadas\\\/#breadcrumb\",\"itemListElement\":[{\"@type\":\"ListItem\",\"position\":1,\"name\":\"In\u00edcio\",\"item\":\"https:\\\/\\\/www.aceguarulhos.com.br\\\/blog\\\/\"},{\"@type\":\"ListItem\",\"position\":2,\"name\":\"Atividades do Dia Mundial sem Tabaco ser\u00e3o antecipadas\"}]},{\"@type\":\"WebSite\",\"@id\":\"https:\\\/\\\/www.aceguarulhos.com.br\\\/blog\\\/#website\",\"url\":\"https:\\\/\\\/www.aceguarulhos.com.br\\\/blog\\\/\",\"name\":\"ACE-Guarulhos\",\"description\":\"A ACE-Guarulhos \u00e9 uma associa\u00e7\u00e3o que ap\u00f3ia os empres\u00e1rios guarulhenses atrav\u00e9s da representa\u00e7\u00e3o, da gera\u00e7\u00e3o de neg\u00f3cios e presta\u00e7\u00e3o de servi\u00e7os.\",\"publisher\":{\"@id\":\"https:\\\/\\\/www.aceguarulhos.com.br\\\/blog\\\/#organization\"},\"potentialAction\":[{\"@type\":\"SearchAction\",\"target\":{\"@type\":\"EntryPoint\",\"urlTemplate\":\"https:\\\/\\\/www.aceguarulhos.com.br\\\/blog\\\/?s={search_term_string}\"},\"query-input\":{\"@type\":\"PropertyValueSpecification\",\"valueRequired\":true,\"valueName\":\"search_term_string\"}}],\"inLanguage\":\"pt-BR\"},{\"@type\":\"Organization\",\"@id\":\"https:\\\/\\\/www.aceguarulhos.com.br\\\/blog\\\/#organization\",\"name\":\"ACE-Guarulhos\",\"url\":\"https:\\\/\\\/www.aceguarulhos.com.br\\\/blog\\\/\",\"logo\":{\"@type\":\"ImageObject\",\"inLanguage\":\"pt-BR\",\"@id\":\"https:\\\/\\\/www.aceguarulhos.com.br\\\/blog\\\/#\\\/schema\\\/logo\\\/image\\\/\",\"url\":\"https:\\\/\\\/www.aceguarulhos.com.br\\\/blog\\\/wp-content\\\/uploads\\\/2017\\\/12\\\/logo-aceguarulhos-2018.png\",\"contentUrl\":\"https:\\\/\\\/www.aceguarulhos.com.br\\\/blog\\\/wp-content\\\/uploads\\\/2017\\\/12\\\/logo-aceguarulhos-2018.png\",\"width\":419,\"height\":76,\"caption\":\"ACE-Guarulhos\"},\"image\":{\"@id\":\"https:\\\/\\\/www.aceguarulhos.com.br\\\/blog\\\/#\\\/schema\\\/logo\\\/image\\\/\"},\"sameAs\":[\"https:\\\/\\\/www.facebook.com\\\/aceguarulhos\\\/\",\"https:\\\/\\\/br.linkedin.com\\\/in\\\/ace-guarulhos-b9a97093\",\"https:\\\/\\\/www.youtube.com\\\/user\\\/aceguarulhos\"]},{\"@type\":\"Person\",\"@id\":\"https:\\\/\\\/www.aceguarulhos.com.br\\\/blog\\\/#\\\/schema\\\/person\\\/6983b51bad37489989e4f09698c26237\",\"name\":\"Assessoria de Imprensa ACE-Guarulhos\",\"image\":{\"@type\":\"ImageObject\",\"inLanguage\":\"pt-BR\",\"@id\":\"https:\\\/\\\/secure.gravatar.com\\\/avatar\\\/707f3fadd6918afeb64173ab22d8a8cb0676953098a4f31ff36dc2b4c699ef6a?s=96&d=mm&r=g\",\"url\":\"https:\\\/\\\/secure.gravatar.com\\\/avatar\\\/707f3fadd6918afeb64173ab22d8a8cb0676953098a4f31ff36dc2b4c699ef6a?s=96&d=mm&r=g\",\"contentUrl\":\"https:\\\/\\\/secure.gravatar.com\\\/avatar\\\/707f3fadd6918afeb64173ab22d8a8cb0676953098a4f31ff36dc2b4c699ef6a?s=96&d=mm&r=g\",\"caption\":\"Assessoria de Imprensa ACE-Guarulhos\"},\"url\":\"https:\\\/\\\/www.aceguarulhos.com.br\\\/blog\\\/author\\\/assessoria-de-imprensa-ace-guarulhos\\\/\"}]}<\/script>\n<!-- \/ Yoast SEO plugin. -->","yoast_head_json":{"title":"Atividades do Dia Mundial sem Tabaco ser\u00e3o antecipadas - ACE-Guarulhos","robots":{"index":"index","follow":"follow","max-snippet":"max-snippet:-1","max-image-preview":"max-image-preview:large","max-video-preview":"max-video-preview:-1"},"canonical":"https:\/\/www.aceguarulhos.com.br\/blog\/atividades-do-dia-mundial-sem-tabaco-ser\u00e3o-antecipadas\/","og_locale":"pt_BR","og_type":"article","og_title":"Atividades do Dia Mundial sem Tabaco ser\u00e3o antecipadas - ACE-Guarulhos","og_description":"\u201cJuventude Livre do Tabaco\u201d \u00e9 o tema deste ano, proposto pela Organiza\u00e7\u00e3o Mundial da Sa\u00fade, para o Dia Mundial sem Tabaco, comemorado oficialmente","og_url":"https:\/\/www.aceguarulhos.com.br\/blog\/atividades-do-dia-mundial-sem-tabaco-ser\u00e3o-antecipadas\/","og_site_name":"ACE-Guarulhos","article_publisher":"https:\/\/www.facebook.com\/aceguarulhos\/","article_published_time":"2008-05-29T15:34:41+00:00","author":"Assessoria de Imprensa ACE-Guarulhos","twitter_card":"summary_large_image","twitter_misc":{"Escrito por":"Assessoria de Imprensa ACE-Guarulhos","Est. tempo de leitura":"2 minutos"},"schema":{"@context":"https:\/\/schema.org","@graph":[{"@type":"Article","@id":"https:\/\/www.aceguarulhos.com.br\/blog\/atividades-do-dia-mundial-sem-tabaco-ser%c3%a3o-antecipadas\/#article","isPartOf":{"@id":"https:\/\/www.aceguarulhos.com.br\/blog\/atividades-do-dia-mundial-sem-tabaco-ser%c3%a3o-antecipadas\/"},"author":{"name":"Assessoria de Imprensa ACE-Guarulhos","@id":"https:\/\/www.aceguarulhos.com.br\/blog\/#\/schema\/person\/6983b51bad37489989e4f09698c26237"},"headline":"Atividades do Dia Mundial sem Tabaco ser\u00e3o antecipadas","datePublished":"2008-05-29T15:34:41+00:00","mainEntityOfPage":{"@id":"https:\/\/www.aceguarulhos.com.br\/blog\/atividades-do-dia-mundial-sem-tabaco-ser%c3%a3o-antecipadas\/"},"wordCount":367,"commentCount":0,"publisher":{"@id":"https:\/\/www.aceguarulhos.com.br\/blog\/#organization"},"articleSection":["Not\u00edcias"],"inLanguage":"pt-BR"},{"@type":"WebPage","@id":"https:\/\/www.aceguarulhos.com.br\/blog\/atividades-do-dia-mundial-sem-tabaco-ser%c3%a3o-antecipadas\/","url":"https:\/\/www.aceguarulhos.com.br\/blog\/atividades-do-dia-mundial-sem-tabaco-ser%c3%a3o-antecipadas\/","name":"Atividades do Dia Mundial sem Tabaco ser\u00e3o antecipadas - ACE-Guarulhos","isPartOf":{"@id":"https:\/\/www.aceguarulhos.com.br\/blog\/#website"},"datePublished":"2008-05-29T15:34:41+00:00","breadcrumb":{"@id":"https:\/\/www.aceguarulhos.com.br\/blog\/atividades-do-dia-mundial-sem-tabaco-ser%c3%a3o-antecipadas\/#breadcrumb"},"inLanguage":"pt-BR","potentialAction":[{"@type":"ReadAction","target":["https:\/\/www.aceguarulhos.com.br\/blog\/atividades-do-dia-mundial-sem-tabaco-ser%c3%a3o-antecipadas\/"]}]},{"@type":"BreadcrumbList","@id":"https:\/\/www.aceguarulhos.com.br\/blog\/atividades-do-dia-mundial-sem-tabaco-ser%c3%a3o-antecipadas\/#breadcrumb","itemListElement":[{"@type":"ListItem","position":1,"name":"In\u00edcio","item":"https:\/\/www.aceguarulhos.com.br\/blog\/"},{"@type":"ListItem","position":2,"name":"Atividades do Dia Mundial sem Tabaco ser\u00e3o antecipadas"}]},{"@type":"WebSite","@id":"https:\/\/www.aceguarulhos.com.br\/blog\/#website","url":"https:\/\/www.aceguarulhos.com.br\/blog\/","name":"ACE-Guarulhos","description":"A ACE-Guarulhos \u00e9 uma associa\u00e7\u00e3o que ap\u00f3ia os empres\u00e1rios guarulhenses atrav\u00e9s da representa\u00e7\u00e3o, da gera\u00e7\u00e3o de neg\u00f3cios e presta\u00e7\u00e3o de servi\u00e7os.","publisher":{"@id":"https:\/\/www.aceguarulhos.com.br\/blog\/#organization"},"potentialAction":[{"@type":"SearchAction","target":{"@type":"EntryPoint","urlTemplate":"https:\/\/www.aceguarulhos.com.br\/blog\/?s={search_term_string}"},"query-input":{"@type":"PropertyValueSpecification","valueRequired":true,"valueName":"search_term_string"}}],"inLanguage":"pt-BR"},{"@type":"Organization","@id":"https:\/\/www.aceguarulhos.com.br\/blog\/#organization","name":"ACE-Guarulhos","url":"https:\/\/www.aceguarulhos.com.br\/blog\/","logo":{"@type":"ImageObject","inLanguage":"pt-BR","@id":"https:\/\/www.aceguarulhos.com.br\/blog\/#\/schema\/logo\/image\/","url":"https:\/\/www.aceguarulhos.com.br\/blog\/wp-content\/uploads\/2017\/12\/logo-aceguarulhos-2018.png","contentUrl":"https:\/\/www.aceguarulhos.com.br\/blog\/wp-content\/uploads\/2017\/12\/logo-aceguarulhos-2018.png","width":419,"height":76,"caption":"ACE-Guarulhos"},"image":{"@id":"https:\/\/www.aceguarulhos.com.br\/blog\/#\/schema\/logo\/image\/"},"sameAs":["https:\/\/www.facebook.com\/aceguarulhos\/","https:\/\/br.linkedin.com\/in\/ace-guarulhos-b9a97093","https:\/\/www.youtube.com\/user\/aceguarulhos"]},{"@type":"Person","@id":"https:\/\/www.aceguarulhos.com.br\/blog\/#\/schema\/person\/6983b51bad37489989e4f09698c26237","name":"Assessoria de Imprensa ACE-Guarulhos","image":{"@type":"ImageObject","inLanguage":"pt-BR","@id":"https:\/\/secure.gravatar.com\/avatar\/707f3fadd6918afeb64173ab22d8a8cb0676953098a4f31ff36dc2b4c699ef6a?s=96&d=mm&r=g","url":"https:\/\/secure.gravatar.com\/avatar\/707f3fadd6918afeb64173ab22d8a8cb0676953098a4f31ff36dc2b4c699ef6a?s=96&d=mm&r=g","contentUrl":"https:\/\/secure.gravatar.com\/avatar\/707f3fadd6918afeb64173ab22d8a8cb0676953098a4f31ff36dc2b4c699ef6a?s=96&d=mm&r=g","caption":"Assessoria de Imprensa ACE-Guarulhos"},"url":"https:\/\/www.aceguarulhos.com.br\/blog\/author\/assessoria-de-imprensa-ace-guarulhos\/"}]}},"wps_subtitle":"","amp_enabled":true,"_links":{"self":[{"href":"https:\/\/www.aceguarulhos.com.br\/blog\/wp-json\/wp\/v2\/posts\/33369","targetHints":{"allow":["GET"]}}],"collection":[{"href":"https:\/\/www.aceguarulhos.com.br\/blog\/wp-json\/wp\/v2\/posts"}],"about":[{"href":"https:\/\/www.aceguarulhos.com.br\/blog\/wp-json\/wp\/v2\/types\/post"}],"author":[{"embeddable":true,"href":"https:\/\/www.aceguarulhos.com.br\/blog\/wp-json\/wp\/v2\/users\/8"}],"replies":[{"embeddable":true,"href":"https:\/\/www.aceguarulhos.com.br\/blog\/wp-json\/wp\/v2\/comments?post=33369"}],"version-history":[{"count":0,"href":"https:\/\/www.aceguarulhos.com.br\/blog\/wp-json\/wp\/v2\/posts\/33369\/revisions"}],"wp:attachment":[{"href":"https:\/\/www.aceguarulhos.com.br\/blog\/wp-json\/wp\/v2\/media?parent=33369"}],"wp:term":[{"taxonomy":"category","embeddable":true,"href":"https:\/\/www.aceguarulhos.com.br\/blog\/wp-json\/wp\/v2\/categories?post=33369"},{"taxonomy":"post_tag","embeddable":true,"href":"https:\/\/www.aceguarulhos.com.br\/blog\/wp-json\/wp\/v2\/tags?post=33369"}],"curies":[{"name":"wp","href":"https:\/\/api.w.org\/{rel}","templated":true}]}}