{"id":33282,"date":"2008-05-09T11:46:21","date_gmt":"2008-05-09T11:46:21","guid":{"rendered":"http:\/\/www.aceguarulhos.com.br\/blog\/?p=33282"},"modified":"-0001-11-30T00:00:00","modified_gmt":"-0001-11-30T03:00:00","slug":"proerd-da-pol%c3%adcia-militar-forma-2-200-alunos-de-escolas-estaduais","status":"publish","type":"post","link":"https:\/\/www.aceguarulhos.com.br\/blog\/proerd-da-pol%c3%adcia-militar-forma-2-200-alunos-de-escolas-estaduais\/","title":{"rendered":"Proerd, da Pol\u00edcia Militar, forma 2.200 alunos de escolas estaduais"},"content":{"rendered":"<p>O Proerd, programa de educa\u00e7\u00e3o preventiva ao uso de drogas, formou 2.200 crian\u00e7as em Guarulhos. Durante o evento que ocorreu na escola municipal Pra\u00e7a Estrela Pastor Sebasti\u00e3o Luiz da Fonseca, em Cidade Soberana, al\u00e9m da entrega dos diplomas, houve a<\/p>\n<p>Na opini\u00e3o da capit\u00e3o feminino M\u00e1rcia Ezivania Maciel do 31\u00ba Batalh\u00e3o da Pol\u00edcia Militar Metropolitana, o objetivo do programa \u00e9 realizar um trabalho preventivo para que as crian\u00e7as saibam se posicionar sobre uma poss\u00edvel abordagem dos traficantes. &#8220;Queremos que as crian\u00e7as estejam livres da viol\u00eancia e consigam se manter \u00edntegras sem o uso de drogas, por isso temos tamb\u00e9m um trabalho de monitoramento. J\u00e1 que nessa idade entre 9 e 12 anos as crian\u00e7as ainda n\u00e3o tem esse contato direto com o traficante. Queremos prepar\u00e1-lo para que ele saiba como reagir quando chegar esse momento&#8221;, explicou. <\/p>\n<p>A dona de casa Maria Socorro da Matta, 38, disse que sentiu uma diferen\u00e7a significativa no comportamento do filho. &#8220;Eu gostei muito do programa, al\u00e9m disso, \u00e9 bonito ver que a escola est\u00e1 fazendo o bem para a crian\u00e7a e a comunidade. Meu filho ficou mais calmo e compreensivo&#8221;, revelou.<\/p>\n<p>O pequeno Douglas Junior da Matta, 9, contou que aprendeu muita coisa durante as exposi\u00e7\u00f5es que acontecem no per\u00edodo de aula. &#8220;Eu achei muito legal, aprendi a dizer n\u00e3o \u00e0s drogas, bebidas alco\u00f3licas e ao cigarro&#8221;, contou.<\/p>\n<p>Fernanda Mariana dos Santos Hor\u00e1cio, 10, disse que atrav\u00e9s da conscientiza\u00e7\u00e3o do programa ajudou a m\u00e3e a largar o v\u00edcio do cigarro. &#8220;Foi por causa do programa que eu aprendi sobre as drogas e acabei ajudando a minha m\u00e3e a largar do v\u00edcio.&#8221;<\/p>\n<p>A professora Rosa Sei\u00e7a Spina, atua junto com o programa desde 1999, na escola estadual Pastor e Vereador Antonio Grotkowsky, no jardim Fortaleza. &#8220;Eu tenho um aluno que tem problema com drogas e percebo que ele sempre procura participar das atividades, n\u00e3o falta mais tanto \u00e0s aulas. Isso faz com que o relacionamento dele com a escola se fortale\u00e7a, j\u00e1 que a cartilha tamb\u00e9m leva auxilia no direcionamento do aluno&#8221;, explicou. <\/p>\n","protected":false},"excerpt":{"rendered":"O Proerd, programa de educa\u00e7\u00e3o preventiva ao uso de drogas, formou 2.200 crian\u00e7as em Guarulhos. Durante o evento que ocorreu na escola municipal \n<a class=\"moretag\" href=\"https:\/\/www.aceguarulhos.com.br\/blog\/proerd-da-pol%c3%adcia-militar-forma-2-200-alunos-de-escolas-estaduais\/\"> [...]<\/a>","protected":false},"author":8,"featured_media":0,"comment_status":"open","ping_status":"open","sticky":false,"template":"","format":"standard","meta":{"footnotes":""},"categories":[2],"tags":[],"class_list":["post-33282","post","type-post","status-publish","format-standard","hentry","category-noticias"],"yoast_head":"<!-- This site is optimized with the Yoast SEO plugin v28.1 - https:\/\/yoast.com\/product\/yoast-seo-wordpress\/ -->\n<title>Proerd, da Pol\u00edcia Militar, forma 2.200 alunos de escolas estaduais - ACE-Guarulhos<\/title>\n<meta name=\"robots\" content=\"index, follow, max-snippet:-1, max-image-preview:large, max-video-preview:-1\" \/>\n<link rel=\"canonical\" href=\"https:\/\/www.aceguarulhos.com.br\/blog\/proerd-da-pol\u00edcia-militar-forma-2-200-alunos-de-escolas-estaduais\/\" \/>\n<meta property=\"og:locale\" content=\"pt_BR\" \/>\n<meta property=\"og:type\" content=\"article\" \/>\n<meta property=\"og:title\" content=\"Proerd, da Pol\u00edcia Militar, forma 2.200 alunos de escolas estaduais - ACE-Guarulhos\" \/>\n<meta property=\"og:description\" content=\"O Proerd, programa de educa\u00e7\u00e3o preventiva ao uso de drogas, formou 2.200 crian\u00e7as em Guarulhos. Durante o evento que ocorreu na escola municipal\" \/>\n<meta property=\"og:url\" content=\"https:\/\/www.aceguarulhos.com.br\/blog\/proerd-da-pol\u00edcia-militar-forma-2-200-alunos-de-escolas-estaduais\/\" \/>\n<meta property=\"og:site_name\" content=\"ACE-Guarulhos\" \/>\n<meta property=\"article:publisher\" content=\"https:\/\/www.facebook.com\/aceguarulhos\/\" \/>\n<meta property=\"article:published_time\" content=\"2008-05-09T11:46:21+00:00\" \/>\n<meta name=\"author\" content=\"Assessoria de Imprensa ACE-Guarulhos\" \/>\n<meta name=\"twitter:card\" content=\"summary_large_image\" \/>\n<meta name=\"twitter:label1\" content=\"Escrito por\" \/>\n\t<meta name=\"twitter:data1\" content=\"Assessoria de Imprensa ACE-Guarulhos\" \/>\n\t<meta name=\"twitter:label2\" content=\"Est. tempo de leitura\" \/>\n\t<meta name=\"twitter:data2\" content=\"2 minutos\" \/>\n<script type=\"application\/ld+json\" class=\"yoast-schema-graph\">{\"@context\":\"https:\\\/\\\/schema.org\",\"@graph\":[{\"@type\":\"Article\",\"@id\":\"https:\\\/\\\/www.aceguarulhos.com.br\\\/blog\\\/proerd-da-pol%c3%adcia-militar-forma-2-200-alunos-de-escolas-estaduais\\\/#article\",\"isPartOf\":{\"@id\":\"https:\\\/\\\/www.aceguarulhos.com.br\\\/blog\\\/proerd-da-pol%c3%adcia-militar-forma-2-200-alunos-de-escolas-estaduais\\\/\"},\"author\":{\"name\":\"Assessoria de Imprensa ACE-Guarulhos\",\"@id\":\"https:\\\/\\\/www.aceguarulhos.com.br\\\/blog\\\/#\\\/schema\\\/person\\\/6983b51bad37489989e4f09698c26237\"},\"headline\":\"Proerd, da Pol\u00edcia Militar, forma 2.200 alunos de escolas estaduais\",\"datePublished\":\"2008-05-09T11:46:21+00:00\",\"mainEntityOfPage\":{\"@id\":\"https:\\\/\\\/www.aceguarulhos.com.br\\\/blog\\\/proerd-da-pol%c3%adcia-militar-forma-2-200-alunos-de-escolas-estaduais\\\/\"},\"wordCount\":373,\"commentCount\":0,\"publisher\":{\"@id\":\"https:\\\/\\\/www.aceguarulhos.com.br\\\/blog\\\/#organization\"},\"articleSection\":[\"Not\u00edcias\"],\"inLanguage\":\"pt-BR\"},{\"@type\":\"WebPage\",\"@id\":\"https:\\\/\\\/www.aceguarulhos.com.br\\\/blog\\\/proerd-da-pol%c3%adcia-militar-forma-2-200-alunos-de-escolas-estaduais\\\/\",\"url\":\"https:\\\/\\\/www.aceguarulhos.com.br\\\/blog\\\/proerd-da-pol%c3%adcia-militar-forma-2-200-alunos-de-escolas-estaduais\\\/\",\"name\":\"Proerd, da Pol\u00edcia Militar, forma 2.200 alunos de escolas estaduais - ACE-Guarulhos\",\"isPartOf\":{\"@id\":\"https:\\\/\\\/www.aceguarulhos.com.br\\\/blog\\\/#website\"},\"datePublished\":\"2008-05-09T11:46:21+00:00\",\"breadcrumb\":{\"@id\":\"https:\\\/\\\/www.aceguarulhos.com.br\\\/blog\\\/proerd-da-pol%c3%adcia-militar-forma-2-200-alunos-de-escolas-estaduais\\\/#breadcrumb\"},\"inLanguage\":\"pt-BR\",\"potentialAction\":[{\"@type\":\"ReadAction\",\"target\":[\"https:\\\/\\\/www.aceguarulhos.com.br\\\/blog\\\/proerd-da-pol%c3%adcia-militar-forma-2-200-alunos-de-escolas-estaduais\\\/\"]}]},{\"@type\":\"BreadcrumbList\",\"@id\":\"https:\\\/\\\/www.aceguarulhos.com.br\\\/blog\\\/proerd-da-pol%c3%adcia-militar-forma-2-200-alunos-de-escolas-estaduais\\\/#breadcrumb\",\"itemListElement\":[{\"@type\":\"ListItem\",\"position\":1,\"name\":\"In\u00edcio\",\"item\":\"https:\\\/\\\/www.aceguarulhos.com.br\\\/blog\\\/\"},{\"@type\":\"ListItem\",\"position\":2,\"name\":\"Proerd, da Pol\u00edcia Militar, forma 2.200 alunos de escolas estaduais\"}]},{\"@type\":\"WebSite\",\"@id\":\"https:\\\/\\\/www.aceguarulhos.com.br\\\/blog\\\/#website\",\"url\":\"https:\\\/\\\/www.aceguarulhos.com.br\\\/blog\\\/\",\"name\":\"ACE-Guarulhos\",\"description\":\"A ACE-Guarulhos \u00e9 uma associa\u00e7\u00e3o que ap\u00f3ia os empres\u00e1rios guarulhenses atrav\u00e9s da representa\u00e7\u00e3o, da gera\u00e7\u00e3o de neg\u00f3cios e presta\u00e7\u00e3o de servi\u00e7os.\",\"publisher\":{\"@id\":\"https:\\\/\\\/www.aceguarulhos.com.br\\\/blog\\\/#organization\"},\"potentialAction\":[{\"@type\":\"SearchAction\",\"target\":{\"@type\":\"EntryPoint\",\"urlTemplate\":\"https:\\\/\\\/www.aceguarulhos.com.br\\\/blog\\\/?s={search_term_string}\"},\"query-input\":{\"@type\":\"PropertyValueSpecification\",\"valueRequired\":true,\"valueName\":\"search_term_string\"}}],\"inLanguage\":\"pt-BR\"},{\"@type\":\"Organization\",\"@id\":\"https:\\\/\\\/www.aceguarulhos.com.br\\\/blog\\\/#organization\",\"name\":\"ACE-Guarulhos\",\"url\":\"https:\\\/\\\/www.aceguarulhos.com.br\\\/blog\\\/\",\"logo\":{\"@type\":\"ImageObject\",\"inLanguage\":\"pt-BR\",\"@id\":\"https:\\\/\\\/www.aceguarulhos.com.br\\\/blog\\\/#\\\/schema\\\/logo\\\/image\\\/\",\"url\":\"https:\\\/\\\/www.aceguarulhos.com.br\\\/blog\\\/wp-content\\\/uploads\\\/2017\\\/12\\\/logo-aceguarulhos-2018.png\",\"contentUrl\":\"https:\\\/\\\/www.aceguarulhos.com.br\\\/blog\\\/wp-content\\\/uploads\\\/2017\\\/12\\\/logo-aceguarulhos-2018.png\",\"width\":419,\"height\":76,\"caption\":\"ACE-Guarulhos\"},\"image\":{\"@id\":\"https:\\\/\\\/www.aceguarulhos.com.br\\\/blog\\\/#\\\/schema\\\/logo\\\/image\\\/\"},\"sameAs\":[\"https:\\\/\\\/www.facebook.com\\\/aceguarulhos\\\/\",\"https:\\\/\\\/br.linkedin.com\\\/in\\\/ace-guarulhos-b9a97093\",\"https:\\\/\\\/www.youtube.com\\\/user\\\/aceguarulhos\"]},{\"@type\":\"Person\",\"@id\":\"https:\\\/\\\/www.aceguarulhos.com.br\\\/blog\\\/#\\\/schema\\\/person\\\/6983b51bad37489989e4f09698c26237\",\"name\":\"Assessoria de Imprensa ACE-Guarulhos\",\"image\":{\"@type\":\"ImageObject\",\"inLanguage\":\"pt-BR\",\"@id\":\"https:\\\/\\\/secure.gravatar.com\\\/avatar\\\/707f3fadd6918afeb64173ab22d8a8cb0676953098a4f31ff36dc2b4c699ef6a?s=96&d=mm&r=g\",\"url\":\"https:\\\/\\\/secure.gravatar.com\\\/avatar\\\/707f3fadd6918afeb64173ab22d8a8cb0676953098a4f31ff36dc2b4c699ef6a?s=96&d=mm&r=g\",\"contentUrl\":\"https:\\\/\\\/secure.gravatar.com\\\/avatar\\\/707f3fadd6918afeb64173ab22d8a8cb0676953098a4f31ff36dc2b4c699ef6a?s=96&d=mm&r=g\",\"caption\":\"Assessoria de Imprensa ACE-Guarulhos\"},\"url\":\"https:\\\/\\\/www.aceguarulhos.com.br\\\/blog\\\/author\\\/assessoria-de-imprensa-ace-guarulhos\\\/\"}]}<\/script>\n<!-- \/ Yoast SEO plugin. -->","yoast_head_json":{"title":"Proerd, da Pol\u00edcia Militar, forma 2.200 alunos de escolas estaduais - ACE-Guarulhos","robots":{"index":"index","follow":"follow","max-snippet":"max-snippet:-1","max-image-preview":"max-image-preview:large","max-video-preview":"max-video-preview:-1"},"canonical":"https:\/\/www.aceguarulhos.com.br\/blog\/proerd-da-pol\u00edcia-militar-forma-2-200-alunos-de-escolas-estaduais\/","og_locale":"pt_BR","og_type":"article","og_title":"Proerd, da Pol\u00edcia Militar, forma 2.200 alunos de escolas estaduais - ACE-Guarulhos","og_description":"O Proerd, programa de educa\u00e7\u00e3o preventiva ao uso de drogas, formou 2.200 crian\u00e7as em Guarulhos. Durante o evento que ocorreu na escola municipal","og_url":"https:\/\/www.aceguarulhos.com.br\/blog\/proerd-da-pol\u00edcia-militar-forma-2-200-alunos-de-escolas-estaduais\/","og_site_name":"ACE-Guarulhos","article_publisher":"https:\/\/www.facebook.com\/aceguarulhos\/","article_published_time":"2008-05-09T11:46:21+00:00","author":"Assessoria de Imprensa ACE-Guarulhos","twitter_card":"summary_large_image","twitter_misc":{"Escrito por":"Assessoria de Imprensa ACE-Guarulhos","Est. tempo de leitura":"2 minutos"},"schema":{"@context":"https:\/\/schema.org","@graph":[{"@type":"Article","@id":"https:\/\/www.aceguarulhos.com.br\/blog\/proerd-da-pol%c3%adcia-militar-forma-2-200-alunos-de-escolas-estaduais\/#article","isPartOf":{"@id":"https:\/\/www.aceguarulhos.com.br\/blog\/proerd-da-pol%c3%adcia-militar-forma-2-200-alunos-de-escolas-estaduais\/"},"author":{"name":"Assessoria de Imprensa ACE-Guarulhos","@id":"https:\/\/www.aceguarulhos.com.br\/blog\/#\/schema\/person\/6983b51bad37489989e4f09698c26237"},"headline":"Proerd, da Pol\u00edcia Militar, forma 2.200 alunos de escolas estaduais","datePublished":"2008-05-09T11:46:21+00:00","mainEntityOfPage":{"@id":"https:\/\/www.aceguarulhos.com.br\/blog\/proerd-da-pol%c3%adcia-militar-forma-2-200-alunos-de-escolas-estaduais\/"},"wordCount":373,"commentCount":0,"publisher":{"@id":"https:\/\/www.aceguarulhos.com.br\/blog\/#organization"},"articleSection":["Not\u00edcias"],"inLanguage":"pt-BR"},{"@type":"WebPage","@id":"https:\/\/www.aceguarulhos.com.br\/blog\/proerd-da-pol%c3%adcia-militar-forma-2-200-alunos-de-escolas-estaduais\/","url":"https:\/\/www.aceguarulhos.com.br\/blog\/proerd-da-pol%c3%adcia-militar-forma-2-200-alunos-de-escolas-estaduais\/","name":"Proerd, da Pol\u00edcia Militar, forma 2.200 alunos de escolas estaduais - ACE-Guarulhos","isPartOf":{"@id":"https:\/\/www.aceguarulhos.com.br\/blog\/#website"},"datePublished":"2008-05-09T11:46:21+00:00","breadcrumb":{"@id":"https:\/\/www.aceguarulhos.com.br\/blog\/proerd-da-pol%c3%adcia-militar-forma-2-200-alunos-de-escolas-estaduais\/#breadcrumb"},"inLanguage":"pt-BR","potentialAction":[{"@type":"ReadAction","target":["https:\/\/www.aceguarulhos.com.br\/blog\/proerd-da-pol%c3%adcia-militar-forma-2-200-alunos-de-escolas-estaduais\/"]}]},{"@type":"BreadcrumbList","@id":"https:\/\/www.aceguarulhos.com.br\/blog\/proerd-da-pol%c3%adcia-militar-forma-2-200-alunos-de-escolas-estaduais\/#breadcrumb","itemListElement":[{"@type":"ListItem","position":1,"name":"In\u00edcio","item":"https:\/\/www.aceguarulhos.com.br\/blog\/"},{"@type":"ListItem","position":2,"name":"Proerd, da Pol\u00edcia Militar, forma 2.200 alunos de escolas estaduais"}]},{"@type":"WebSite","@id":"https:\/\/www.aceguarulhos.com.br\/blog\/#website","url":"https:\/\/www.aceguarulhos.com.br\/blog\/","name":"ACE-Guarulhos","description":"A ACE-Guarulhos \u00e9 uma associa\u00e7\u00e3o que ap\u00f3ia os empres\u00e1rios guarulhenses atrav\u00e9s da representa\u00e7\u00e3o, da gera\u00e7\u00e3o de neg\u00f3cios e presta\u00e7\u00e3o de servi\u00e7os.","publisher":{"@id":"https:\/\/www.aceguarulhos.com.br\/blog\/#organization"},"potentialAction":[{"@type":"SearchAction","target":{"@type":"EntryPoint","urlTemplate":"https:\/\/www.aceguarulhos.com.br\/blog\/?s={search_term_string}"},"query-input":{"@type":"PropertyValueSpecification","valueRequired":true,"valueName":"search_term_string"}}],"inLanguage":"pt-BR"},{"@type":"Organization","@id":"https:\/\/www.aceguarulhos.com.br\/blog\/#organization","name":"ACE-Guarulhos","url":"https:\/\/www.aceguarulhos.com.br\/blog\/","logo":{"@type":"ImageObject","inLanguage":"pt-BR","@id":"https:\/\/www.aceguarulhos.com.br\/blog\/#\/schema\/logo\/image\/","url":"https:\/\/www.aceguarulhos.com.br\/blog\/wp-content\/uploads\/2017\/12\/logo-aceguarulhos-2018.png","contentUrl":"https:\/\/www.aceguarulhos.com.br\/blog\/wp-content\/uploads\/2017\/12\/logo-aceguarulhos-2018.png","width":419,"height":76,"caption":"ACE-Guarulhos"},"image":{"@id":"https:\/\/www.aceguarulhos.com.br\/blog\/#\/schema\/logo\/image\/"},"sameAs":["https:\/\/www.facebook.com\/aceguarulhos\/","https:\/\/br.linkedin.com\/in\/ace-guarulhos-b9a97093","https:\/\/www.youtube.com\/user\/aceguarulhos"]},{"@type":"Person","@id":"https:\/\/www.aceguarulhos.com.br\/blog\/#\/schema\/person\/6983b51bad37489989e4f09698c26237","name":"Assessoria de Imprensa ACE-Guarulhos","image":{"@type":"ImageObject","inLanguage":"pt-BR","@id":"https:\/\/secure.gravatar.com\/avatar\/707f3fadd6918afeb64173ab22d8a8cb0676953098a4f31ff36dc2b4c699ef6a?s=96&d=mm&r=g","url":"https:\/\/secure.gravatar.com\/avatar\/707f3fadd6918afeb64173ab22d8a8cb0676953098a4f31ff36dc2b4c699ef6a?s=96&d=mm&r=g","contentUrl":"https:\/\/secure.gravatar.com\/avatar\/707f3fadd6918afeb64173ab22d8a8cb0676953098a4f31ff36dc2b4c699ef6a?s=96&d=mm&r=g","caption":"Assessoria de Imprensa ACE-Guarulhos"},"url":"https:\/\/www.aceguarulhos.com.br\/blog\/author\/assessoria-de-imprensa-ace-guarulhos\/"}]}},"wps_subtitle":"","amp_enabled":true,"_links":{"self":[{"href":"https:\/\/www.aceguarulhos.com.br\/blog\/wp-json\/wp\/v2\/posts\/33282","targetHints":{"allow":["GET"]}}],"collection":[{"href":"https:\/\/www.aceguarulhos.com.br\/blog\/wp-json\/wp\/v2\/posts"}],"about":[{"href":"https:\/\/www.aceguarulhos.com.br\/blog\/wp-json\/wp\/v2\/types\/post"}],"author":[{"embeddable":true,"href":"https:\/\/www.aceguarulhos.com.br\/blog\/wp-json\/wp\/v2\/users\/8"}],"replies":[{"embeddable":true,"href":"https:\/\/www.aceguarulhos.com.br\/blog\/wp-json\/wp\/v2\/comments?post=33282"}],"version-history":[{"count":0,"href":"https:\/\/www.aceguarulhos.com.br\/blog\/wp-json\/wp\/v2\/posts\/33282\/revisions"}],"wp:attachment":[{"href":"https:\/\/www.aceguarulhos.com.br\/blog\/wp-json\/wp\/v2\/media?parent=33282"}],"wp:term":[{"taxonomy":"category","embeddable":true,"href":"https:\/\/www.aceguarulhos.com.br\/blog\/wp-json\/wp\/v2\/categories?post=33282"},{"taxonomy":"post_tag","embeddable":true,"href":"https:\/\/www.aceguarulhos.com.br\/blog\/wp-json\/wp\/v2\/tags?post=33282"}],"curies":[{"name":"wp","href":"https:\/\/api.w.org\/{rel}","templated":true}]}}