{"id":33171,"date":"2008-04-16T10:07:35","date_gmt":"2008-04-16T10:07:35","guid":{"rendered":"http:\/\/www.aceguarulhos.com.br\/blog\/?p=33171"},"modified":"-0001-11-30T00:00:00","modified_gmt":"-0001-11-30T03:00:00","slug":"cr%c3%a9dito-levou-milh%c3%b5es-%c3%a0-classe-c-diz-economista","status":"publish","type":"post","link":"https:\/\/www.aceguarulhos.com.br\/blog\/cr%c3%a9dito-levou-milh%c3%b5es-%c3%a0-classe-c-diz-economista\/","title":{"rendered":"Cr\u00e9dito levou milh\u00f5es \u00e0 classe C, diz economista"},"content":{"rendered":"<p>Apontados como os respons\u00e1veis pela atual explos\u00e3o de vendas no varejo, os cerca de 20 milh\u00f5es de brasileiros que migraram da classe D para a C nos \u00faltimos meses, e foram \u00e0s compras de diversos itens industrializados, n\u00e3o devem manter esse ritmo de consumo no m\u00e9dio e longo prazos. A opini\u00e3o \u00e9 do economista e especialista em mercado financeiro de Bras\u00edlia, Humberto Veiga. <\/p>\n<p>Para ele, \u00e9 a atual abund\u00e2ncia de cr\u00e9dito no mercado que sustenta o consumo dos emergentes \u00e0 classe C. Esse filme, inclusive, o varejo j\u00e1 viu, entre 1997 e 1998, mas parece que esqueceu no que deu: inadimpl\u00eancia e quebradeira. &#8220;Como ocorreu antes, os novos consumidores est\u00e3o se endividando, e existe uma grande chance de n\u00e3o conseguirem pagar por essas novas contas&#8221;, observou o economista. Passar de D para C se endividando \u00e9 f\u00e1cil, segundo Veiga. <\/p>\n<p>Crit\u00e9rio Brasil \u2013 A classifica\u00e7\u00e3o de classe econ\u00f4mica \u00e9 feita pela verifica\u00e7\u00e3o de quais utens\u00edlios o cidad\u00e3o tem em casa e seu n\u00edvel de escolaridade. Dessa forma, se uma pessoa compra um DVD, um aparelho de televis\u00e3o em cores e uma m\u00e1quina de lavar, &#8220;tem grande chance de sair da classe D para a classe C. Na classifica\u00e7\u00e3o, ter entre um e quatro aparelhos de DVD em casa valem dois pontos na pesquisa. Uma TV vale um; duas, dois; tr\u00eas somam tr\u00eas pontos; e quatro televisores, quatro pontos. <\/p>\n<p>Ney Silva, diretor-executivo de Desenvolvimento e Solu\u00e7\u00f5es T\u00e9cnicas do Ibope Intelig\u00eancia, respons\u00e1vel pelo crit\u00e9rio de classifica\u00e7\u00e3o junto com a Associa\u00e7\u00e3o Brasileira de Empresas de Pesquisa (Abep), concorda que o cr\u00e9dito, hoje, \u00e9 a base de sustenta\u00e7\u00e3o da reclassifica\u00e7\u00e3o de quem estava na classe D e passou para a C. <\/p>\n<p>Para ele, entretanto, o sistema \u00e9 apenas um registro da atual realidade do mercado brasileiro. &#8220;Sustent\u00e1vel ou n\u00e3o \u00e9 uma mostra do comportamento do consumo e do consumidor brasileiro neste momento. Se, no futuro, as pessoas da classe C retra\u00edrem as compras e reduzirem os itens que as classificam, voltar\u00e3o para a classe D, afirmou. <\/p>\n<p>Tecnicamente, a estratifica\u00e7\u00e3o social por consumo \u00e9 realizada por meio do Crit\u00e9rio de Classifica\u00e7\u00e3o Econ\u00f4mica Brasil (CCEB). O trabalho, da Abep e do Ibope M\u00eddia, \u00e9 um sistema de pontua\u00e7\u00e3o que vai de zero a 46, &#8220;padronizado, replic\u00e1vel, objetivo e est\u00e1vel, para estabelecer a capacidade de consumo da popula\u00e7\u00e3o brasileira em nove regi\u00f5es metropolitanas do Pa\u00eds, que englobam as cidades de Fortaleza, Recife, Salvador, Belo Horizonte, S\u00e3o Paulo, Rio de Janeiro, Curitiba, Porto Alegre e o Distrito Federal.&#8221; <\/p>\n<p><b>Reformula\u00e7\u00e3o<\/b> \u2013 No final do ano passado, foi definida uma nova metodologia para a aplica\u00e7\u00e3o do crit\u00e9rio. As mudan\u00e7as foram a exclus\u00e3o do item aspirador de p\u00f3 do sistema de pontua\u00e7\u00e3o e a subdivis\u00e3o da classe C em C1 e C2. <\/p>\n<p>&#8220;Essa mudan\u00e7a atende a uma demanda recorrente do mercado por se tratar do maior segmento da popula\u00e7\u00e3o&#8221;, disse o diretor-executivo do Ibope M\u00eddia. Com isso, a subdivis\u00e3o da classe C refez a segmenta\u00e7\u00e3o da classe econ\u00f4mica de maior volume no Brasil. <\/p>\n<p>At\u00e9 2007, ela abrigava 39% da popula\u00e7\u00e3o, enquanto 29% pertenciam \u00e0 classe D. A partir de 2009, o estrato C1 ter\u00e1 21% dos brasileiros, o C2, 22%; e 25% dos cidad\u00e3os estar\u00e3o no D. Os outros segmentos sociais manter\u00e3o a mesma propor\u00e7\u00e3o do crit\u00e9rio anterior.&nbsp; <\/p>\n","protected":false},"excerpt":{"rendered":"Apontados como os respons\u00e1veis pela atual explos\u00e3o de vendas no varejo, os cerca de 20 milh\u00f5es de brasileiros que migraram da classe D \n<a class=\"moretag\" href=\"https:\/\/www.aceguarulhos.com.br\/blog\/cr%c3%a9dito-levou-milh%c3%b5es-%c3%a0-classe-c-diz-economista\/\"> [...]<\/a>","protected":false},"author":8,"featured_media":0,"comment_status":"open","ping_status":"open","sticky":false,"template":"","format":"standard","meta":{"footnotes":""},"categories":[2],"tags":[],"class_list":["post-33171","post","type-post","status-publish","format-standard","hentry","category-noticias"],"yoast_head":"<!-- This site is optimized with the Yoast SEO plugin v28.1 - https:\/\/yoast.com\/product\/yoast-seo-wordpress\/ -->\n<title>Cr\u00e9dito levou milh\u00f5es \u00e0 classe C, diz economista  - ACE-Guarulhos<\/title>\n<meta name=\"robots\" content=\"index, follow, max-snippet:-1, max-image-preview:large, max-video-preview:-1\" \/>\n<link rel=\"canonical\" href=\"https:\/\/www.aceguarulhos.com.br\/blog\/cr\u00e9dito-levou-milh\u00f5es-\u00e0-classe-c-diz-economista\/\" \/>\n<meta property=\"og:locale\" content=\"pt_BR\" \/>\n<meta property=\"og:type\" content=\"article\" \/>\n<meta property=\"og:title\" content=\"Cr\u00e9dito levou milh\u00f5es \u00e0 classe C, diz economista  - ACE-Guarulhos\" \/>\n<meta property=\"og:description\" content=\"Apontados como os respons\u00e1veis pela atual explos\u00e3o de vendas no varejo, os cerca de 20 milh\u00f5es de brasileiros que migraram da classe D\" \/>\n<meta property=\"og:url\" content=\"https:\/\/www.aceguarulhos.com.br\/blog\/cr\u00e9dito-levou-milh\u00f5es-\u00e0-classe-c-diz-economista\/\" \/>\n<meta property=\"og:site_name\" content=\"ACE-Guarulhos\" \/>\n<meta property=\"article:publisher\" content=\"https:\/\/www.facebook.com\/aceguarulhos\/\" \/>\n<meta property=\"article:published_time\" content=\"2008-04-16T10:07:35+00:00\" \/>\n<meta name=\"author\" content=\"Assessoria de Imprensa ACE-Guarulhos\" \/>\n<meta name=\"twitter:card\" content=\"summary_large_image\" \/>\n<meta name=\"twitter:label1\" content=\"Escrito por\" \/>\n\t<meta name=\"twitter:data1\" content=\"Assessoria de Imprensa ACE-Guarulhos\" \/>\n\t<meta name=\"twitter:label2\" content=\"Est. tempo de leitura\" \/>\n\t<meta name=\"twitter:data2\" content=\"3 minutos\" \/>\n<script type=\"application\/ld+json\" class=\"yoast-schema-graph\">{\"@context\":\"https:\\\/\\\/schema.org\",\"@graph\":[{\"@type\":\"Article\",\"@id\":\"https:\\\/\\\/www.aceguarulhos.com.br\\\/blog\\\/cr%c3%a9dito-levou-milh%c3%b5es-%c3%a0-classe-c-diz-economista\\\/#article\",\"isPartOf\":{\"@id\":\"https:\\\/\\\/www.aceguarulhos.com.br\\\/blog\\\/cr%c3%a9dito-levou-milh%c3%b5es-%c3%a0-classe-c-diz-economista\\\/\"},\"author\":{\"name\":\"Assessoria de Imprensa ACE-Guarulhos\",\"@id\":\"https:\\\/\\\/www.aceguarulhos.com.br\\\/blog\\\/#\\\/schema\\\/person\\\/6983b51bad37489989e4f09698c26237\"},\"headline\":\"Cr\u00e9dito levou milh\u00f5es \u00e0 classe C, diz economista\",\"datePublished\":\"2008-04-16T10:07:35+00:00\",\"mainEntityOfPage\":{\"@id\":\"https:\\\/\\\/www.aceguarulhos.com.br\\\/blog\\\/cr%c3%a9dito-levou-milh%c3%b5es-%c3%a0-classe-c-diz-economista\\\/\"},\"wordCount\":592,\"commentCount\":0,\"publisher\":{\"@id\":\"https:\\\/\\\/www.aceguarulhos.com.br\\\/blog\\\/#organization\"},\"articleSection\":[\"Not\u00edcias\"],\"inLanguage\":\"pt-BR\"},{\"@type\":\"WebPage\",\"@id\":\"https:\\\/\\\/www.aceguarulhos.com.br\\\/blog\\\/cr%c3%a9dito-levou-milh%c3%b5es-%c3%a0-classe-c-diz-economista\\\/\",\"url\":\"https:\\\/\\\/www.aceguarulhos.com.br\\\/blog\\\/cr%c3%a9dito-levou-milh%c3%b5es-%c3%a0-classe-c-diz-economista\\\/\",\"name\":\"Cr\u00e9dito levou milh\u00f5es \u00e0 classe C, diz economista - ACE-Guarulhos\",\"isPartOf\":{\"@id\":\"https:\\\/\\\/www.aceguarulhos.com.br\\\/blog\\\/#website\"},\"datePublished\":\"2008-04-16T10:07:35+00:00\",\"breadcrumb\":{\"@id\":\"https:\\\/\\\/www.aceguarulhos.com.br\\\/blog\\\/cr%c3%a9dito-levou-milh%c3%b5es-%c3%a0-classe-c-diz-economista\\\/#breadcrumb\"},\"inLanguage\":\"pt-BR\",\"potentialAction\":[{\"@type\":\"ReadAction\",\"target\":[\"https:\\\/\\\/www.aceguarulhos.com.br\\\/blog\\\/cr%c3%a9dito-levou-milh%c3%b5es-%c3%a0-classe-c-diz-economista\\\/\"]}]},{\"@type\":\"BreadcrumbList\",\"@id\":\"https:\\\/\\\/www.aceguarulhos.com.br\\\/blog\\\/cr%c3%a9dito-levou-milh%c3%b5es-%c3%a0-classe-c-diz-economista\\\/#breadcrumb\",\"itemListElement\":[{\"@type\":\"ListItem\",\"position\":1,\"name\":\"In\u00edcio\",\"item\":\"https:\\\/\\\/www.aceguarulhos.com.br\\\/blog\\\/\"},{\"@type\":\"ListItem\",\"position\":2,\"name\":\"Cr\u00e9dito levou milh\u00f5es \u00e0 classe C, diz economista\"}]},{\"@type\":\"WebSite\",\"@id\":\"https:\\\/\\\/www.aceguarulhos.com.br\\\/blog\\\/#website\",\"url\":\"https:\\\/\\\/www.aceguarulhos.com.br\\\/blog\\\/\",\"name\":\"ACE-Guarulhos\",\"description\":\"A ACE-Guarulhos \u00e9 uma associa\u00e7\u00e3o que ap\u00f3ia os empres\u00e1rios guarulhenses atrav\u00e9s da representa\u00e7\u00e3o, da gera\u00e7\u00e3o de neg\u00f3cios e presta\u00e7\u00e3o de servi\u00e7os.\",\"publisher\":{\"@id\":\"https:\\\/\\\/www.aceguarulhos.com.br\\\/blog\\\/#organization\"},\"potentialAction\":[{\"@type\":\"SearchAction\",\"target\":{\"@type\":\"EntryPoint\",\"urlTemplate\":\"https:\\\/\\\/www.aceguarulhos.com.br\\\/blog\\\/?s={search_term_string}\"},\"query-input\":{\"@type\":\"PropertyValueSpecification\",\"valueRequired\":true,\"valueName\":\"search_term_string\"}}],\"inLanguage\":\"pt-BR\"},{\"@type\":\"Organization\",\"@id\":\"https:\\\/\\\/www.aceguarulhos.com.br\\\/blog\\\/#organization\",\"name\":\"ACE-Guarulhos\",\"url\":\"https:\\\/\\\/www.aceguarulhos.com.br\\\/blog\\\/\",\"logo\":{\"@type\":\"ImageObject\",\"inLanguage\":\"pt-BR\",\"@id\":\"https:\\\/\\\/www.aceguarulhos.com.br\\\/blog\\\/#\\\/schema\\\/logo\\\/image\\\/\",\"url\":\"https:\\\/\\\/www.aceguarulhos.com.br\\\/blog\\\/wp-content\\\/uploads\\\/2017\\\/12\\\/logo-aceguarulhos-2018.png\",\"contentUrl\":\"https:\\\/\\\/www.aceguarulhos.com.br\\\/blog\\\/wp-content\\\/uploads\\\/2017\\\/12\\\/logo-aceguarulhos-2018.png\",\"width\":419,\"height\":76,\"caption\":\"ACE-Guarulhos\"},\"image\":{\"@id\":\"https:\\\/\\\/www.aceguarulhos.com.br\\\/blog\\\/#\\\/schema\\\/logo\\\/image\\\/\"},\"sameAs\":[\"https:\\\/\\\/www.facebook.com\\\/aceguarulhos\\\/\",\"https:\\\/\\\/br.linkedin.com\\\/in\\\/ace-guarulhos-b9a97093\",\"https:\\\/\\\/www.youtube.com\\\/user\\\/aceguarulhos\"]},{\"@type\":\"Person\",\"@id\":\"https:\\\/\\\/www.aceguarulhos.com.br\\\/blog\\\/#\\\/schema\\\/person\\\/6983b51bad37489989e4f09698c26237\",\"name\":\"Assessoria de Imprensa ACE-Guarulhos\",\"image\":{\"@type\":\"ImageObject\",\"inLanguage\":\"pt-BR\",\"@id\":\"https:\\\/\\\/secure.gravatar.com\\\/avatar\\\/707f3fadd6918afeb64173ab22d8a8cb0676953098a4f31ff36dc2b4c699ef6a?s=96&d=mm&r=g\",\"url\":\"https:\\\/\\\/secure.gravatar.com\\\/avatar\\\/707f3fadd6918afeb64173ab22d8a8cb0676953098a4f31ff36dc2b4c699ef6a?s=96&d=mm&r=g\",\"contentUrl\":\"https:\\\/\\\/secure.gravatar.com\\\/avatar\\\/707f3fadd6918afeb64173ab22d8a8cb0676953098a4f31ff36dc2b4c699ef6a?s=96&d=mm&r=g\",\"caption\":\"Assessoria de Imprensa ACE-Guarulhos\"},\"url\":\"https:\\\/\\\/www.aceguarulhos.com.br\\\/blog\\\/author\\\/assessoria-de-imprensa-ace-guarulhos\\\/\"}]}<\/script>\n<!-- \/ Yoast SEO plugin. -->","yoast_head_json":{"title":"Cr\u00e9dito levou milh\u00f5es \u00e0 classe C, diz economista  - ACE-Guarulhos","robots":{"index":"index","follow":"follow","max-snippet":"max-snippet:-1","max-image-preview":"max-image-preview:large","max-video-preview":"max-video-preview:-1"},"canonical":"https:\/\/www.aceguarulhos.com.br\/blog\/cr\u00e9dito-levou-milh\u00f5es-\u00e0-classe-c-diz-economista\/","og_locale":"pt_BR","og_type":"article","og_title":"Cr\u00e9dito levou milh\u00f5es \u00e0 classe C, diz economista  - ACE-Guarulhos","og_description":"Apontados como os respons\u00e1veis pela atual explos\u00e3o de vendas no varejo, os cerca de 20 milh\u00f5es de brasileiros que migraram da classe D","og_url":"https:\/\/www.aceguarulhos.com.br\/blog\/cr\u00e9dito-levou-milh\u00f5es-\u00e0-classe-c-diz-economista\/","og_site_name":"ACE-Guarulhos","article_publisher":"https:\/\/www.facebook.com\/aceguarulhos\/","article_published_time":"2008-04-16T10:07:35+00:00","author":"Assessoria de Imprensa ACE-Guarulhos","twitter_card":"summary_large_image","twitter_misc":{"Escrito por":"Assessoria de Imprensa ACE-Guarulhos","Est. tempo de leitura":"3 minutos"},"schema":{"@context":"https:\/\/schema.org","@graph":[{"@type":"Article","@id":"https:\/\/www.aceguarulhos.com.br\/blog\/cr%c3%a9dito-levou-milh%c3%b5es-%c3%a0-classe-c-diz-economista\/#article","isPartOf":{"@id":"https:\/\/www.aceguarulhos.com.br\/blog\/cr%c3%a9dito-levou-milh%c3%b5es-%c3%a0-classe-c-diz-economista\/"},"author":{"name":"Assessoria de Imprensa ACE-Guarulhos","@id":"https:\/\/www.aceguarulhos.com.br\/blog\/#\/schema\/person\/6983b51bad37489989e4f09698c26237"},"headline":"Cr\u00e9dito levou milh\u00f5es \u00e0 classe C, diz economista","datePublished":"2008-04-16T10:07:35+00:00","mainEntityOfPage":{"@id":"https:\/\/www.aceguarulhos.com.br\/blog\/cr%c3%a9dito-levou-milh%c3%b5es-%c3%a0-classe-c-diz-economista\/"},"wordCount":592,"commentCount":0,"publisher":{"@id":"https:\/\/www.aceguarulhos.com.br\/blog\/#organization"},"articleSection":["Not\u00edcias"],"inLanguage":"pt-BR"},{"@type":"WebPage","@id":"https:\/\/www.aceguarulhos.com.br\/blog\/cr%c3%a9dito-levou-milh%c3%b5es-%c3%a0-classe-c-diz-economista\/","url":"https:\/\/www.aceguarulhos.com.br\/blog\/cr%c3%a9dito-levou-milh%c3%b5es-%c3%a0-classe-c-diz-economista\/","name":"Cr\u00e9dito levou milh\u00f5es \u00e0 classe C, diz economista - ACE-Guarulhos","isPartOf":{"@id":"https:\/\/www.aceguarulhos.com.br\/blog\/#website"},"datePublished":"2008-04-16T10:07:35+00:00","breadcrumb":{"@id":"https:\/\/www.aceguarulhos.com.br\/blog\/cr%c3%a9dito-levou-milh%c3%b5es-%c3%a0-classe-c-diz-economista\/#breadcrumb"},"inLanguage":"pt-BR","potentialAction":[{"@type":"ReadAction","target":["https:\/\/www.aceguarulhos.com.br\/blog\/cr%c3%a9dito-levou-milh%c3%b5es-%c3%a0-classe-c-diz-economista\/"]}]},{"@type":"BreadcrumbList","@id":"https:\/\/www.aceguarulhos.com.br\/blog\/cr%c3%a9dito-levou-milh%c3%b5es-%c3%a0-classe-c-diz-economista\/#breadcrumb","itemListElement":[{"@type":"ListItem","position":1,"name":"In\u00edcio","item":"https:\/\/www.aceguarulhos.com.br\/blog\/"},{"@type":"ListItem","position":2,"name":"Cr\u00e9dito levou milh\u00f5es \u00e0 classe C, diz economista"}]},{"@type":"WebSite","@id":"https:\/\/www.aceguarulhos.com.br\/blog\/#website","url":"https:\/\/www.aceguarulhos.com.br\/blog\/","name":"ACE-Guarulhos","description":"A ACE-Guarulhos \u00e9 uma associa\u00e7\u00e3o que ap\u00f3ia os empres\u00e1rios guarulhenses atrav\u00e9s da representa\u00e7\u00e3o, da gera\u00e7\u00e3o de neg\u00f3cios e presta\u00e7\u00e3o de servi\u00e7os.","publisher":{"@id":"https:\/\/www.aceguarulhos.com.br\/blog\/#organization"},"potentialAction":[{"@type":"SearchAction","target":{"@type":"EntryPoint","urlTemplate":"https:\/\/www.aceguarulhos.com.br\/blog\/?s={search_term_string}"},"query-input":{"@type":"PropertyValueSpecification","valueRequired":true,"valueName":"search_term_string"}}],"inLanguage":"pt-BR"},{"@type":"Organization","@id":"https:\/\/www.aceguarulhos.com.br\/blog\/#organization","name":"ACE-Guarulhos","url":"https:\/\/www.aceguarulhos.com.br\/blog\/","logo":{"@type":"ImageObject","inLanguage":"pt-BR","@id":"https:\/\/www.aceguarulhos.com.br\/blog\/#\/schema\/logo\/image\/","url":"https:\/\/www.aceguarulhos.com.br\/blog\/wp-content\/uploads\/2017\/12\/logo-aceguarulhos-2018.png","contentUrl":"https:\/\/www.aceguarulhos.com.br\/blog\/wp-content\/uploads\/2017\/12\/logo-aceguarulhos-2018.png","width":419,"height":76,"caption":"ACE-Guarulhos"},"image":{"@id":"https:\/\/www.aceguarulhos.com.br\/blog\/#\/schema\/logo\/image\/"},"sameAs":["https:\/\/www.facebook.com\/aceguarulhos\/","https:\/\/br.linkedin.com\/in\/ace-guarulhos-b9a97093","https:\/\/www.youtube.com\/user\/aceguarulhos"]},{"@type":"Person","@id":"https:\/\/www.aceguarulhos.com.br\/blog\/#\/schema\/person\/6983b51bad37489989e4f09698c26237","name":"Assessoria de Imprensa ACE-Guarulhos","image":{"@type":"ImageObject","inLanguage":"pt-BR","@id":"https:\/\/secure.gravatar.com\/avatar\/707f3fadd6918afeb64173ab22d8a8cb0676953098a4f31ff36dc2b4c699ef6a?s=96&d=mm&r=g","url":"https:\/\/secure.gravatar.com\/avatar\/707f3fadd6918afeb64173ab22d8a8cb0676953098a4f31ff36dc2b4c699ef6a?s=96&d=mm&r=g","contentUrl":"https:\/\/secure.gravatar.com\/avatar\/707f3fadd6918afeb64173ab22d8a8cb0676953098a4f31ff36dc2b4c699ef6a?s=96&d=mm&r=g","caption":"Assessoria de Imprensa ACE-Guarulhos"},"url":"https:\/\/www.aceguarulhos.com.br\/blog\/author\/assessoria-de-imprensa-ace-guarulhos\/"}]}},"wps_subtitle":"","amp_enabled":true,"_links":{"self":[{"href":"https:\/\/www.aceguarulhos.com.br\/blog\/wp-json\/wp\/v2\/posts\/33171","targetHints":{"allow":["GET"]}}],"collection":[{"href":"https:\/\/www.aceguarulhos.com.br\/blog\/wp-json\/wp\/v2\/posts"}],"about":[{"href":"https:\/\/www.aceguarulhos.com.br\/blog\/wp-json\/wp\/v2\/types\/post"}],"author":[{"embeddable":true,"href":"https:\/\/www.aceguarulhos.com.br\/blog\/wp-json\/wp\/v2\/users\/8"}],"replies":[{"embeddable":true,"href":"https:\/\/www.aceguarulhos.com.br\/blog\/wp-json\/wp\/v2\/comments?post=33171"}],"version-history":[{"count":0,"href":"https:\/\/www.aceguarulhos.com.br\/blog\/wp-json\/wp\/v2\/posts\/33171\/revisions"}],"wp:attachment":[{"href":"https:\/\/www.aceguarulhos.com.br\/blog\/wp-json\/wp\/v2\/media?parent=33171"}],"wp:term":[{"taxonomy":"category","embeddable":true,"href":"https:\/\/www.aceguarulhos.com.br\/blog\/wp-json\/wp\/v2\/categories?post=33171"},{"taxonomy":"post_tag","embeddable":true,"href":"https:\/\/www.aceguarulhos.com.br\/blog\/wp-json\/wp\/v2\/tags?post=33171"}],"curies":[{"name":"wp","href":"https:\/\/api.w.org\/{rel}","templated":true}]}}