{"id":33110,"date":"2008-04-03T13:29:21","date_gmt":"2008-04-03T13:29:21","guid":{"rendered":"http:\/\/www.aceguarulhos.com.br\/blog\/?p=33110"},"modified":"-0001-11-30T00:00:00","modified_gmt":"-0001-11-30T03:00:00","slug":"porto-parado-amea%c3%a7a-com%c3%a9rcio","status":"publish","type":"post","link":"https:\/\/www.aceguarulhos.com.br\/blog\/porto-parado-amea%c3%a7a-com%c3%a9rcio\/","title":{"rendered":"Porto parado amea\u00e7a com\u00e9rcio"},"content":{"rendered":"<p>A greve dos auditores fiscais da Receita Federal, que entra hoje no 17\u00b0 dia, poder\u00e1 provocar o desabastecimento do com\u00e9rcio, o que elevaria o pre\u00e7o para os consumidores finais. Entidades que representam os setores comercial e industrial j\u00e1 trabalham com essa possibilidade para o Dia das M\u00e3es. De acordo com a Associa\u00e7\u00e3o Nacional dos Fabricantes de Produtos Eletroeletr\u00f4nicos (Eletros), a produ\u00e7\u00e3o do setor corre o risco de ser paralisada por falta de componentes importados, o que afetaria a oferta de itens para a data. Sete mil trabalhadores da Zona Franca de Manaus (ZFM) j\u00e1 entraram em regime de licen\u00e7a remunerada por falta de componentes nas linhas de montagem.<\/p>\n<p>J\u00e1 para a Associa\u00e7\u00e3o Brasileira do Varejo T\u00eaxtil (Abeim) h\u00e1 a hip\u00f3tese de falta de malhas e jaquetas no mercado, itens que normalmente v\u00eam do exterior.<\/p>\n<p>Associa\u00e7\u00f5es empresariais come\u00e7aram a entrar com a\u00e7\u00f5es na Justi\u00e7a pedindo a libera\u00e7\u00e3o das cargas de seus associados. Al\u00e9m da greve, as empresas que dependem do com\u00e9rcio exterior enfrentam uma s\u00e9rie de dificuldades com a Receita desde o final do ano passado, quando o Departamento de Com\u00e9rcio Exterior (Decex) foi transferido do Rio de Janeiro para Bras\u00edlia. Empres\u00e1rios dizem que o quadro de funcion\u00e1rios da nova sede n\u00e3o consegue comportar a demanda. Segundo Ricardo Martins, diretor do departamento de com\u00e9rcio exterior do Centro das Ind\u00fastrias do Estado de S\u00e3o Paulo (Ciesp), &#8220;cerca de 400 empresas esperaram o Decex liberar Licen\u00e7as de Importa\u00e7\u00e3o (LI) para que possam montar linhas de produ\u00e7\u00e3o no Brasil.&#8221;<\/p>\n<p>Segundo Sylvio Mandel, presidente da Associa\u00e7\u00e3o Brasileira do Varejo T\u00eaxtil (Abeim), \u00e9 poss\u00edvel que as cole\u00e7\u00f5es de roupas de inverno cheguem atrasadas ao mercado. Segundo ele, as pe\u00e7as da cole\u00e7\u00e3o j\u00e1 deveriam ter sido totalmente entregues, mas v\u00e1rios cont\u00eaineres com vestu\u00e1rios continuam retidos nos p\u00e1tios. Essas mercadorias s\u00f3 devem ser entregues em 20 dias. &#8220;O desabastecimento ainda n\u00e3o \u00e9 sentido porque o calor n\u00e3o estimulou o consumidor a comprar roupas de inverno.&#8221;<\/p>\n<p>A Federa\u00e7\u00e3o do Com\u00e9rcio do Estado de S\u00e3o Paulo (Fecomercio) diz que a greve poder\u00e1 gerar aumento de pre\u00e7os no varejo caso a ind\u00fastria fique sem mat\u00e9ria-prima importada. Segundo a entidade, a paralisa\u00e7\u00e3o coloca em evid\u00eancia a necessidade de o Pa\u00eds investir em infra-estrutura e possuir planos de conting\u00eancias. &#8220;Sempre quando o consumidor quer e pode consumir mais, o empres\u00e1rio quer e pode produzir mais e gerar emprego, esbarram em alguma forma de desmando ou in\u00e9rcia do setor p\u00fablico&#8221;, diz Abram Szajman, presidente da Fecom\u00e9rcio.<\/p>\n<p>O diretor do departamento de com\u00e9rcio exterior do Ciesp diz que a greve pode afetar a credibilidade dos investidores no mercado brasileiro. &#8220;O com\u00e9rcio exterior \u00e9 sens\u00edvel a situa\u00e7\u00f5es como essas. O investidor vai acabar com medo de colocar dinheiro no Pa\u00eds.&#8221;<\/p>\n<p>A principal reivindica\u00e7\u00e3o dos auditores, que levou \u00e0 paralisa\u00e7\u00e3o, \u00e9 a equipara\u00e7\u00e3o dos seus sal\u00e1rios com os dos delegados da Pol\u00edcia Federal, que recebem R$ 18 mil \u2013 os auditores ganham, em m\u00e9dia, sal\u00e1rios de R$ 13.300. <\/p>\n","protected":false},"excerpt":{"rendered":"A greve dos auditores fiscais da Receita Federal, que entra hoje no 17\u00b0 dia, poder\u00e1 provocar o desabastecimento do com\u00e9rcio, o que elevaria \n<a class=\"moretag\" href=\"https:\/\/www.aceguarulhos.com.br\/blog\/porto-parado-amea%c3%a7a-com%c3%a9rcio\/\"> [...]<\/a>","protected":false},"author":8,"featured_media":0,"comment_status":"open","ping_status":"open","sticky":false,"template":"","format":"standard","meta":{"footnotes":""},"categories":[2],"tags":[],"class_list":["post-33110","post","type-post","status-publish","format-standard","hentry","category-noticias"],"yoast_head":"<!-- This site is optimized with the Yoast SEO plugin v28.1 - https:\/\/yoast.com\/product\/yoast-seo-wordpress\/ -->\n<title>Porto parado amea\u00e7a com\u00e9rcio  - ACE-Guarulhos<\/title>\n<meta name=\"robots\" content=\"index, follow, max-snippet:-1, max-image-preview:large, max-video-preview:-1\" \/>\n<link rel=\"canonical\" href=\"https:\/\/www.aceguarulhos.com.br\/blog\/porto-parado-amea\u00e7a-com\u00e9rcio\/\" \/>\n<meta property=\"og:locale\" content=\"pt_BR\" \/>\n<meta property=\"og:type\" content=\"article\" \/>\n<meta property=\"og:title\" content=\"Porto parado amea\u00e7a com\u00e9rcio  - ACE-Guarulhos\" \/>\n<meta property=\"og:description\" content=\"A greve dos auditores fiscais da Receita Federal, que entra hoje no 17\u00b0 dia, poder\u00e1 provocar o desabastecimento do com\u00e9rcio, o que elevaria\" \/>\n<meta property=\"og:url\" content=\"https:\/\/www.aceguarulhos.com.br\/blog\/porto-parado-amea\u00e7a-com\u00e9rcio\/\" \/>\n<meta property=\"og:site_name\" content=\"ACE-Guarulhos\" \/>\n<meta property=\"article:publisher\" content=\"https:\/\/www.facebook.com\/aceguarulhos\/\" \/>\n<meta property=\"article:published_time\" content=\"2008-04-03T13:29:21+00:00\" \/>\n<meta name=\"author\" content=\"Assessoria de Imprensa ACE-Guarulhos\" \/>\n<meta name=\"twitter:card\" content=\"summary_large_image\" \/>\n<meta name=\"twitter:label1\" content=\"Escrito por\" \/>\n\t<meta name=\"twitter:data1\" content=\"Assessoria de Imprensa ACE-Guarulhos\" \/>\n\t<meta name=\"twitter:label2\" content=\"Est. tempo de leitura\" \/>\n\t<meta name=\"twitter:data2\" content=\"3 minutos\" \/>\n<script type=\"application\/ld+json\" class=\"yoast-schema-graph\">{\"@context\":\"https:\\\/\\\/schema.org\",\"@graph\":[{\"@type\":\"Article\",\"@id\":\"https:\\\/\\\/www.aceguarulhos.com.br\\\/blog\\\/porto-parado-amea%c3%a7a-com%c3%a9rcio\\\/#article\",\"isPartOf\":{\"@id\":\"https:\\\/\\\/www.aceguarulhos.com.br\\\/blog\\\/porto-parado-amea%c3%a7a-com%c3%a9rcio\\\/\"},\"author\":{\"name\":\"Assessoria de Imprensa ACE-Guarulhos\",\"@id\":\"https:\\\/\\\/www.aceguarulhos.com.br\\\/blog\\\/#\\\/schema\\\/person\\\/6983b51bad37489989e4f09698c26237\"},\"headline\":\"Porto parado amea\u00e7a com\u00e9rcio\",\"datePublished\":\"2008-04-03T13:29:21+00:00\",\"mainEntityOfPage\":{\"@id\":\"https:\\\/\\\/www.aceguarulhos.com.br\\\/blog\\\/porto-parado-amea%c3%a7a-com%c3%a9rcio\\\/\"},\"wordCount\":544,\"commentCount\":0,\"publisher\":{\"@id\":\"https:\\\/\\\/www.aceguarulhos.com.br\\\/blog\\\/#organization\"},\"articleSection\":[\"Not\u00edcias\"],\"inLanguage\":\"pt-BR\"},{\"@type\":\"WebPage\",\"@id\":\"https:\\\/\\\/www.aceguarulhos.com.br\\\/blog\\\/porto-parado-amea%c3%a7a-com%c3%a9rcio\\\/\",\"url\":\"https:\\\/\\\/www.aceguarulhos.com.br\\\/blog\\\/porto-parado-amea%c3%a7a-com%c3%a9rcio\\\/\",\"name\":\"Porto parado amea\u00e7a com\u00e9rcio - ACE-Guarulhos\",\"isPartOf\":{\"@id\":\"https:\\\/\\\/www.aceguarulhos.com.br\\\/blog\\\/#website\"},\"datePublished\":\"2008-04-03T13:29:21+00:00\",\"breadcrumb\":{\"@id\":\"https:\\\/\\\/www.aceguarulhos.com.br\\\/blog\\\/porto-parado-amea%c3%a7a-com%c3%a9rcio\\\/#breadcrumb\"},\"inLanguage\":\"pt-BR\",\"potentialAction\":[{\"@type\":\"ReadAction\",\"target\":[\"https:\\\/\\\/www.aceguarulhos.com.br\\\/blog\\\/porto-parado-amea%c3%a7a-com%c3%a9rcio\\\/\"]}]},{\"@type\":\"BreadcrumbList\",\"@id\":\"https:\\\/\\\/www.aceguarulhos.com.br\\\/blog\\\/porto-parado-amea%c3%a7a-com%c3%a9rcio\\\/#breadcrumb\",\"itemListElement\":[{\"@type\":\"ListItem\",\"position\":1,\"name\":\"In\u00edcio\",\"item\":\"https:\\\/\\\/www.aceguarulhos.com.br\\\/blog\\\/\"},{\"@type\":\"ListItem\",\"position\":2,\"name\":\"Porto parado amea\u00e7a com\u00e9rcio\"}]},{\"@type\":\"WebSite\",\"@id\":\"https:\\\/\\\/www.aceguarulhos.com.br\\\/blog\\\/#website\",\"url\":\"https:\\\/\\\/www.aceguarulhos.com.br\\\/blog\\\/\",\"name\":\"ACE-Guarulhos\",\"description\":\"A ACE-Guarulhos \u00e9 uma associa\u00e7\u00e3o que ap\u00f3ia os empres\u00e1rios guarulhenses atrav\u00e9s da representa\u00e7\u00e3o, da gera\u00e7\u00e3o de neg\u00f3cios e presta\u00e7\u00e3o de servi\u00e7os.\",\"publisher\":{\"@id\":\"https:\\\/\\\/www.aceguarulhos.com.br\\\/blog\\\/#organization\"},\"potentialAction\":[{\"@type\":\"SearchAction\",\"target\":{\"@type\":\"EntryPoint\",\"urlTemplate\":\"https:\\\/\\\/www.aceguarulhos.com.br\\\/blog\\\/?s={search_term_string}\"},\"query-input\":{\"@type\":\"PropertyValueSpecification\",\"valueRequired\":true,\"valueName\":\"search_term_string\"}}],\"inLanguage\":\"pt-BR\"},{\"@type\":\"Organization\",\"@id\":\"https:\\\/\\\/www.aceguarulhos.com.br\\\/blog\\\/#organization\",\"name\":\"ACE-Guarulhos\",\"url\":\"https:\\\/\\\/www.aceguarulhos.com.br\\\/blog\\\/\",\"logo\":{\"@type\":\"ImageObject\",\"inLanguage\":\"pt-BR\",\"@id\":\"https:\\\/\\\/www.aceguarulhos.com.br\\\/blog\\\/#\\\/schema\\\/logo\\\/image\\\/\",\"url\":\"https:\\\/\\\/www.aceguarulhos.com.br\\\/blog\\\/wp-content\\\/uploads\\\/2017\\\/12\\\/logo-aceguarulhos-2018.png\",\"contentUrl\":\"https:\\\/\\\/www.aceguarulhos.com.br\\\/blog\\\/wp-content\\\/uploads\\\/2017\\\/12\\\/logo-aceguarulhos-2018.png\",\"width\":419,\"height\":76,\"caption\":\"ACE-Guarulhos\"},\"image\":{\"@id\":\"https:\\\/\\\/www.aceguarulhos.com.br\\\/blog\\\/#\\\/schema\\\/logo\\\/image\\\/\"},\"sameAs\":[\"https:\\\/\\\/www.facebook.com\\\/aceguarulhos\\\/\",\"https:\\\/\\\/br.linkedin.com\\\/in\\\/ace-guarulhos-b9a97093\",\"https:\\\/\\\/www.youtube.com\\\/user\\\/aceguarulhos\"]},{\"@type\":\"Person\",\"@id\":\"https:\\\/\\\/www.aceguarulhos.com.br\\\/blog\\\/#\\\/schema\\\/person\\\/6983b51bad37489989e4f09698c26237\",\"name\":\"Assessoria de Imprensa ACE-Guarulhos\",\"image\":{\"@type\":\"ImageObject\",\"inLanguage\":\"pt-BR\",\"@id\":\"https:\\\/\\\/secure.gravatar.com\\\/avatar\\\/707f3fadd6918afeb64173ab22d8a8cb0676953098a4f31ff36dc2b4c699ef6a?s=96&d=mm&r=g\",\"url\":\"https:\\\/\\\/secure.gravatar.com\\\/avatar\\\/707f3fadd6918afeb64173ab22d8a8cb0676953098a4f31ff36dc2b4c699ef6a?s=96&d=mm&r=g\",\"contentUrl\":\"https:\\\/\\\/secure.gravatar.com\\\/avatar\\\/707f3fadd6918afeb64173ab22d8a8cb0676953098a4f31ff36dc2b4c699ef6a?s=96&d=mm&r=g\",\"caption\":\"Assessoria de Imprensa ACE-Guarulhos\"},\"url\":\"https:\\\/\\\/www.aceguarulhos.com.br\\\/blog\\\/author\\\/assessoria-de-imprensa-ace-guarulhos\\\/\"}]}<\/script>\n<!-- \/ Yoast SEO plugin. -->","yoast_head_json":{"title":"Porto parado amea\u00e7a com\u00e9rcio  - ACE-Guarulhos","robots":{"index":"index","follow":"follow","max-snippet":"max-snippet:-1","max-image-preview":"max-image-preview:large","max-video-preview":"max-video-preview:-1"},"canonical":"https:\/\/www.aceguarulhos.com.br\/blog\/porto-parado-amea\u00e7a-com\u00e9rcio\/","og_locale":"pt_BR","og_type":"article","og_title":"Porto parado amea\u00e7a com\u00e9rcio  - ACE-Guarulhos","og_description":"A greve dos auditores fiscais da Receita Federal, que entra hoje no 17\u00b0 dia, poder\u00e1 provocar o desabastecimento do com\u00e9rcio, o que elevaria","og_url":"https:\/\/www.aceguarulhos.com.br\/blog\/porto-parado-amea\u00e7a-com\u00e9rcio\/","og_site_name":"ACE-Guarulhos","article_publisher":"https:\/\/www.facebook.com\/aceguarulhos\/","article_published_time":"2008-04-03T13:29:21+00:00","author":"Assessoria de Imprensa ACE-Guarulhos","twitter_card":"summary_large_image","twitter_misc":{"Escrito por":"Assessoria de Imprensa ACE-Guarulhos","Est. tempo de leitura":"3 minutos"},"schema":{"@context":"https:\/\/schema.org","@graph":[{"@type":"Article","@id":"https:\/\/www.aceguarulhos.com.br\/blog\/porto-parado-amea%c3%a7a-com%c3%a9rcio\/#article","isPartOf":{"@id":"https:\/\/www.aceguarulhos.com.br\/blog\/porto-parado-amea%c3%a7a-com%c3%a9rcio\/"},"author":{"name":"Assessoria de Imprensa ACE-Guarulhos","@id":"https:\/\/www.aceguarulhos.com.br\/blog\/#\/schema\/person\/6983b51bad37489989e4f09698c26237"},"headline":"Porto parado amea\u00e7a com\u00e9rcio","datePublished":"2008-04-03T13:29:21+00:00","mainEntityOfPage":{"@id":"https:\/\/www.aceguarulhos.com.br\/blog\/porto-parado-amea%c3%a7a-com%c3%a9rcio\/"},"wordCount":544,"commentCount":0,"publisher":{"@id":"https:\/\/www.aceguarulhos.com.br\/blog\/#organization"},"articleSection":["Not\u00edcias"],"inLanguage":"pt-BR"},{"@type":"WebPage","@id":"https:\/\/www.aceguarulhos.com.br\/blog\/porto-parado-amea%c3%a7a-com%c3%a9rcio\/","url":"https:\/\/www.aceguarulhos.com.br\/blog\/porto-parado-amea%c3%a7a-com%c3%a9rcio\/","name":"Porto parado amea\u00e7a com\u00e9rcio - ACE-Guarulhos","isPartOf":{"@id":"https:\/\/www.aceguarulhos.com.br\/blog\/#website"},"datePublished":"2008-04-03T13:29:21+00:00","breadcrumb":{"@id":"https:\/\/www.aceguarulhos.com.br\/blog\/porto-parado-amea%c3%a7a-com%c3%a9rcio\/#breadcrumb"},"inLanguage":"pt-BR","potentialAction":[{"@type":"ReadAction","target":["https:\/\/www.aceguarulhos.com.br\/blog\/porto-parado-amea%c3%a7a-com%c3%a9rcio\/"]}]},{"@type":"BreadcrumbList","@id":"https:\/\/www.aceguarulhos.com.br\/blog\/porto-parado-amea%c3%a7a-com%c3%a9rcio\/#breadcrumb","itemListElement":[{"@type":"ListItem","position":1,"name":"In\u00edcio","item":"https:\/\/www.aceguarulhos.com.br\/blog\/"},{"@type":"ListItem","position":2,"name":"Porto parado amea\u00e7a com\u00e9rcio"}]},{"@type":"WebSite","@id":"https:\/\/www.aceguarulhos.com.br\/blog\/#website","url":"https:\/\/www.aceguarulhos.com.br\/blog\/","name":"ACE-Guarulhos","description":"A ACE-Guarulhos \u00e9 uma associa\u00e7\u00e3o que ap\u00f3ia os empres\u00e1rios guarulhenses atrav\u00e9s da representa\u00e7\u00e3o, da gera\u00e7\u00e3o de neg\u00f3cios e presta\u00e7\u00e3o de servi\u00e7os.","publisher":{"@id":"https:\/\/www.aceguarulhos.com.br\/blog\/#organization"},"potentialAction":[{"@type":"SearchAction","target":{"@type":"EntryPoint","urlTemplate":"https:\/\/www.aceguarulhos.com.br\/blog\/?s={search_term_string}"},"query-input":{"@type":"PropertyValueSpecification","valueRequired":true,"valueName":"search_term_string"}}],"inLanguage":"pt-BR"},{"@type":"Organization","@id":"https:\/\/www.aceguarulhos.com.br\/blog\/#organization","name":"ACE-Guarulhos","url":"https:\/\/www.aceguarulhos.com.br\/blog\/","logo":{"@type":"ImageObject","inLanguage":"pt-BR","@id":"https:\/\/www.aceguarulhos.com.br\/blog\/#\/schema\/logo\/image\/","url":"https:\/\/www.aceguarulhos.com.br\/blog\/wp-content\/uploads\/2017\/12\/logo-aceguarulhos-2018.png","contentUrl":"https:\/\/www.aceguarulhos.com.br\/blog\/wp-content\/uploads\/2017\/12\/logo-aceguarulhos-2018.png","width":419,"height":76,"caption":"ACE-Guarulhos"},"image":{"@id":"https:\/\/www.aceguarulhos.com.br\/blog\/#\/schema\/logo\/image\/"},"sameAs":["https:\/\/www.facebook.com\/aceguarulhos\/","https:\/\/br.linkedin.com\/in\/ace-guarulhos-b9a97093","https:\/\/www.youtube.com\/user\/aceguarulhos"]},{"@type":"Person","@id":"https:\/\/www.aceguarulhos.com.br\/blog\/#\/schema\/person\/6983b51bad37489989e4f09698c26237","name":"Assessoria de Imprensa ACE-Guarulhos","image":{"@type":"ImageObject","inLanguage":"pt-BR","@id":"https:\/\/secure.gravatar.com\/avatar\/707f3fadd6918afeb64173ab22d8a8cb0676953098a4f31ff36dc2b4c699ef6a?s=96&d=mm&r=g","url":"https:\/\/secure.gravatar.com\/avatar\/707f3fadd6918afeb64173ab22d8a8cb0676953098a4f31ff36dc2b4c699ef6a?s=96&d=mm&r=g","contentUrl":"https:\/\/secure.gravatar.com\/avatar\/707f3fadd6918afeb64173ab22d8a8cb0676953098a4f31ff36dc2b4c699ef6a?s=96&d=mm&r=g","caption":"Assessoria de Imprensa ACE-Guarulhos"},"url":"https:\/\/www.aceguarulhos.com.br\/blog\/author\/assessoria-de-imprensa-ace-guarulhos\/"}]}},"wps_subtitle":"","amp_enabled":true,"_links":{"self":[{"href":"https:\/\/www.aceguarulhos.com.br\/blog\/wp-json\/wp\/v2\/posts\/33110","targetHints":{"allow":["GET"]}}],"collection":[{"href":"https:\/\/www.aceguarulhos.com.br\/blog\/wp-json\/wp\/v2\/posts"}],"about":[{"href":"https:\/\/www.aceguarulhos.com.br\/blog\/wp-json\/wp\/v2\/types\/post"}],"author":[{"embeddable":true,"href":"https:\/\/www.aceguarulhos.com.br\/blog\/wp-json\/wp\/v2\/users\/8"}],"replies":[{"embeddable":true,"href":"https:\/\/www.aceguarulhos.com.br\/blog\/wp-json\/wp\/v2\/comments?post=33110"}],"version-history":[{"count":0,"href":"https:\/\/www.aceguarulhos.com.br\/blog\/wp-json\/wp\/v2\/posts\/33110\/revisions"}],"wp:attachment":[{"href":"https:\/\/www.aceguarulhos.com.br\/blog\/wp-json\/wp\/v2\/media?parent=33110"}],"wp:term":[{"taxonomy":"category","embeddable":true,"href":"https:\/\/www.aceguarulhos.com.br\/blog\/wp-json\/wp\/v2\/categories?post=33110"},{"taxonomy":"post_tag","embeddable":true,"href":"https:\/\/www.aceguarulhos.com.br\/blog\/wp-json\/wp\/v2\/tags?post=33110"}],"curies":[{"name":"wp","href":"https:\/\/api.w.org\/{rel}","templated":true}]}}