{"id":33082,"date":"2008-03-31T11:31:03","date_gmt":"2008-03-31T11:31:03","guid":{"rendered":"http:\/\/www.aceguarulhos.com.br\/blog\/?p=33082"},"modified":"-0001-11-30T00:00:00","modified_gmt":"-0001-11-30T03:00:00","slug":"casos-de-dengue-despencam-97-em-s%c3%a3o-paulo","status":"publish","type":"post","link":"https:\/\/www.aceguarulhos.com.br\/blog\/casos-de-dengue-despencam-97-em-s%c3%a3o-paulo\/","title":{"rendered":"Casos de dengue despencam 97% em S\u00e3o Paulo"},"content":{"rendered":"<p>S\u00e3o Paulo conseguiu reduzir em 97,1% o n\u00famero de casos de dengue no primeiro trimestre deste ano em compara\u00e7\u00e3o com o mesmo per\u00edodo do ano passado. Balan\u00e7o da Secretaria Estadual da Sa\u00fade aponta que de janeiro a mar\u00e7o de 2008 foram confirmados 1.297 casos da doen\u00e7a no Estado. No mesmo per\u00edodo de 2007 houve 44.760 casos.<\/p>\n<p>Para lembrar que o controle a dengue deve ser feito durante todo o ano e n\u00e3o apenas nos meses mais quentes, a Secretaria programou entre os dias 31 de mar\u00e7o a 4 de abril a Semana de Mobiliza\u00e7\u00e3o Social contra a Dengue. A abertura da mobiliza\u00e7\u00e3o, que ser\u00e1 feita com cerca de 20 mil agentes em todo o Estado, acontece na capital, na segunda-feira, 31, com a presen\u00e7a do secret\u00e1rio Estadual da Sa\u00fade, Luiz Roberto Barradas Barata, \u00e0s 11 horas, no bairro de Perus. Durante a a\u00e7\u00e3o, agentes da Sucen (Superintend\u00eancia de Controle de Endemias) far\u00e3o visitas casa-a-casa no bairro.<\/p>\n<p>Os casos registrados no primeiro trimestre do ano passado corresponderam a quase a metade de todas as notifica\u00e7\u00f5es da doen\u00e7a durante 2007, quando foram apontados 90.212 casos de dengue&nbsp; em S\u00e3o Paulo.<\/p>\n<p>Al\u00e9m da queda de n\u00famero de casos, em 2008 um n\u00famero menor de munic\u00edpios registrou casos da doen\u00e7a. Foram 124 munic\u00edpios neste ano contra 291 no mesmo per\u00edodo de 2007.<\/p>\n<p>Entre as raz\u00f5es apontadas para a queda est\u00e3o a\u00e7\u00f5es efetivas de preven\u00e7\u00e3o pelos munic\u00edpios e Estado e uma maior mobiliza\u00e7\u00e3o da popula\u00e7\u00e3o para evitar criadouros da doen\u00e7a.<\/p>\n<p>A Secretaria investiu cerca de R$ 40 milh\u00f5es em a\u00e7\u00f5es preventivas e de combate ao mosquito em 2007. Al\u00e9m da cria\u00e7\u00e3o do Esquadr\u00e3o Anti-dengue, um grupo de elite da Sucen (Superintend\u00eancia de Controle de Endemias) preparado para a\u00e7\u00f5es emergenciais em munic\u00edpios tidos como priorit\u00e1rios, a Sa\u00fade estadual criou a Opera\u00e7\u00e3o Pente Fino.<\/p>\n<p>Cerca de 80 munic\u00edpios que formavam, naquele per\u00edodo, o epicentro da dengue no Estado, receberam a visita dos t\u00e9cnicos da Sucen e auxilio para controlar a doen\u00e7a.<\/p>\n<p>Um efetivo de 110 profissionais, dos quais 90 desinsetizadores, passaram a integrar o quadro fixo da Sucen, que tamb\u00e9m disponibilizou equipamentos de combate \u00e0 dengue, incluindo 30 novos carros e 30 borrifadores (atomizadores costais), adquiridos pela pasta especialmente para esta opera\u00e7\u00e3o.<\/p>\n<p>Mesmo com a queda do n\u00famero de casos de dengue em&nbsp; 2008, a Secretaria alerta para o combate incessante ao mosquito Aedes aegypti. \u201cO ver\u00e3o acabou, mas os cuidados contra a dengue n\u00e3o podem cessar. A popula\u00e7\u00e3o precisa continuar alerta, ajudando no combate \u00e0 doen\u00e7a, como j\u00e1 vem fazendo\u201d, afirma o secret\u00e1rio de Estado da Sa\u00fade, Luiz Roberto Barradas Barata.<\/p>\n<p>A abertura da Semana de Mobiliza\u00e7\u00e3o Social contra a Dengue acontece \u00e0s 11 horas, na rua George Sarmento, no bairro de Perus, na capital.<\/p>\n","protected":false},"excerpt":{"rendered":"S\u00e3o Paulo conseguiu reduzir em 97,1% o n\u00famero de casos de dengue no primeiro trimestre deste ano em compara\u00e7\u00e3o com o mesmo per\u00edodo \n<a class=\"moretag\" href=\"https:\/\/www.aceguarulhos.com.br\/blog\/casos-de-dengue-despencam-97-em-s%c3%a3o-paulo\/\"> [...]<\/a>","protected":false},"author":8,"featured_media":0,"comment_status":"open","ping_status":"open","sticky":false,"template":"","format":"standard","meta":{"footnotes":""},"categories":[2],"tags":[],"class_list":["post-33082","post","type-post","status-publish","format-standard","hentry","category-noticias"],"yoast_head":"<!-- This site is optimized with the Yoast SEO plugin v28.1 - https:\/\/yoast.com\/product\/yoast-seo-wordpress\/ -->\n<title>Casos de dengue despencam 97% em S\u00e3o Paulo - ACE-Guarulhos<\/title>\n<meta name=\"robots\" content=\"index, follow, max-snippet:-1, max-image-preview:large, max-video-preview:-1\" \/>\n<link rel=\"canonical\" href=\"https:\/\/www.aceguarulhos.com.br\/blog\/casos-de-dengue-despencam-97-em-s\u00e3o-paulo\/\" \/>\n<meta property=\"og:locale\" content=\"pt_BR\" \/>\n<meta property=\"og:type\" content=\"article\" \/>\n<meta property=\"og:title\" content=\"Casos de dengue despencam 97% em S\u00e3o Paulo - ACE-Guarulhos\" \/>\n<meta property=\"og:description\" content=\"S\u00e3o Paulo conseguiu reduzir em 97,1% o n\u00famero de casos de dengue no primeiro trimestre deste ano em compara\u00e7\u00e3o com o mesmo per\u00edodo\" \/>\n<meta property=\"og:url\" content=\"https:\/\/www.aceguarulhos.com.br\/blog\/casos-de-dengue-despencam-97-em-s\u00e3o-paulo\/\" \/>\n<meta property=\"og:site_name\" content=\"ACE-Guarulhos\" \/>\n<meta property=\"article:publisher\" content=\"https:\/\/www.facebook.com\/aceguarulhos\/\" \/>\n<meta property=\"article:published_time\" content=\"2008-03-31T11:31:03+00:00\" \/>\n<meta name=\"author\" content=\"Assessoria de Imprensa ACE-Guarulhos\" \/>\n<meta name=\"twitter:card\" content=\"summary_large_image\" \/>\n<meta name=\"twitter:label1\" content=\"Escrito por\" \/>\n\t<meta name=\"twitter:data1\" content=\"Assessoria de Imprensa ACE-Guarulhos\" \/>\n\t<meta name=\"twitter:label2\" content=\"Est. tempo de leitura\" \/>\n\t<meta name=\"twitter:data2\" content=\"2 minutos\" \/>\n<script type=\"application\/ld+json\" class=\"yoast-schema-graph\">{\"@context\":\"https:\\\/\\\/schema.org\",\"@graph\":[{\"@type\":\"Article\",\"@id\":\"https:\\\/\\\/www.aceguarulhos.com.br\\\/blog\\\/casos-de-dengue-despencam-97-em-s%c3%a3o-paulo\\\/#article\",\"isPartOf\":{\"@id\":\"https:\\\/\\\/www.aceguarulhos.com.br\\\/blog\\\/casos-de-dengue-despencam-97-em-s%c3%a3o-paulo\\\/\"},\"author\":{\"name\":\"Assessoria de Imprensa ACE-Guarulhos\",\"@id\":\"https:\\\/\\\/www.aceguarulhos.com.br\\\/blog\\\/#\\\/schema\\\/person\\\/6983b51bad37489989e4f09698c26237\"},\"headline\":\"Casos de dengue despencam 97% em S\u00e3o Paulo\",\"datePublished\":\"2008-03-31T11:31:03+00:00\",\"mainEntityOfPage\":{\"@id\":\"https:\\\/\\\/www.aceguarulhos.com.br\\\/blog\\\/casos-de-dengue-despencam-97-em-s%c3%a3o-paulo\\\/\"},\"wordCount\":494,\"commentCount\":0,\"publisher\":{\"@id\":\"https:\\\/\\\/www.aceguarulhos.com.br\\\/blog\\\/#organization\"},\"articleSection\":[\"Not\u00edcias\"],\"inLanguage\":\"pt-BR\"},{\"@type\":\"WebPage\",\"@id\":\"https:\\\/\\\/www.aceguarulhos.com.br\\\/blog\\\/casos-de-dengue-despencam-97-em-s%c3%a3o-paulo\\\/\",\"url\":\"https:\\\/\\\/www.aceguarulhos.com.br\\\/blog\\\/casos-de-dengue-despencam-97-em-s%c3%a3o-paulo\\\/\",\"name\":\"Casos de dengue despencam 97% em S\u00e3o Paulo - ACE-Guarulhos\",\"isPartOf\":{\"@id\":\"https:\\\/\\\/www.aceguarulhos.com.br\\\/blog\\\/#website\"},\"datePublished\":\"2008-03-31T11:31:03+00:00\",\"breadcrumb\":{\"@id\":\"https:\\\/\\\/www.aceguarulhos.com.br\\\/blog\\\/casos-de-dengue-despencam-97-em-s%c3%a3o-paulo\\\/#breadcrumb\"},\"inLanguage\":\"pt-BR\",\"potentialAction\":[{\"@type\":\"ReadAction\",\"target\":[\"https:\\\/\\\/www.aceguarulhos.com.br\\\/blog\\\/casos-de-dengue-despencam-97-em-s%c3%a3o-paulo\\\/\"]}]},{\"@type\":\"BreadcrumbList\",\"@id\":\"https:\\\/\\\/www.aceguarulhos.com.br\\\/blog\\\/casos-de-dengue-despencam-97-em-s%c3%a3o-paulo\\\/#breadcrumb\",\"itemListElement\":[{\"@type\":\"ListItem\",\"position\":1,\"name\":\"In\u00edcio\",\"item\":\"https:\\\/\\\/www.aceguarulhos.com.br\\\/blog\\\/\"},{\"@type\":\"ListItem\",\"position\":2,\"name\":\"Casos de dengue despencam 97% em S\u00e3o Paulo\"}]},{\"@type\":\"WebSite\",\"@id\":\"https:\\\/\\\/www.aceguarulhos.com.br\\\/blog\\\/#website\",\"url\":\"https:\\\/\\\/www.aceguarulhos.com.br\\\/blog\\\/\",\"name\":\"ACE-Guarulhos\",\"description\":\"A ACE-Guarulhos \u00e9 uma associa\u00e7\u00e3o que ap\u00f3ia os empres\u00e1rios guarulhenses atrav\u00e9s da representa\u00e7\u00e3o, da gera\u00e7\u00e3o de neg\u00f3cios e presta\u00e7\u00e3o de servi\u00e7os.\",\"publisher\":{\"@id\":\"https:\\\/\\\/www.aceguarulhos.com.br\\\/blog\\\/#organization\"},\"potentialAction\":[{\"@type\":\"SearchAction\",\"target\":{\"@type\":\"EntryPoint\",\"urlTemplate\":\"https:\\\/\\\/www.aceguarulhos.com.br\\\/blog\\\/?s={search_term_string}\"},\"query-input\":{\"@type\":\"PropertyValueSpecification\",\"valueRequired\":true,\"valueName\":\"search_term_string\"}}],\"inLanguage\":\"pt-BR\"},{\"@type\":\"Organization\",\"@id\":\"https:\\\/\\\/www.aceguarulhos.com.br\\\/blog\\\/#organization\",\"name\":\"ACE-Guarulhos\",\"url\":\"https:\\\/\\\/www.aceguarulhos.com.br\\\/blog\\\/\",\"logo\":{\"@type\":\"ImageObject\",\"inLanguage\":\"pt-BR\",\"@id\":\"https:\\\/\\\/www.aceguarulhos.com.br\\\/blog\\\/#\\\/schema\\\/logo\\\/image\\\/\",\"url\":\"https:\\\/\\\/www.aceguarulhos.com.br\\\/blog\\\/wp-content\\\/uploads\\\/2017\\\/12\\\/logo-aceguarulhos-2018.png\",\"contentUrl\":\"https:\\\/\\\/www.aceguarulhos.com.br\\\/blog\\\/wp-content\\\/uploads\\\/2017\\\/12\\\/logo-aceguarulhos-2018.png\",\"width\":419,\"height\":76,\"caption\":\"ACE-Guarulhos\"},\"image\":{\"@id\":\"https:\\\/\\\/www.aceguarulhos.com.br\\\/blog\\\/#\\\/schema\\\/logo\\\/image\\\/\"},\"sameAs\":[\"https:\\\/\\\/www.facebook.com\\\/aceguarulhos\\\/\",\"https:\\\/\\\/br.linkedin.com\\\/in\\\/ace-guarulhos-b9a97093\",\"https:\\\/\\\/www.youtube.com\\\/user\\\/aceguarulhos\"]},{\"@type\":\"Person\",\"@id\":\"https:\\\/\\\/www.aceguarulhos.com.br\\\/blog\\\/#\\\/schema\\\/person\\\/6983b51bad37489989e4f09698c26237\",\"name\":\"Assessoria de Imprensa ACE-Guarulhos\",\"image\":{\"@type\":\"ImageObject\",\"inLanguage\":\"pt-BR\",\"@id\":\"https:\\\/\\\/secure.gravatar.com\\\/avatar\\\/707f3fadd6918afeb64173ab22d8a8cb0676953098a4f31ff36dc2b4c699ef6a?s=96&d=mm&r=g\",\"url\":\"https:\\\/\\\/secure.gravatar.com\\\/avatar\\\/707f3fadd6918afeb64173ab22d8a8cb0676953098a4f31ff36dc2b4c699ef6a?s=96&d=mm&r=g\",\"contentUrl\":\"https:\\\/\\\/secure.gravatar.com\\\/avatar\\\/707f3fadd6918afeb64173ab22d8a8cb0676953098a4f31ff36dc2b4c699ef6a?s=96&d=mm&r=g\",\"caption\":\"Assessoria de Imprensa ACE-Guarulhos\"},\"url\":\"https:\\\/\\\/www.aceguarulhos.com.br\\\/blog\\\/author\\\/assessoria-de-imprensa-ace-guarulhos\\\/\"}]}<\/script>\n<!-- \/ Yoast SEO plugin. -->","yoast_head_json":{"title":"Casos de dengue despencam 97% em S\u00e3o Paulo - ACE-Guarulhos","robots":{"index":"index","follow":"follow","max-snippet":"max-snippet:-1","max-image-preview":"max-image-preview:large","max-video-preview":"max-video-preview:-1"},"canonical":"https:\/\/www.aceguarulhos.com.br\/blog\/casos-de-dengue-despencam-97-em-s\u00e3o-paulo\/","og_locale":"pt_BR","og_type":"article","og_title":"Casos de dengue despencam 97% em S\u00e3o Paulo - ACE-Guarulhos","og_description":"S\u00e3o Paulo conseguiu reduzir em 97,1% o n\u00famero de casos de dengue no primeiro trimestre deste ano em compara\u00e7\u00e3o com o mesmo per\u00edodo","og_url":"https:\/\/www.aceguarulhos.com.br\/blog\/casos-de-dengue-despencam-97-em-s\u00e3o-paulo\/","og_site_name":"ACE-Guarulhos","article_publisher":"https:\/\/www.facebook.com\/aceguarulhos\/","article_published_time":"2008-03-31T11:31:03+00:00","author":"Assessoria de Imprensa ACE-Guarulhos","twitter_card":"summary_large_image","twitter_misc":{"Escrito por":"Assessoria de Imprensa ACE-Guarulhos","Est. tempo de leitura":"2 minutos"},"schema":{"@context":"https:\/\/schema.org","@graph":[{"@type":"Article","@id":"https:\/\/www.aceguarulhos.com.br\/blog\/casos-de-dengue-despencam-97-em-s%c3%a3o-paulo\/#article","isPartOf":{"@id":"https:\/\/www.aceguarulhos.com.br\/blog\/casos-de-dengue-despencam-97-em-s%c3%a3o-paulo\/"},"author":{"name":"Assessoria de Imprensa ACE-Guarulhos","@id":"https:\/\/www.aceguarulhos.com.br\/blog\/#\/schema\/person\/6983b51bad37489989e4f09698c26237"},"headline":"Casos de dengue despencam 97% em S\u00e3o Paulo","datePublished":"2008-03-31T11:31:03+00:00","mainEntityOfPage":{"@id":"https:\/\/www.aceguarulhos.com.br\/blog\/casos-de-dengue-despencam-97-em-s%c3%a3o-paulo\/"},"wordCount":494,"commentCount":0,"publisher":{"@id":"https:\/\/www.aceguarulhos.com.br\/blog\/#organization"},"articleSection":["Not\u00edcias"],"inLanguage":"pt-BR"},{"@type":"WebPage","@id":"https:\/\/www.aceguarulhos.com.br\/blog\/casos-de-dengue-despencam-97-em-s%c3%a3o-paulo\/","url":"https:\/\/www.aceguarulhos.com.br\/blog\/casos-de-dengue-despencam-97-em-s%c3%a3o-paulo\/","name":"Casos de dengue despencam 97% em S\u00e3o Paulo - ACE-Guarulhos","isPartOf":{"@id":"https:\/\/www.aceguarulhos.com.br\/blog\/#website"},"datePublished":"2008-03-31T11:31:03+00:00","breadcrumb":{"@id":"https:\/\/www.aceguarulhos.com.br\/blog\/casos-de-dengue-despencam-97-em-s%c3%a3o-paulo\/#breadcrumb"},"inLanguage":"pt-BR","potentialAction":[{"@type":"ReadAction","target":["https:\/\/www.aceguarulhos.com.br\/blog\/casos-de-dengue-despencam-97-em-s%c3%a3o-paulo\/"]}]},{"@type":"BreadcrumbList","@id":"https:\/\/www.aceguarulhos.com.br\/blog\/casos-de-dengue-despencam-97-em-s%c3%a3o-paulo\/#breadcrumb","itemListElement":[{"@type":"ListItem","position":1,"name":"In\u00edcio","item":"https:\/\/www.aceguarulhos.com.br\/blog\/"},{"@type":"ListItem","position":2,"name":"Casos de dengue despencam 97% em S\u00e3o Paulo"}]},{"@type":"WebSite","@id":"https:\/\/www.aceguarulhos.com.br\/blog\/#website","url":"https:\/\/www.aceguarulhos.com.br\/blog\/","name":"ACE-Guarulhos","description":"A ACE-Guarulhos \u00e9 uma associa\u00e7\u00e3o que ap\u00f3ia os empres\u00e1rios guarulhenses atrav\u00e9s da representa\u00e7\u00e3o, da gera\u00e7\u00e3o de neg\u00f3cios e presta\u00e7\u00e3o de servi\u00e7os.","publisher":{"@id":"https:\/\/www.aceguarulhos.com.br\/blog\/#organization"},"potentialAction":[{"@type":"SearchAction","target":{"@type":"EntryPoint","urlTemplate":"https:\/\/www.aceguarulhos.com.br\/blog\/?s={search_term_string}"},"query-input":{"@type":"PropertyValueSpecification","valueRequired":true,"valueName":"search_term_string"}}],"inLanguage":"pt-BR"},{"@type":"Organization","@id":"https:\/\/www.aceguarulhos.com.br\/blog\/#organization","name":"ACE-Guarulhos","url":"https:\/\/www.aceguarulhos.com.br\/blog\/","logo":{"@type":"ImageObject","inLanguage":"pt-BR","@id":"https:\/\/www.aceguarulhos.com.br\/blog\/#\/schema\/logo\/image\/","url":"https:\/\/www.aceguarulhos.com.br\/blog\/wp-content\/uploads\/2017\/12\/logo-aceguarulhos-2018.png","contentUrl":"https:\/\/www.aceguarulhos.com.br\/blog\/wp-content\/uploads\/2017\/12\/logo-aceguarulhos-2018.png","width":419,"height":76,"caption":"ACE-Guarulhos"},"image":{"@id":"https:\/\/www.aceguarulhos.com.br\/blog\/#\/schema\/logo\/image\/"},"sameAs":["https:\/\/www.facebook.com\/aceguarulhos\/","https:\/\/br.linkedin.com\/in\/ace-guarulhos-b9a97093","https:\/\/www.youtube.com\/user\/aceguarulhos"]},{"@type":"Person","@id":"https:\/\/www.aceguarulhos.com.br\/blog\/#\/schema\/person\/6983b51bad37489989e4f09698c26237","name":"Assessoria de Imprensa ACE-Guarulhos","image":{"@type":"ImageObject","inLanguage":"pt-BR","@id":"https:\/\/secure.gravatar.com\/avatar\/707f3fadd6918afeb64173ab22d8a8cb0676953098a4f31ff36dc2b4c699ef6a?s=96&d=mm&r=g","url":"https:\/\/secure.gravatar.com\/avatar\/707f3fadd6918afeb64173ab22d8a8cb0676953098a4f31ff36dc2b4c699ef6a?s=96&d=mm&r=g","contentUrl":"https:\/\/secure.gravatar.com\/avatar\/707f3fadd6918afeb64173ab22d8a8cb0676953098a4f31ff36dc2b4c699ef6a?s=96&d=mm&r=g","caption":"Assessoria de Imprensa ACE-Guarulhos"},"url":"https:\/\/www.aceguarulhos.com.br\/blog\/author\/assessoria-de-imprensa-ace-guarulhos\/"}]}},"wps_subtitle":"","amp_enabled":true,"_links":{"self":[{"href":"https:\/\/www.aceguarulhos.com.br\/blog\/wp-json\/wp\/v2\/posts\/33082","targetHints":{"allow":["GET"]}}],"collection":[{"href":"https:\/\/www.aceguarulhos.com.br\/blog\/wp-json\/wp\/v2\/posts"}],"about":[{"href":"https:\/\/www.aceguarulhos.com.br\/blog\/wp-json\/wp\/v2\/types\/post"}],"author":[{"embeddable":true,"href":"https:\/\/www.aceguarulhos.com.br\/blog\/wp-json\/wp\/v2\/users\/8"}],"replies":[{"embeddable":true,"href":"https:\/\/www.aceguarulhos.com.br\/blog\/wp-json\/wp\/v2\/comments?post=33082"}],"version-history":[{"count":0,"href":"https:\/\/www.aceguarulhos.com.br\/blog\/wp-json\/wp\/v2\/posts\/33082\/revisions"}],"wp:attachment":[{"href":"https:\/\/www.aceguarulhos.com.br\/blog\/wp-json\/wp\/v2\/media?parent=33082"}],"wp:term":[{"taxonomy":"category","embeddable":true,"href":"https:\/\/www.aceguarulhos.com.br\/blog\/wp-json\/wp\/v2\/categories?post=33082"},{"taxonomy":"post_tag","embeddable":true,"href":"https:\/\/www.aceguarulhos.com.br\/blog\/wp-json\/wp\/v2\/tags?post=33082"}],"curies":[{"name":"wp","href":"https:\/\/api.w.org\/{rel}","templated":true}]}}