{"id":33057,"date":"2008-03-26T08:30:38","date_gmt":"2008-03-26T08:30:38","guid":{"rendered":"http:\/\/www.aceguarulhos.com.br\/blog\/?p=33057"},"modified":"-0001-11-30T00:00:00","modified_gmt":"-0001-11-30T03:00:00","slug":"cerim%c3%b4nia-marca-posse-dos-novos-titulares-da-%c3%a1rea-social","status":"publish","type":"post","link":"https:\/\/www.aceguarulhos.com.br\/blog\/cerim%c3%b4nia-marca-posse-dos-novos-titulares-da-%c3%a1rea-social\/","title":{"rendered":"Cerim\u00f4nia marca posse dos novos titulares da \u00e1rea social"},"content":{"rendered":"<p>O prefeito El\u00f3i Piet\u00e1 destacou na manh\u00e3 de ter\u00e7a-feira, 25, no audit\u00f3rio do Pa\u00e7o Municipal, que a \u00e1rea social \u00e9 uma das prioridades de seu governo. Segundo ele, a Secretaria de Assist\u00eancia Social e Cidadania (Sasc) e o Fundo Social de Solidariedade (FSS) praticamente dobraram o quadro funcional para melhor atender suas demandas.<\/p>\n<p>\u201cEm todas as esferas de governo, h\u00e1 duas tend\u00eancias de atua\u00e7\u00e3o: a social e a estrutural. N\u00f3s optamos por priorizar a social\u201d, disse, ao cumprimentar os Ilza de Oliveira Almeida, nova secret\u00e1ria de Assist\u00eancia Social e Cidadania, e Margarida Helena Nogueira de Paula, que assumiu a coordena\u00e7\u00e3o do Fundo Social de Solidariedade. <\/p>\n<p>Deixaram os postos, a vice-prefeita, Eneide Maria Moreira de Lima, que acumulava a fun\u00e7\u00e3o de coordenadora do Fundo Social de Solidariedade (FSS), e o vereador Ulisses Correia, que retorna \u00e0 C\u00e2mara Municipal. Ambos fizeram um balan\u00e7o de suas atua\u00e7\u00f5es \u00e0 frente dos \u00f3rg\u00e3os antes da passagem dos cargos.<\/p>\n<p>Funcion\u00e1ria de carreira, Ilza de Oliveira Almeida, que j\u00e1 exercera outros postos na pr\u00f3pria Secretaria, parabenizou cada funcion\u00e1rio pela compet\u00eancia j\u00e1 comprovada em outras ocasi\u00f5es. \u201cSei que cada um dos meus colegas mata um le\u00e3o por dia no sentido de melhor atender aos necessitados. Para atuar nesta \u00e1rea, al\u00e9m do profissionalismo, o funcion\u00e1rio precisa ter muita sensibilidade e colocar-se no lugar das pessoas que buscam o atendimento\u201d, frisou. A nova secret\u00e1ria destacou que o desafio \u00e9 coletivo, pois o munic\u00edpio precisa continuar avan\u00e7ando e aprimorando o atendimento no segmento social da administra\u00e7\u00e3o.<\/p>\n<p>Ap\u00f3s a solenidade, foi inaugurada a nova sede da Secretaria de A\u00e7\u00e3o Social e Cidadania, na rua Santana do Jacar\u00e9, 84, ao lado do Pa\u00e7o Municipal, no Bom Clima, telefone 2087-7400.&nbsp; <\/p>\n","protected":false},"excerpt":{"rendered":"O prefeito El\u00f3i Piet\u00e1 destacou na manh\u00e3 de ter\u00e7a-feira, 25, no audit\u00f3rio do Pa\u00e7o Municipal, que a \u00e1rea social \u00e9 uma das prioridades \n<a class=\"moretag\" href=\"https:\/\/www.aceguarulhos.com.br\/blog\/cerim%c3%b4nia-marca-posse-dos-novos-titulares-da-%c3%a1rea-social\/\"> [...]<\/a>","protected":false},"author":8,"featured_media":0,"comment_status":"open","ping_status":"open","sticky":false,"template":"","format":"standard","meta":{"footnotes":""},"categories":[2],"tags":[],"class_list":["post-33057","post","type-post","status-publish","format-standard","hentry","category-noticias"],"yoast_head":"<!-- This site is optimized with the Yoast SEO plugin v28.1 - https:\/\/yoast.com\/product\/yoast-seo-wordpress\/ -->\n<title>Cerim\u00f4nia marca posse dos novos titulares da \u00e1rea social - ACE-Guarulhos<\/title>\n<meta name=\"robots\" content=\"index, follow, max-snippet:-1, max-image-preview:large, max-video-preview:-1\" \/>\n<link rel=\"canonical\" href=\"https:\/\/www.aceguarulhos.com.br\/blog\/cerim\u00f4nia-marca-posse-dos-novos-titulares-da-\u00e1rea-social\/\" \/>\n<meta property=\"og:locale\" content=\"pt_BR\" \/>\n<meta property=\"og:type\" content=\"article\" \/>\n<meta property=\"og:title\" content=\"Cerim\u00f4nia marca posse dos novos titulares da \u00e1rea social - ACE-Guarulhos\" \/>\n<meta property=\"og:description\" content=\"O prefeito El\u00f3i Piet\u00e1 destacou na manh\u00e3 de ter\u00e7a-feira, 25, no audit\u00f3rio do Pa\u00e7o Municipal, que a \u00e1rea social \u00e9 uma das prioridades\" \/>\n<meta property=\"og:url\" content=\"https:\/\/www.aceguarulhos.com.br\/blog\/cerim\u00f4nia-marca-posse-dos-novos-titulares-da-\u00e1rea-social\/\" \/>\n<meta property=\"og:site_name\" content=\"ACE-Guarulhos\" \/>\n<meta property=\"article:publisher\" content=\"https:\/\/www.facebook.com\/aceguarulhos\/\" \/>\n<meta property=\"article:published_time\" content=\"2008-03-26T08:30:38+00:00\" \/>\n<meta name=\"author\" content=\"Assessoria de Imprensa ACE-Guarulhos\" \/>\n<meta name=\"twitter:card\" content=\"summary_large_image\" \/>\n<meta name=\"twitter:label1\" content=\"Escrito por\" \/>\n\t<meta name=\"twitter:data1\" content=\"Assessoria de Imprensa ACE-Guarulhos\" \/>\n\t<meta name=\"twitter:label2\" content=\"Est. tempo de leitura\" \/>\n\t<meta name=\"twitter:data2\" content=\"2 minutos\" \/>\n<script type=\"application\/ld+json\" class=\"yoast-schema-graph\">{\"@context\":\"https:\\\/\\\/schema.org\",\"@graph\":[{\"@type\":\"Article\",\"@id\":\"https:\\\/\\\/www.aceguarulhos.com.br\\\/blog\\\/cerim%c3%b4nia-marca-posse-dos-novos-titulares-da-%c3%a1rea-social\\\/#article\",\"isPartOf\":{\"@id\":\"https:\\\/\\\/www.aceguarulhos.com.br\\\/blog\\\/cerim%c3%b4nia-marca-posse-dos-novos-titulares-da-%c3%a1rea-social\\\/\"},\"author\":{\"name\":\"Assessoria de Imprensa ACE-Guarulhos\",\"@id\":\"https:\\\/\\\/www.aceguarulhos.com.br\\\/blog\\\/#\\\/schema\\\/person\\\/6983b51bad37489989e4f09698c26237\"},\"headline\":\"Cerim\u00f4nia marca posse dos novos titulares da \u00e1rea social\",\"datePublished\":\"2008-03-26T08:30:38+00:00\",\"mainEntityOfPage\":{\"@id\":\"https:\\\/\\\/www.aceguarulhos.com.br\\\/blog\\\/cerim%c3%b4nia-marca-posse-dos-novos-titulares-da-%c3%a1rea-social\\\/\"},\"wordCount\":312,\"commentCount\":0,\"publisher\":{\"@id\":\"https:\\\/\\\/www.aceguarulhos.com.br\\\/blog\\\/#organization\"},\"articleSection\":[\"Not\u00edcias\"],\"inLanguage\":\"pt-BR\"},{\"@type\":\"WebPage\",\"@id\":\"https:\\\/\\\/www.aceguarulhos.com.br\\\/blog\\\/cerim%c3%b4nia-marca-posse-dos-novos-titulares-da-%c3%a1rea-social\\\/\",\"url\":\"https:\\\/\\\/www.aceguarulhos.com.br\\\/blog\\\/cerim%c3%b4nia-marca-posse-dos-novos-titulares-da-%c3%a1rea-social\\\/\",\"name\":\"Cerim\u00f4nia marca posse dos novos titulares da \u00e1rea social - ACE-Guarulhos\",\"isPartOf\":{\"@id\":\"https:\\\/\\\/www.aceguarulhos.com.br\\\/blog\\\/#website\"},\"datePublished\":\"2008-03-26T08:30:38+00:00\",\"breadcrumb\":{\"@id\":\"https:\\\/\\\/www.aceguarulhos.com.br\\\/blog\\\/cerim%c3%b4nia-marca-posse-dos-novos-titulares-da-%c3%a1rea-social\\\/#breadcrumb\"},\"inLanguage\":\"pt-BR\",\"potentialAction\":[{\"@type\":\"ReadAction\",\"target\":[\"https:\\\/\\\/www.aceguarulhos.com.br\\\/blog\\\/cerim%c3%b4nia-marca-posse-dos-novos-titulares-da-%c3%a1rea-social\\\/\"]}]},{\"@type\":\"BreadcrumbList\",\"@id\":\"https:\\\/\\\/www.aceguarulhos.com.br\\\/blog\\\/cerim%c3%b4nia-marca-posse-dos-novos-titulares-da-%c3%a1rea-social\\\/#breadcrumb\",\"itemListElement\":[{\"@type\":\"ListItem\",\"position\":1,\"name\":\"In\u00edcio\",\"item\":\"https:\\\/\\\/www.aceguarulhos.com.br\\\/blog\\\/\"},{\"@type\":\"ListItem\",\"position\":2,\"name\":\"Cerim\u00f4nia marca posse dos novos titulares da \u00e1rea social\"}]},{\"@type\":\"WebSite\",\"@id\":\"https:\\\/\\\/www.aceguarulhos.com.br\\\/blog\\\/#website\",\"url\":\"https:\\\/\\\/www.aceguarulhos.com.br\\\/blog\\\/\",\"name\":\"ACE-Guarulhos\",\"description\":\"A ACE-Guarulhos \u00e9 uma associa\u00e7\u00e3o que ap\u00f3ia os empres\u00e1rios guarulhenses atrav\u00e9s da representa\u00e7\u00e3o, da gera\u00e7\u00e3o de neg\u00f3cios e presta\u00e7\u00e3o de servi\u00e7os.\",\"publisher\":{\"@id\":\"https:\\\/\\\/www.aceguarulhos.com.br\\\/blog\\\/#organization\"},\"potentialAction\":[{\"@type\":\"SearchAction\",\"target\":{\"@type\":\"EntryPoint\",\"urlTemplate\":\"https:\\\/\\\/www.aceguarulhos.com.br\\\/blog\\\/?s={search_term_string}\"},\"query-input\":{\"@type\":\"PropertyValueSpecification\",\"valueRequired\":true,\"valueName\":\"search_term_string\"}}],\"inLanguage\":\"pt-BR\"},{\"@type\":\"Organization\",\"@id\":\"https:\\\/\\\/www.aceguarulhos.com.br\\\/blog\\\/#organization\",\"name\":\"ACE-Guarulhos\",\"url\":\"https:\\\/\\\/www.aceguarulhos.com.br\\\/blog\\\/\",\"logo\":{\"@type\":\"ImageObject\",\"inLanguage\":\"pt-BR\",\"@id\":\"https:\\\/\\\/www.aceguarulhos.com.br\\\/blog\\\/#\\\/schema\\\/logo\\\/image\\\/\",\"url\":\"https:\\\/\\\/www.aceguarulhos.com.br\\\/blog\\\/wp-content\\\/uploads\\\/2017\\\/12\\\/logo-aceguarulhos-2018.png\",\"contentUrl\":\"https:\\\/\\\/www.aceguarulhos.com.br\\\/blog\\\/wp-content\\\/uploads\\\/2017\\\/12\\\/logo-aceguarulhos-2018.png\",\"width\":419,\"height\":76,\"caption\":\"ACE-Guarulhos\"},\"image\":{\"@id\":\"https:\\\/\\\/www.aceguarulhos.com.br\\\/blog\\\/#\\\/schema\\\/logo\\\/image\\\/\"},\"sameAs\":[\"https:\\\/\\\/www.facebook.com\\\/aceguarulhos\\\/\",\"https:\\\/\\\/br.linkedin.com\\\/in\\\/ace-guarulhos-b9a97093\",\"https:\\\/\\\/www.youtube.com\\\/user\\\/aceguarulhos\"]},{\"@type\":\"Person\",\"@id\":\"https:\\\/\\\/www.aceguarulhos.com.br\\\/blog\\\/#\\\/schema\\\/person\\\/6983b51bad37489989e4f09698c26237\",\"name\":\"Assessoria de Imprensa ACE-Guarulhos\",\"image\":{\"@type\":\"ImageObject\",\"inLanguage\":\"pt-BR\",\"@id\":\"https:\\\/\\\/secure.gravatar.com\\\/avatar\\\/707f3fadd6918afeb64173ab22d8a8cb0676953098a4f31ff36dc2b4c699ef6a?s=96&d=mm&r=g\",\"url\":\"https:\\\/\\\/secure.gravatar.com\\\/avatar\\\/707f3fadd6918afeb64173ab22d8a8cb0676953098a4f31ff36dc2b4c699ef6a?s=96&d=mm&r=g\",\"contentUrl\":\"https:\\\/\\\/secure.gravatar.com\\\/avatar\\\/707f3fadd6918afeb64173ab22d8a8cb0676953098a4f31ff36dc2b4c699ef6a?s=96&d=mm&r=g\",\"caption\":\"Assessoria de Imprensa ACE-Guarulhos\"},\"url\":\"https:\\\/\\\/www.aceguarulhos.com.br\\\/blog\\\/author\\\/assessoria-de-imprensa-ace-guarulhos\\\/\"}]}<\/script>\n<!-- \/ Yoast SEO plugin. -->","yoast_head_json":{"title":"Cerim\u00f4nia marca posse dos novos titulares da \u00e1rea social - ACE-Guarulhos","robots":{"index":"index","follow":"follow","max-snippet":"max-snippet:-1","max-image-preview":"max-image-preview:large","max-video-preview":"max-video-preview:-1"},"canonical":"https:\/\/www.aceguarulhos.com.br\/blog\/cerim\u00f4nia-marca-posse-dos-novos-titulares-da-\u00e1rea-social\/","og_locale":"pt_BR","og_type":"article","og_title":"Cerim\u00f4nia marca posse dos novos titulares da \u00e1rea social - ACE-Guarulhos","og_description":"O prefeito El\u00f3i Piet\u00e1 destacou na manh\u00e3 de ter\u00e7a-feira, 25, no audit\u00f3rio do Pa\u00e7o Municipal, que a \u00e1rea social \u00e9 uma das prioridades","og_url":"https:\/\/www.aceguarulhos.com.br\/blog\/cerim\u00f4nia-marca-posse-dos-novos-titulares-da-\u00e1rea-social\/","og_site_name":"ACE-Guarulhos","article_publisher":"https:\/\/www.facebook.com\/aceguarulhos\/","article_published_time":"2008-03-26T08:30:38+00:00","author":"Assessoria de Imprensa ACE-Guarulhos","twitter_card":"summary_large_image","twitter_misc":{"Escrito por":"Assessoria de Imprensa ACE-Guarulhos","Est. tempo de leitura":"2 minutos"},"schema":{"@context":"https:\/\/schema.org","@graph":[{"@type":"Article","@id":"https:\/\/www.aceguarulhos.com.br\/blog\/cerim%c3%b4nia-marca-posse-dos-novos-titulares-da-%c3%a1rea-social\/#article","isPartOf":{"@id":"https:\/\/www.aceguarulhos.com.br\/blog\/cerim%c3%b4nia-marca-posse-dos-novos-titulares-da-%c3%a1rea-social\/"},"author":{"name":"Assessoria de Imprensa ACE-Guarulhos","@id":"https:\/\/www.aceguarulhos.com.br\/blog\/#\/schema\/person\/6983b51bad37489989e4f09698c26237"},"headline":"Cerim\u00f4nia marca posse dos novos titulares da \u00e1rea social","datePublished":"2008-03-26T08:30:38+00:00","mainEntityOfPage":{"@id":"https:\/\/www.aceguarulhos.com.br\/blog\/cerim%c3%b4nia-marca-posse-dos-novos-titulares-da-%c3%a1rea-social\/"},"wordCount":312,"commentCount":0,"publisher":{"@id":"https:\/\/www.aceguarulhos.com.br\/blog\/#organization"},"articleSection":["Not\u00edcias"],"inLanguage":"pt-BR"},{"@type":"WebPage","@id":"https:\/\/www.aceguarulhos.com.br\/blog\/cerim%c3%b4nia-marca-posse-dos-novos-titulares-da-%c3%a1rea-social\/","url":"https:\/\/www.aceguarulhos.com.br\/blog\/cerim%c3%b4nia-marca-posse-dos-novos-titulares-da-%c3%a1rea-social\/","name":"Cerim\u00f4nia marca posse dos novos titulares da \u00e1rea social - ACE-Guarulhos","isPartOf":{"@id":"https:\/\/www.aceguarulhos.com.br\/blog\/#website"},"datePublished":"2008-03-26T08:30:38+00:00","breadcrumb":{"@id":"https:\/\/www.aceguarulhos.com.br\/blog\/cerim%c3%b4nia-marca-posse-dos-novos-titulares-da-%c3%a1rea-social\/#breadcrumb"},"inLanguage":"pt-BR","potentialAction":[{"@type":"ReadAction","target":["https:\/\/www.aceguarulhos.com.br\/blog\/cerim%c3%b4nia-marca-posse-dos-novos-titulares-da-%c3%a1rea-social\/"]}]},{"@type":"BreadcrumbList","@id":"https:\/\/www.aceguarulhos.com.br\/blog\/cerim%c3%b4nia-marca-posse-dos-novos-titulares-da-%c3%a1rea-social\/#breadcrumb","itemListElement":[{"@type":"ListItem","position":1,"name":"In\u00edcio","item":"https:\/\/www.aceguarulhos.com.br\/blog\/"},{"@type":"ListItem","position":2,"name":"Cerim\u00f4nia marca posse dos novos titulares da \u00e1rea social"}]},{"@type":"WebSite","@id":"https:\/\/www.aceguarulhos.com.br\/blog\/#website","url":"https:\/\/www.aceguarulhos.com.br\/blog\/","name":"ACE-Guarulhos","description":"A ACE-Guarulhos \u00e9 uma associa\u00e7\u00e3o que ap\u00f3ia os empres\u00e1rios guarulhenses atrav\u00e9s da representa\u00e7\u00e3o, da gera\u00e7\u00e3o de neg\u00f3cios e presta\u00e7\u00e3o de servi\u00e7os.","publisher":{"@id":"https:\/\/www.aceguarulhos.com.br\/blog\/#organization"},"potentialAction":[{"@type":"SearchAction","target":{"@type":"EntryPoint","urlTemplate":"https:\/\/www.aceguarulhos.com.br\/blog\/?s={search_term_string}"},"query-input":{"@type":"PropertyValueSpecification","valueRequired":true,"valueName":"search_term_string"}}],"inLanguage":"pt-BR"},{"@type":"Organization","@id":"https:\/\/www.aceguarulhos.com.br\/blog\/#organization","name":"ACE-Guarulhos","url":"https:\/\/www.aceguarulhos.com.br\/blog\/","logo":{"@type":"ImageObject","inLanguage":"pt-BR","@id":"https:\/\/www.aceguarulhos.com.br\/blog\/#\/schema\/logo\/image\/","url":"https:\/\/www.aceguarulhos.com.br\/blog\/wp-content\/uploads\/2017\/12\/logo-aceguarulhos-2018.png","contentUrl":"https:\/\/www.aceguarulhos.com.br\/blog\/wp-content\/uploads\/2017\/12\/logo-aceguarulhos-2018.png","width":419,"height":76,"caption":"ACE-Guarulhos"},"image":{"@id":"https:\/\/www.aceguarulhos.com.br\/blog\/#\/schema\/logo\/image\/"},"sameAs":["https:\/\/www.facebook.com\/aceguarulhos\/","https:\/\/br.linkedin.com\/in\/ace-guarulhos-b9a97093","https:\/\/www.youtube.com\/user\/aceguarulhos"]},{"@type":"Person","@id":"https:\/\/www.aceguarulhos.com.br\/blog\/#\/schema\/person\/6983b51bad37489989e4f09698c26237","name":"Assessoria de Imprensa ACE-Guarulhos","image":{"@type":"ImageObject","inLanguage":"pt-BR","@id":"https:\/\/secure.gravatar.com\/avatar\/707f3fadd6918afeb64173ab22d8a8cb0676953098a4f31ff36dc2b4c699ef6a?s=96&d=mm&r=g","url":"https:\/\/secure.gravatar.com\/avatar\/707f3fadd6918afeb64173ab22d8a8cb0676953098a4f31ff36dc2b4c699ef6a?s=96&d=mm&r=g","contentUrl":"https:\/\/secure.gravatar.com\/avatar\/707f3fadd6918afeb64173ab22d8a8cb0676953098a4f31ff36dc2b4c699ef6a?s=96&d=mm&r=g","caption":"Assessoria de Imprensa ACE-Guarulhos"},"url":"https:\/\/www.aceguarulhos.com.br\/blog\/author\/assessoria-de-imprensa-ace-guarulhos\/"}]}},"wps_subtitle":"","amp_enabled":true,"_links":{"self":[{"href":"https:\/\/www.aceguarulhos.com.br\/blog\/wp-json\/wp\/v2\/posts\/33057","targetHints":{"allow":["GET"]}}],"collection":[{"href":"https:\/\/www.aceguarulhos.com.br\/blog\/wp-json\/wp\/v2\/posts"}],"about":[{"href":"https:\/\/www.aceguarulhos.com.br\/blog\/wp-json\/wp\/v2\/types\/post"}],"author":[{"embeddable":true,"href":"https:\/\/www.aceguarulhos.com.br\/blog\/wp-json\/wp\/v2\/users\/8"}],"replies":[{"embeddable":true,"href":"https:\/\/www.aceguarulhos.com.br\/blog\/wp-json\/wp\/v2\/comments?post=33057"}],"version-history":[{"count":0,"href":"https:\/\/www.aceguarulhos.com.br\/blog\/wp-json\/wp\/v2\/posts\/33057\/revisions"}],"wp:attachment":[{"href":"https:\/\/www.aceguarulhos.com.br\/blog\/wp-json\/wp\/v2\/media?parent=33057"}],"wp:term":[{"taxonomy":"category","embeddable":true,"href":"https:\/\/www.aceguarulhos.com.br\/blog\/wp-json\/wp\/v2\/categories?post=33057"},{"taxonomy":"post_tag","embeddable":true,"href":"https:\/\/www.aceguarulhos.com.br\/blog\/wp-json\/wp\/v2\/tags?post=33057"}],"curies":[{"name":"wp","href":"https:\/\/api.w.org\/{rel}","templated":true}]}}