{"id":33007,"date":"2008-03-14T17:16:08","date_gmt":"2008-03-14T17:16:08","guid":{"rendered":"http:\/\/www.aceguarulhos.com.br\/blog\/?p=33007"},"modified":"-0001-11-30T00:00:00","modified_gmt":"-0001-11-30T03:00:00","slug":"%c3%aanfase-%c3%a0-forma%c3%a7%c3%a3o-de-jovens-empreendedores-1","status":"publish","type":"post","link":"https:\/\/www.aceguarulhos.com.br\/blog\/%c3%aanfase-%c3%a0-forma%c3%a7%c3%a3o-de-jovens-empreendedores-1\/","title":{"rendered":"\u00canfase \u00e0 forma\u00e7\u00e3o de jovens empreendedores"},"content":{"rendered":"<p>Incluir o empreendedorismo no curr\u00edculo das escolas e faculdades paulistas \u00e9 um dos objetivos de longo prazo da 1\u00aa Semana do Empreendedor Jovem Paulistano, que acontece na C\u00e2mara Municipal de S\u00e3o Paulo desde segunda-feira, 10, e que se estende at\u00e9 hoje, com palestras em v\u00e1rios locais da cidade.<br \/><center><\/p>\n<p class=\"midia\" style=\"width: 280px;\"><img loading=\"lazy\" decoding=\"async\" src=\"\/blog\/wp-content\/uploads\/image.php?x=i&amp;i1=100&amp;i2=20080314171541\" title=\"ACE\" height=\"420\" width=\"280\"><br \/>Oct\u00e1vio Thomeo, diretor do NJE-Guarulhos<\/p>\n<p><\/center>&#8220;Abrir espa\u00e7o para os jovens \u00e9 prioridade da gest\u00e3o do presidente da Associa\u00e7\u00e3o Comercial de S\u00e3o Paulo (ACSP), Alencar Burti, como forma de oxigenar e renovar os quadros da entidade&#8221;, disse o vice-presidente Moacir Roberto Boscolo, que representou Burti na abertura do evento. De acordo com ele, esse trabalho tem sido intensificado nas 15 sedes distritais da ACSP, com a cria\u00e7\u00e3o e amplia\u00e7\u00e3o de n\u00facleos jovens. <\/p>\n<p>Segundo Boscolo, a decis\u00e3o de Burti \u00e9 obter, com essas lideran\u00e7as, maior penetra\u00e7\u00e3o da entidade junto \u00e0s universidades, tanto na capital como no interior, por meio dos n\u00facleos jovens da Federa\u00e7\u00e3o das Associa\u00e7\u00f5es Comerciais do Estado de S\u00e3o Paulo (Facesp). &#8220;Com isso, vamos levar adiante a\u00e7\u00f5es para melhorar o ambiente de neg\u00f3cios para empreendedores paulistas.&#8221; <\/p>\n<p>O secret\u00e1rio estadual de Emprego e Rela\u00e7\u00f5es do Trabalho, Guilherme Afif Domingos, lembrou a cria\u00e7\u00e3o do primeiro F\u00f3rum Jovem Empres\u00e1rio (FJE) da ACSP, durante sua gest\u00e3o \u00e0 frente da entidade, em 1984. &#8220;Nosso trabalho deu frutos&#8221;, disse Afif. De acordo com o secret\u00e1rio, o FJE propiciou o aparecimento de diversos l\u00edderes, como o prefeito Gilberto Kassab (DEM). <\/p>\n<p>Para Afif, o est\u00edmulo ao empreendedorismo e as a\u00e7\u00f5es contra a burocracia poder\u00e3o conter a informalidade, que atinge hoje 3,2 milh\u00f5es de paulistas. &#8220;A figura do MEI (micro empreendedor individual) \u00e9 uma bandeira nossa prestes a se tornar realidade&#8221;, destacou. <\/p>\n<p>O coordenador do FJE da ACSP, G\u00eanys Alves J\u00fanior, acrescentou que &#8220;Afif foi o grande semeador do movimento jovem que hoje se espalha pelo Brasil&#8221;. Para ele, a 1\u00aa Semana vai ampliar e fortalecer uma nova safra de empreendedores jovens de S\u00e3o Paulo. &#8220;Assim, ser\u00e1 poss\u00edvel colaborar para o desenvolvimento do Pa\u00eds&#8221;, afirmou. J\u00falio C\u00e9sar Bueno, ex-coordenador do FJE-ACSP, disse que &#8220;o empreendedorismo \u00e9 um tema no qual vale investir porque gera oportunidades para todos&#8221;. <\/p>\n<p>A ACE-Guarulhos formou h\u00e1 dois anos o N\u00facleo de Jovens Empreendedores (NJE). As lideran\u00e7as que participam do NJE com objetivo de fomentar o empreenderorismo percorreu algumas institui\u00e7\u00f5es de ensino para falar do assunto. \u201cQueremos despertar o lado empreendedor dos jovens, j\u00e1 que o emprego no mundo ficar\u00e1 escasso e nada melhor do que levar este ideologia a escola, pois acreditamos que podemos empreender desde pequeno\u201d, disse Oct\u00e1vio Thomeo, diretor do NJE-Guarulhos.<\/p>\n<p>Os interessados em participar do NJE-Guarulhos podem ligar para a Central de Relacionamento da ACE: 11-2137-9333.<\/p>\n","protected":false},"excerpt":{"rendered":"Incluir o empreendedorismo no curr\u00edculo das escolas e faculdades paulistas \u00e9 um dos objetivos de longo prazo da 1\u00aa Semana do Empreendedor Jovem \n<a class=\"moretag\" href=\"https:\/\/www.aceguarulhos.com.br\/blog\/%c3%aanfase-%c3%a0-forma%c3%a7%c3%a3o-de-jovens-empreendedores-1\/\"> [...]<\/a>","protected":false},"author":8,"featured_media":0,"comment_status":"open","ping_status":"open","sticky":false,"template":"","format":"standard","meta":{"footnotes":""},"categories":[2],"tags":[],"class_list":["post-33007","post","type-post","status-publish","format-standard","hentry","category-noticias"],"yoast_head":"<!-- This site is optimized with the Yoast SEO plugin v28.1 - https:\/\/yoast.com\/product\/yoast-seo-wordpress\/ -->\n<title>\u00canfase \u00e0 forma\u00e7\u00e3o de jovens empreendedores - ACE-Guarulhos<\/title>\n<meta name=\"robots\" content=\"index, follow, max-snippet:-1, max-image-preview:large, max-video-preview:-1\" \/>\n<link rel=\"canonical\" href=\"https:\/\/www.aceguarulhos.com.br\/blog\/\u00eanfase-\u00e0-forma\u00e7\u00e3o-de-jovens-empreendedores-1\/\" \/>\n<meta property=\"og:locale\" content=\"pt_BR\" \/>\n<meta property=\"og:type\" content=\"article\" \/>\n<meta property=\"og:title\" content=\"\u00canfase \u00e0 forma\u00e7\u00e3o de jovens empreendedores - ACE-Guarulhos\" \/>\n<meta property=\"og:description\" content=\"Incluir o empreendedorismo no curr\u00edculo das escolas e faculdades paulistas \u00e9 um dos objetivos de longo prazo da 1\u00aa Semana do Empreendedor Jovem\" \/>\n<meta property=\"og:url\" content=\"https:\/\/www.aceguarulhos.com.br\/blog\/\u00eanfase-\u00e0-forma\u00e7\u00e3o-de-jovens-empreendedores-1\/\" \/>\n<meta property=\"og:site_name\" content=\"ACE-Guarulhos\" \/>\n<meta property=\"article:publisher\" content=\"https:\/\/www.facebook.com\/aceguarulhos\/\" \/>\n<meta property=\"article:published_time\" content=\"2008-03-14T17:16:08+00:00\" \/>\n<meta property=\"og:image\" content=\"https:\/\/www.aceguarulhos.com.br\/blog\/wp-content\/uploads\/image.php\" \/>\n<meta name=\"author\" content=\"Assessoria de Imprensa ACE-Guarulhos\" \/>\n<meta name=\"twitter:card\" content=\"summary_large_image\" \/>\n<meta name=\"twitter:label1\" content=\"Escrito por\" \/>\n\t<meta name=\"twitter:data1\" content=\"Assessoria de Imprensa ACE-Guarulhos\" \/>\n\t<meta name=\"twitter:label2\" content=\"Est. tempo de leitura\" \/>\n\t<meta name=\"twitter:data2\" content=\"2 minutos\" \/>\n<script type=\"application\/ld+json\" class=\"yoast-schema-graph\">{\"@context\":\"https:\\\/\\\/schema.org\",\"@graph\":[{\"@type\":\"Article\",\"@id\":\"https:\\\/\\\/www.aceguarulhos.com.br\\\/blog\\\/%c3%aanfase-%c3%a0-forma%c3%a7%c3%a3o-de-jovens-empreendedores-1\\\/#article\",\"isPartOf\":{\"@id\":\"https:\\\/\\\/www.aceguarulhos.com.br\\\/blog\\\/%c3%aanfase-%c3%a0-forma%c3%a7%c3%a3o-de-jovens-empreendedores-1\\\/\"},\"author\":{\"name\":\"Assessoria de Imprensa ACE-Guarulhos\",\"@id\":\"https:\\\/\\\/www.aceguarulhos.com.br\\\/blog\\\/#\\\/schema\\\/person\\\/6983b51bad37489989e4f09698c26237\"},\"headline\":\"\u00canfase \u00e0 forma\u00e7\u00e3o de jovens empreendedores\",\"datePublished\":\"2008-03-14T17:16:08+00:00\",\"mainEntityOfPage\":{\"@id\":\"https:\\\/\\\/www.aceguarulhos.com.br\\\/blog\\\/%c3%aanfase-%c3%a0-forma%c3%a7%c3%a3o-de-jovens-empreendedores-1\\\/\"},\"wordCount\":472,\"commentCount\":0,\"publisher\":{\"@id\":\"https:\\\/\\\/www.aceguarulhos.com.br\\\/blog\\\/#organization\"},\"articleSection\":[\"Not\u00edcias\"],\"inLanguage\":\"pt-BR\"},{\"@type\":\"WebPage\",\"@id\":\"https:\\\/\\\/www.aceguarulhos.com.br\\\/blog\\\/%c3%aanfase-%c3%a0-forma%c3%a7%c3%a3o-de-jovens-empreendedores-1\\\/\",\"url\":\"https:\\\/\\\/www.aceguarulhos.com.br\\\/blog\\\/%c3%aanfase-%c3%a0-forma%c3%a7%c3%a3o-de-jovens-empreendedores-1\\\/\",\"name\":\"\u00canfase \u00e0 forma\u00e7\u00e3o de jovens empreendedores - ACE-Guarulhos\",\"isPartOf\":{\"@id\":\"https:\\\/\\\/www.aceguarulhos.com.br\\\/blog\\\/#website\"},\"datePublished\":\"2008-03-14T17:16:08+00:00\",\"breadcrumb\":{\"@id\":\"https:\\\/\\\/www.aceguarulhos.com.br\\\/blog\\\/%c3%aanfase-%c3%a0-forma%c3%a7%c3%a3o-de-jovens-empreendedores-1\\\/#breadcrumb\"},\"inLanguage\":\"pt-BR\",\"potentialAction\":[{\"@type\":\"ReadAction\",\"target\":[\"https:\\\/\\\/www.aceguarulhos.com.br\\\/blog\\\/%c3%aanfase-%c3%a0-forma%c3%a7%c3%a3o-de-jovens-empreendedores-1\\\/\"]}]},{\"@type\":\"BreadcrumbList\",\"@id\":\"https:\\\/\\\/www.aceguarulhos.com.br\\\/blog\\\/%c3%aanfase-%c3%a0-forma%c3%a7%c3%a3o-de-jovens-empreendedores-1\\\/#breadcrumb\",\"itemListElement\":[{\"@type\":\"ListItem\",\"position\":1,\"name\":\"In\u00edcio\",\"item\":\"https:\\\/\\\/www.aceguarulhos.com.br\\\/blog\\\/\"},{\"@type\":\"ListItem\",\"position\":2,\"name\":\"\u00canfase \u00e0 forma\u00e7\u00e3o de jovens empreendedores\"}]},{\"@type\":\"WebSite\",\"@id\":\"https:\\\/\\\/www.aceguarulhos.com.br\\\/blog\\\/#website\",\"url\":\"https:\\\/\\\/www.aceguarulhos.com.br\\\/blog\\\/\",\"name\":\"ACE-Guarulhos\",\"description\":\"A ACE-Guarulhos \u00e9 uma associa\u00e7\u00e3o que ap\u00f3ia os empres\u00e1rios guarulhenses atrav\u00e9s da representa\u00e7\u00e3o, da gera\u00e7\u00e3o de neg\u00f3cios e presta\u00e7\u00e3o de servi\u00e7os.\",\"publisher\":{\"@id\":\"https:\\\/\\\/www.aceguarulhos.com.br\\\/blog\\\/#organization\"},\"potentialAction\":[{\"@type\":\"SearchAction\",\"target\":{\"@type\":\"EntryPoint\",\"urlTemplate\":\"https:\\\/\\\/www.aceguarulhos.com.br\\\/blog\\\/?s={search_term_string}\"},\"query-input\":{\"@type\":\"PropertyValueSpecification\",\"valueRequired\":true,\"valueName\":\"search_term_string\"}}],\"inLanguage\":\"pt-BR\"},{\"@type\":\"Organization\",\"@id\":\"https:\\\/\\\/www.aceguarulhos.com.br\\\/blog\\\/#organization\",\"name\":\"ACE-Guarulhos\",\"url\":\"https:\\\/\\\/www.aceguarulhos.com.br\\\/blog\\\/\",\"logo\":{\"@type\":\"ImageObject\",\"inLanguage\":\"pt-BR\",\"@id\":\"https:\\\/\\\/www.aceguarulhos.com.br\\\/blog\\\/#\\\/schema\\\/logo\\\/image\\\/\",\"url\":\"https:\\\/\\\/www.aceguarulhos.com.br\\\/blog\\\/wp-content\\\/uploads\\\/2017\\\/12\\\/logo-aceguarulhos-2018.png\",\"contentUrl\":\"https:\\\/\\\/www.aceguarulhos.com.br\\\/blog\\\/wp-content\\\/uploads\\\/2017\\\/12\\\/logo-aceguarulhos-2018.png\",\"width\":419,\"height\":76,\"caption\":\"ACE-Guarulhos\"},\"image\":{\"@id\":\"https:\\\/\\\/www.aceguarulhos.com.br\\\/blog\\\/#\\\/schema\\\/logo\\\/image\\\/\"},\"sameAs\":[\"https:\\\/\\\/www.facebook.com\\\/aceguarulhos\\\/\",\"https:\\\/\\\/br.linkedin.com\\\/in\\\/ace-guarulhos-b9a97093\",\"https:\\\/\\\/www.youtube.com\\\/user\\\/aceguarulhos\"]},{\"@type\":\"Person\",\"@id\":\"https:\\\/\\\/www.aceguarulhos.com.br\\\/blog\\\/#\\\/schema\\\/person\\\/6983b51bad37489989e4f09698c26237\",\"name\":\"Assessoria de Imprensa ACE-Guarulhos\",\"image\":{\"@type\":\"ImageObject\",\"inLanguage\":\"pt-BR\",\"@id\":\"https:\\\/\\\/secure.gravatar.com\\\/avatar\\\/707f3fadd6918afeb64173ab22d8a8cb0676953098a4f31ff36dc2b4c699ef6a?s=96&d=mm&r=g\",\"url\":\"https:\\\/\\\/secure.gravatar.com\\\/avatar\\\/707f3fadd6918afeb64173ab22d8a8cb0676953098a4f31ff36dc2b4c699ef6a?s=96&d=mm&r=g\",\"contentUrl\":\"https:\\\/\\\/secure.gravatar.com\\\/avatar\\\/707f3fadd6918afeb64173ab22d8a8cb0676953098a4f31ff36dc2b4c699ef6a?s=96&d=mm&r=g\",\"caption\":\"Assessoria de Imprensa ACE-Guarulhos\"},\"url\":\"https:\\\/\\\/www.aceguarulhos.com.br\\\/blog\\\/author\\\/assessoria-de-imprensa-ace-guarulhos\\\/\"}]}<\/script>\n<!-- \/ Yoast SEO plugin. -->","yoast_head_json":{"title":"\u00canfase \u00e0 forma\u00e7\u00e3o de jovens empreendedores - ACE-Guarulhos","robots":{"index":"index","follow":"follow","max-snippet":"max-snippet:-1","max-image-preview":"max-image-preview:large","max-video-preview":"max-video-preview:-1"},"canonical":"https:\/\/www.aceguarulhos.com.br\/blog\/\u00eanfase-\u00e0-forma\u00e7\u00e3o-de-jovens-empreendedores-1\/","og_locale":"pt_BR","og_type":"article","og_title":"\u00canfase \u00e0 forma\u00e7\u00e3o de jovens empreendedores - ACE-Guarulhos","og_description":"Incluir o empreendedorismo no curr\u00edculo das escolas e faculdades paulistas \u00e9 um dos objetivos de longo prazo da 1\u00aa Semana do Empreendedor Jovem","og_url":"https:\/\/www.aceguarulhos.com.br\/blog\/\u00eanfase-\u00e0-forma\u00e7\u00e3o-de-jovens-empreendedores-1\/","og_site_name":"ACE-Guarulhos","article_publisher":"https:\/\/www.facebook.com\/aceguarulhos\/","article_published_time":"2008-03-14T17:16:08+00:00","og_image":[{"url":"https:\/\/www.aceguarulhos.com.br\/blog\/wp-content\/uploads\/image.php","type":"","width":"","height":""}],"author":"Assessoria de Imprensa ACE-Guarulhos","twitter_card":"summary_large_image","twitter_misc":{"Escrito por":"Assessoria de Imprensa ACE-Guarulhos","Est. tempo de leitura":"2 minutos"},"schema":{"@context":"https:\/\/schema.org","@graph":[{"@type":"Article","@id":"https:\/\/www.aceguarulhos.com.br\/blog\/%c3%aanfase-%c3%a0-forma%c3%a7%c3%a3o-de-jovens-empreendedores-1\/#article","isPartOf":{"@id":"https:\/\/www.aceguarulhos.com.br\/blog\/%c3%aanfase-%c3%a0-forma%c3%a7%c3%a3o-de-jovens-empreendedores-1\/"},"author":{"name":"Assessoria de Imprensa ACE-Guarulhos","@id":"https:\/\/www.aceguarulhos.com.br\/blog\/#\/schema\/person\/6983b51bad37489989e4f09698c26237"},"headline":"\u00canfase \u00e0 forma\u00e7\u00e3o de jovens empreendedores","datePublished":"2008-03-14T17:16:08+00:00","mainEntityOfPage":{"@id":"https:\/\/www.aceguarulhos.com.br\/blog\/%c3%aanfase-%c3%a0-forma%c3%a7%c3%a3o-de-jovens-empreendedores-1\/"},"wordCount":472,"commentCount":0,"publisher":{"@id":"https:\/\/www.aceguarulhos.com.br\/blog\/#organization"},"articleSection":["Not\u00edcias"],"inLanguage":"pt-BR"},{"@type":"WebPage","@id":"https:\/\/www.aceguarulhos.com.br\/blog\/%c3%aanfase-%c3%a0-forma%c3%a7%c3%a3o-de-jovens-empreendedores-1\/","url":"https:\/\/www.aceguarulhos.com.br\/blog\/%c3%aanfase-%c3%a0-forma%c3%a7%c3%a3o-de-jovens-empreendedores-1\/","name":"\u00canfase \u00e0 forma\u00e7\u00e3o de jovens empreendedores - ACE-Guarulhos","isPartOf":{"@id":"https:\/\/www.aceguarulhos.com.br\/blog\/#website"},"datePublished":"2008-03-14T17:16:08+00:00","breadcrumb":{"@id":"https:\/\/www.aceguarulhos.com.br\/blog\/%c3%aanfase-%c3%a0-forma%c3%a7%c3%a3o-de-jovens-empreendedores-1\/#breadcrumb"},"inLanguage":"pt-BR","potentialAction":[{"@type":"ReadAction","target":["https:\/\/www.aceguarulhos.com.br\/blog\/%c3%aanfase-%c3%a0-forma%c3%a7%c3%a3o-de-jovens-empreendedores-1\/"]}]},{"@type":"BreadcrumbList","@id":"https:\/\/www.aceguarulhos.com.br\/blog\/%c3%aanfase-%c3%a0-forma%c3%a7%c3%a3o-de-jovens-empreendedores-1\/#breadcrumb","itemListElement":[{"@type":"ListItem","position":1,"name":"In\u00edcio","item":"https:\/\/www.aceguarulhos.com.br\/blog\/"},{"@type":"ListItem","position":2,"name":"\u00canfase \u00e0 forma\u00e7\u00e3o de jovens empreendedores"}]},{"@type":"WebSite","@id":"https:\/\/www.aceguarulhos.com.br\/blog\/#website","url":"https:\/\/www.aceguarulhos.com.br\/blog\/","name":"ACE-Guarulhos","description":"A ACE-Guarulhos \u00e9 uma associa\u00e7\u00e3o que ap\u00f3ia os empres\u00e1rios guarulhenses atrav\u00e9s da representa\u00e7\u00e3o, da gera\u00e7\u00e3o de neg\u00f3cios e presta\u00e7\u00e3o de servi\u00e7os.","publisher":{"@id":"https:\/\/www.aceguarulhos.com.br\/blog\/#organization"},"potentialAction":[{"@type":"SearchAction","target":{"@type":"EntryPoint","urlTemplate":"https:\/\/www.aceguarulhos.com.br\/blog\/?s={search_term_string}"},"query-input":{"@type":"PropertyValueSpecification","valueRequired":true,"valueName":"search_term_string"}}],"inLanguage":"pt-BR"},{"@type":"Organization","@id":"https:\/\/www.aceguarulhos.com.br\/blog\/#organization","name":"ACE-Guarulhos","url":"https:\/\/www.aceguarulhos.com.br\/blog\/","logo":{"@type":"ImageObject","inLanguage":"pt-BR","@id":"https:\/\/www.aceguarulhos.com.br\/blog\/#\/schema\/logo\/image\/","url":"https:\/\/www.aceguarulhos.com.br\/blog\/wp-content\/uploads\/2017\/12\/logo-aceguarulhos-2018.png","contentUrl":"https:\/\/www.aceguarulhos.com.br\/blog\/wp-content\/uploads\/2017\/12\/logo-aceguarulhos-2018.png","width":419,"height":76,"caption":"ACE-Guarulhos"},"image":{"@id":"https:\/\/www.aceguarulhos.com.br\/blog\/#\/schema\/logo\/image\/"},"sameAs":["https:\/\/www.facebook.com\/aceguarulhos\/","https:\/\/br.linkedin.com\/in\/ace-guarulhos-b9a97093","https:\/\/www.youtube.com\/user\/aceguarulhos"]},{"@type":"Person","@id":"https:\/\/www.aceguarulhos.com.br\/blog\/#\/schema\/person\/6983b51bad37489989e4f09698c26237","name":"Assessoria de Imprensa ACE-Guarulhos","image":{"@type":"ImageObject","inLanguage":"pt-BR","@id":"https:\/\/secure.gravatar.com\/avatar\/707f3fadd6918afeb64173ab22d8a8cb0676953098a4f31ff36dc2b4c699ef6a?s=96&d=mm&r=g","url":"https:\/\/secure.gravatar.com\/avatar\/707f3fadd6918afeb64173ab22d8a8cb0676953098a4f31ff36dc2b4c699ef6a?s=96&d=mm&r=g","contentUrl":"https:\/\/secure.gravatar.com\/avatar\/707f3fadd6918afeb64173ab22d8a8cb0676953098a4f31ff36dc2b4c699ef6a?s=96&d=mm&r=g","caption":"Assessoria de Imprensa ACE-Guarulhos"},"url":"https:\/\/www.aceguarulhos.com.br\/blog\/author\/assessoria-de-imprensa-ace-guarulhos\/"}]}},"wps_subtitle":"","amp_enabled":true,"_links":{"self":[{"href":"https:\/\/www.aceguarulhos.com.br\/blog\/wp-json\/wp\/v2\/posts\/33007","targetHints":{"allow":["GET"]}}],"collection":[{"href":"https:\/\/www.aceguarulhos.com.br\/blog\/wp-json\/wp\/v2\/posts"}],"about":[{"href":"https:\/\/www.aceguarulhos.com.br\/blog\/wp-json\/wp\/v2\/types\/post"}],"author":[{"embeddable":true,"href":"https:\/\/www.aceguarulhos.com.br\/blog\/wp-json\/wp\/v2\/users\/8"}],"replies":[{"embeddable":true,"href":"https:\/\/www.aceguarulhos.com.br\/blog\/wp-json\/wp\/v2\/comments?post=33007"}],"version-history":[{"count":0,"href":"https:\/\/www.aceguarulhos.com.br\/blog\/wp-json\/wp\/v2\/posts\/33007\/revisions"}],"wp:attachment":[{"href":"https:\/\/www.aceguarulhos.com.br\/blog\/wp-json\/wp\/v2\/media?parent=33007"}],"wp:term":[{"taxonomy":"category","embeddable":true,"href":"https:\/\/www.aceguarulhos.com.br\/blog\/wp-json\/wp\/v2\/categories?post=33007"},{"taxonomy":"post_tag","embeddable":true,"href":"https:\/\/www.aceguarulhos.com.br\/blog\/wp-json\/wp\/v2\/tags?post=33007"}],"curies":[{"name":"wp","href":"https:\/\/api.w.org\/{rel}","templated":true}]}}