{"id":32925,"date":"2008-02-29T10:54:58","date_gmt":"2008-02-29T10:54:58","guid":{"rendered":"http:\/\/www.aceguarulhos.com.br\/blog\/?p=32925"},"modified":"-0001-11-30T00:00:00","modified_gmt":"-0001-11-30T03:00:00","slug":"janeiro-tem-a-menor-taxa-de-desemprego-desde-97","status":"publish","type":"post","link":"https:\/\/www.aceguarulhos.com.br\/blog\/janeiro-tem-a-menor-taxa-de-desemprego-desde-97\/","title":{"rendered":"Janeiro tem a menor taxa de desemprego desde 97"},"content":{"rendered":"<p>As informa\u00e7\u00f5es da Pesquisa de Emprego e Desemprego, realizada pela Funda\u00e7\u00e3o Seade e pelo Dieese, na Regi\u00e3o Metropolitana de S\u00e3o Paulo [RMSP], mostram que a taxa de desemprego total praticamente n\u00e3o se alterou, e passou de 13,5%, em dezembro, para 13,6%, em janeiro, movimento t\u00edpico para o per\u00edodo. Esta \u00e9 a menor taxa para janeiro desde 1997. Segundo suas componentes, a taxa de desemprego aberto permaneceu em 9,3% e a de desemprego oculto passou de 4,2% para 4,3%, no per\u00edodo analisado. <\/p>\n<p>O contingente de desempregados permaneceu inalterado em 1.402 mil pessoas. Como 71 mil ocupa\u00e7\u00f5es foram eliminadas e a mesma quantidade de pessoas saiu do mercado de trabalho, o n\u00famero de desempregados n\u00e3o se alterou. <\/p>\n<p>Em janeiro, o n\u00edvel de ocupa\u00e7\u00e3o na RMSP retraiu-se em 0,8%, comportamento usualmente observado no m\u00eas. O contingente de ocupados foi estimado em 8.910 mil pessoas, 71 mil a menos em rela\u00e7\u00e3o ao m\u00eas anterior. Esse resultado deveu-se \u00e0 diminui\u00e7\u00e3o na Ind\u00fastria [1,8%] e no agregado Outros Setores [6,2%, em raz\u00e3o de decr\u00e9scimos usuais para o per\u00edodo na Constru\u00e7\u00e3o Civil e nos Servi\u00e7os Dom\u00e9sticos], atenuada pelo aumento no Com\u00e9rcio [1,1%, mantendo crescimento pelo terceiro m\u00eas consecutivo]. Os Servi\u00e7os registraram relativa estabilidade nesse m\u00eas [0,1%], per\u00edodo em que se costuma observar redu\u00e7\u00e3o. <\/p>\n<p>Entre novembro e dezembro, os rendimentos m\u00e9dios reais de ocupados e de assalariados diminu\u00edram 1,8% e passaram a corresponder a R$ 1.137 e R$ 1.191, respectivamente. Em janeiro, o contingente de desempregados no conjunto das seis regi\u00f5es metropolitanas onde a pesquisa \u00e9 realizada foi estimado em 2.803 mil pessoas, 6 mil a mais do que no m\u00eas anterior. A taxa de desemprego total n\u00e3o variou, mantendo-se em 14,2%. Segundo suas componentes, a taxa de desemprego aberto variou de 9,7% para 9,6% e a de desemprego oculto de 4,4% para 4,6%. <\/p>\n<p>Consulte os resultados da Pesquisa de Emprego e Desemprego no site da Seade: <a href=\"http:\/\/www.seade.gov.br\/\">www.seade.gov.br<\/a>. <\/p>\n","protected":false},"excerpt":{"rendered":"As informa\u00e7\u00f5es da Pesquisa de Emprego e Desemprego, realizada pela Funda\u00e7\u00e3o Seade e pelo Dieese, na Regi\u00e3o Metropolitana de S\u00e3o Paulo [RMSP], mostram \n<a class=\"moretag\" href=\"https:\/\/www.aceguarulhos.com.br\/blog\/janeiro-tem-a-menor-taxa-de-desemprego-desde-97\/\"> [...]<\/a>","protected":false},"author":8,"featured_media":0,"comment_status":"open","ping_status":"open","sticky":false,"template":"","format":"standard","meta":{"footnotes":""},"categories":[2],"tags":[],"class_list":["post-32925","post","type-post","status-publish","format-standard","hentry","category-noticias"],"yoast_head":"<!-- This site is optimized with the Yoast SEO plugin v28.1 - https:\/\/yoast.com\/product\/yoast-seo-wordpress\/ -->\n<title>Janeiro tem a menor taxa de desemprego desde 97 - ACE-Guarulhos<\/title>\n<meta name=\"robots\" content=\"index, follow, max-snippet:-1, max-image-preview:large, max-video-preview:-1\" \/>\n<link rel=\"canonical\" href=\"https:\/\/www.aceguarulhos.com.br\/blog\/janeiro-tem-a-menor-taxa-de-desemprego-desde-97\/\" \/>\n<meta property=\"og:locale\" content=\"pt_BR\" \/>\n<meta property=\"og:type\" content=\"article\" \/>\n<meta property=\"og:title\" content=\"Janeiro tem a menor taxa de desemprego desde 97 - ACE-Guarulhos\" \/>\n<meta property=\"og:description\" content=\"As informa\u00e7\u00f5es da Pesquisa de Emprego e Desemprego, realizada pela Funda\u00e7\u00e3o Seade e pelo Dieese, na Regi\u00e3o Metropolitana de S\u00e3o Paulo [RMSP], mostram\" \/>\n<meta property=\"og:url\" content=\"https:\/\/www.aceguarulhos.com.br\/blog\/janeiro-tem-a-menor-taxa-de-desemprego-desde-97\/\" \/>\n<meta property=\"og:site_name\" content=\"ACE-Guarulhos\" \/>\n<meta property=\"article:publisher\" content=\"https:\/\/www.facebook.com\/aceguarulhos\/\" \/>\n<meta property=\"article:published_time\" content=\"2008-02-29T10:54:58+00:00\" \/>\n<meta name=\"author\" content=\"Assessoria de Imprensa ACE-Guarulhos\" \/>\n<meta name=\"twitter:card\" content=\"summary_large_image\" \/>\n<meta name=\"twitter:label1\" content=\"Escrito por\" \/>\n\t<meta name=\"twitter:data1\" content=\"Assessoria de Imprensa ACE-Guarulhos\" \/>\n\t<meta name=\"twitter:label2\" content=\"Est. tempo de leitura\" \/>\n\t<meta name=\"twitter:data2\" content=\"2 minutos\" \/>\n<script type=\"application\/ld+json\" class=\"yoast-schema-graph\">{\"@context\":\"https:\\\/\\\/schema.org\",\"@graph\":[{\"@type\":\"Article\",\"@id\":\"https:\\\/\\\/www.aceguarulhos.com.br\\\/blog\\\/janeiro-tem-a-menor-taxa-de-desemprego-desde-97\\\/#article\",\"isPartOf\":{\"@id\":\"https:\\\/\\\/www.aceguarulhos.com.br\\\/blog\\\/janeiro-tem-a-menor-taxa-de-desemprego-desde-97\\\/\"},\"author\":{\"name\":\"Assessoria de Imprensa ACE-Guarulhos\",\"@id\":\"https:\\\/\\\/www.aceguarulhos.com.br\\\/blog\\\/#\\\/schema\\\/person\\\/6983b51bad37489989e4f09698c26237\"},\"headline\":\"Janeiro tem a menor taxa de desemprego desde 97\",\"datePublished\":\"2008-02-29T10:54:58+00:00\",\"mainEntityOfPage\":{\"@id\":\"https:\\\/\\\/www.aceguarulhos.com.br\\\/blog\\\/janeiro-tem-a-menor-taxa-de-desemprego-desde-97\\\/\"},\"wordCount\":328,\"commentCount\":0,\"publisher\":{\"@id\":\"https:\\\/\\\/www.aceguarulhos.com.br\\\/blog\\\/#organization\"},\"articleSection\":[\"Not\u00edcias\"],\"inLanguage\":\"pt-BR\"},{\"@type\":\"WebPage\",\"@id\":\"https:\\\/\\\/www.aceguarulhos.com.br\\\/blog\\\/janeiro-tem-a-menor-taxa-de-desemprego-desde-97\\\/\",\"url\":\"https:\\\/\\\/www.aceguarulhos.com.br\\\/blog\\\/janeiro-tem-a-menor-taxa-de-desemprego-desde-97\\\/\",\"name\":\"Janeiro tem a menor taxa de desemprego desde 97 - ACE-Guarulhos\",\"isPartOf\":{\"@id\":\"https:\\\/\\\/www.aceguarulhos.com.br\\\/blog\\\/#website\"},\"datePublished\":\"2008-02-29T10:54:58+00:00\",\"breadcrumb\":{\"@id\":\"https:\\\/\\\/www.aceguarulhos.com.br\\\/blog\\\/janeiro-tem-a-menor-taxa-de-desemprego-desde-97\\\/#breadcrumb\"},\"inLanguage\":\"pt-BR\",\"potentialAction\":[{\"@type\":\"ReadAction\",\"target\":[\"https:\\\/\\\/www.aceguarulhos.com.br\\\/blog\\\/janeiro-tem-a-menor-taxa-de-desemprego-desde-97\\\/\"]}]},{\"@type\":\"BreadcrumbList\",\"@id\":\"https:\\\/\\\/www.aceguarulhos.com.br\\\/blog\\\/janeiro-tem-a-menor-taxa-de-desemprego-desde-97\\\/#breadcrumb\",\"itemListElement\":[{\"@type\":\"ListItem\",\"position\":1,\"name\":\"In\u00edcio\",\"item\":\"https:\\\/\\\/www.aceguarulhos.com.br\\\/blog\\\/\"},{\"@type\":\"ListItem\",\"position\":2,\"name\":\"Janeiro tem a menor taxa de desemprego desde 97\"}]},{\"@type\":\"WebSite\",\"@id\":\"https:\\\/\\\/www.aceguarulhos.com.br\\\/blog\\\/#website\",\"url\":\"https:\\\/\\\/www.aceguarulhos.com.br\\\/blog\\\/\",\"name\":\"ACE-Guarulhos\",\"description\":\"A ACE-Guarulhos \u00e9 uma associa\u00e7\u00e3o que ap\u00f3ia os empres\u00e1rios guarulhenses atrav\u00e9s da representa\u00e7\u00e3o, da gera\u00e7\u00e3o de neg\u00f3cios e presta\u00e7\u00e3o de servi\u00e7os.\",\"publisher\":{\"@id\":\"https:\\\/\\\/www.aceguarulhos.com.br\\\/blog\\\/#organization\"},\"potentialAction\":[{\"@type\":\"SearchAction\",\"target\":{\"@type\":\"EntryPoint\",\"urlTemplate\":\"https:\\\/\\\/www.aceguarulhos.com.br\\\/blog\\\/?s={search_term_string}\"},\"query-input\":{\"@type\":\"PropertyValueSpecification\",\"valueRequired\":true,\"valueName\":\"search_term_string\"}}],\"inLanguage\":\"pt-BR\"},{\"@type\":\"Organization\",\"@id\":\"https:\\\/\\\/www.aceguarulhos.com.br\\\/blog\\\/#organization\",\"name\":\"ACE-Guarulhos\",\"url\":\"https:\\\/\\\/www.aceguarulhos.com.br\\\/blog\\\/\",\"logo\":{\"@type\":\"ImageObject\",\"inLanguage\":\"pt-BR\",\"@id\":\"https:\\\/\\\/www.aceguarulhos.com.br\\\/blog\\\/#\\\/schema\\\/logo\\\/image\\\/\",\"url\":\"https:\\\/\\\/www.aceguarulhos.com.br\\\/blog\\\/wp-content\\\/uploads\\\/2017\\\/12\\\/logo-aceguarulhos-2018.png\",\"contentUrl\":\"https:\\\/\\\/www.aceguarulhos.com.br\\\/blog\\\/wp-content\\\/uploads\\\/2017\\\/12\\\/logo-aceguarulhos-2018.png\",\"width\":419,\"height\":76,\"caption\":\"ACE-Guarulhos\"},\"image\":{\"@id\":\"https:\\\/\\\/www.aceguarulhos.com.br\\\/blog\\\/#\\\/schema\\\/logo\\\/image\\\/\"},\"sameAs\":[\"https:\\\/\\\/www.facebook.com\\\/aceguarulhos\\\/\",\"https:\\\/\\\/br.linkedin.com\\\/in\\\/ace-guarulhos-b9a97093\",\"https:\\\/\\\/www.youtube.com\\\/user\\\/aceguarulhos\"]},{\"@type\":\"Person\",\"@id\":\"https:\\\/\\\/www.aceguarulhos.com.br\\\/blog\\\/#\\\/schema\\\/person\\\/6983b51bad37489989e4f09698c26237\",\"name\":\"Assessoria de Imprensa ACE-Guarulhos\",\"image\":{\"@type\":\"ImageObject\",\"inLanguage\":\"pt-BR\",\"@id\":\"https:\\\/\\\/secure.gravatar.com\\\/avatar\\\/707f3fadd6918afeb64173ab22d8a8cb0676953098a4f31ff36dc2b4c699ef6a?s=96&d=mm&r=g\",\"url\":\"https:\\\/\\\/secure.gravatar.com\\\/avatar\\\/707f3fadd6918afeb64173ab22d8a8cb0676953098a4f31ff36dc2b4c699ef6a?s=96&d=mm&r=g\",\"contentUrl\":\"https:\\\/\\\/secure.gravatar.com\\\/avatar\\\/707f3fadd6918afeb64173ab22d8a8cb0676953098a4f31ff36dc2b4c699ef6a?s=96&d=mm&r=g\",\"caption\":\"Assessoria de Imprensa ACE-Guarulhos\"},\"url\":\"https:\\\/\\\/www.aceguarulhos.com.br\\\/blog\\\/author\\\/assessoria-de-imprensa-ace-guarulhos\\\/\"}]}<\/script>\n<!-- \/ Yoast SEO plugin. -->","yoast_head_json":{"title":"Janeiro tem a menor taxa de desemprego desde 97 - ACE-Guarulhos","robots":{"index":"index","follow":"follow","max-snippet":"max-snippet:-1","max-image-preview":"max-image-preview:large","max-video-preview":"max-video-preview:-1"},"canonical":"https:\/\/www.aceguarulhos.com.br\/blog\/janeiro-tem-a-menor-taxa-de-desemprego-desde-97\/","og_locale":"pt_BR","og_type":"article","og_title":"Janeiro tem a menor taxa de desemprego desde 97 - ACE-Guarulhos","og_description":"As informa\u00e7\u00f5es da Pesquisa de Emprego e Desemprego, realizada pela Funda\u00e7\u00e3o Seade e pelo Dieese, na Regi\u00e3o Metropolitana de S\u00e3o Paulo [RMSP], mostram","og_url":"https:\/\/www.aceguarulhos.com.br\/blog\/janeiro-tem-a-menor-taxa-de-desemprego-desde-97\/","og_site_name":"ACE-Guarulhos","article_publisher":"https:\/\/www.facebook.com\/aceguarulhos\/","article_published_time":"2008-02-29T10:54:58+00:00","author":"Assessoria de Imprensa ACE-Guarulhos","twitter_card":"summary_large_image","twitter_misc":{"Escrito por":"Assessoria de Imprensa ACE-Guarulhos","Est. tempo de leitura":"2 minutos"},"schema":{"@context":"https:\/\/schema.org","@graph":[{"@type":"Article","@id":"https:\/\/www.aceguarulhos.com.br\/blog\/janeiro-tem-a-menor-taxa-de-desemprego-desde-97\/#article","isPartOf":{"@id":"https:\/\/www.aceguarulhos.com.br\/blog\/janeiro-tem-a-menor-taxa-de-desemprego-desde-97\/"},"author":{"name":"Assessoria de Imprensa ACE-Guarulhos","@id":"https:\/\/www.aceguarulhos.com.br\/blog\/#\/schema\/person\/6983b51bad37489989e4f09698c26237"},"headline":"Janeiro tem a menor taxa de desemprego desde 97","datePublished":"2008-02-29T10:54:58+00:00","mainEntityOfPage":{"@id":"https:\/\/www.aceguarulhos.com.br\/blog\/janeiro-tem-a-menor-taxa-de-desemprego-desde-97\/"},"wordCount":328,"commentCount":0,"publisher":{"@id":"https:\/\/www.aceguarulhos.com.br\/blog\/#organization"},"articleSection":["Not\u00edcias"],"inLanguage":"pt-BR"},{"@type":"WebPage","@id":"https:\/\/www.aceguarulhos.com.br\/blog\/janeiro-tem-a-menor-taxa-de-desemprego-desde-97\/","url":"https:\/\/www.aceguarulhos.com.br\/blog\/janeiro-tem-a-menor-taxa-de-desemprego-desde-97\/","name":"Janeiro tem a menor taxa de desemprego desde 97 - ACE-Guarulhos","isPartOf":{"@id":"https:\/\/www.aceguarulhos.com.br\/blog\/#website"},"datePublished":"2008-02-29T10:54:58+00:00","breadcrumb":{"@id":"https:\/\/www.aceguarulhos.com.br\/blog\/janeiro-tem-a-menor-taxa-de-desemprego-desde-97\/#breadcrumb"},"inLanguage":"pt-BR","potentialAction":[{"@type":"ReadAction","target":["https:\/\/www.aceguarulhos.com.br\/blog\/janeiro-tem-a-menor-taxa-de-desemprego-desde-97\/"]}]},{"@type":"BreadcrumbList","@id":"https:\/\/www.aceguarulhos.com.br\/blog\/janeiro-tem-a-menor-taxa-de-desemprego-desde-97\/#breadcrumb","itemListElement":[{"@type":"ListItem","position":1,"name":"In\u00edcio","item":"https:\/\/www.aceguarulhos.com.br\/blog\/"},{"@type":"ListItem","position":2,"name":"Janeiro tem a menor taxa de desemprego desde 97"}]},{"@type":"WebSite","@id":"https:\/\/www.aceguarulhos.com.br\/blog\/#website","url":"https:\/\/www.aceguarulhos.com.br\/blog\/","name":"ACE-Guarulhos","description":"A ACE-Guarulhos \u00e9 uma associa\u00e7\u00e3o que ap\u00f3ia os empres\u00e1rios guarulhenses atrav\u00e9s da representa\u00e7\u00e3o, da gera\u00e7\u00e3o de neg\u00f3cios e presta\u00e7\u00e3o de servi\u00e7os.","publisher":{"@id":"https:\/\/www.aceguarulhos.com.br\/blog\/#organization"},"potentialAction":[{"@type":"SearchAction","target":{"@type":"EntryPoint","urlTemplate":"https:\/\/www.aceguarulhos.com.br\/blog\/?s={search_term_string}"},"query-input":{"@type":"PropertyValueSpecification","valueRequired":true,"valueName":"search_term_string"}}],"inLanguage":"pt-BR"},{"@type":"Organization","@id":"https:\/\/www.aceguarulhos.com.br\/blog\/#organization","name":"ACE-Guarulhos","url":"https:\/\/www.aceguarulhos.com.br\/blog\/","logo":{"@type":"ImageObject","inLanguage":"pt-BR","@id":"https:\/\/www.aceguarulhos.com.br\/blog\/#\/schema\/logo\/image\/","url":"https:\/\/www.aceguarulhos.com.br\/blog\/wp-content\/uploads\/2017\/12\/logo-aceguarulhos-2018.png","contentUrl":"https:\/\/www.aceguarulhos.com.br\/blog\/wp-content\/uploads\/2017\/12\/logo-aceguarulhos-2018.png","width":419,"height":76,"caption":"ACE-Guarulhos"},"image":{"@id":"https:\/\/www.aceguarulhos.com.br\/blog\/#\/schema\/logo\/image\/"},"sameAs":["https:\/\/www.facebook.com\/aceguarulhos\/","https:\/\/br.linkedin.com\/in\/ace-guarulhos-b9a97093","https:\/\/www.youtube.com\/user\/aceguarulhos"]},{"@type":"Person","@id":"https:\/\/www.aceguarulhos.com.br\/blog\/#\/schema\/person\/6983b51bad37489989e4f09698c26237","name":"Assessoria de Imprensa ACE-Guarulhos","image":{"@type":"ImageObject","inLanguage":"pt-BR","@id":"https:\/\/secure.gravatar.com\/avatar\/707f3fadd6918afeb64173ab22d8a8cb0676953098a4f31ff36dc2b4c699ef6a?s=96&d=mm&r=g","url":"https:\/\/secure.gravatar.com\/avatar\/707f3fadd6918afeb64173ab22d8a8cb0676953098a4f31ff36dc2b4c699ef6a?s=96&d=mm&r=g","contentUrl":"https:\/\/secure.gravatar.com\/avatar\/707f3fadd6918afeb64173ab22d8a8cb0676953098a4f31ff36dc2b4c699ef6a?s=96&d=mm&r=g","caption":"Assessoria de Imprensa ACE-Guarulhos"},"url":"https:\/\/www.aceguarulhos.com.br\/blog\/author\/assessoria-de-imprensa-ace-guarulhos\/"}]}},"wps_subtitle":"","amp_enabled":true,"_links":{"self":[{"href":"https:\/\/www.aceguarulhos.com.br\/blog\/wp-json\/wp\/v2\/posts\/32925","targetHints":{"allow":["GET"]}}],"collection":[{"href":"https:\/\/www.aceguarulhos.com.br\/blog\/wp-json\/wp\/v2\/posts"}],"about":[{"href":"https:\/\/www.aceguarulhos.com.br\/blog\/wp-json\/wp\/v2\/types\/post"}],"author":[{"embeddable":true,"href":"https:\/\/www.aceguarulhos.com.br\/blog\/wp-json\/wp\/v2\/users\/8"}],"replies":[{"embeddable":true,"href":"https:\/\/www.aceguarulhos.com.br\/blog\/wp-json\/wp\/v2\/comments?post=32925"}],"version-history":[{"count":0,"href":"https:\/\/www.aceguarulhos.com.br\/blog\/wp-json\/wp\/v2\/posts\/32925\/revisions"}],"wp:attachment":[{"href":"https:\/\/www.aceguarulhos.com.br\/blog\/wp-json\/wp\/v2\/media?parent=32925"}],"wp:term":[{"taxonomy":"category","embeddable":true,"href":"https:\/\/www.aceguarulhos.com.br\/blog\/wp-json\/wp\/v2\/categories?post=32925"},{"taxonomy":"post_tag","embeddable":true,"href":"https:\/\/www.aceguarulhos.com.br\/blog\/wp-json\/wp\/v2\/tags?post=32925"}],"curies":[{"name":"wp","href":"https:\/\/api.w.org\/{rel}","templated":true}]}}