{"id":32912,"date":"2008-02-27T08:38:24","date_gmt":"2008-02-27T08:38:24","guid":{"rendered":"http:\/\/www.aceguarulhos.com.br\/blog\/?p=32912"},"modified":"-0001-11-30T00:00:00","modified_gmt":"-0001-11-30T03:00:00","slug":"integra%c3%a7%c3%a3o-empresarial-re%c3%bane-n%c3%bacleos-do-empreender","status":"publish","type":"post","link":"https:\/\/www.aceguarulhos.com.br\/blog\/integra%c3%a7%c3%a3o-empresarial-re%c3%bane-n%c3%bacleos-do-empreender\/","title":{"rendered":"Integra\u00e7\u00e3o empresarial re\u00fane n\u00facleos do Empreender"},"content":{"rendered":"<p>O Empreender-Guarulhos realizou na ter\u00e7a-feira, 26, no Hotel Matiz, Integra\u00e7\u00e3o Empresarial entre os n\u00facleos setoriais que integram o programa. O evento teve por objetivo apoiar e fortalecer as micro e pequenas empresas que participam do programa, al\u00e9m de aproximar os empres\u00e1rios a ACE-Guarulhos (Associa\u00e7\u00e3o Comercial e Empresarial).<\/p>\n<p>O presidente da ACE, Wilson Louren\u00e7o, parabenizou a participa\u00e7\u00e3o dos empreendedores. \u201cNossa entidade espera sempre por resultados positivos alcan\u00e7ados pelos n\u00facleos e, desta forma, nos faz acreditar que o programa tem muito a crescer ainda\u201d, disse.<\/p>\n<p>O diretor de rela\u00e7\u00f5es institucionais, Decio Pomp\u00eao Junior, reafirmou que a import\u00e2ncia do Empreender. \u201cO Empreender \u00e9 a menina dos olhos da ACE. Sempre fico emocionado por ver o sucesso obtido pelo programa\u201d, falou.<\/p>\n<p>J\u00e1 o superintende da entidade, Maurici Dias Gomes, salientou que os resultados positivos obtidos s\u00e3o m\u00e9ritos dos empres\u00e1rios participantes. \u201cO programa que faz cinco anos este ano \u00e9 sucesso por conta dos empres\u00e1rios que sempre acreditaram no potencial do Empreender\u201d, salientou.<\/p>\n<p class=\"midia\" style=\"margin: 5px 10px 10px 0pt; float: left; width: 420px;\"><img loading=\"lazy\" decoding=\"async\" src=\"\/blog\/wp-content\/uploads\/image.php?x=i&amp;i1=100&amp;i2=20080227083756\" title=\"ACE-Guarulhos\" height=\"315\" width=\"420\"><br \/>A empresa Omni Internacional realizou palestra no encontro<\/p>\n<p>Os seis n\u00facleos participantes do programa apresentaram os resultados obtidos em 2007, al\u00e9m do planejamento organizado para este ano. Os empres\u00e1rios conferiram, tamb\u00e9m, a palestra motivacional organizada pela Omni Internacional, que patrocinou o encontro.<\/p>\n<p>A possibilidade de crescer com o Empreender \u00e9 a grande novidade para os empres\u00e1rios do mais novo n\u00facleo setorial, o de varejo de confec\u00e7\u00f5es. O Empres\u00e1rio Jo\u00e3o Carlos Bassi est\u00e1 animado. \u201cPara n\u00f3s tudo \u00e9 novo e estamos motivados para nos fortalecermos por meio do associativismo\u201d, disse.<\/p>\n<p>O empres\u00e1rio Devanir Xavier de Abreu, do n\u00facleo de reparadores automotivos, destacou a troca de informa\u00e7\u00f5es entres as empresas. \u201cA troca de informa\u00e7\u00f5es entre os parceiros \u00e9 de suma import\u00e2ncia para que nenhuma empresa corra o risco de morrer\u201d, falou.<\/p>\n<p class=\"midia\" style=\"margin: 5px 10px 10px 0pt; float: left; width: 420px;\"><img loading=\"lazy\" decoding=\"async\" src=\"\/blog\/wp-content\/uploads\/image.php?x=i&amp;i1=100&amp;i2=20080227083655\" title=\"ACE-Guarulhos\" height=\"369\" width=\"420\"><br \/>O empres\u00e1rio Devanir Xavier de Abreu representou o n\u00facleo de reparadores automotivos<\/p>\n<p>O n\u00facleo de contabilidade j\u00e1 planejou como ser\u00e1 o trabalho do grupo em 2008: a implementa\u00e7\u00e3o nos pr\u00f3ximos dois anos do projeto \u201cProfissionalizar para crescer\u201d. \u201cQueremos captar novos clientes e reestruturar nosso escrit\u00f3rios. Para isso, estamos investindo cerca de R$ 300 mil nos pr\u00f3ximos dois anos para financiar o projeto\u201d, disse.<\/p>\n<p><b>Sobre o Empreender <\/b>&#8211; O Programa Empreender Guarulhos \u00e9 desenvolvido em parceria pela ACE-Guarulhos e o Sebrae-SP. Seu comit\u00ea gestor \u00e9 formado pelo SENAI, SENAC, ASEC, FACESP, Banco do Brasil, Ciesp-Guarulhos, Agende, Nossa Caixa, Caixa Econ\u00f4mica Federal, Unifig, Sescon-SP e Prefeitura Municipal de Guarulhos. O programa tem por objetivo detectar problemas e necessidades dos empres\u00e1rios, buscando solu\u00e7\u00f5es que gerem resultados para todos, transformando dificuldades em oportunidades.<\/p>\n<p>Hoje, o Empreender conta com seis n\u00facleos setoriais: Contabilidade, Recursos Humanos (NRH), Centro Automotivo (GRAG), Transporte R\u00e1pidos (NETRAN), Pizzarias e Confec\u00e7\u00f5es.<\/p>\n<p>Mais informa\u00e7\u00f5es sobre o Empreender pelo telefone 2137-9339 (falar com os consultores Wagner \u00c2ntico ou Andr\u00e9ia Silva) ou ainda pelos e-mails: <a href=\"mailto:wagnerantico@aceguarulhos.com.br\">wagnerantico@aceguarulhos.com.br<\/a> e <a href=\"mailto:andreiasilva@aceguarulhos.com.br\">andreiasilva@aceguarulhos.com.br<\/a>.<\/p>\n","protected":false},"excerpt":{"rendered":"O Empreender-Guarulhos realizou na ter\u00e7a-feira, 26, no Hotel Matiz, Integra\u00e7\u00e3o Empresarial entre os n\u00facleos setoriais que integram o programa. O evento teve por \n<a class=\"moretag\" href=\"https:\/\/www.aceguarulhos.com.br\/blog\/integra%c3%a7%c3%a3o-empresarial-re%c3%bane-n%c3%bacleos-do-empreender\/\"> [...]<\/a>","protected":false},"author":8,"featured_media":0,"comment_status":"open","ping_status":"open","sticky":false,"template":"","format":"standard","meta":{"footnotes":""},"categories":[2],"tags":[],"class_list":["post-32912","post","type-post","status-publish","format-standard","hentry","category-noticias"],"yoast_head":"<!-- This site is optimized with the Yoast SEO plugin v28.1 - https:\/\/yoast.com\/product\/yoast-seo-wordpress\/ -->\n<title>Integra\u00e7\u00e3o empresarial re\u00fane n\u00facleos do Empreender - ACE-Guarulhos<\/title>\n<meta name=\"robots\" content=\"index, follow, max-snippet:-1, max-image-preview:large, max-video-preview:-1\" \/>\n<link rel=\"canonical\" href=\"https:\/\/www.aceguarulhos.com.br\/blog\/integra\u00e7\u00e3o-empresarial-re\u00fane-n\u00facleos-do-empreender\/\" \/>\n<meta property=\"og:locale\" content=\"pt_BR\" \/>\n<meta property=\"og:type\" content=\"article\" \/>\n<meta property=\"og:title\" content=\"Integra\u00e7\u00e3o empresarial re\u00fane n\u00facleos do Empreender - ACE-Guarulhos\" \/>\n<meta property=\"og:description\" content=\"O Empreender-Guarulhos realizou na ter\u00e7a-feira, 26, no Hotel Matiz, Integra\u00e7\u00e3o Empresarial entre os n\u00facleos setoriais que integram o programa. O evento teve por\" \/>\n<meta property=\"og:url\" content=\"https:\/\/www.aceguarulhos.com.br\/blog\/integra\u00e7\u00e3o-empresarial-re\u00fane-n\u00facleos-do-empreender\/\" \/>\n<meta property=\"og:site_name\" content=\"ACE-Guarulhos\" \/>\n<meta property=\"article:publisher\" content=\"https:\/\/www.facebook.com\/aceguarulhos\/\" \/>\n<meta property=\"article:published_time\" content=\"2008-02-27T08:38:24+00:00\" \/>\n<meta property=\"og:image\" content=\"https:\/\/www.aceguarulhos.com.br\/blog\/wp-content\/uploads\/image.php\" \/>\n<meta name=\"author\" content=\"Assessoria de Imprensa ACE-Guarulhos\" \/>\n<meta name=\"twitter:card\" content=\"summary_large_image\" \/>\n<meta name=\"twitter:label1\" content=\"Escrito por\" \/>\n\t<meta name=\"twitter:data1\" content=\"Assessoria de Imprensa ACE-Guarulhos\" \/>\n\t<meta name=\"twitter:label2\" content=\"Est. tempo de leitura\" \/>\n\t<meta name=\"twitter:data2\" content=\"3 minutos\" \/>\n<script type=\"application\/ld+json\" class=\"yoast-schema-graph\">{\"@context\":\"https:\\\/\\\/schema.org\",\"@graph\":[{\"@type\":\"Article\",\"@id\":\"https:\\\/\\\/www.aceguarulhos.com.br\\\/blog\\\/integra%c3%a7%c3%a3o-empresarial-re%c3%bane-n%c3%bacleos-do-empreender\\\/#article\",\"isPartOf\":{\"@id\":\"https:\\\/\\\/www.aceguarulhos.com.br\\\/blog\\\/integra%c3%a7%c3%a3o-empresarial-re%c3%bane-n%c3%bacleos-do-empreender\\\/\"},\"author\":{\"name\":\"Assessoria de Imprensa ACE-Guarulhos\",\"@id\":\"https:\\\/\\\/www.aceguarulhos.com.br\\\/blog\\\/#\\\/schema\\\/person\\\/6983b51bad37489989e4f09698c26237\"},\"headline\":\"Integra\u00e7\u00e3o empresarial re\u00fane n\u00facleos do Empreender\",\"datePublished\":\"2008-02-27T08:38:24+00:00\",\"mainEntityOfPage\":{\"@id\":\"https:\\\/\\\/www.aceguarulhos.com.br\\\/blog\\\/integra%c3%a7%c3%a3o-empresarial-re%c3%bane-n%c3%bacleos-do-empreender\\\/\"},\"wordCount\":512,\"commentCount\":0,\"publisher\":{\"@id\":\"https:\\\/\\\/www.aceguarulhos.com.br\\\/blog\\\/#organization\"},\"articleSection\":[\"Not\u00edcias\"],\"inLanguage\":\"pt-BR\"},{\"@type\":\"WebPage\",\"@id\":\"https:\\\/\\\/www.aceguarulhos.com.br\\\/blog\\\/integra%c3%a7%c3%a3o-empresarial-re%c3%bane-n%c3%bacleos-do-empreender\\\/\",\"url\":\"https:\\\/\\\/www.aceguarulhos.com.br\\\/blog\\\/integra%c3%a7%c3%a3o-empresarial-re%c3%bane-n%c3%bacleos-do-empreender\\\/\",\"name\":\"Integra\u00e7\u00e3o empresarial re\u00fane n\u00facleos do Empreender - ACE-Guarulhos\",\"isPartOf\":{\"@id\":\"https:\\\/\\\/www.aceguarulhos.com.br\\\/blog\\\/#website\"},\"datePublished\":\"2008-02-27T08:38:24+00:00\",\"breadcrumb\":{\"@id\":\"https:\\\/\\\/www.aceguarulhos.com.br\\\/blog\\\/integra%c3%a7%c3%a3o-empresarial-re%c3%bane-n%c3%bacleos-do-empreender\\\/#breadcrumb\"},\"inLanguage\":\"pt-BR\",\"potentialAction\":[{\"@type\":\"ReadAction\",\"target\":[\"https:\\\/\\\/www.aceguarulhos.com.br\\\/blog\\\/integra%c3%a7%c3%a3o-empresarial-re%c3%bane-n%c3%bacleos-do-empreender\\\/\"]}]},{\"@type\":\"BreadcrumbList\",\"@id\":\"https:\\\/\\\/www.aceguarulhos.com.br\\\/blog\\\/integra%c3%a7%c3%a3o-empresarial-re%c3%bane-n%c3%bacleos-do-empreender\\\/#breadcrumb\",\"itemListElement\":[{\"@type\":\"ListItem\",\"position\":1,\"name\":\"In\u00edcio\",\"item\":\"https:\\\/\\\/www.aceguarulhos.com.br\\\/blog\\\/\"},{\"@type\":\"ListItem\",\"position\":2,\"name\":\"Integra\u00e7\u00e3o empresarial re\u00fane n\u00facleos do Empreender\"}]},{\"@type\":\"WebSite\",\"@id\":\"https:\\\/\\\/www.aceguarulhos.com.br\\\/blog\\\/#website\",\"url\":\"https:\\\/\\\/www.aceguarulhos.com.br\\\/blog\\\/\",\"name\":\"ACE-Guarulhos\",\"description\":\"A ACE-Guarulhos \u00e9 uma associa\u00e7\u00e3o que ap\u00f3ia os empres\u00e1rios guarulhenses atrav\u00e9s da representa\u00e7\u00e3o, da gera\u00e7\u00e3o de neg\u00f3cios e presta\u00e7\u00e3o de servi\u00e7os.\",\"publisher\":{\"@id\":\"https:\\\/\\\/www.aceguarulhos.com.br\\\/blog\\\/#organization\"},\"potentialAction\":[{\"@type\":\"SearchAction\",\"target\":{\"@type\":\"EntryPoint\",\"urlTemplate\":\"https:\\\/\\\/www.aceguarulhos.com.br\\\/blog\\\/?s={search_term_string}\"},\"query-input\":{\"@type\":\"PropertyValueSpecification\",\"valueRequired\":true,\"valueName\":\"search_term_string\"}}],\"inLanguage\":\"pt-BR\"},{\"@type\":\"Organization\",\"@id\":\"https:\\\/\\\/www.aceguarulhos.com.br\\\/blog\\\/#organization\",\"name\":\"ACE-Guarulhos\",\"url\":\"https:\\\/\\\/www.aceguarulhos.com.br\\\/blog\\\/\",\"logo\":{\"@type\":\"ImageObject\",\"inLanguage\":\"pt-BR\",\"@id\":\"https:\\\/\\\/www.aceguarulhos.com.br\\\/blog\\\/#\\\/schema\\\/logo\\\/image\\\/\",\"url\":\"https:\\\/\\\/www.aceguarulhos.com.br\\\/blog\\\/wp-content\\\/uploads\\\/2017\\\/12\\\/logo-aceguarulhos-2018.png\",\"contentUrl\":\"https:\\\/\\\/www.aceguarulhos.com.br\\\/blog\\\/wp-content\\\/uploads\\\/2017\\\/12\\\/logo-aceguarulhos-2018.png\",\"width\":419,\"height\":76,\"caption\":\"ACE-Guarulhos\"},\"image\":{\"@id\":\"https:\\\/\\\/www.aceguarulhos.com.br\\\/blog\\\/#\\\/schema\\\/logo\\\/image\\\/\"},\"sameAs\":[\"https:\\\/\\\/www.facebook.com\\\/aceguarulhos\\\/\",\"https:\\\/\\\/br.linkedin.com\\\/in\\\/ace-guarulhos-b9a97093\",\"https:\\\/\\\/www.youtube.com\\\/user\\\/aceguarulhos\"]},{\"@type\":\"Person\",\"@id\":\"https:\\\/\\\/www.aceguarulhos.com.br\\\/blog\\\/#\\\/schema\\\/person\\\/6983b51bad37489989e4f09698c26237\",\"name\":\"Assessoria de Imprensa ACE-Guarulhos\",\"image\":{\"@type\":\"ImageObject\",\"inLanguage\":\"pt-BR\",\"@id\":\"https:\\\/\\\/secure.gravatar.com\\\/avatar\\\/707f3fadd6918afeb64173ab22d8a8cb0676953098a4f31ff36dc2b4c699ef6a?s=96&d=mm&r=g\",\"url\":\"https:\\\/\\\/secure.gravatar.com\\\/avatar\\\/707f3fadd6918afeb64173ab22d8a8cb0676953098a4f31ff36dc2b4c699ef6a?s=96&d=mm&r=g\",\"contentUrl\":\"https:\\\/\\\/secure.gravatar.com\\\/avatar\\\/707f3fadd6918afeb64173ab22d8a8cb0676953098a4f31ff36dc2b4c699ef6a?s=96&d=mm&r=g\",\"caption\":\"Assessoria de Imprensa ACE-Guarulhos\"},\"url\":\"https:\\\/\\\/www.aceguarulhos.com.br\\\/blog\\\/author\\\/assessoria-de-imprensa-ace-guarulhos\\\/\"}]}<\/script>\n<!-- \/ Yoast SEO plugin. -->","yoast_head_json":{"title":"Integra\u00e7\u00e3o empresarial re\u00fane n\u00facleos do Empreender - ACE-Guarulhos","robots":{"index":"index","follow":"follow","max-snippet":"max-snippet:-1","max-image-preview":"max-image-preview:large","max-video-preview":"max-video-preview:-1"},"canonical":"https:\/\/www.aceguarulhos.com.br\/blog\/integra\u00e7\u00e3o-empresarial-re\u00fane-n\u00facleos-do-empreender\/","og_locale":"pt_BR","og_type":"article","og_title":"Integra\u00e7\u00e3o empresarial re\u00fane n\u00facleos do Empreender - ACE-Guarulhos","og_description":"O Empreender-Guarulhos realizou na ter\u00e7a-feira, 26, no Hotel Matiz, Integra\u00e7\u00e3o Empresarial entre os n\u00facleos setoriais que integram o programa. O evento teve por","og_url":"https:\/\/www.aceguarulhos.com.br\/blog\/integra\u00e7\u00e3o-empresarial-re\u00fane-n\u00facleos-do-empreender\/","og_site_name":"ACE-Guarulhos","article_publisher":"https:\/\/www.facebook.com\/aceguarulhos\/","article_published_time":"2008-02-27T08:38:24+00:00","og_image":[{"url":"https:\/\/www.aceguarulhos.com.br\/blog\/wp-content\/uploads\/image.php","type":"","width":"","height":""}],"author":"Assessoria de Imprensa ACE-Guarulhos","twitter_card":"summary_large_image","twitter_misc":{"Escrito por":"Assessoria de Imprensa ACE-Guarulhos","Est. tempo de leitura":"3 minutos"},"schema":{"@context":"https:\/\/schema.org","@graph":[{"@type":"Article","@id":"https:\/\/www.aceguarulhos.com.br\/blog\/integra%c3%a7%c3%a3o-empresarial-re%c3%bane-n%c3%bacleos-do-empreender\/#article","isPartOf":{"@id":"https:\/\/www.aceguarulhos.com.br\/blog\/integra%c3%a7%c3%a3o-empresarial-re%c3%bane-n%c3%bacleos-do-empreender\/"},"author":{"name":"Assessoria de Imprensa ACE-Guarulhos","@id":"https:\/\/www.aceguarulhos.com.br\/blog\/#\/schema\/person\/6983b51bad37489989e4f09698c26237"},"headline":"Integra\u00e7\u00e3o empresarial re\u00fane n\u00facleos do Empreender","datePublished":"2008-02-27T08:38:24+00:00","mainEntityOfPage":{"@id":"https:\/\/www.aceguarulhos.com.br\/blog\/integra%c3%a7%c3%a3o-empresarial-re%c3%bane-n%c3%bacleos-do-empreender\/"},"wordCount":512,"commentCount":0,"publisher":{"@id":"https:\/\/www.aceguarulhos.com.br\/blog\/#organization"},"articleSection":["Not\u00edcias"],"inLanguage":"pt-BR"},{"@type":"WebPage","@id":"https:\/\/www.aceguarulhos.com.br\/blog\/integra%c3%a7%c3%a3o-empresarial-re%c3%bane-n%c3%bacleos-do-empreender\/","url":"https:\/\/www.aceguarulhos.com.br\/blog\/integra%c3%a7%c3%a3o-empresarial-re%c3%bane-n%c3%bacleos-do-empreender\/","name":"Integra\u00e7\u00e3o empresarial re\u00fane n\u00facleos do Empreender - ACE-Guarulhos","isPartOf":{"@id":"https:\/\/www.aceguarulhos.com.br\/blog\/#website"},"datePublished":"2008-02-27T08:38:24+00:00","breadcrumb":{"@id":"https:\/\/www.aceguarulhos.com.br\/blog\/integra%c3%a7%c3%a3o-empresarial-re%c3%bane-n%c3%bacleos-do-empreender\/#breadcrumb"},"inLanguage":"pt-BR","potentialAction":[{"@type":"ReadAction","target":["https:\/\/www.aceguarulhos.com.br\/blog\/integra%c3%a7%c3%a3o-empresarial-re%c3%bane-n%c3%bacleos-do-empreender\/"]}]},{"@type":"BreadcrumbList","@id":"https:\/\/www.aceguarulhos.com.br\/blog\/integra%c3%a7%c3%a3o-empresarial-re%c3%bane-n%c3%bacleos-do-empreender\/#breadcrumb","itemListElement":[{"@type":"ListItem","position":1,"name":"In\u00edcio","item":"https:\/\/www.aceguarulhos.com.br\/blog\/"},{"@type":"ListItem","position":2,"name":"Integra\u00e7\u00e3o empresarial re\u00fane n\u00facleos do Empreender"}]},{"@type":"WebSite","@id":"https:\/\/www.aceguarulhos.com.br\/blog\/#website","url":"https:\/\/www.aceguarulhos.com.br\/blog\/","name":"ACE-Guarulhos","description":"A ACE-Guarulhos \u00e9 uma associa\u00e7\u00e3o que ap\u00f3ia os empres\u00e1rios guarulhenses atrav\u00e9s da representa\u00e7\u00e3o, da gera\u00e7\u00e3o de neg\u00f3cios e presta\u00e7\u00e3o de servi\u00e7os.","publisher":{"@id":"https:\/\/www.aceguarulhos.com.br\/blog\/#organization"},"potentialAction":[{"@type":"SearchAction","target":{"@type":"EntryPoint","urlTemplate":"https:\/\/www.aceguarulhos.com.br\/blog\/?s={search_term_string}"},"query-input":{"@type":"PropertyValueSpecification","valueRequired":true,"valueName":"search_term_string"}}],"inLanguage":"pt-BR"},{"@type":"Organization","@id":"https:\/\/www.aceguarulhos.com.br\/blog\/#organization","name":"ACE-Guarulhos","url":"https:\/\/www.aceguarulhos.com.br\/blog\/","logo":{"@type":"ImageObject","inLanguage":"pt-BR","@id":"https:\/\/www.aceguarulhos.com.br\/blog\/#\/schema\/logo\/image\/","url":"https:\/\/www.aceguarulhos.com.br\/blog\/wp-content\/uploads\/2017\/12\/logo-aceguarulhos-2018.png","contentUrl":"https:\/\/www.aceguarulhos.com.br\/blog\/wp-content\/uploads\/2017\/12\/logo-aceguarulhos-2018.png","width":419,"height":76,"caption":"ACE-Guarulhos"},"image":{"@id":"https:\/\/www.aceguarulhos.com.br\/blog\/#\/schema\/logo\/image\/"},"sameAs":["https:\/\/www.facebook.com\/aceguarulhos\/","https:\/\/br.linkedin.com\/in\/ace-guarulhos-b9a97093","https:\/\/www.youtube.com\/user\/aceguarulhos"]},{"@type":"Person","@id":"https:\/\/www.aceguarulhos.com.br\/blog\/#\/schema\/person\/6983b51bad37489989e4f09698c26237","name":"Assessoria de Imprensa ACE-Guarulhos","image":{"@type":"ImageObject","inLanguage":"pt-BR","@id":"https:\/\/secure.gravatar.com\/avatar\/707f3fadd6918afeb64173ab22d8a8cb0676953098a4f31ff36dc2b4c699ef6a?s=96&d=mm&r=g","url":"https:\/\/secure.gravatar.com\/avatar\/707f3fadd6918afeb64173ab22d8a8cb0676953098a4f31ff36dc2b4c699ef6a?s=96&d=mm&r=g","contentUrl":"https:\/\/secure.gravatar.com\/avatar\/707f3fadd6918afeb64173ab22d8a8cb0676953098a4f31ff36dc2b4c699ef6a?s=96&d=mm&r=g","caption":"Assessoria de Imprensa ACE-Guarulhos"},"url":"https:\/\/www.aceguarulhos.com.br\/blog\/author\/assessoria-de-imprensa-ace-guarulhos\/"}]}},"wps_subtitle":"","amp_enabled":true,"_links":{"self":[{"href":"https:\/\/www.aceguarulhos.com.br\/blog\/wp-json\/wp\/v2\/posts\/32912","targetHints":{"allow":["GET"]}}],"collection":[{"href":"https:\/\/www.aceguarulhos.com.br\/blog\/wp-json\/wp\/v2\/posts"}],"about":[{"href":"https:\/\/www.aceguarulhos.com.br\/blog\/wp-json\/wp\/v2\/types\/post"}],"author":[{"embeddable":true,"href":"https:\/\/www.aceguarulhos.com.br\/blog\/wp-json\/wp\/v2\/users\/8"}],"replies":[{"embeddable":true,"href":"https:\/\/www.aceguarulhos.com.br\/blog\/wp-json\/wp\/v2\/comments?post=32912"}],"version-history":[{"count":0,"href":"https:\/\/www.aceguarulhos.com.br\/blog\/wp-json\/wp\/v2\/posts\/32912\/revisions"}],"wp:attachment":[{"href":"https:\/\/www.aceguarulhos.com.br\/blog\/wp-json\/wp\/v2\/media?parent=32912"}],"wp:term":[{"taxonomy":"category","embeddable":true,"href":"https:\/\/www.aceguarulhos.com.br\/blog\/wp-json\/wp\/v2\/categories?post=32912"},{"taxonomy":"post_tag","embeddable":true,"href":"https:\/\/www.aceguarulhos.com.br\/blog\/wp-json\/wp\/v2\/tags?post=32912"}],"curies":[{"name":"wp","href":"https:\/\/api.w.org\/{rel}","templated":true}]}}