{"id":32902,"date":"2008-02-26T08:28:35","date_gmt":"2008-02-26T08:28:35","guid":{"rendered":"http:\/\/www.aceguarulhos.com.br\/blog\/?p=32902"},"modified":"-0001-11-30T00:00:00","modified_gmt":"-0001-11-30T03:00:00","slug":"balan%c3%a7a-tem-d%c3%a9ficit-semanal","status":"publish","type":"post","link":"https:\/\/www.aceguarulhos.com.br\/blog\/balan%c3%a7a-tem-d%c3%a9ficit-semanal\/","title":{"rendered":"Balan\u00e7a tem d\u00e9ficit semanal"},"content":{"rendered":"<p>Depois de quase seis anos sem n\u00fameros negativos nos saldos semanais, a balan\u00e7a comercial brasileira fechou a quarta semana de fevereiro com d\u00e9ficit de US$ 81 milh\u00f5es. Nesse per\u00edodo, as importa\u00e7\u00f5es, de US$ 3,724 bilh\u00f5es, superaram as exporta\u00e7\u00f5es, de US$ 3,666 bilh\u00f5es. Nos registros da Secretaria de Com\u00e9rcio Exterior (Secex), o d\u00e9ficit semanal anterior era do m\u00eas de maio de 2002. <\/p>\n<p>Na semana passada, as importa\u00e7\u00f5es bateram recorde semanal, especialmente por causa das aquisi\u00e7\u00f5es de combust\u00edveis e lubrificantes, itens que voltaram a liderar a pauta de importa\u00e7\u00f5es brasileiras. <\/p>\n<p>O ministro do Desenvolvimento, Ind\u00fastria e Com\u00e9rcio Exterior, Miguel Jorge, tentou rebater as interpreta\u00e7\u00f5es de que a balan\u00e7a tende a apresentar saldos positivos cada vez menores e, depois, passar a ter d\u00e9ficit. Para ele, os dados da \u00faltima semana representam uma situa\u00e7\u00e3o excepcional, que atribuiu ao aumento do pre\u00e7o do petr\u00f3leo e \u00e0 retomada das compras de trigo da Argentina. O ministro citou ainda o impacto da alta das importa\u00e7\u00f5es de bens de capital, decorrente do d\u00f3lar mais barato. &#8220;O d\u00e9ficit semanal da balan\u00e7a n\u00e3o \u00e9 uma tend\u00eancia, n\u00e3o \u00e9 um problema estrutural&#8221;, disse. <\/p>\n<p>O vice-presidente da Associa\u00e7\u00e3o de Com\u00e9rcio Exterior do Brasil (AEB), Jos\u00e9 Augusto de Castro, concordou com a an\u00e1lise do ministro. Por\u00e9m, de acordo com ele, a tend\u00eancia \u00e9 de que o ritmo das importa\u00e7\u00f5es seja mais acelerado do que o das exporta\u00e7\u00f5es. &#8220;Ao longo do ano, outras semanas podem apresentar d\u00e9ficit. Mas n\u00e3o acredito que chegaremos a ter um m\u00eas com saldo negativo na balan\u00e7a comercial porque os pre\u00e7os das commodities est\u00e3o muito elevados&#8221;, disse. <\/p>\n<p>No m\u00eas<b> \u2013<\/b> O saldo acumulado da balan\u00e7a comercial nas quatro semanas de fevereiro foi positivo: alcan\u00e7ou US$ 976 milh\u00f5es \u2013 menos da metade do registrado em igual per\u00edodo de 2007. As exporta\u00e7\u00f5es somaram US$ 9,819 bilh\u00f5es, com m\u00e9dia di\u00e1ria de US$ 701,4 milh\u00f5es, volume recorde para meses de fevereiro. As importa\u00e7\u00f5es chegaram a US$ 8,843 bilh\u00f5es, com m\u00e9dia di\u00e1ria de US$ 631 milh\u00f5es, 57,2% maior do que a apurada em fevereiro do ano passado. <\/p>\n<p>Desde 1\u00ba de janeiro, o resultado acumulado na balan\u00e7a comercial \u00e9 de US$ 1,92 bilh\u00e3o. Em igual per\u00edodo do ano passado, o super\u00e1vit estava em US$ 4,997 bilh\u00f5es. A AEB estima que o super\u00e1vit comercial brasileiro em 2008 ser\u00e1 de US$ 30 bilh\u00f5es, ante US$ 40 bilh\u00f5es no ano passado. <\/p>\n<p>Normalmente avesso a fazer previs\u00f5es para o saldo das transa\u00e7\u00f5es comerciais do Pa\u00eds com o exterior, o Minist\u00e9rio do Desenvolvimento anunciou ontem a revis\u00e3o de sua estimativa para as exporta\u00e7\u00f5es, antes fixada em US$ 172 bilh\u00f5es. De acordo com o ministro Jorge, beneficiados pelo aumento de aproximadamente 65% nos pre\u00e7os do min\u00e9rio de ferro vendidos pela Vale do Rio Doce, os embarques brasileiros devem atingir de US$ 175 bilh\u00f5es a US$ 180 bilh\u00f5es neste ano. Em 2009, devem chegar a US$ 200 bilh\u00f5es.<\/p>\n","protected":false},"excerpt":{"rendered":"Depois de quase seis anos sem n\u00fameros negativos nos saldos semanais, a balan\u00e7a comercial brasileira fechou a quarta semana de fevereiro com d\u00e9ficit \n<a class=\"moretag\" href=\"https:\/\/www.aceguarulhos.com.br\/blog\/balan%c3%a7a-tem-d%c3%a9ficit-semanal\/\"> [...]<\/a>","protected":false},"author":8,"featured_media":0,"comment_status":"open","ping_status":"open","sticky":false,"template":"","format":"standard","meta":{"footnotes":""},"categories":[2],"tags":[],"class_list":["post-32902","post","type-post","status-publish","format-standard","hentry","category-noticias"],"yoast_head":"<!-- This site is optimized with the Yoast SEO plugin v28.1 - https:\/\/yoast.com\/product\/yoast-seo-wordpress\/ -->\n<title>Balan\u00e7a tem d\u00e9ficit semanal - ACE-Guarulhos<\/title>\n<meta name=\"robots\" content=\"index, follow, max-snippet:-1, max-image-preview:large, max-video-preview:-1\" \/>\n<link rel=\"canonical\" href=\"https:\/\/www.aceguarulhos.com.br\/blog\/balan\u00e7a-tem-d\u00e9ficit-semanal\/\" \/>\n<meta property=\"og:locale\" content=\"pt_BR\" \/>\n<meta property=\"og:type\" content=\"article\" \/>\n<meta property=\"og:title\" content=\"Balan\u00e7a tem d\u00e9ficit semanal - ACE-Guarulhos\" \/>\n<meta property=\"og:description\" content=\"Depois de quase seis anos sem n\u00fameros negativos nos saldos semanais, a balan\u00e7a comercial brasileira fechou a quarta semana de fevereiro com d\u00e9ficit\" \/>\n<meta property=\"og:url\" content=\"https:\/\/www.aceguarulhos.com.br\/blog\/balan\u00e7a-tem-d\u00e9ficit-semanal\/\" \/>\n<meta property=\"og:site_name\" content=\"ACE-Guarulhos\" \/>\n<meta property=\"article:publisher\" content=\"https:\/\/www.facebook.com\/aceguarulhos\/\" \/>\n<meta property=\"article:published_time\" content=\"2008-02-26T08:28:35+00:00\" \/>\n<meta name=\"author\" content=\"Assessoria de Imprensa ACE-Guarulhos\" \/>\n<meta name=\"twitter:card\" content=\"summary_large_image\" \/>\n<meta name=\"twitter:label1\" content=\"Escrito por\" \/>\n\t<meta name=\"twitter:data1\" content=\"Assessoria de Imprensa ACE-Guarulhos\" \/>\n\t<meta name=\"twitter:label2\" content=\"Est. tempo de leitura\" \/>\n\t<meta name=\"twitter:data2\" content=\"3 minutos\" \/>\n<script type=\"application\/ld+json\" class=\"yoast-schema-graph\">{\"@context\":\"https:\\\/\\\/schema.org\",\"@graph\":[{\"@type\":\"Article\",\"@id\":\"https:\\\/\\\/www.aceguarulhos.com.br\\\/blog\\\/balan%c3%a7a-tem-d%c3%a9ficit-semanal\\\/#article\",\"isPartOf\":{\"@id\":\"https:\\\/\\\/www.aceguarulhos.com.br\\\/blog\\\/balan%c3%a7a-tem-d%c3%a9ficit-semanal\\\/\"},\"author\":{\"name\":\"Assessoria de Imprensa ACE-Guarulhos\",\"@id\":\"https:\\\/\\\/www.aceguarulhos.com.br\\\/blog\\\/#\\\/schema\\\/person\\\/6983b51bad37489989e4f09698c26237\"},\"headline\":\"Balan\u00e7a tem d\u00e9ficit semanal\",\"datePublished\":\"2008-02-26T08:28:35+00:00\",\"mainEntityOfPage\":{\"@id\":\"https:\\\/\\\/www.aceguarulhos.com.br\\\/blog\\\/balan%c3%a7a-tem-d%c3%a9ficit-semanal\\\/\"},\"wordCount\":520,\"commentCount\":0,\"publisher\":{\"@id\":\"https:\\\/\\\/www.aceguarulhos.com.br\\\/blog\\\/#organization\"},\"articleSection\":[\"Not\u00edcias\"],\"inLanguage\":\"pt-BR\"},{\"@type\":\"WebPage\",\"@id\":\"https:\\\/\\\/www.aceguarulhos.com.br\\\/blog\\\/balan%c3%a7a-tem-d%c3%a9ficit-semanal\\\/\",\"url\":\"https:\\\/\\\/www.aceguarulhos.com.br\\\/blog\\\/balan%c3%a7a-tem-d%c3%a9ficit-semanal\\\/\",\"name\":\"Balan\u00e7a tem d\u00e9ficit semanal - ACE-Guarulhos\",\"isPartOf\":{\"@id\":\"https:\\\/\\\/www.aceguarulhos.com.br\\\/blog\\\/#website\"},\"datePublished\":\"2008-02-26T08:28:35+00:00\",\"breadcrumb\":{\"@id\":\"https:\\\/\\\/www.aceguarulhos.com.br\\\/blog\\\/balan%c3%a7a-tem-d%c3%a9ficit-semanal\\\/#breadcrumb\"},\"inLanguage\":\"pt-BR\",\"potentialAction\":[{\"@type\":\"ReadAction\",\"target\":[\"https:\\\/\\\/www.aceguarulhos.com.br\\\/blog\\\/balan%c3%a7a-tem-d%c3%a9ficit-semanal\\\/\"]}]},{\"@type\":\"BreadcrumbList\",\"@id\":\"https:\\\/\\\/www.aceguarulhos.com.br\\\/blog\\\/balan%c3%a7a-tem-d%c3%a9ficit-semanal\\\/#breadcrumb\",\"itemListElement\":[{\"@type\":\"ListItem\",\"position\":1,\"name\":\"In\u00edcio\",\"item\":\"https:\\\/\\\/www.aceguarulhos.com.br\\\/blog\\\/\"},{\"@type\":\"ListItem\",\"position\":2,\"name\":\"Balan\u00e7a tem d\u00e9ficit semanal\"}]},{\"@type\":\"WebSite\",\"@id\":\"https:\\\/\\\/www.aceguarulhos.com.br\\\/blog\\\/#website\",\"url\":\"https:\\\/\\\/www.aceguarulhos.com.br\\\/blog\\\/\",\"name\":\"ACE-Guarulhos\",\"description\":\"A ACE-Guarulhos \u00e9 uma associa\u00e7\u00e3o que ap\u00f3ia os empres\u00e1rios guarulhenses atrav\u00e9s da representa\u00e7\u00e3o, da gera\u00e7\u00e3o de neg\u00f3cios e presta\u00e7\u00e3o de servi\u00e7os.\",\"publisher\":{\"@id\":\"https:\\\/\\\/www.aceguarulhos.com.br\\\/blog\\\/#organization\"},\"potentialAction\":[{\"@type\":\"SearchAction\",\"target\":{\"@type\":\"EntryPoint\",\"urlTemplate\":\"https:\\\/\\\/www.aceguarulhos.com.br\\\/blog\\\/?s={search_term_string}\"},\"query-input\":{\"@type\":\"PropertyValueSpecification\",\"valueRequired\":true,\"valueName\":\"search_term_string\"}}],\"inLanguage\":\"pt-BR\"},{\"@type\":\"Organization\",\"@id\":\"https:\\\/\\\/www.aceguarulhos.com.br\\\/blog\\\/#organization\",\"name\":\"ACE-Guarulhos\",\"url\":\"https:\\\/\\\/www.aceguarulhos.com.br\\\/blog\\\/\",\"logo\":{\"@type\":\"ImageObject\",\"inLanguage\":\"pt-BR\",\"@id\":\"https:\\\/\\\/www.aceguarulhos.com.br\\\/blog\\\/#\\\/schema\\\/logo\\\/image\\\/\",\"url\":\"https:\\\/\\\/www.aceguarulhos.com.br\\\/blog\\\/wp-content\\\/uploads\\\/2017\\\/12\\\/logo-aceguarulhos-2018.png\",\"contentUrl\":\"https:\\\/\\\/www.aceguarulhos.com.br\\\/blog\\\/wp-content\\\/uploads\\\/2017\\\/12\\\/logo-aceguarulhos-2018.png\",\"width\":419,\"height\":76,\"caption\":\"ACE-Guarulhos\"},\"image\":{\"@id\":\"https:\\\/\\\/www.aceguarulhos.com.br\\\/blog\\\/#\\\/schema\\\/logo\\\/image\\\/\"},\"sameAs\":[\"https:\\\/\\\/www.facebook.com\\\/aceguarulhos\\\/\",\"https:\\\/\\\/br.linkedin.com\\\/in\\\/ace-guarulhos-b9a97093\",\"https:\\\/\\\/www.youtube.com\\\/user\\\/aceguarulhos\"]},{\"@type\":\"Person\",\"@id\":\"https:\\\/\\\/www.aceguarulhos.com.br\\\/blog\\\/#\\\/schema\\\/person\\\/6983b51bad37489989e4f09698c26237\",\"name\":\"Assessoria de Imprensa ACE-Guarulhos\",\"image\":{\"@type\":\"ImageObject\",\"inLanguage\":\"pt-BR\",\"@id\":\"https:\\\/\\\/secure.gravatar.com\\\/avatar\\\/707f3fadd6918afeb64173ab22d8a8cb0676953098a4f31ff36dc2b4c699ef6a?s=96&d=mm&r=g\",\"url\":\"https:\\\/\\\/secure.gravatar.com\\\/avatar\\\/707f3fadd6918afeb64173ab22d8a8cb0676953098a4f31ff36dc2b4c699ef6a?s=96&d=mm&r=g\",\"contentUrl\":\"https:\\\/\\\/secure.gravatar.com\\\/avatar\\\/707f3fadd6918afeb64173ab22d8a8cb0676953098a4f31ff36dc2b4c699ef6a?s=96&d=mm&r=g\",\"caption\":\"Assessoria de Imprensa ACE-Guarulhos\"},\"url\":\"https:\\\/\\\/www.aceguarulhos.com.br\\\/blog\\\/author\\\/assessoria-de-imprensa-ace-guarulhos\\\/\"}]}<\/script>\n<!-- \/ Yoast SEO plugin. -->","yoast_head_json":{"title":"Balan\u00e7a tem d\u00e9ficit semanal - ACE-Guarulhos","robots":{"index":"index","follow":"follow","max-snippet":"max-snippet:-1","max-image-preview":"max-image-preview:large","max-video-preview":"max-video-preview:-1"},"canonical":"https:\/\/www.aceguarulhos.com.br\/blog\/balan\u00e7a-tem-d\u00e9ficit-semanal\/","og_locale":"pt_BR","og_type":"article","og_title":"Balan\u00e7a tem d\u00e9ficit semanal - ACE-Guarulhos","og_description":"Depois de quase seis anos sem n\u00fameros negativos nos saldos semanais, a balan\u00e7a comercial brasileira fechou a quarta semana de fevereiro com d\u00e9ficit","og_url":"https:\/\/www.aceguarulhos.com.br\/blog\/balan\u00e7a-tem-d\u00e9ficit-semanal\/","og_site_name":"ACE-Guarulhos","article_publisher":"https:\/\/www.facebook.com\/aceguarulhos\/","article_published_time":"2008-02-26T08:28:35+00:00","author":"Assessoria de Imprensa ACE-Guarulhos","twitter_card":"summary_large_image","twitter_misc":{"Escrito por":"Assessoria de Imprensa ACE-Guarulhos","Est. tempo de leitura":"3 minutos"},"schema":{"@context":"https:\/\/schema.org","@graph":[{"@type":"Article","@id":"https:\/\/www.aceguarulhos.com.br\/blog\/balan%c3%a7a-tem-d%c3%a9ficit-semanal\/#article","isPartOf":{"@id":"https:\/\/www.aceguarulhos.com.br\/blog\/balan%c3%a7a-tem-d%c3%a9ficit-semanal\/"},"author":{"name":"Assessoria de Imprensa ACE-Guarulhos","@id":"https:\/\/www.aceguarulhos.com.br\/blog\/#\/schema\/person\/6983b51bad37489989e4f09698c26237"},"headline":"Balan\u00e7a tem d\u00e9ficit semanal","datePublished":"2008-02-26T08:28:35+00:00","mainEntityOfPage":{"@id":"https:\/\/www.aceguarulhos.com.br\/blog\/balan%c3%a7a-tem-d%c3%a9ficit-semanal\/"},"wordCount":520,"commentCount":0,"publisher":{"@id":"https:\/\/www.aceguarulhos.com.br\/blog\/#organization"},"articleSection":["Not\u00edcias"],"inLanguage":"pt-BR"},{"@type":"WebPage","@id":"https:\/\/www.aceguarulhos.com.br\/blog\/balan%c3%a7a-tem-d%c3%a9ficit-semanal\/","url":"https:\/\/www.aceguarulhos.com.br\/blog\/balan%c3%a7a-tem-d%c3%a9ficit-semanal\/","name":"Balan\u00e7a tem d\u00e9ficit semanal - ACE-Guarulhos","isPartOf":{"@id":"https:\/\/www.aceguarulhos.com.br\/blog\/#website"},"datePublished":"2008-02-26T08:28:35+00:00","breadcrumb":{"@id":"https:\/\/www.aceguarulhos.com.br\/blog\/balan%c3%a7a-tem-d%c3%a9ficit-semanal\/#breadcrumb"},"inLanguage":"pt-BR","potentialAction":[{"@type":"ReadAction","target":["https:\/\/www.aceguarulhos.com.br\/blog\/balan%c3%a7a-tem-d%c3%a9ficit-semanal\/"]}]},{"@type":"BreadcrumbList","@id":"https:\/\/www.aceguarulhos.com.br\/blog\/balan%c3%a7a-tem-d%c3%a9ficit-semanal\/#breadcrumb","itemListElement":[{"@type":"ListItem","position":1,"name":"In\u00edcio","item":"https:\/\/www.aceguarulhos.com.br\/blog\/"},{"@type":"ListItem","position":2,"name":"Balan\u00e7a tem d\u00e9ficit semanal"}]},{"@type":"WebSite","@id":"https:\/\/www.aceguarulhos.com.br\/blog\/#website","url":"https:\/\/www.aceguarulhos.com.br\/blog\/","name":"ACE-Guarulhos","description":"A ACE-Guarulhos \u00e9 uma associa\u00e7\u00e3o que ap\u00f3ia os empres\u00e1rios guarulhenses atrav\u00e9s da representa\u00e7\u00e3o, da gera\u00e7\u00e3o de neg\u00f3cios e presta\u00e7\u00e3o de servi\u00e7os.","publisher":{"@id":"https:\/\/www.aceguarulhos.com.br\/blog\/#organization"},"potentialAction":[{"@type":"SearchAction","target":{"@type":"EntryPoint","urlTemplate":"https:\/\/www.aceguarulhos.com.br\/blog\/?s={search_term_string}"},"query-input":{"@type":"PropertyValueSpecification","valueRequired":true,"valueName":"search_term_string"}}],"inLanguage":"pt-BR"},{"@type":"Organization","@id":"https:\/\/www.aceguarulhos.com.br\/blog\/#organization","name":"ACE-Guarulhos","url":"https:\/\/www.aceguarulhos.com.br\/blog\/","logo":{"@type":"ImageObject","inLanguage":"pt-BR","@id":"https:\/\/www.aceguarulhos.com.br\/blog\/#\/schema\/logo\/image\/","url":"https:\/\/www.aceguarulhos.com.br\/blog\/wp-content\/uploads\/2017\/12\/logo-aceguarulhos-2018.png","contentUrl":"https:\/\/www.aceguarulhos.com.br\/blog\/wp-content\/uploads\/2017\/12\/logo-aceguarulhos-2018.png","width":419,"height":76,"caption":"ACE-Guarulhos"},"image":{"@id":"https:\/\/www.aceguarulhos.com.br\/blog\/#\/schema\/logo\/image\/"},"sameAs":["https:\/\/www.facebook.com\/aceguarulhos\/","https:\/\/br.linkedin.com\/in\/ace-guarulhos-b9a97093","https:\/\/www.youtube.com\/user\/aceguarulhos"]},{"@type":"Person","@id":"https:\/\/www.aceguarulhos.com.br\/blog\/#\/schema\/person\/6983b51bad37489989e4f09698c26237","name":"Assessoria de Imprensa ACE-Guarulhos","image":{"@type":"ImageObject","inLanguage":"pt-BR","@id":"https:\/\/secure.gravatar.com\/avatar\/707f3fadd6918afeb64173ab22d8a8cb0676953098a4f31ff36dc2b4c699ef6a?s=96&d=mm&r=g","url":"https:\/\/secure.gravatar.com\/avatar\/707f3fadd6918afeb64173ab22d8a8cb0676953098a4f31ff36dc2b4c699ef6a?s=96&d=mm&r=g","contentUrl":"https:\/\/secure.gravatar.com\/avatar\/707f3fadd6918afeb64173ab22d8a8cb0676953098a4f31ff36dc2b4c699ef6a?s=96&d=mm&r=g","caption":"Assessoria de Imprensa ACE-Guarulhos"},"url":"https:\/\/www.aceguarulhos.com.br\/blog\/author\/assessoria-de-imprensa-ace-guarulhos\/"}]}},"wps_subtitle":"","amp_enabled":true,"_links":{"self":[{"href":"https:\/\/www.aceguarulhos.com.br\/blog\/wp-json\/wp\/v2\/posts\/32902","targetHints":{"allow":["GET"]}}],"collection":[{"href":"https:\/\/www.aceguarulhos.com.br\/blog\/wp-json\/wp\/v2\/posts"}],"about":[{"href":"https:\/\/www.aceguarulhos.com.br\/blog\/wp-json\/wp\/v2\/types\/post"}],"author":[{"embeddable":true,"href":"https:\/\/www.aceguarulhos.com.br\/blog\/wp-json\/wp\/v2\/users\/8"}],"replies":[{"embeddable":true,"href":"https:\/\/www.aceguarulhos.com.br\/blog\/wp-json\/wp\/v2\/comments?post=32902"}],"version-history":[{"count":0,"href":"https:\/\/www.aceguarulhos.com.br\/blog\/wp-json\/wp\/v2\/posts\/32902\/revisions"}],"wp:attachment":[{"href":"https:\/\/www.aceguarulhos.com.br\/blog\/wp-json\/wp\/v2\/media?parent=32902"}],"wp:term":[{"taxonomy":"category","embeddable":true,"href":"https:\/\/www.aceguarulhos.com.br\/blog\/wp-json\/wp\/v2\/categories?post=32902"},{"taxonomy":"post_tag","embeddable":true,"href":"https:\/\/www.aceguarulhos.com.br\/blog\/wp-json\/wp\/v2\/tags?post=32902"}],"curies":[{"name":"wp","href":"https:\/\/api.w.org\/{rel}","templated":true}]}}