{"id":32900,"date":"2008-02-26T08:26:22","date_gmt":"2008-02-26T08:26:22","guid":{"rendered":"http:\/\/www.aceguarulhos.com.br\/blog\/?p=32900"},"modified":"-0001-11-30T00:00:00","modified_gmt":"-0001-11-30T03:00:00","slug":"proposta-de-reforma-tribut%c3%a1ria-do-governo-deve-chegar-ao-congresso-na-quinta-feira","status":"publish","type":"post","link":"https:\/\/www.aceguarulhos.com.br\/blog\/proposta-de-reforma-tribut%c3%a1ria-do-governo-deve-chegar-ao-congresso-na-quinta-feira\/","title":{"rendered":"Proposta de reforma tribut\u00e1ria do governo deve chegar ao Congresso na quinta-feira"},"content":{"rendered":"<p>A proposta de reforma tribut\u00e1ria do governo deve chegar finalmente ao Congresso Nacional na pr\u00f3xima quinta-feira, 28. O projeto dever\u00e1 ser entregue ao presidente do Senado, Garibaldi Alves (PMDB-RN), pelo ministro da Fazenda, Guido Mantega. <\/p>\n<p>Essa ser\u00e1 a segunda tentativa de mudan\u00e7a do sistema tribut\u00e1rio desde que o presidente Luiz In\u00e1cio Lula da Silva assumiu o governo. Outros governos tamb\u00e9m tentaram reformar o modelo tribut\u00e1rio, mas esbarraram nos mesmos obst\u00e1culos que paralisaram o projeto que o presidente Lula apresentou em seu primeiro mandato: o temor de que as medidas provocassem aumento na carga tribut\u00e1ria e desacordo entre governadores em torno de mudan\u00e7as no Imposto sobre Circula\u00e7\u00e3o de Mercadorias e Servi\u00e7os (ICMS). <\/p>\n<p>Ao falar a empres\u00e1rios da ind\u00fastria, na semana passada, Mantega manifestou sua confian\u00e7a de que agora a reforma avance. Segundo ele, o momento \u00e9 adequado porque o pa\u00eds est\u00e1 crescendo e o quadro fiscal \u00e9 confort\u00e1vel. Sem essas condi\u00e7\u00f5es, ele admitiu que as reformas tendem de fato a aumentar a carga tribut\u00e1ria.<\/p>\n<p>\u201cO momento adequado \u00e9 quando a economia est\u00e1 crescendo. Agora, o Estado ter\u00e1 mais recursos para enfrentar alguns custos associados \u00e0 reforma\u201d, disse o ministro. <br \/><b><br \/>CPMF de fora &#8211; <\/b>Sem previs\u00e3o de um novo tributo sobre movimenta\u00e7\u00f5es financeiras, semelhante \u00e0 extinta CPMF , o texto que ser\u00e1 encaminhado ao Congresso vem embalado com a promessa de que promover\u00e1 redu\u00e7\u00e3o de tributos. Mantega disse que a tributa\u00e7\u00e3o sobre cada contribuinte ser\u00e1 reduzida, mas n\u00e3o informou se a carga global tamb\u00e9m cairia. O ministro nada antecipou sobre as medidas de desonera\u00e7\u00e3o. <\/p>\n<p>Para o ministro, a mudan\u00e7a no sistema tribut\u00e1rio \u00e9 a principal reforma econ\u00f4mica que o pa\u00eds precisar fazer. Segundo ele, o atual sistema tributa de forma excessiva os investimentos e as exporta\u00e7\u00f5es, como n\u00e3o ocorre em nenhum outro pa\u00eds. Por oferecer espa\u00e7o para a chamada guerra fiscal, como avaliou, o modelo &#8220;cria uma verdadeira anarquia tribut\u00e1ria entre os estados&#8221;. <br \/><b><br \/>Legisla\u00e7\u00f5es unificadas &#8211;<\/b> Como j\u00e1 vinha sendo anunciado, o fim da guerra fiscal e a simplifica\u00e7\u00e3o tribut\u00e1ria, no plano estadual, devem vir por meio da unifica\u00e7\u00e3o das 27 legisla\u00e7\u00f5es existentes do ICMS em uma \u00fanica lei. De forma gradativa, a cobran\u00e7a nas transa\u00e7\u00f5es interestaduais passar\u00e1 a ser feita exclusivamente no destino &#8211; ou seja, no estado onde o bem ou servi\u00e7o ser\u00e1 consumido, o que deve dificultar a pr\u00e1tica da reduzir al\u00edquotas como forma de atra\u00e7\u00e3o de investimentos. A transi\u00e7\u00e3o para a nova forma de cobran\u00e7a ser\u00e1 feita em cinco anos.<\/p>\n<p>\u201cVamos oferecer uma alternativa vantajosa para a guerra fiscal, que \u00e9 a pol\u00edtica de desenvolvimento regional. Os estados mais pobres foram obrigados a lan\u00e7ar m\u00e3o da guerra fiscal para se defenderem. Vamos oferecer um fundo de desenvolvimento regional para dar recursos para que eles, em vez de atra\u00edrem empresas com benef\u00edcios fiscais, ofere\u00e7am infra-estrutura e m\u00e3o de obra treinada para atrair investimentos\u201d, disse.<\/p>\n<p>A unifica\u00e7\u00e3o de alguns tributos federais no chamado Imposto sobre Valor Agregado (IVA) Federal \u00e9 outra alternativa concebida para simplificar o sistema. Segundo Mantega, o novo tributo agregar\u00e1 o Programa de Integra\u00e7\u00e3o Social (PIS), a Contribui\u00e7\u00e3o para o Financiamento da Seguridade Social (Cofins) e a (Contribui\u00e7\u00e3o de Interven\u00e7\u00e3o no Dom\u00ednio Econ\u00f4mico (Cide). O ministro disse que o IPI e os Impostos de Importa\u00e7\u00e3o e Exporta\u00e7\u00e3o ser\u00e3o preservados porque t\u00eam finalidade regulat\u00f3ria e n\u00e3o arrecadat\u00f3ria. Mantega confirmou, ainda, a unifica\u00e7\u00e3o do Imposto de Renda (IR) das empresas com a Contribui\u00e7\u00e3o Social Sobre Lucro L\u00edquido (CSLL) &#8211; os dois com incid\u00eancia sobre a mesma base de tributa\u00e7\u00e3o.<\/p>\n<p>No balan\u00e7o, o ministro disse que a proposta \u00e9 &#8220;fact\u00edvel&#8221; e, como avalia, tem condi\u00e7\u00f5es de ser aprovada ainda este ano. A favor disso, observou, h\u00e1 uma intensa cobran\u00e7a da sociedade, empres\u00e1rios e trabalhadores.<\/p>\n","protected":false},"excerpt":{"rendered":"A proposta de reforma tribut\u00e1ria do governo deve chegar finalmente ao Congresso Nacional na pr\u00f3xima quinta-feira, 28. O projeto dever\u00e1 ser entregue ao \n<a class=\"moretag\" href=\"https:\/\/www.aceguarulhos.com.br\/blog\/proposta-de-reforma-tribut%c3%a1ria-do-governo-deve-chegar-ao-congresso-na-quinta-feira\/\"> [...]<\/a>","protected":false},"author":8,"featured_media":0,"comment_status":"open","ping_status":"open","sticky":false,"template":"","format":"standard","meta":{"footnotes":""},"categories":[2],"tags":[],"class_list":["post-32900","post","type-post","status-publish","format-standard","hentry","category-noticias"],"yoast_head":"<!-- This site is optimized with the Yoast SEO plugin v28.1 - https:\/\/yoast.com\/product\/yoast-seo-wordpress\/ -->\n<title>Proposta de reforma tribut\u00e1ria do governo deve chegar ao Congresso na quinta-feira - ACE-Guarulhos<\/title>\n<meta name=\"robots\" content=\"index, follow, max-snippet:-1, max-image-preview:large, max-video-preview:-1\" \/>\n<link rel=\"canonical\" href=\"https:\/\/www.aceguarulhos.com.br\/blog\/proposta-de-reforma-tribut\u00e1ria-do-governo-deve-chegar-ao-congresso-na-quinta-feira\/\" \/>\n<meta property=\"og:locale\" content=\"pt_BR\" \/>\n<meta property=\"og:type\" content=\"article\" \/>\n<meta property=\"og:title\" content=\"Proposta de reforma tribut\u00e1ria do governo deve chegar ao Congresso na quinta-feira - ACE-Guarulhos\" \/>\n<meta property=\"og:description\" content=\"A proposta de reforma tribut\u00e1ria do governo deve chegar finalmente ao Congresso Nacional na pr\u00f3xima quinta-feira, 28. O projeto dever\u00e1 ser entregue ao\" \/>\n<meta property=\"og:url\" content=\"https:\/\/www.aceguarulhos.com.br\/blog\/proposta-de-reforma-tribut\u00e1ria-do-governo-deve-chegar-ao-congresso-na-quinta-feira\/\" \/>\n<meta property=\"og:site_name\" content=\"ACE-Guarulhos\" \/>\n<meta property=\"article:publisher\" content=\"https:\/\/www.facebook.com\/aceguarulhos\/\" \/>\n<meta property=\"article:published_time\" content=\"2008-02-26T08:26:22+00:00\" \/>\n<meta name=\"author\" content=\"Assessoria de Imprensa ACE-Guarulhos\" \/>\n<meta name=\"twitter:card\" content=\"summary_large_image\" \/>\n<meta name=\"twitter:label1\" content=\"Escrito por\" \/>\n\t<meta name=\"twitter:data1\" content=\"Assessoria de Imprensa ACE-Guarulhos\" \/>\n\t<meta name=\"twitter:label2\" content=\"Est. tempo de leitura\" \/>\n\t<meta name=\"twitter:data2\" content=\"3 minutos\" \/>\n<script type=\"application\/ld+json\" class=\"yoast-schema-graph\">{\"@context\":\"https:\\\/\\\/schema.org\",\"@graph\":[{\"@type\":\"Article\",\"@id\":\"https:\\\/\\\/www.aceguarulhos.com.br\\\/blog\\\/proposta-de-reforma-tribut%c3%a1ria-do-governo-deve-chegar-ao-congresso-na-quinta-feira\\\/#article\",\"isPartOf\":{\"@id\":\"https:\\\/\\\/www.aceguarulhos.com.br\\\/blog\\\/proposta-de-reforma-tribut%c3%a1ria-do-governo-deve-chegar-ao-congresso-na-quinta-feira\\\/\"},\"author\":{\"name\":\"Assessoria de Imprensa ACE-Guarulhos\",\"@id\":\"https:\\\/\\\/www.aceguarulhos.com.br\\\/blog\\\/#\\\/schema\\\/person\\\/6983b51bad37489989e4f09698c26237\"},\"headline\":\"Proposta de reforma tribut\u00e1ria do governo deve chegar ao Congresso na quinta-feira\",\"datePublished\":\"2008-02-26T08:26:22+00:00\",\"mainEntityOfPage\":{\"@id\":\"https:\\\/\\\/www.aceguarulhos.com.br\\\/blog\\\/proposta-de-reforma-tribut%c3%a1ria-do-governo-deve-chegar-ao-congresso-na-quinta-feira\\\/\"},\"wordCount\":684,\"commentCount\":0,\"publisher\":{\"@id\":\"https:\\\/\\\/www.aceguarulhos.com.br\\\/blog\\\/#organization\"},\"articleSection\":[\"Not\u00edcias\"],\"inLanguage\":\"pt-BR\"},{\"@type\":\"WebPage\",\"@id\":\"https:\\\/\\\/www.aceguarulhos.com.br\\\/blog\\\/proposta-de-reforma-tribut%c3%a1ria-do-governo-deve-chegar-ao-congresso-na-quinta-feira\\\/\",\"url\":\"https:\\\/\\\/www.aceguarulhos.com.br\\\/blog\\\/proposta-de-reforma-tribut%c3%a1ria-do-governo-deve-chegar-ao-congresso-na-quinta-feira\\\/\",\"name\":\"Proposta de reforma tribut\u00e1ria do governo deve chegar ao Congresso na quinta-feira - ACE-Guarulhos\",\"isPartOf\":{\"@id\":\"https:\\\/\\\/www.aceguarulhos.com.br\\\/blog\\\/#website\"},\"datePublished\":\"2008-02-26T08:26:22+00:00\",\"breadcrumb\":{\"@id\":\"https:\\\/\\\/www.aceguarulhos.com.br\\\/blog\\\/proposta-de-reforma-tribut%c3%a1ria-do-governo-deve-chegar-ao-congresso-na-quinta-feira\\\/#breadcrumb\"},\"inLanguage\":\"pt-BR\",\"potentialAction\":[{\"@type\":\"ReadAction\",\"target\":[\"https:\\\/\\\/www.aceguarulhos.com.br\\\/blog\\\/proposta-de-reforma-tribut%c3%a1ria-do-governo-deve-chegar-ao-congresso-na-quinta-feira\\\/\"]}]},{\"@type\":\"BreadcrumbList\",\"@id\":\"https:\\\/\\\/www.aceguarulhos.com.br\\\/blog\\\/proposta-de-reforma-tribut%c3%a1ria-do-governo-deve-chegar-ao-congresso-na-quinta-feira\\\/#breadcrumb\",\"itemListElement\":[{\"@type\":\"ListItem\",\"position\":1,\"name\":\"In\u00edcio\",\"item\":\"https:\\\/\\\/www.aceguarulhos.com.br\\\/blog\\\/\"},{\"@type\":\"ListItem\",\"position\":2,\"name\":\"Proposta de reforma tribut\u00e1ria do governo deve chegar ao Congresso na quinta-feira\"}]},{\"@type\":\"WebSite\",\"@id\":\"https:\\\/\\\/www.aceguarulhos.com.br\\\/blog\\\/#website\",\"url\":\"https:\\\/\\\/www.aceguarulhos.com.br\\\/blog\\\/\",\"name\":\"ACE-Guarulhos\",\"description\":\"A ACE-Guarulhos \u00e9 uma associa\u00e7\u00e3o que ap\u00f3ia os empres\u00e1rios guarulhenses atrav\u00e9s da representa\u00e7\u00e3o, da gera\u00e7\u00e3o de neg\u00f3cios e presta\u00e7\u00e3o de servi\u00e7os.\",\"publisher\":{\"@id\":\"https:\\\/\\\/www.aceguarulhos.com.br\\\/blog\\\/#organization\"},\"potentialAction\":[{\"@type\":\"SearchAction\",\"target\":{\"@type\":\"EntryPoint\",\"urlTemplate\":\"https:\\\/\\\/www.aceguarulhos.com.br\\\/blog\\\/?s={search_term_string}\"},\"query-input\":{\"@type\":\"PropertyValueSpecification\",\"valueRequired\":true,\"valueName\":\"search_term_string\"}}],\"inLanguage\":\"pt-BR\"},{\"@type\":\"Organization\",\"@id\":\"https:\\\/\\\/www.aceguarulhos.com.br\\\/blog\\\/#organization\",\"name\":\"ACE-Guarulhos\",\"url\":\"https:\\\/\\\/www.aceguarulhos.com.br\\\/blog\\\/\",\"logo\":{\"@type\":\"ImageObject\",\"inLanguage\":\"pt-BR\",\"@id\":\"https:\\\/\\\/www.aceguarulhos.com.br\\\/blog\\\/#\\\/schema\\\/logo\\\/image\\\/\",\"url\":\"https:\\\/\\\/www.aceguarulhos.com.br\\\/blog\\\/wp-content\\\/uploads\\\/2017\\\/12\\\/logo-aceguarulhos-2018.png\",\"contentUrl\":\"https:\\\/\\\/www.aceguarulhos.com.br\\\/blog\\\/wp-content\\\/uploads\\\/2017\\\/12\\\/logo-aceguarulhos-2018.png\",\"width\":419,\"height\":76,\"caption\":\"ACE-Guarulhos\"},\"image\":{\"@id\":\"https:\\\/\\\/www.aceguarulhos.com.br\\\/blog\\\/#\\\/schema\\\/logo\\\/image\\\/\"},\"sameAs\":[\"https:\\\/\\\/www.facebook.com\\\/aceguarulhos\\\/\",\"https:\\\/\\\/br.linkedin.com\\\/in\\\/ace-guarulhos-b9a97093\",\"https:\\\/\\\/www.youtube.com\\\/user\\\/aceguarulhos\"]},{\"@type\":\"Person\",\"@id\":\"https:\\\/\\\/www.aceguarulhos.com.br\\\/blog\\\/#\\\/schema\\\/person\\\/6983b51bad37489989e4f09698c26237\",\"name\":\"Assessoria de Imprensa ACE-Guarulhos\",\"image\":{\"@type\":\"ImageObject\",\"inLanguage\":\"pt-BR\",\"@id\":\"https:\\\/\\\/secure.gravatar.com\\\/avatar\\\/707f3fadd6918afeb64173ab22d8a8cb0676953098a4f31ff36dc2b4c699ef6a?s=96&d=mm&r=g\",\"url\":\"https:\\\/\\\/secure.gravatar.com\\\/avatar\\\/707f3fadd6918afeb64173ab22d8a8cb0676953098a4f31ff36dc2b4c699ef6a?s=96&d=mm&r=g\",\"contentUrl\":\"https:\\\/\\\/secure.gravatar.com\\\/avatar\\\/707f3fadd6918afeb64173ab22d8a8cb0676953098a4f31ff36dc2b4c699ef6a?s=96&d=mm&r=g\",\"caption\":\"Assessoria de Imprensa ACE-Guarulhos\"},\"url\":\"https:\\\/\\\/www.aceguarulhos.com.br\\\/blog\\\/author\\\/assessoria-de-imprensa-ace-guarulhos\\\/\"}]}<\/script>\n<!-- \/ Yoast SEO plugin. -->","yoast_head_json":{"title":"Proposta de reforma tribut\u00e1ria do governo deve chegar ao Congresso na quinta-feira - ACE-Guarulhos","robots":{"index":"index","follow":"follow","max-snippet":"max-snippet:-1","max-image-preview":"max-image-preview:large","max-video-preview":"max-video-preview:-1"},"canonical":"https:\/\/www.aceguarulhos.com.br\/blog\/proposta-de-reforma-tribut\u00e1ria-do-governo-deve-chegar-ao-congresso-na-quinta-feira\/","og_locale":"pt_BR","og_type":"article","og_title":"Proposta de reforma tribut\u00e1ria do governo deve chegar ao Congresso na quinta-feira - ACE-Guarulhos","og_description":"A proposta de reforma tribut\u00e1ria do governo deve chegar finalmente ao Congresso Nacional na pr\u00f3xima quinta-feira, 28. O projeto dever\u00e1 ser entregue ao","og_url":"https:\/\/www.aceguarulhos.com.br\/blog\/proposta-de-reforma-tribut\u00e1ria-do-governo-deve-chegar-ao-congresso-na-quinta-feira\/","og_site_name":"ACE-Guarulhos","article_publisher":"https:\/\/www.facebook.com\/aceguarulhos\/","article_published_time":"2008-02-26T08:26:22+00:00","author":"Assessoria de Imprensa ACE-Guarulhos","twitter_card":"summary_large_image","twitter_misc":{"Escrito por":"Assessoria de Imprensa ACE-Guarulhos","Est. tempo de leitura":"3 minutos"},"schema":{"@context":"https:\/\/schema.org","@graph":[{"@type":"Article","@id":"https:\/\/www.aceguarulhos.com.br\/blog\/proposta-de-reforma-tribut%c3%a1ria-do-governo-deve-chegar-ao-congresso-na-quinta-feira\/#article","isPartOf":{"@id":"https:\/\/www.aceguarulhos.com.br\/blog\/proposta-de-reforma-tribut%c3%a1ria-do-governo-deve-chegar-ao-congresso-na-quinta-feira\/"},"author":{"name":"Assessoria de Imprensa ACE-Guarulhos","@id":"https:\/\/www.aceguarulhos.com.br\/blog\/#\/schema\/person\/6983b51bad37489989e4f09698c26237"},"headline":"Proposta de reforma tribut\u00e1ria do governo deve chegar ao Congresso na quinta-feira","datePublished":"2008-02-26T08:26:22+00:00","mainEntityOfPage":{"@id":"https:\/\/www.aceguarulhos.com.br\/blog\/proposta-de-reforma-tribut%c3%a1ria-do-governo-deve-chegar-ao-congresso-na-quinta-feira\/"},"wordCount":684,"commentCount":0,"publisher":{"@id":"https:\/\/www.aceguarulhos.com.br\/blog\/#organization"},"articleSection":["Not\u00edcias"],"inLanguage":"pt-BR"},{"@type":"WebPage","@id":"https:\/\/www.aceguarulhos.com.br\/blog\/proposta-de-reforma-tribut%c3%a1ria-do-governo-deve-chegar-ao-congresso-na-quinta-feira\/","url":"https:\/\/www.aceguarulhos.com.br\/blog\/proposta-de-reforma-tribut%c3%a1ria-do-governo-deve-chegar-ao-congresso-na-quinta-feira\/","name":"Proposta de reforma tribut\u00e1ria do governo deve chegar ao Congresso na quinta-feira - ACE-Guarulhos","isPartOf":{"@id":"https:\/\/www.aceguarulhos.com.br\/blog\/#website"},"datePublished":"2008-02-26T08:26:22+00:00","breadcrumb":{"@id":"https:\/\/www.aceguarulhos.com.br\/blog\/proposta-de-reforma-tribut%c3%a1ria-do-governo-deve-chegar-ao-congresso-na-quinta-feira\/#breadcrumb"},"inLanguage":"pt-BR","potentialAction":[{"@type":"ReadAction","target":["https:\/\/www.aceguarulhos.com.br\/blog\/proposta-de-reforma-tribut%c3%a1ria-do-governo-deve-chegar-ao-congresso-na-quinta-feira\/"]}]},{"@type":"BreadcrumbList","@id":"https:\/\/www.aceguarulhos.com.br\/blog\/proposta-de-reforma-tribut%c3%a1ria-do-governo-deve-chegar-ao-congresso-na-quinta-feira\/#breadcrumb","itemListElement":[{"@type":"ListItem","position":1,"name":"In\u00edcio","item":"https:\/\/www.aceguarulhos.com.br\/blog\/"},{"@type":"ListItem","position":2,"name":"Proposta de reforma tribut\u00e1ria do governo deve chegar ao Congresso na quinta-feira"}]},{"@type":"WebSite","@id":"https:\/\/www.aceguarulhos.com.br\/blog\/#website","url":"https:\/\/www.aceguarulhos.com.br\/blog\/","name":"ACE-Guarulhos","description":"A ACE-Guarulhos \u00e9 uma associa\u00e7\u00e3o que ap\u00f3ia os empres\u00e1rios guarulhenses atrav\u00e9s da representa\u00e7\u00e3o, da gera\u00e7\u00e3o de neg\u00f3cios e presta\u00e7\u00e3o de servi\u00e7os.","publisher":{"@id":"https:\/\/www.aceguarulhos.com.br\/blog\/#organization"},"potentialAction":[{"@type":"SearchAction","target":{"@type":"EntryPoint","urlTemplate":"https:\/\/www.aceguarulhos.com.br\/blog\/?s={search_term_string}"},"query-input":{"@type":"PropertyValueSpecification","valueRequired":true,"valueName":"search_term_string"}}],"inLanguage":"pt-BR"},{"@type":"Organization","@id":"https:\/\/www.aceguarulhos.com.br\/blog\/#organization","name":"ACE-Guarulhos","url":"https:\/\/www.aceguarulhos.com.br\/blog\/","logo":{"@type":"ImageObject","inLanguage":"pt-BR","@id":"https:\/\/www.aceguarulhos.com.br\/blog\/#\/schema\/logo\/image\/","url":"https:\/\/www.aceguarulhos.com.br\/blog\/wp-content\/uploads\/2017\/12\/logo-aceguarulhos-2018.png","contentUrl":"https:\/\/www.aceguarulhos.com.br\/blog\/wp-content\/uploads\/2017\/12\/logo-aceguarulhos-2018.png","width":419,"height":76,"caption":"ACE-Guarulhos"},"image":{"@id":"https:\/\/www.aceguarulhos.com.br\/blog\/#\/schema\/logo\/image\/"},"sameAs":["https:\/\/www.facebook.com\/aceguarulhos\/","https:\/\/br.linkedin.com\/in\/ace-guarulhos-b9a97093","https:\/\/www.youtube.com\/user\/aceguarulhos"]},{"@type":"Person","@id":"https:\/\/www.aceguarulhos.com.br\/blog\/#\/schema\/person\/6983b51bad37489989e4f09698c26237","name":"Assessoria de Imprensa ACE-Guarulhos","image":{"@type":"ImageObject","inLanguage":"pt-BR","@id":"https:\/\/secure.gravatar.com\/avatar\/707f3fadd6918afeb64173ab22d8a8cb0676953098a4f31ff36dc2b4c699ef6a?s=96&d=mm&r=g","url":"https:\/\/secure.gravatar.com\/avatar\/707f3fadd6918afeb64173ab22d8a8cb0676953098a4f31ff36dc2b4c699ef6a?s=96&d=mm&r=g","contentUrl":"https:\/\/secure.gravatar.com\/avatar\/707f3fadd6918afeb64173ab22d8a8cb0676953098a4f31ff36dc2b4c699ef6a?s=96&d=mm&r=g","caption":"Assessoria de Imprensa ACE-Guarulhos"},"url":"https:\/\/www.aceguarulhos.com.br\/blog\/author\/assessoria-de-imprensa-ace-guarulhos\/"}]}},"wps_subtitle":"","amp_enabled":true,"_links":{"self":[{"href":"https:\/\/www.aceguarulhos.com.br\/blog\/wp-json\/wp\/v2\/posts\/32900","targetHints":{"allow":["GET"]}}],"collection":[{"href":"https:\/\/www.aceguarulhos.com.br\/blog\/wp-json\/wp\/v2\/posts"}],"about":[{"href":"https:\/\/www.aceguarulhos.com.br\/blog\/wp-json\/wp\/v2\/types\/post"}],"author":[{"embeddable":true,"href":"https:\/\/www.aceguarulhos.com.br\/blog\/wp-json\/wp\/v2\/users\/8"}],"replies":[{"embeddable":true,"href":"https:\/\/www.aceguarulhos.com.br\/blog\/wp-json\/wp\/v2\/comments?post=32900"}],"version-history":[{"count":0,"href":"https:\/\/www.aceguarulhos.com.br\/blog\/wp-json\/wp\/v2\/posts\/32900\/revisions"}],"wp:attachment":[{"href":"https:\/\/www.aceguarulhos.com.br\/blog\/wp-json\/wp\/v2\/media?parent=32900"}],"wp:term":[{"taxonomy":"category","embeddable":true,"href":"https:\/\/www.aceguarulhos.com.br\/blog\/wp-json\/wp\/v2\/categories?post=32900"},{"taxonomy":"post_tag","embeddable":true,"href":"https:\/\/www.aceguarulhos.com.br\/blog\/wp-json\/wp\/v2\/tags?post=32900"}],"curies":[{"name":"wp","href":"https:\/\/api.w.org\/{rel}","templated":true}]}}