{"id":32869,"date":"2008-02-21T09:54:39","date_gmt":"2008-02-21T09:54:39","guid":{"rendered":"http:\/\/www.aceguarulhos.com.br\/blog\/?p=32869"},"modified":"-0001-11-30T00:00:00","modified_gmt":"-0001-11-30T03:00:00","slug":"jantar-marca-in%c3%adcio-das-comemora%c3%a7%c3%b5es-da-imigra%c3%a7%c3%a3o-japonesa","status":"publish","type":"post","link":"https:\/\/www.aceguarulhos.com.br\/blog\/jantar-marca-in%c3%adcio-das-comemora%c3%a7%c3%b5es-da-imigra%c3%a7%c3%a3o-japonesa\/","title":{"rendered":"Jantar marca in\u00edcio das comemora\u00e7\u00f5es da imigra\u00e7\u00e3o japonesa"},"content":{"rendered":"<p>Com jantar realizado no Hotel Meli\u00e1 Confort, na sexta-feira, 15, foi aberto oficialmente \u00e0s comemora\u00e7\u00f5es do centen\u00e1rio da imigra\u00e7\u00e3o japonesa em Guarulhos. O evento contou com a presen\u00e7a de diversas personalidades guarulhenses, dentre elas o presidente da ACE-Guarulhos, Wilson Louren\u00e7o.<\/p>\n<p><center><\/p>\n<p class=\"midia\" style=\"width: 420px;\"><img loading=\"lazy\" decoding=\"async\" src=\"\/blog\/wp-content\/uploads\/image.php?x=i&amp;i1=100&amp;i2=20080221095312\" title=\"ACE-Guarulhos\" height=\"315\" width=\"420\"><br \/>Imigra\u00e7\u00e3o Japonesa: Ilustra\u00e7\u00e3o do futuro memorial em homenagem ao centen\u00e1rio da imigra\u00e7\u00e3o japonesa<\/p>\n<p><\/center><\/p>\n<p>O jantar marcou, tamb\u00e9m, o lan\u00e7amento do monumento em homenagem \u00e0 imigra\u00e7\u00e3o japonesa assinado pela artista pl\u00e1stica Tomie Ohtake. A obra de arte, que ser\u00e1 confeccionada em a\u00e7o, ter\u00e1 9 metros de di\u00e2metro, com cortes em formas de ondas. O monumento ser\u00e1 instalado na via de acesso ao terminal de passageiros do Aeroporto Internacional Governador Andr\u00e9 Franco Montoro, em Cumbica.<\/p>\n<p>As homenagens n\u00e3o param por a\u00ed. Ser\u00e1 instalado tamb\u00e9m no aeroporto o memorial do imigrante japon\u00eas, contendo os nomes dos primeiros imigrantes que chegaram ao Brasil a bordo do Kasato Maru. <\/p>\n<p>\u201cAs comemora\u00e7\u00f5es, sobretudo, as obras que a cidade vai ganhar representa a concretiza\u00e7\u00e3o de sonhos ao longo desses cem ano. Para n\u00f3s da col\u00f4nia japonesa \u00e9 um marco para todos aqueles que acreditaram no Brasil para reconstruir suas vidas\u201d, disse Eduardo Kamei, diretor para assuntos legislativos da ACE-Guarulhos.<\/p>\n<p><center><\/p>\n<p class=\"midia\" style=\"margin: 5px 10px 10px 0pt; width: 420px;\"><img loading=\"lazy\" decoding=\"async\" src=\"\/blog\/wp-content\/uploads\/image.php?x=i&amp;i1=100&amp;i2=20080221095221\" title=\"ACE-Guarulhos\" height=\"371\" width=\"420\"><br \/>Adam Kubo, Ananias Ara\u00fajo Sobrinho, Wilson Louren\u00e7o, Eduardo Kamei e Decio Pomp\u00eao Junior<\/p>\n<p><\/center><\/p>\n<p>Para Adam Kubo, diretor de turismo da Prefeitura de Guarulhos, o centen\u00e1rio da imigra\u00e7\u00e3o japonesa no Brasil \u00e9 um marco. \u201cO Brasil possui hoje a maior col\u00f4nia japonesa do mundo. Todos aqueles que vieram para c\u00e1, criaram ra\u00edzes e cresceram junto com o pa\u00eds. Hoje, por exemplo, podemos ver diversas lideran\u00e7as japonesas ocupando cargos importantes na sociedade civil, em administra\u00e7\u00f5es p\u00fablicas e privadas, entre outras\u201d, disse.<\/p>\n<p>Mais informa\u00e7\u00f5es sobre as homenagens ao centen\u00e1rio da imigra\u00e7\u00e3o japonesa por meio do site: <a href=\"http:\/\/www.monumentocentenario.com.br\/\">www.monumentodocentenario.com.br<\/a>.<\/p>\n","protected":false},"excerpt":{"rendered":"Com jantar realizado no Hotel Meli\u00e1 Confort, na sexta-feira, 15, foi aberto oficialmente \u00e0s comemora\u00e7\u00f5es do centen\u00e1rio da imigra\u00e7\u00e3o japonesa em Guarulhos. O \n<a class=\"moretag\" href=\"https:\/\/www.aceguarulhos.com.br\/blog\/jantar-marca-in%c3%adcio-das-comemora%c3%a7%c3%b5es-da-imigra%c3%a7%c3%a3o-japonesa\/\"> [...]<\/a>","protected":false},"author":8,"featured_media":0,"comment_status":"open","ping_status":"open","sticky":false,"template":"","format":"standard","meta":{"footnotes":""},"categories":[2],"tags":[],"class_list":["post-32869","post","type-post","status-publish","format-standard","hentry","category-noticias"],"yoast_head":"<!-- This site is optimized with the Yoast SEO plugin v28.1 - https:\/\/yoast.com\/product\/yoast-seo-wordpress\/ -->\n<title>Jantar marca in\u00edcio das comemora\u00e7\u00f5es da imigra\u00e7\u00e3o japonesa - ACE-Guarulhos<\/title>\n<meta name=\"robots\" content=\"index, follow, max-snippet:-1, max-image-preview:large, max-video-preview:-1\" \/>\n<link rel=\"canonical\" href=\"https:\/\/www.aceguarulhos.com.br\/blog\/jantar-marca-in\u00edcio-das-comemora\u00e7\u00f5es-da-imigra\u00e7\u00e3o-japonesa\/\" \/>\n<meta property=\"og:locale\" content=\"pt_BR\" \/>\n<meta property=\"og:type\" content=\"article\" \/>\n<meta property=\"og:title\" content=\"Jantar marca in\u00edcio das comemora\u00e7\u00f5es da imigra\u00e7\u00e3o japonesa - ACE-Guarulhos\" \/>\n<meta property=\"og:description\" content=\"Com jantar realizado no Hotel Meli\u00e1 Confort, na sexta-feira, 15, foi aberto oficialmente \u00e0s comemora\u00e7\u00f5es do centen\u00e1rio da imigra\u00e7\u00e3o japonesa em Guarulhos. O\" \/>\n<meta property=\"og:url\" content=\"https:\/\/www.aceguarulhos.com.br\/blog\/jantar-marca-in\u00edcio-das-comemora\u00e7\u00f5es-da-imigra\u00e7\u00e3o-japonesa\/\" \/>\n<meta property=\"og:site_name\" content=\"ACE-Guarulhos\" \/>\n<meta property=\"article:publisher\" content=\"https:\/\/www.facebook.com\/aceguarulhos\/\" \/>\n<meta property=\"article:published_time\" content=\"2008-02-21T09:54:39+00:00\" \/>\n<meta property=\"og:image\" content=\"https:\/\/www.aceguarulhos.com.br\/blog\/wp-content\/uploads\/image.php\" \/>\n<meta name=\"author\" content=\"Assessoria de Imprensa ACE-Guarulhos\" \/>\n<meta name=\"twitter:card\" content=\"summary_large_image\" \/>\n<meta name=\"twitter:label1\" content=\"Escrito por\" \/>\n\t<meta name=\"twitter:data1\" content=\"Assessoria de Imprensa ACE-Guarulhos\" \/>\n\t<meta name=\"twitter:label2\" content=\"Est. tempo de leitura\" \/>\n\t<meta name=\"twitter:data2\" content=\"2 minutos\" \/>\n<script type=\"application\/ld+json\" class=\"yoast-schema-graph\">{\"@context\":\"https:\\\/\\\/schema.org\",\"@graph\":[{\"@type\":\"Article\",\"@id\":\"https:\\\/\\\/www.aceguarulhos.com.br\\\/blog\\\/jantar-marca-in%c3%adcio-das-comemora%c3%a7%c3%b5es-da-imigra%c3%a7%c3%a3o-japonesa\\\/#article\",\"isPartOf\":{\"@id\":\"https:\\\/\\\/www.aceguarulhos.com.br\\\/blog\\\/jantar-marca-in%c3%adcio-das-comemora%c3%a7%c3%b5es-da-imigra%c3%a7%c3%a3o-japonesa\\\/\"},\"author\":{\"name\":\"Assessoria de Imprensa ACE-Guarulhos\",\"@id\":\"https:\\\/\\\/www.aceguarulhos.com.br\\\/blog\\\/#\\\/schema\\\/person\\\/6983b51bad37489989e4f09698c26237\"},\"headline\":\"Jantar marca in\u00edcio das comemora\u00e7\u00f5es da imigra\u00e7\u00e3o japonesa\",\"datePublished\":\"2008-02-21T09:54:39+00:00\",\"mainEntityOfPage\":{\"@id\":\"https:\\\/\\\/www.aceguarulhos.com.br\\\/blog\\\/jantar-marca-in%c3%adcio-das-comemora%c3%a7%c3%b5es-da-imigra%c3%a7%c3%a3o-japonesa\\\/\"},\"wordCount\":331,\"commentCount\":0,\"publisher\":{\"@id\":\"https:\\\/\\\/www.aceguarulhos.com.br\\\/blog\\\/#organization\"},\"articleSection\":[\"Not\u00edcias\"],\"inLanguage\":\"pt-BR\"},{\"@type\":\"WebPage\",\"@id\":\"https:\\\/\\\/www.aceguarulhos.com.br\\\/blog\\\/jantar-marca-in%c3%adcio-das-comemora%c3%a7%c3%b5es-da-imigra%c3%a7%c3%a3o-japonesa\\\/\",\"url\":\"https:\\\/\\\/www.aceguarulhos.com.br\\\/blog\\\/jantar-marca-in%c3%adcio-das-comemora%c3%a7%c3%b5es-da-imigra%c3%a7%c3%a3o-japonesa\\\/\",\"name\":\"Jantar marca in\u00edcio das comemora\u00e7\u00f5es da imigra\u00e7\u00e3o japonesa - ACE-Guarulhos\",\"isPartOf\":{\"@id\":\"https:\\\/\\\/www.aceguarulhos.com.br\\\/blog\\\/#website\"},\"datePublished\":\"2008-02-21T09:54:39+00:00\",\"breadcrumb\":{\"@id\":\"https:\\\/\\\/www.aceguarulhos.com.br\\\/blog\\\/jantar-marca-in%c3%adcio-das-comemora%c3%a7%c3%b5es-da-imigra%c3%a7%c3%a3o-japonesa\\\/#breadcrumb\"},\"inLanguage\":\"pt-BR\",\"potentialAction\":[{\"@type\":\"ReadAction\",\"target\":[\"https:\\\/\\\/www.aceguarulhos.com.br\\\/blog\\\/jantar-marca-in%c3%adcio-das-comemora%c3%a7%c3%b5es-da-imigra%c3%a7%c3%a3o-japonesa\\\/\"]}]},{\"@type\":\"BreadcrumbList\",\"@id\":\"https:\\\/\\\/www.aceguarulhos.com.br\\\/blog\\\/jantar-marca-in%c3%adcio-das-comemora%c3%a7%c3%b5es-da-imigra%c3%a7%c3%a3o-japonesa\\\/#breadcrumb\",\"itemListElement\":[{\"@type\":\"ListItem\",\"position\":1,\"name\":\"In\u00edcio\",\"item\":\"https:\\\/\\\/www.aceguarulhos.com.br\\\/blog\\\/\"},{\"@type\":\"ListItem\",\"position\":2,\"name\":\"Jantar marca in\u00edcio das comemora\u00e7\u00f5es da imigra\u00e7\u00e3o japonesa\"}]},{\"@type\":\"WebSite\",\"@id\":\"https:\\\/\\\/www.aceguarulhos.com.br\\\/blog\\\/#website\",\"url\":\"https:\\\/\\\/www.aceguarulhos.com.br\\\/blog\\\/\",\"name\":\"ACE-Guarulhos\",\"description\":\"A ACE-Guarulhos \u00e9 uma associa\u00e7\u00e3o que ap\u00f3ia os empres\u00e1rios guarulhenses atrav\u00e9s da representa\u00e7\u00e3o, da gera\u00e7\u00e3o de neg\u00f3cios e presta\u00e7\u00e3o de servi\u00e7os.\",\"publisher\":{\"@id\":\"https:\\\/\\\/www.aceguarulhos.com.br\\\/blog\\\/#organization\"},\"potentialAction\":[{\"@type\":\"SearchAction\",\"target\":{\"@type\":\"EntryPoint\",\"urlTemplate\":\"https:\\\/\\\/www.aceguarulhos.com.br\\\/blog\\\/?s={search_term_string}\"},\"query-input\":{\"@type\":\"PropertyValueSpecification\",\"valueRequired\":true,\"valueName\":\"search_term_string\"}}],\"inLanguage\":\"pt-BR\"},{\"@type\":\"Organization\",\"@id\":\"https:\\\/\\\/www.aceguarulhos.com.br\\\/blog\\\/#organization\",\"name\":\"ACE-Guarulhos\",\"url\":\"https:\\\/\\\/www.aceguarulhos.com.br\\\/blog\\\/\",\"logo\":{\"@type\":\"ImageObject\",\"inLanguage\":\"pt-BR\",\"@id\":\"https:\\\/\\\/www.aceguarulhos.com.br\\\/blog\\\/#\\\/schema\\\/logo\\\/image\\\/\",\"url\":\"https:\\\/\\\/www.aceguarulhos.com.br\\\/blog\\\/wp-content\\\/uploads\\\/2017\\\/12\\\/logo-aceguarulhos-2018.png\",\"contentUrl\":\"https:\\\/\\\/www.aceguarulhos.com.br\\\/blog\\\/wp-content\\\/uploads\\\/2017\\\/12\\\/logo-aceguarulhos-2018.png\",\"width\":419,\"height\":76,\"caption\":\"ACE-Guarulhos\"},\"image\":{\"@id\":\"https:\\\/\\\/www.aceguarulhos.com.br\\\/blog\\\/#\\\/schema\\\/logo\\\/image\\\/\"},\"sameAs\":[\"https:\\\/\\\/www.facebook.com\\\/aceguarulhos\\\/\",\"https:\\\/\\\/br.linkedin.com\\\/in\\\/ace-guarulhos-b9a97093\",\"https:\\\/\\\/www.youtube.com\\\/user\\\/aceguarulhos\"]},{\"@type\":\"Person\",\"@id\":\"https:\\\/\\\/www.aceguarulhos.com.br\\\/blog\\\/#\\\/schema\\\/person\\\/6983b51bad37489989e4f09698c26237\",\"name\":\"Assessoria de Imprensa ACE-Guarulhos\",\"image\":{\"@type\":\"ImageObject\",\"inLanguage\":\"pt-BR\",\"@id\":\"https:\\\/\\\/secure.gravatar.com\\\/avatar\\\/707f3fadd6918afeb64173ab22d8a8cb0676953098a4f31ff36dc2b4c699ef6a?s=96&d=mm&r=g\",\"url\":\"https:\\\/\\\/secure.gravatar.com\\\/avatar\\\/707f3fadd6918afeb64173ab22d8a8cb0676953098a4f31ff36dc2b4c699ef6a?s=96&d=mm&r=g\",\"contentUrl\":\"https:\\\/\\\/secure.gravatar.com\\\/avatar\\\/707f3fadd6918afeb64173ab22d8a8cb0676953098a4f31ff36dc2b4c699ef6a?s=96&d=mm&r=g\",\"caption\":\"Assessoria de Imprensa ACE-Guarulhos\"},\"url\":\"https:\\\/\\\/www.aceguarulhos.com.br\\\/blog\\\/author\\\/assessoria-de-imprensa-ace-guarulhos\\\/\"}]}<\/script>\n<!-- \/ Yoast SEO plugin. -->","yoast_head_json":{"title":"Jantar marca in\u00edcio das comemora\u00e7\u00f5es da imigra\u00e7\u00e3o japonesa - ACE-Guarulhos","robots":{"index":"index","follow":"follow","max-snippet":"max-snippet:-1","max-image-preview":"max-image-preview:large","max-video-preview":"max-video-preview:-1"},"canonical":"https:\/\/www.aceguarulhos.com.br\/blog\/jantar-marca-in\u00edcio-das-comemora\u00e7\u00f5es-da-imigra\u00e7\u00e3o-japonesa\/","og_locale":"pt_BR","og_type":"article","og_title":"Jantar marca in\u00edcio das comemora\u00e7\u00f5es da imigra\u00e7\u00e3o japonesa - ACE-Guarulhos","og_description":"Com jantar realizado no Hotel Meli\u00e1 Confort, na sexta-feira, 15, foi aberto oficialmente \u00e0s comemora\u00e7\u00f5es do centen\u00e1rio da imigra\u00e7\u00e3o japonesa em Guarulhos. O","og_url":"https:\/\/www.aceguarulhos.com.br\/blog\/jantar-marca-in\u00edcio-das-comemora\u00e7\u00f5es-da-imigra\u00e7\u00e3o-japonesa\/","og_site_name":"ACE-Guarulhos","article_publisher":"https:\/\/www.facebook.com\/aceguarulhos\/","article_published_time":"2008-02-21T09:54:39+00:00","og_image":[{"url":"https:\/\/www.aceguarulhos.com.br\/blog\/wp-content\/uploads\/image.php","type":"","width":"","height":""}],"author":"Assessoria de Imprensa ACE-Guarulhos","twitter_card":"summary_large_image","twitter_misc":{"Escrito por":"Assessoria de Imprensa ACE-Guarulhos","Est. tempo de leitura":"2 minutos"},"schema":{"@context":"https:\/\/schema.org","@graph":[{"@type":"Article","@id":"https:\/\/www.aceguarulhos.com.br\/blog\/jantar-marca-in%c3%adcio-das-comemora%c3%a7%c3%b5es-da-imigra%c3%a7%c3%a3o-japonesa\/#article","isPartOf":{"@id":"https:\/\/www.aceguarulhos.com.br\/blog\/jantar-marca-in%c3%adcio-das-comemora%c3%a7%c3%b5es-da-imigra%c3%a7%c3%a3o-japonesa\/"},"author":{"name":"Assessoria de Imprensa ACE-Guarulhos","@id":"https:\/\/www.aceguarulhos.com.br\/blog\/#\/schema\/person\/6983b51bad37489989e4f09698c26237"},"headline":"Jantar marca in\u00edcio das comemora\u00e7\u00f5es da imigra\u00e7\u00e3o japonesa","datePublished":"2008-02-21T09:54:39+00:00","mainEntityOfPage":{"@id":"https:\/\/www.aceguarulhos.com.br\/blog\/jantar-marca-in%c3%adcio-das-comemora%c3%a7%c3%b5es-da-imigra%c3%a7%c3%a3o-japonesa\/"},"wordCount":331,"commentCount":0,"publisher":{"@id":"https:\/\/www.aceguarulhos.com.br\/blog\/#organization"},"articleSection":["Not\u00edcias"],"inLanguage":"pt-BR"},{"@type":"WebPage","@id":"https:\/\/www.aceguarulhos.com.br\/blog\/jantar-marca-in%c3%adcio-das-comemora%c3%a7%c3%b5es-da-imigra%c3%a7%c3%a3o-japonesa\/","url":"https:\/\/www.aceguarulhos.com.br\/blog\/jantar-marca-in%c3%adcio-das-comemora%c3%a7%c3%b5es-da-imigra%c3%a7%c3%a3o-japonesa\/","name":"Jantar marca in\u00edcio das comemora\u00e7\u00f5es da imigra\u00e7\u00e3o japonesa - ACE-Guarulhos","isPartOf":{"@id":"https:\/\/www.aceguarulhos.com.br\/blog\/#website"},"datePublished":"2008-02-21T09:54:39+00:00","breadcrumb":{"@id":"https:\/\/www.aceguarulhos.com.br\/blog\/jantar-marca-in%c3%adcio-das-comemora%c3%a7%c3%b5es-da-imigra%c3%a7%c3%a3o-japonesa\/#breadcrumb"},"inLanguage":"pt-BR","potentialAction":[{"@type":"ReadAction","target":["https:\/\/www.aceguarulhos.com.br\/blog\/jantar-marca-in%c3%adcio-das-comemora%c3%a7%c3%b5es-da-imigra%c3%a7%c3%a3o-japonesa\/"]}]},{"@type":"BreadcrumbList","@id":"https:\/\/www.aceguarulhos.com.br\/blog\/jantar-marca-in%c3%adcio-das-comemora%c3%a7%c3%b5es-da-imigra%c3%a7%c3%a3o-japonesa\/#breadcrumb","itemListElement":[{"@type":"ListItem","position":1,"name":"In\u00edcio","item":"https:\/\/www.aceguarulhos.com.br\/blog\/"},{"@type":"ListItem","position":2,"name":"Jantar marca in\u00edcio das comemora\u00e7\u00f5es da imigra\u00e7\u00e3o japonesa"}]},{"@type":"WebSite","@id":"https:\/\/www.aceguarulhos.com.br\/blog\/#website","url":"https:\/\/www.aceguarulhos.com.br\/blog\/","name":"ACE-Guarulhos","description":"A ACE-Guarulhos \u00e9 uma associa\u00e7\u00e3o que ap\u00f3ia os empres\u00e1rios guarulhenses atrav\u00e9s da representa\u00e7\u00e3o, da gera\u00e7\u00e3o de neg\u00f3cios e presta\u00e7\u00e3o de servi\u00e7os.","publisher":{"@id":"https:\/\/www.aceguarulhos.com.br\/blog\/#organization"},"potentialAction":[{"@type":"SearchAction","target":{"@type":"EntryPoint","urlTemplate":"https:\/\/www.aceguarulhos.com.br\/blog\/?s={search_term_string}"},"query-input":{"@type":"PropertyValueSpecification","valueRequired":true,"valueName":"search_term_string"}}],"inLanguage":"pt-BR"},{"@type":"Organization","@id":"https:\/\/www.aceguarulhos.com.br\/blog\/#organization","name":"ACE-Guarulhos","url":"https:\/\/www.aceguarulhos.com.br\/blog\/","logo":{"@type":"ImageObject","inLanguage":"pt-BR","@id":"https:\/\/www.aceguarulhos.com.br\/blog\/#\/schema\/logo\/image\/","url":"https:\/\/www.aceguarulhos.com.br\/blog\/wp-content\/uploads\/2017\/12\/logo-aceguarulhos-2018.png","contentUrl":"https:\/\/www.aceguarulhos.com.br\/blog\/wp-content\/uploads\/2017\/12\/logo-aceguarulhos-2018.png","width":419,"height":76,"caption":"ACE-Guarulhos"},"image":{"@id":"https:\/\/www.aceguarulhos.com.br\/blog\/#\/schema\/logo\/image\/"},"sameAs":["https:\/\/www.facebook.com\/aceguarulhos\/","https:\/\/br.linkedin.com\/in\/ace-guarulhos-b9a97093","https:\/\/www.youtube.com\/user\/aceguarulhos"]},{"@type":"Person","@id":"https:\/\/www.aceguarulhos.com.br\/blog\/#\/schema\/person\/6983b51bad37489989e4f09698c26237","name":"Assessoria de Imprensa ACE-Guarulhos","image":{"@type":"ImageObject","inLanguage":"pt-BR","@id":"https:\/\/secure.gravatar.com\/avatar\/707f3fadd6918afeb64173ab22d8a8cb0676953098a4f31ff36dc2b4c699ef6a?s=96&d=mm&r=g","url":"https:\/\/secure.gravatar.com\/avatar\/707f3fadd6918afeb64173ab22d8a8cb0676953098a4f31ff36dc2b4c699ef6a?s=96&d=mm&r=g","contentUrl":"https:\/\/secure.gravatar.com\/avatar\/707f3fadd6918afeb64173ab22d8a8cb0676953098a4f31ff36dc2b4c699ef6a?s=96&d=mm&r=g","caption":"Assessoria de Imprensa ACE-Guarulhos"},"url":"https:\/\/www.aceguarulhos.com.br\/blog\/author\/assessoria-de-imprensa-ace-guarulhos\/"}]}},"wps_subtitle":"","amp_enabled":true,"_links":{"self":[{"href":"https:\/\/www.aceguarulhos.com.br\/blog\/wp-json\/wp\/v2\/posts\/32869","targetHints":{"allow":["GET"]}}],"collection":[{"href":"https:\/\/www.aceguarulhos.com.br\/blog\/wp-json\/wp\/v2\/posts"}],"about":[{"href":"https:\/\/www.aceguarulhos.com.br\/blog\/wp-json\/wp\/v2\/types\/post"}],"author":[{"embeddable":true,"href":"https:\/\/www.aceguarulhos.com.br\/blog\/wp-json\/wp\/v2\/users\/8"}],"replies":[{"embeddable":true,"href":"https:\/\/www.aceguarulhos.com.br\/blog\/wp-json\/wp\/v2\/comments?post=32869"}],"version-history":[{"count":0,"href":"https:\/\/www.aceguarulhos.com.br\/blog\/wp-json\/wp\/v2\/posts\/32869\/revisions"}],"wp:attachment":[{"href":"https:\/\/www.aceguarulhos.com.br\/blog\/wp-json\/wp\/v2\/media?parent=32869"}],"wp:term":[{"taxonomy":"category","embeddable":true,"href":"https:\/\/www.aceguarulhos.com.br\/blog\/wp-json\/wp\/v2\/categories?post=32869"},{"taxonomy":"post_tag","embeddable":true,"href":"https:\/\/www.aceguarulhos.com.br\/blog\/wp-json\/wp\/v2\/tags?post=32869"}],"curies":[{"name":"wp","href":"https:\/\/api.w.org\/{rel}","templated":true}]}}