{"id":32738,"date":"2008-01-22T09:48:54","date_gmt":"2008-01-22T09:48:54","guid":{"rendered":"http:\/\/www.aceguarulhos.com.br\/blog\/?p=32738"},"modified":"-0001-11-30T00:00:00","modified_gmt":"-0001-11-30T03:00:00","slug":"prefeitura-apreende-produtos-ilegais-vendidos-na-fern%c3%a3o-dias","status":"publish","type":"post","link":"https:\/\/www.aceguarulhos.com.br\/blog\/prefeitura-apreende-produtos-ilegais-vendidos-na-fern%c3%a3o-dias\/","title":{"rendered":"Prefeitura apreende produtos ilegais vendidos na Fern\u00e3o Dias"},"content":{"rendered":"<p>Na manh\u00e3 de segunda-feira, 21, a Prefeitura de Guarulhos iniciou uma opera\u00e7\u00e3o de controle de ocupa\u00e7\u00e3o do solo e de defesa do meio ambiente na Rodovia Fern\u00e3o Dias, na divisa com S\u00e3o Paulo (Ponte Grande). No local, \u00e1rea p\u00fablica invadida, funcionava um dep\u00f3sito de pallets (estrados de madeira utilizados para transporte de mercadorias), que eram vendidos de maneira irregular, sem notas fiscais, alvar\u00e1 e autoriza\u00e7\u00e3o do munic\u00edpio. A opera\u00e7\u00e3o mobilizou cerca de 200 profissionais das secretarias de Meio Ambiente, Habita\u00e7\u00e3o, Transporte e Tr\u00e2nsito, Assuntos Jur\u00eddicos e Obras, al\u00e9m da Proguaru e da Guarda Civil Municipal.<\/p>\n<p>O material apreendido ser\u00e1 encaminhado para o aterro inerte da regi\u00e3o do Lavras. Segundo o secret\u00e1rio de Meio Ambiente, Alexandre Kise, o com\u00e9rcio dos materiais causava transtornos para os moradores da regi\u00e3o. \u201cOs caminh\u00f5es fazem o carregamento das madeiras em plena rodovia e atrapalham muito o tr\u00e2nsito. Al\u00e9m disso, os moradores do terreno utilizam um forno improvisado para transformar os excedentes de madeira em carv\u00e3o, que eles vendem mais barato na beira da estrada. No entanto, este carv\u00e3o \u00e9 altamente prejudicial, pois as madeiras t\u00eam restos de tinta, que soltam uma subst\u00e2ncia qu\u00edmica cancer\u00edgena\u201d, explica.<\/p>\n<p>Kise afirma que a primeira notifica\u00e7\u00e3o para retirada do material em tempo h\u00e1bil foi realizada em maio de 2007, mas os moradores n\u00e3o se mobilizaram. V\u00e1rias den\u00fancias tamb\u00e9m foram feitas por hospitais e postos de sa\u00fade da regi\u00e3o, que sofriam com a fuma\u00e7a e a polui\u00e7\u00e3o. \u201cA queima de qualquer produto sem&nbsp; filtragem libera res\u00edduos t\u00f3xicos que afetam as pessoas, agridem a camada de oz\u00f4nio e aceleram o efeito estufa\u201d, reitera.<\/p>\n<p>De acordo com o procurador do munic\u00edpio da Secretaria de Assuntos Jur\u00eddicos, Rafael Prandini Rodrigues, a desocupa\u00e7\u00e3o da \u00e1rea acontecer\u00e1 em aten\u00e7\u00e3o ao of\u00edcio 2.024\/2007, do Minist\u00e9rio P\u00fablico do Estado de S\u00e3o Paulo. \u201cA regulariza\u00e7\u00e3o deve ser feita porque a \u00e1rea \u00e9 p\u00fablica e n\u00e3o pode ser edificada. O terreno \u00e9 ao lado do rio Cabu\u00e7u e, conforme a Lei 6.766\/73, n\u00e3o pode ter constru\u00e7\u00f5es numa faixa de 30 metros, al\u00e9m de ser uma \u00e1rea de prote\u00e7\u00e3o ambiental. A desapropria\u00e7\u00e3o tem base no princ\u00edpio jur\u00eddico da legalidade e da presun\u00e7\u00e3o de legitimidade dos atos p\u00fablicos. Esta a\u00e7\u00e3o eliminar\u00e1 problemas como edifica\u00e7\u00e3o irregular, queima de madeira e com\u00e9rcio ilegal\u201d, afirma.<\/p>\n","protected":false},"excerpt":{"rendered":"Na manh\u00e3 de segunda-feira, 21, a Prefeitura de Guarulhos iniciou uma opera\u00e7\u00e3o de controle de ocupa\u00e7\u00e3o do solo e de defesa do meio \n<a class=\"moretag\" href=\"https:\/\/www.aceguarulhos.com.br\/blog\/prefeitura-apreende-produtos-ilegais-vendidos-na-fern%c3%a3o-dias\/\"> [...]<\/a>","protected":false},"author":8,"featured_media":0,"comment_status":"open","ping_status":"open","sticky":false,"template":"","format":"standard","meta":{"footnotes":""},"categories":[2],"tags":[],"class_list":["post-32738","post","type-post","status-publish","format-standard","hentry","category-noticias"],"yoast_head":"<!-- This site is optimized with the Yoast SEO plugin v28.1 - https:\/\/yoast.com\/product\/yoast-seo-wordpress\/ -->\n<title>Prefeitura apreende produtos ilegais vendidos na Fern\u00e3o Dias - ACE-Guarulhos<\/title>\n<meta name=\"robots\" content=\"index, follow, max-snippet:-1, max-image-preview:large, max-video-preview:-1\" \/>\n<link rel=\"canonical\" href=\"https:\/\/www.aceguarulhos.com.br\/blog\/prefeitura-apreende-produtos-ilegais-vendidos-na-fern\u00e3o-dias\/\" \/>\n<meta property=\"og:locale\" content=\"pt_BR\" \/>\n<meta property=\"og:type\" content=\"article\" \/>\n<meta property=\"og:title\" content=\"Prefeitura apreende produtos ilegais vendidos na Fern\u00e3o Dias - ACE-Guarulhos\" \/>\n<meta property=\"og:description\" content=\"Na manh\u00e3 de segunda-feira, 21, a Prefeitura de Guarulhos iniciou uma opera\u00e7\u00e3o de controle de ocupa\u00e7\u00e3o do solo e de defesa do meio\" \/>\n<meta property=\"og:url\" content=\"https:\/\/www.aceguarulhos.com.br\/blog\/prefeitura-apreende-produtos-ilegais-vendidos-na-fern\u00e3o-dias\/\" \/>\n<meta property=\"og:site_name\" content=\"ACE-Guarulhos\" \/>\n<meta property=\"article:publisher\" content=\"https:\/\/www.facebook.com\/aceguarulhos\/\" \/>\n<meta property=\"article:published_time\" content=\"2008-01-22T09:48:54+00:00\" \/>\n<meta name=\"author\" content=\"Assessoria de Imprensa ACE-Guarulhos\" \/>\n<meta name=\"twitter:card\" content=\"summary_large_image\" \/>\n<meta name=\"twitter:label1\" content=\"Escrito por\" \/>\n\t<meta name=\"twitter:data1\" content=\"Assessoria de Imprensa ACE-Guarulhos\" \/>\n\t<meta name=\"twitter:label2\" content=\"Est. tempo de leitura\" \/>\n\t<meta name=\"twitter:data2\" content=\"2 minutos\" \/>\n<script type=\"application\/ld+json\" class=\"yoast-schema-graph\">{\"@context\":\"https:\\\/\\\/schema.org\",\"@graph\":[{\"@type\":\"Article\",\"@id\":\"https:\\\/\\\/www.aceguarulhos.com.br\\\/blog\\\/prefeitura-apreende-produtos-ilegais-vendidos-na-fern%c3%a3o-dias\\\/#article\",\"isPartOf\":{\"@id\":\"https:\\\/\\\/www.aceguarulhos.com.br\\\/blog\\\/prefeitura-apreende-produtos-ilegais-vendidos-na-fern%c3%a3o-dias\\\/\"},\"author\":{\"name\":\"Assessoria de Imprensa ACE-Guarulhos\",\"@id\":\"https:\\\/\\\/www.aceguarulhos.com.br\\\/blog\\\/#\\\/schema\\\/person\\\/6983b51bad37489989e4f09698c26237\"},\"headline\":\"Prefeitura apreende produtos ilegais vendidos na Fern\u00e3o Dias\",\"datePublished\":\"2008-01-22T09:48:54+00:00\",\"mainEntityOfPage\":{\"@id\":\"https:\\\/\\\/www.aceguarulhos.com.br\\\/blog\\\/prefeitura-apreende-produtos-ilegais-vendidos-na-fern%c3%a3o-dias\\\/\"},\"wordCount\":434,\"commentCount\":0,\"publisher\":{\"@id\":\"https:\\\/\\\/www.aceguarulhos.com.br\\\/blog\\\/#organization\"},\"articleSection\":[\"Not\u00edcias\"],\"inLanguage\":\"pt-BR\"},{\"@type\":\"WebPage\",\"@id\":\"https:\\\/\\\/www.aceguarulhos.com.br\\\/blog\\\/prefeitura-apreende-produtos-ilegais-vendidos-na-fern%c3%a3o-dias\\\/\",\"url\":\"https:\\\/\\\/www.aceguarulhos.com.br\\\/blog\\\/prefeitura-apreende-produtos-ilegais-vendidos-na-fern%c3%a3o-dias\\\/\",\"name\":\"Prefeitura apreende produtos ilegais vendidos na Fern\u00e3o Dias - ACE-Guarulhos\",\"isPartOf\":{\"@id\":\"https:\\\/\\\/www.aceguarulhos.com.br\\\/blog\\\/#website\"},\"datePublished\":\"2008-01-22T09:48:54+00:00\",\"breadcrumb\":{\"@id\":\"https:\\\/\\\/www.aceguarulhos.com.br\\\/blog\\\/prefeitura-apreende-produtos-ilegais-vendidos-na-fern%c3%a3o-dias\\\/#breadcrumb\"},\"inLanguage\":\"pt-BR\",\"potentialAction\":[{\"@type\":\"ReadAction\",\"target\":[\"https:\\\/\\\/www.aceguarulhos.com.br\\\/blog\\\/prefeitura-apreende-produtos-ilegais-vendidos-na-fern%c3%a3o-dias\\\/\"]}]},{\"@type\":\"BreadcrumbList\",\"@id\":\"https:\\\/\\\/www.aceguarulhos.com.br\\\/blog\\\/prefeitura-apreende-produtos-ilegais-vendidos-na-fern%c3%a3o-dias\\\/#breadcrumb\",\"itemListElement\":[{\"@type\":\"ListItem\",\"position\":1,\"name\":\"In\u00edcio\",\"item\":\"https:\\\/\\\/www.aceguarulhos.com.br\\\/blog\\\/\"},{\"@type\":\"ListItem\",\"position\":2,\"name\":\"Prefeitura apreende produtos ilegais vendidos na Fern\u00e3o Dias\"}]},{\"@type\":\"WebSite\",\"@id\":\"https:\\\/\\\/www.aceguarulhos.com.br\\\/blog\\\/#website\",\"url\":\"https:\\\/\\\/www.aceguarulhos.com.br\\\/blog\\\/\",\"name\":\"ACE-Guarulhos\",\"description\":\"A ACE-Guarulhos \u00e9 uma associa\u00e7\u00e3o que ap\u00f3ia os empres\u00e1rios guarulhenses atrav\u00e9s da representa\u00e7\u00e3o, da gera\u00e7\u00e3o de neg\u00f3cios e presta\u00e7\u00e3o de servi\u00e7os.\",\"publisher\":{\"@id\":\"https:\\\/\\\/www.aceguarulhos.com.br\\\/blog\\\/#organization\"},\"potentialAction\":[{\"@type\":\"SearchAction\",\"target\":{\"@type\":\"EntryPoint\",\"urlTemplate\":\"https:\\\/\\\/www.aceguarulhos.com.br\\\/blog\\\/?s={search_term_string}\"},\"query-input\":{\"@type\":\"PropertyValueSpecification\",\"valueRequired\":true,\"valueName\":\"search_term_string\"}}],\"inLanguage\":\"pt-BR\"},{\"@type\":\"Organization\",\"@id\":\"https:\\\/\\\/www.aceguarulhos.com.br\\\/blog\\\/#organization\",\"name\":\"ACE-Guarulhos\",\"url\":\"https:\\\/\\\/www.aceguarulhos.com.br\\\/blog\\\/\",\"logo\":{\"@type\":\"ImageObject\",\"inLanguage\":\"pt-BR\",\"@id\":\"https:\\\/\\\/www.aceguarulhos.com.br\\\/blog\\\/#\\\/schema\\\/logo\\\/image\\\/\",\"url\":\"https:\\\/\\\/www.aceguarulhos.com.br\\\/blog\\\/wp-content\\\/uploads\\\/2017\\\/12\\\/logo-aceguarulhos-2018.png\",\"contentUrl\":\"https:\\\/\\\/www.aceguarulhos.com.br\\\/blog\\\/wp-content\\\/uploads\\\/2017\\\/12\\\/logo-aceguarulhos-2018.png\",\"width\":419,\"height\":76,\"caption\":\"ACE-Guarulhos\"},\"image\":{\"@id\":\"https:\\\/\\\/www.aceguarulhos.com.br\\\/blog\\\/#\\\/schema\\\/logo\\\/image\\\/\"},\"sameAs\":[\"https:\\\/\\\/www.facebook.com\\\/aceguarulhos\\\/\",\"https:\\\/\\\/br.linkedin.com\\\/in\\\/ace-guarulhos-b9a97093\",\"https:\\\/\\\/www.youtube.com\\\/user\\\/aceguarulhos\"]},{\"@type\":\"Person\",\"@id\":\"https:\\\/\\\/www.aceguarulhos.com.br\\\/blog\\\/#\\\/schema\\\/person\\\/6983b51bad37489989e4f09698c26237\",\"name\":\"Assessoria de Imprensa ACE-Guarulhos\",\"image\":{\"@type\":\"ImageObject\",\"inLanguage\":\"pt-BR\",\"@id\":\"https:\\\/\\\/secure.gravatar.com\\\/avatar\\\/707f3fadd6918afeb64173ab22d8a8cb0676953098a4f31ff36dc2b4c699ef6a?s=96&d=mm&r=g\",\"url\":\"https:\\\/\\\/secure.gravatar.com\\\/avatar\\\/707f3fadd6918afeb64173ab22d8a8cb0676953098a4f31ff36dc2b4c699ef6a?s=96&d=mm&r=g\",\"contentUrl\":\"https:\\\/\\\/secure.gravatar.com\\\/avatar\\\/707f3fadd6918afeb64173ab22d8a8cb0676953098a4f31ff36dc2b4c699ef6a?s=96&d=mm&r=g\",\"caption\":\"Assessoria de Imprensa ACE-Guarulhos\"},\"url\":\"https:\\\/\\\/www.aceguarulhos.com.br\\\/blog\\\/author\\\/assessoria-de-imprensa-ace-guarulhos\\\/\"}]}<\/script>\n<!-- \/ Yoast SEO plugin. -->","yoast_head_json":{"title":"Prefeitura apreende produtos ilegais vendidos na Fern\u00e3o Dias - ACE-Guarulhos","robots":{"index":"index","follow":"follow","max-snippet":"max-snippet:-1","max-image-preview":"max-image-preview:large","max-video-preview":"max-video-preview:-1"},"canonical":"https:\/\/www.aceguarulhos.com.br\/blog\/prefeitura-apreende-produtos-ilegais-vendidos-na-fern\u00e3o-dias\/","og_locale":"pt_BR","og_type":"article","og_title":"Prefeitura apreende produtos ilegais vendidos na Fern\u00e3o Dias - ACE-Guarulhos","og_description":"Na manh\u00e3 de segunda-feira, 21, a Prefeitura de Guarulhos iniciou uma opera\u00e7\u00e3o de controle de ocupa\u00e7\u00e3o do solo e de defesa do meio","og_url":"https:\/\/www.aceguarulhos.com.br\/blog\/prefeitura-apreende-produtos-ilegais-vendidos-na-fern\u00e3o-dias\/","og_site_name":"ACE-Guarulhos","article_publisher":"https:\/\/www.facebook.com\/aceguarulhos\/","article_published_time":"2008-01-22T09:48:54+00:00","author":"Assessoria de Imprensa ACE-Guarulhos","twitter_card":"summary_large_image","twitter_misc":{"Escrito por":"Assessoria de Imprensa ACE-Guarulhos","Est. tempo de leitura":"2 minutos"},"schema":{"@context":"https:\/\/schema.org","@graph":[{"@type":"Article","@id":"https:\/\/www.aceguarulhos.com.br\/blog\/prefeitura-apreende-produtos-ilegais-vendidos-na-fern%c3%a3o-dias\/#article","isPartOf":{"@id":"https:\/\/www.aceguarulhos.com.br\/blog\/prefeitura-apreende-produtos-ilegais-vendidos-na-fern%c3%a3o-dias\/"},"author":{"name":"Assessoria de Imprensa ACE-Guarulhos","@id":"https:\/\/www.aceguarulhos.com.br\/blog\/#\/schema\/person\/6983b51bad37489989e4f09698c26237"},"headline":"Prefeitura apreende produtos ilegais vendidos na Fern\u00e3o Dias","datePublished":"2008-01-22T09:48:54+00:00","mainEntityOfPage":{"@id":"https:\/\/www.aceguarulhos.com.br\/blog\/prefeitura-apreende-produtos-ilegais-vendidos-na-fern%c3%a3o-dias\/"},"wordCount":434,"commentCount":0,"publisher":{"@id":"https:\/\/www.aceguarulhos.com.br\/blog\/#organization"},"articleSection":["Not\u00edcias"],"inLanguage":"pt-BR"},{"@type":"WebPage","@id":"https:\/\/www.aceguarulhos.com.br\/blog\/prefeitura-apreende-produtos-ilegais-vendidos-na-fern%c3%a3o-dias\/","url":"https:\/\/www.aceguarulhos.com.br\/blog\/prefeitura-apreende-produtos-ilegais-vendidos-na-fern%c3%a3o-dias\/","name":"Prefeitura apreende produtos ilegais vendidos na Fern\u00e3o Dias - ACE-Guarulhos","isPartOf":{"@id":"https:\/\/www.aceguarulhos.com.br\/blog\/#website"},"datePublished":"2008-01-22T09:48:54+00:00","breadcrumb":{"@id":"https:\/\/www.aceguarulhos.com.br\/blog\/prefeitura-apreende-produtos-ilegais-vendidos-na-fern%c3%a3o-dias\/#breadcrumb"},"inLanguage":"pt-BR","potentialAction":[{"@type":"ReadAction","target":["https:\/\/www.aceguarulhos.com.br\/blog\/prefeitura-apreende-produtos-ilegais-vendidos-na-fern%c3%a3o-dias\/"]}]},{"@type":"BreadcrumbList","@id":"https:\/\/www.aceguarulhos.com.br\/blog\/prefeitura-apreende-produtos-ilegais-vendidos-na-fern%c3%a3o-dias\/#breadcrumb","itemListElement":[{"@type":"ListItem","position":1,"name":"In\u00edcio","item":"https:\/\/www.aceguarulhos.com.br\/blog\/"},{"@type":"ListItem","position":2,"name":"Prefeitura apreende produtos ilegais vendidos na Fern\u00e3o Dias"}]},{"@type":"WebSite","@id":"https:\/\/www.aceguarulhos.com.br\/blog\/#website","url":"https:\/\/www.aceguarulhos.com.br\/blog\/","name":"ACE-Guarulhos","description":"A ACE-Guarulhos \u00e9 uma associa\u00e7\u00e3o que ap\u00f3ia os empres\u00e1rios guarulhenses atrav\u00e9s da representa\u00e7\u00e3o, da gera\u00e7\u00e3o de neg\u00f3cios e presta\u00e7\u00e3o de servi\u00e7os.","publisher":{"@id":"https:\/\/www.aceguarulhos.com.br\/blog\/#organization"},"potentialAction":[{"@type":"SearchAction","target":{"@type":"EntryPoint","urlTemplate":"https:\/\/www.aceguarulhos.com.br\/blog\/?s={search_term_string}"},"query-input":{"@type":"PropertyValueSpecification","valueRequired":true,"valueName":"search_term_string"}}],"inLanguage":"pt-BR"},{"@type":"Organization","@id":"https:\/\/www.aceguarulhos.com.br\/blog\/#organization","name":"ACE-Guarulhos","url":"https:\/\/www.aceguarulhos.com.br\/blog\/","logo":{"@type":"ImageObject","inLanguage":"pt-BR","@id":"https:\/\/www.aceguarulhos.com.br\/blog\/#\/schema\/logo\/image\/","url":"https:\/\/www.aceguarulhos.com.br\/blog\/wp-content\/uploads\/2017\/12\/logo-aceguarulhos-2018.png","contentUrl":"https:\/\/www.aceguarulhos.com.br\/blog\/wp-content\/uploads\/2017\/12\/logo-aceguarulhos-2018.png","width":419,"height":76,"caption":"ACE-Guarulhos"},"image":{"@id":"https:\/\/www.aceguarulhos.com.br\/blog\/#\/schema\/logo\/image\/"},"sameAs":["https:\/\/www.facebook.com\/aceguarulhos\/","https:\/\/br.linkedin.com\/in\/ace-guarulhos-b9a97093","https:\/\/www.youtube.com\/user\/aceguarulhos"]},{"@type":"Person","@id":"https:\/\/www.aceguarulhos.com.br\/blog\/#\/schema\/person\/6983b51bad37489989e4f09698c26237","name":"Assessoria de Imprensa ACE-Guarulhos","image":{"@type":"ImageObject","inLanguage":"pt-BR","@id":"https:\/\/secure.gravatar.com\/avatar\/707f3fadd6918afeb64173ab22d8a8cb0676953098a4f31ff36dc2b4c699ef6a?s=96&d=mm&r=g","url":"https:\/\/secure.gravatar.com\/avatar\/707f3fadd6918afeb64173ab22d8a8cb0676953098a4f31ff36dc2b4c699ef6a?s=96&d=mm&r=g","contentUrl":"https:\/\/secure.gravatar.com\/avatar\/707f3fadd6918afeb64173ab22d8a8cb0676953098a4f31ff36dc2b4c699ef6a?s=96&d=mm&r=g","caption":"Assessoria de Imprensa ACE-Guarulhos"},"url":"https:\/\/www.aceguarulhos.com.br\/blog\/author\/assessoria-de-imprensa-ace-guarulhos\/"}]}},"wps_subtitle":"","amp_enabled":true,"_links":{"self":[{"href":"https:\/\/www.aceguarulhos.com.br\/blog\/wp-json\/wp\/v2\/posts\/32738","targetHints":{"allow":["GET"]}}],"collection":[{"href":"https:\/\/www.aceguarulhos.com.br\/blog\/wp-json\/wp\/v2\/posts"}],"about":[{"href":"https:\/\/www.aceguarulhos.com.br\/blog\/wp-json\/wp\/v2\/types\/post"}],"author":[{"embeddable":true,"href":"https:\/\/www.aceguarulhos.com.br\/blog\/wp-json\/wp\/v2\/users\/8"}],"replies":[{"embeddable":true,"href":"https:\/\/www.aceguarulhos.com.br\/blog\/wp-json\/wp\/v2\/comments?post=32738"}],"version-history":[{"count":0,"href":"https:\/\/www.aceguarulhos.com.br\/blog\/wp-json\/wp\/v2\/posts\/32738\/revisions"}],"wp:attachment":[{"href":"https:\/\/www.aceguarulhos.com.br\/blog\/wp-json\/wp\/v2\/media?parent=32738"}],"wp:term":[{"taxonomy":"category","embeddable":true,"href":"https:\/\/www.aceguarulhos.com.br\/blog\/wp-json\/wp\/v2\/categories?post=32738"},{"taxonomy":"post_tag","embeddable":true,"href":"https:\/\/www.aceguarulhos.com.br\/blog\/wp-json\/wp\/v2\/tags?post=32738"}],"curies":[{"name":"wp","href":"https:\/\/api.w.org\/{rel}","templated":true}]}}