{"id":32717,"date":"2008-01-16T15:23:07","date_gmt":"2008-01-16T15:23:07","guid":{"rendered":"http:\/\/www.aceguarulhos.com.br\/blog\/?p=32717"},"modified":"-0001-11-30T00:00:00","modified_gmt":"-0001-11-30T03:00:00","slug":"empreender-realiza-reuni%c3%a3o-com-empres%c3%a1rios","status":"publish","type":"post","link":"https:\/\/www.aceguarulhos.com.br\/blog\/empreender-realiza-reuni%c3%a3o-com-empres%c3%a1rios\/","title":{"rendered":"Empreender realiza reuni\u00e3o com empres\u00e1rios"},"content":{"rendered":"<p>O programa Empreender-Guarulhos acaba de ganhar um novo n\u00facleo setorial. Trata-se do setor varejista de confec\u00e7\u00f5es. O novo grupo, composto por empres\u00e1rios de lojas de roupas da regi\u00e3o de Cumbica, foi formado em reuni\u00e3o realizada na sede distrital da ACE-Guarulhos, em Cumbica, na ter\u00e7a-feira, 15.<\/p>\n<p><center><\/p>\n<p class=\"midia\" style=\"width: 420px;\"><img loading=\"lazy\" decoding=\"async\" src=\"\/blog\/wp-content\/uploads\/image.php?x=i&amp;i1=100&amp;i2=20080116152242\" title=\"Imprensa - ACE\" height=\"315\" width=\"420\"><br \/>Empres\u00e1rios do setor varejista de confec\u00e7\u00f5es participar\u00e3o do Empreender<\/p>\n<p><\/center>Na reuni\u00e3o, os participantes disseram que os empres\u00e1rios da regi\u00e3o precisam se unir. Todos est\u00e3o otimistas com a perspectiva de crescimento com a chegada do Empreender.<\/p>\n<p>O diretor da distrital Cumbica, Francisco Pereira Afonso, garantiu aos empres\u00e1rios que a entidade ser\u00e1 um canal de comunica\u00e7\u00e3o da regi\u00e3o. \u201cT\u00ednhamos a necessidade de uma distrital da ACE, em Cumbica. Cumbica possui tantos problemas que somente com nossa uni\u00e3o poderemos reivindicar solu\u00e7\u00f5es\u201d, garantiu.<\/p>\n<p>O diretor da regional Pimentas, Gerson Santana Silva \u2013 o Baiano \u2013 enumerou as vantagens de ter a ACE e o Sebrae como parceiros. \u201cCresci muito quando ganhei o apoio do Sebrae e ACE. Podemos explorar a estrutura das entidades que tem muito a nos ajudar\u201d, disse.<\/p>\n<p>A encarregada do departamento de marketing da ACE, Luciana Bezerra Santos, ressaltou o entusiasmo com o programa Empreender. O Empreender \u00e9 motivo de alegria para nossa entidade. Os resultados obtidos pelo programa s\u00e3o a grande prova do seu sucesso\u201d, falou.<\/p>\n<p>A consultora Andr\u00e9ia Christina Bezerra Silva apresentou os objetivos do programa, a metodologia utilizada e os resultados obtidos com os n\u00facleos existentes tanto em Guarulhos como em todo o Estado. <\/p>\n<p>As reuni\u00f5es com os empreendedores acontecer\u00e3o todas as ter\u00e7a-feiras, das 8h \u00e0s 9h, na sede distrital da ACE, em Cumbica, que fica na Rua Capit\u00e3o Walter Ribeiro, 221, salas 5, Jardim Cumbica.<\/p>\n<p><b>Sobre o Empreender &#8211;<\/b> O Empreender-Guarulhos \u00e9 desenvolvido em parceria pela ACE-Guarulhos e o Sebrae. Seu comit\u00ea gestor \u00e9 formado pelo Ciesp-Guarulhos, Agende, Nossa Caixa, Caixa Econ\u00f4mica Federal, Unimesp, Sescon e Prefeitura Municipal de Guarulhos. O programa tem por objetivo detectar problemas e necessidades dos empres\u00e1rios, buscando de solu\u00e7\u00f5es que gerem resultados para todos, transformando dificuldades em oportunidades.<\/p>\n<p>Hoje, o Empreender conta com seis n\u00facleos setoriais: Contabilidade, Recursos Humanos, Reparadores de Autos, Transporte de Autos, Pizzarias e Confec\u00e7\u00f5es.<br \/>&nbsp;<br \/>Os interessados em participar do N\u00facleo de Confec\u00e7\u00f5es devem ligar para a ACE-Guarulhos \u2013 Distrital Cumbica pelo tel: 6481-5222 ou pelo e-mail: andreiasilva@aceguarulhos.com.br.<\/p>\n","protected":false},"excerpt":{"rendered":"O programa Empreender-Guarulhos acaba de ganhar um novo n\u00facleo setorial. Trata-se do setor varejista de confec\u00e7\u00f5es. O novo grupo, composto por empres\u00e1rios de \n<a class=\"moretag\" href=\"https:\/\/www.aceguarulhos.com.br\/blog\/empreender-realiza-reuni%c3%a3o-com-empres%c3%a1rios\/\"> [...]<\/a>","protected":false},"author":8,"featured_media":0,"comment_status":"open","ping_status":"open","sticky":false,"template":"","format":"standard","meta":{"footnotes":""},"categories":[2],"tags":[],"class_list":["post-32717","post","type-post","status-publish","format-standard","hentry","category-noticias"],"yoast_head":"<!-- This site is optimized with the Yoast SEO plugin v28.1 - https:\/\/yoast.com\/product\/yoast-seo-wordpress\/ -->\n<title>Empreender realiza reuni\u00e3o com empres\u00e1rios - ACE-Guarulhos<\/title>\n<meta name=\"robots\" content=\"index, follow, max-snippet:-1, max-image-preview:large, max-video-preview:-1\" \/>\n<link rel=\"canonical\" href=\"https:\/\/www.aceguarulhos.com.br\/blog\/empreender-realiza-reuni\u00e3o-com-empres\u00e1rios\/\" \/>\n<meta property=\"og:locale\" content=\"pt_BR\" \/>\n<meta property=\"og:type\" content=\"article\" \/>\n<meta property=\"og:title\" content=\"Empreender realiza reuni\u00e3o com empres\u00e1rios - ACE-Guarulhos\" \/>\n<meta property=\"og:description\" content=\"O programa Empreender-Guarulhos acaba de ganhar um novo n\u00facleo setorial. Trata-se do setor varejista de confec\u00e7\u00f5es. O novo grupo, composto por empres\u00e1rios de\" \/>\n<meta property=\"og:url\" content=\"https:\/\/www.aceguarulhos.com.br\/blog\/empreender-realiza-reuni\u00e3o-com-empres\u00e1rios\/\" \/>\n<meta property=\"og:site_name\" content=\"ACE-Guarulhos\" \/>\n<meta property=\"article:publisher\" content=\"https:\/\/www.facebook.com\/aceguarulhos\/\" \/>\n<meta property=\"article:published_time\" content=\"2008-01-16T15:23:07+00:00\" \/>\n<meta property=\"og:image\" content=\"https:\/\/www.aceguarulhos.com.br\/blog\/wp-content\/uploads\/image.php\" \/>\n<meta name=\"author\" content=\"Assessoria de Imprensa ACE-Guarulhos\" \/>\n<meta name=\"twitter:card\" content=\"summary_large_image\" \/>\n<meta name=\"twitter:label1\" content=\"Escrito por\" \/>\n\t<meta name=\"twitter:data1\" content=\"Assessoria de Imprensa ACE-Guarulhos\" \/>\n\t<meta name=\"twitter:label2\" content=\"Est. tempo de leitura\" \/>\n\t<meta name=\"twitter:data2\" content=\"2 minutos\" \/>\n<script type=\"application\/ld+json\" class=\"yoast-schema-graph\">{\"@context\":\"https:\\\/\\\/schema.org\",\"@graph\":[{\"@type\":\"Article\",\"@id\":\"https:\\\/\\\/www.aceguarulhos.com.br\\\/blog\\\/empreender-realiza-reuni%c3%a3o-com-empres%c3%a1rios\\\/#article\",\"isPartOf\":{\"@id\":\"https:\\\/\\\/www.aceguarulhos.com.br\\\/blog\\\/empreender-realiza-reuni%c3%a3o-com-empres%c3%a1rios\\\/\"},\"author\":{\"name\":\"Assessoria de Imprensa ACE-Guarulhos\",\"@id\":\"https:\\\/\\\/www.aceguarulhos.com.br\\\/blog\\\/#\\\/schema\\\/person\\\/6983b51bad37489989e4f09698c26237\"},\"headline\":\"Empreender realiza reuni\u00e3o com empres\u00e1rios\",\"datePublished\":\"2008-01-16T15:23:07+00:00\",\"mainEntityOfPage\":{\"@id\":\"https:\\\/\\\/www.aceguarulhos.com.br\\\/blog\\\/empreender-realiza-reuni%c3%a3o-com-empres%c3%a1rios\\\/\"},\"wordCount\":409,\"commentCount\":0,\"publisher\":{\"@id\":\"https:\\\/\\\/www.aceguarulhos.com.br\\\/blog\\\/#organization\"},\"articleSection\":[\"Not\u00edcias\"],\"inLanguage\":\"pt-BR\"},{\"@type\":\"WebPage\",\"@id\":\"https:\\\/\\\/www.aceguarulhos.com.br\\\/blog\\\/empreender-realiza-reuni%c3%a3o-com-empres%c3%a1rios\\\/\",\"url\":\"https:\\\/\\\/www.aceguarulhos.com.br\\\/blog\\\/empreender-realiza-reuni%c3%a3o-com-empres%c3%a1rios\\\/\",\"name\":\"Empreender realiza reuni\u00e3o com empres\u00e1rios - ACE-Guarulhos\",\"isPartOf\":{\"@id\":\"https:\\\/\\\/www.aceguarulhos.com.br\\\/blog\\\/#website\"},\"datePublished\":\"2008-01-16T15:23:07+00:00\",\"breadcrumb\":{\"@id\":\"https:\\\/\\\/www.aceguarulhos.com.br\\\/blog\\\/empreender-realiza-reuni%c3%a3o-com-empres%c3%a1rios\\\/#breadcrumb\"},\"inLanguage\":\"pt-BR\",\"potentialAction\":[{\"@type\":\"ReadAction\",\"target\":[\"https:\\\/\\\/www.aceguarulhos.com.br\\\/blog\\\/empreender-realiza-reuni%c3%a3o-com-empres%c3%a1rios\\\/\"]}]},{\"@type\":\"BreadcrumbList\",\"@id\":\"https:\\\/\\\/www.aceguarulhos.com.br\\\/blog\\\/empreender-realiza-reuni%c3%a3o-com-empres%c3%a1rios\\\/#breadcrumb\",\"itemListElement\":[{\"@type\":\"ListItem\",\"position\":1,\"name\":\"In\u00edcio\",\"item\":\"https:\\\/\\\/www.aceguarulhos.com.br\\\/blog\\\/\"},{\"@type\":\"ListItem\",\"position\":2,\"name\":\"Empreender realiza reuni\u00e3o com empres\u00e1rios\"}]},{\"@type\":\"WebSite\",\"@id\":\"https:\\\/\\\/www.aceguarulhos.com.br\\\/blog\\\/#website\",\"url\":\"https:\\\/\\\/www.aceguarulhos.com.br\\\/blog\\\/\",\"name\":\"ACE-Guarulhos\",\"description\":\"A ACE-Guarulhos \u00e9 uma associa\u00e7\u00e3o que ap\u00f3ia os empres\u00e1rios guarulhenses atrav\u00e9s da representa\u00e7\u00e3o, da gera\u00e7\u00e3o de neg\u00f3cios e presta\u00e7\u00e3o de servi\u00e7os.\",\"publisher\":{\"@id\":\"https:\\\/\\\/www.aceguarulhos.com.br\\\/blog\\\/#organization\"},\"potentialAction\":[{\"@type\":\"SearchAction\",\"target\":{\"@type\":\"EntryPoint\",\"urlTemplate\":\"https:\\\/\\\/www.aceguarulhos.com.br\\\/blog\\\/?s={search_term_string}\"},\"query-input\":{\"@type\":\"PropertyValueSpecification\",\"valueRequired\":true,\"valueName\":\"search_term_string\"}}],\"inLanguage\":\"pt-BR\"},{\"@type\":\"Organization\",\"@id\":\"https:\\\/\\\/www.aceguarulhos.com.br\\\/blog\\\/#organization\",\"name\":\"ACE-Guarulhos\",\"url\":\"https:\\\/\\\/www.aceguarulhos.com.br\\\/blog\\\/\",\"logo\":{\"@type\":\"ImageObject\",\"inLanguage\":\"pt-BR\",\"@id\":\"https:\\\/\\\/www.aceguarulhos.com.br\\\/blog\\\/#\\\/schema\\\/logo\\\/image\\\/\",\"url\":\"https:\\\/\\\/www.aceguarulhos.com.br\\\/blog\\\/wp-content\\\/uploads\\\/2017\\\/12\\\/logo-aceguarulhos-2018.png\",\"contentUrl\":\"https:\\\/\\\/www.aceguarulhos.com.br\\\/blog\\\/wp-content\\\/uploads\\\/2017\\\/12\\\/logo-aceguarulhos-2018.png\",\"width\":419,\"height\":76,\"caption\":\"ACE-Guarulhos\"},\"image\":{\"@id\":\"https:\\\/\\\/www.aceguarulhos.com.br\\\/blog\\\/#\\\/schema\\\/logo\\\/image\\\/\"},\"sameAs\":[\"https:\\\/\\\/www.facebook.com\\\/aceguarulhos\\\/\",\"https:\\\/\\\/br.linkedin.com\\\/in\\\/ace-guarulhos-b9a97093\",\"https:\\\/\\\/www.youtube.com\\\/user\\\/aceguarulhos\"]},{\"@type\":\"Person\",\"@id\":\"https:\\\/\\\/www.aceguarulhos.com.br\\\/blog\\\/#\\\/schema\\\/person\\\/6983b51bad37489989e4f09698c26237\",\"name\":\"Assessoria de Imprensa ACE-Guarulhos\",\"image\":{\"@type\":\"ImageObject\",\"inLanguage\":\"pt-BR\",\"@id\":\"https:\\\/\\\/secure.gravatar.com\\\/avatar\\\/707f3fadd6918afeb64173ab22d8a8cb0676953098a4f31ff36dc2b4c699ef6a?s=96&d=mm&r=g\",\"url\":\"https:\\\/\\\/secure.gravatar.com\\\/avatar\\\/707f3fadd6918afeb64173ab22d8a8cb0676953098a4f31ff36dc2b4c699ef6a?s=96&d=mm&r=g\",\"contentUrl\":\"https:\\\/\\\/secure.gravatar.com\\\/avatar\\\/707f3fadd6918afeb64173ab22d8a8cb0676953098a4f31ff36dc2b4c699ef6a?s=96&d=mm&r=g\",\"caption\":\"Assessoria de Imprensa ACE-Guarulhos\"},\"url\":\"https:\\\/\\\/www.aceguarulhos.com.br\\\/blog\\\/author\\\/assessoria-de-imprensa-ace-guarulhos\\\/\"}]}<\/script>\n<!-- \/ Yoast SEO plugin. -->","yoast_head_json":{"title":"Empreender realiza reuni\u00e3o com empres\u00e1rios - ACE-Guarulhos","robots":{"index":"index","follow":"follow","max-snippet":"max-snippet:-1","max-image-preview":"max-image-preview:large","max-video-preview":"max-video-preview:-1"},"canonical":"https:\/\/www.aceguarulhos.com.br\/blog\/empreender-realiza-reuni\u00e3o-com-empres\u00e1rios\/","og_locale":"pt_BR","og_type":"article","og_title":"Empreender realiza reuni\u00e3o com empres\u00e1rios - ACE-Guarulhos","og_description":"O programa Empreender-Guarulhos acaba de ganhar um novo n\u00facleo setorial. Trata-se do setor varejista de confec\u00e7\u00f5es. O novo grupo, composto por empres\u00e1rios de","og_url":"https:\/\/www.aceguarulhos.com.br\/blog\/empreender-realiza-reuni\u00e3o-com-empres\u00e1rios\/","og_site_name":"ACE-Guarulhos","article_publisher":"https:\/\/www.facebook.com\/aceguarulhos\/","article_published_time":"2008-01-16T15:23:07+00:00","og_image":[{"url":"https:\/\/www.aceguarulhos.com.br\/blog\/wp-content\/uploads\/image.php","type":"","width":"","height":""}],"author":"Assessoria de Imprensa ACE-Guarulhos","twitter_card":"summary_large_image","twitter_misc":{"Escrito por":"Assessoria de Imprensa ACE-Guarulhos","Est. tempo de leitura":"2 minutos"},"schema":{"@context":"https:\/\/schema.org","@graph":[{"@type":"Article","@id":"https:\/\/www.aceguarulhos.com.br\/blog\/empreender-realiza-reuni%c3%a3o-com-empres%c3%a1rios\/#article","isPartOf":{"@id":"https:\/\/www.aceguarulhos.com.br\/blog\/empreender-realiza-reuni%c3%a3o-com-empres%c3%a1rios\/"},"author":{"name":"Assessoria de Imprensa ACE-Guarulhos","@id":"https:\/\/www.aceguarulhos.com.br\/blog\/#\/schema\/person\/6983b51bad37489989e4f09698c26237"},"headline":"Empreender realiza reuni\u00e3o com empres\u00e1rios","datePublished":"2008-01-16T15:23:07+00:00","mainEntityOfPage":{"@id":"https:\/\/www.aceguarulhos.com.br\/blog\/empreender-realiza-reuni%c3%a3o-com-empres%c3%a1rios\/"},"wordCount":409,"commentCount":0,"publisher":{"@id":"https:\/\/www.aceguarulhos.com.br\/blog\/#organization"},"articleSection":["Not\u00edcias"],"inLanguage":"pt-BR"},{"@type":"WebPage","@id":"https:\/\/www.aceguarulhos.com.br\/blog\/empreender-realiza-reuni%c3%a3o-com-empres%c3%a1rios\/","url":"https:\/\/www.aceguarulhos.com.br\/blog\/empreender-realiza-reuni%c3%a3o-com-empres%c3%a1rios\/","name":"Empreender realiza reuni\u00e3o com empres\u00e1rios - ACE-Guarulhos","isPartOf":{"@id":"https:\/\/www.aceguarulhos.com.br\/blog\/#website"},"datePublished":"2008-01-16T15:23:07+00:00","breadcrumb":{"@id":"https:\/\/www.aceguarulhos.com.br\/blog\/empreender-realiza-reuni%c3%a3o-com-empres%c3%a1rios\/#breadcrumb"},"inLanguage":"pt-BR","potentialAction":[{"@type":"ReadAction","target":["https:\/\/www.aceguarulhos.com.br\/blog\/empreender-realiza-reuni%c3%a3o-com-empres%c3%a1rios\/"]}]},{"@type":"BreadcrumbList","@id":"https:\/\/www.aceguarulhos.com.br\/blog\/empreender-realiza-reuni%c3%a3o-com-empres%c3%a1rios\/#breadcrumb","itemListElement":[{"@type":"ListItem","position":1,"name":"In\u00edcio","item":"https:\/\/www.aceguarulhos.com.br\/blog\/"},{"@type":"ListItem","position":2,"name":"Empreender realiza reuni\u00e3o com empres\u00e1rios"}]},{"@type":"WebSite","@id":"https:\/\/www.aceguarulhos.com.br\/blog\/#website","url":"https:\/\/www.aceguarulhos.com.br\/blog\/","name":"ACE-Guarulhos","description":"A ACE-Guarulhos \u00e9 uma associa\u00e7\u00e3o que ap\u00f3ia os empres\u00e1rios guarulhenses atrav\u00e9s da representa\u00e7\u00e3o, da gera\u00e7\u00e3o de neg\u00f3cios e presta\u00e7\u00e3o de servi\u00e7os.","publisher":{"@id":"https:\/\/www.aceguarulhos.com.br\/blog\/#organization"},"potentialAction":[{"@type":"SearchAction","target":{"@type":"EntryPoint","urlTemplate":"https:\/\/www.aceguarulhos.com.br\/blog\/?s={search_term_string}"},"query-input":{"@type":"PropertyValueSpecification","valueRequired":true,"valueName":"search_term_string"}}],"inLanguage":"pt-BR"},{"@type":"Organization","@id":"https:\/\/www.aceguarulhos.com.br\/blog\/#organization","name":"ACE-Guarulhos","url":"https:\/\/www.aceguarulhos.com.br\/blog\/","logo":{"@type":"ImageObject","inLanguage":"pt-BR","@id":"https:\/\/www.aceguarulhos.com.br\/blog\/#\/schema\/logo\/image\/","url":"https:\/\/www.aceguarulhos.com.br\/blog\/wp-content\/uploads\/2017\/12\/logo-aceguarulhos-2018.png","contentUrl":"https:\/\/www.aceguarulhos.com.br\/blog\/wp-content\/uploads\/2017\/12\/logo-aceguarulhos-2018.png","width":419,"height":76,"caption":"ACE-Guarulhos"},"image":{"@id":"https:\/\/www.aceguarulhos.com.br\/blog\/#\/schema\/logo\/image\/"},"sameAs":["https:\/\/www.facebook.com\/aceguarulhos\/","https:\/\/br.linkedin.com\/in\/ace-guarulhos-b9a97093","https:\/\/www.youtube.com\/user\/aceguarulhos"]},{"@type":"Person","@id":"https:\/\/www.aceguarulhos.com.br\/blog\/#\/schema\/person\/6983b51bad37489989e4f09698c26237","name":"Assessoria de Imprensa ACE-Guarulhos","image":{"@type":"ImageObject","inLanguage":"pt-BR","@id":"https:\/\/secure.gravatar.com\/avatar\/707f3fadd6918afeb64173ab22d8a8cb0676953098a4f31ff36dc2b4c699ef6a?s=96&d=mm&r=g","url":"https:\/\/secure.gravatar.com\/avatar\/707f3fadd6918afeb64173ab22d8a8cb0676953098a4f31ff36dc2b4c699ef6a?s=96&d=mm&r=g","contentUrl":"https:\/\/secure.gravatar.com\/avatar\/707f3fadd6918afeb64173ab22d8a8cb0676953098a4f31ff36dc2b4c699ef6a?s=96&d=mm&r=g","caption":"Assessoria de Imprensa ACE-Guarulhos"},"url":"https:\/\/www.aceguarulhos.com.br\/blog\/author\/assessoria-de-imprensa-ace-guarulhos\/"}]}},"wps_subtitle":"","amp_enabled":true,"_links":{"self":[{"href":"https:\/\/www.aceguarulhos.com.br\/blog\/wp-json\/wp\/v2\/posts\/32717","targetHints":{"allow":["GET"]}}],"collection":[{"href":"https:\/\/www.aceguarulhos.com.br\/blog\/wp-json\/wp\/v2\/posts"}],"about":[{"href":"https:\/\/www.aceguarulhos.com.br\/blog\/wp-json\/wp\/v2\/types\/post"}],"author":[{"embeddable":true,"href":"https:\/\/www.aceguarulhos.com.br\/blog\/wp-json\/wp\/v2\/users\/8"}],"replies":[{"embeddable":true,"href":"https:\/\/www.aceguarulhos.com.br\/blog\/wp-json\/wp\/v2\/comments?post=32717"}],"version-history":[{"count":0,"href":"https:\/\/www.aceguarulhos.com.br\/blog\/wp-json\/wp\/v2\/posts\/32717\/revisions"}],"wp:attachment":[{"href":"https:\/\/www.aceguarulhos.com.br\/blog\/wp-json\/wp\/v2\/media?parent=32717"}],"wp:term":[{"taxonomy":"category","embeddable":true,"href":"https:\/\/www.aceguarulhos.com.br\/blog\/wp-json\/wp\/v2\/categories?post=32717"},{"taxonomy":"post_tag","embeddable":true,"href":"https:\/\/www.aceguarulhos.com.br\/blog\/wp-json\/wp\/v2\/tags?post=32717"}],"curies":[{"name":"wp","href":"https:\/\/api.w.org\/{rel}","templated":true}]}}