{"id":32697,"date":"2008-01-15T11:17:27","date_gmt":"2008-01-15T11:17:27","guid":{"rendered":"http:\/\/www.aceguarulhos.com.br\/blog\/?p=32697"},"modified":"-0001-11-30T00:00:00","modified_gmt":"-0001-11-30T03:00:00","slug":"escolas-pressionam-a-infla%c3%a7%c3%a3o","status":"publish","type":"post","link":"https:\/\/www.aceguarulhos.com.br\/blog\/escolas-pressionam-a-infla%c3%a7%c3%a3o\/","title":{"rendered":"Escolas pressionam a infla\u00e7\u00e3o"},"content":{"rendered":"<p>O reajuste das mensalidades escolares \u00e9 o principal item de preocupa\u00e7\u00e3o dos economistas no primeiro trimestre de 2008 da infla\u00e7\u00e3o ditada pelo calend\u00e1rio, aquela cujo aumento ocorre uma vez por ano. A MB Associados, que projeta varia\u00e7\u00e3o do \u00cdndice de Pre\u00e7o ao Consumidor Amplo (IPCA) de 0,45% para janeiro, prev\u00ea, por exemplo, que o \u00edndice possa atingir 0,5% em fevereiro por causa dos reajustes das escolas. &#8220;A infla\u00e7\u00e3o de fevereiro ser\u00e1 pressionada pela educa\u00e7\u00e3o, porque os reajustes se concentram nesse m\u00eas&#8221;, afirma o economista-chefe da consultoria, Sergio Vale. <\/p>\n<p>Elson Telles, economista chefe da Conc\u00f3rdia Corretora de Valores calcula que a infla\u00e7\u00e3o do primeiro trimestre deste ano apurada pelo IPCA chegue a 1,4% ante 1,26%, registrada no mesmo per\u00edodo do ano passado, em raz\u00e3o das despesas com mensalidades escolares, al\u00e9m da press\u00e3o dos alimentos. &#8220;Os reajustes das escolas s\u00e3o preocupantes.&#8221; No IPCA, as despesas com educa\u00e7\u00e3o pesam 7,1%. <\/p>\n<p>O temor dos economistas se justifica. &#8220;J\u00e1 reajustamos as mensalidades escolares&#8221;, afirma o presidente do Sindicato dos Estabelecimentos de Ensino no Estado de S\u00e3o Paulo (Sieeesp), Jos\u00e9 Augusto de Mattos Louren\u00e7o. No caso do ensino infantil e fundamental, o aumento varia entre 5,5% e 11,5% nos valores. No ensino m\u00e9dio e profissionalizante, oscila entre 3% e 6%. Louren\u00e7o observa que o aumento deste ano nas escolas infantis e de ensino fundamental \u00e9 bem superior \u00e0 m\u00e9dia de 2007, que foi de 5%. &#8220;O reajuste \u00e9 maior e a culpa \u00e9 do governo&#8221;, diz o presidente do Sieeesp, que representa 7.705 escolas no Estado de S\u00e3o Paulo. Ele explica que o governo aumentou a tributa\u00e7\u00e3o das empresas enquadradas no Simples e, com isso, a maioria das escolas viu seus custos se ampliarem. No caso do ensino m\u00e9dio, o percentual de reajuste foi influenciado pela inadimpl\u00eancia elevada, que atingiu 15% dos alunos em outubro de 2007. <\/p>\n<p>Vale, da MB Associados, acrescenta que a demanda est\u00e1 aquecida no caso de gastos com educa\u00e7\u00e3o. De 2005 para 2006, aumentou 7,3% o n\u00famero de alunos em escolas particulares de primeiro grau, enquanto ca\u00edram 0,34% as matr\u00edculas nas escolas p\u00fablicas. No caso do ensino m\u00e9dio, o recuo foi de 1,17% nas escolas p\u00fablicas e a alta foi de 0,54% nas particulares, no mesmo per\u00edodo. Os dados s\u00e3o da Pesquisa Nacional por Amostra de Domic\u00edlios do Instituto Brasileiro de Geografia e Estat\u00edstica (IBGE). <\/p>\n<p>No caso dos planos de sa\u00fade, outro setor que tem reajuste anual, o quadro \u00e9 ainda incerto. Na semana passada, chegou-se a falar em aumento de 8% a 10% para os planos individuais por causa dos novos procedimentos m\u00e9dicos a serem contemplados.<\/p>\n","protected":false},"excerpt":{"rendered":"O reajuste das mensalidades escolares \u00e9 o principal item de preocupa\u00e7\u00e3o dos economistas no primeiro trimestre de 2008 da infla\u00e7\u00e3o ditada pelo calend\u00e1rio, \n<a class=\"moretag\" href=\"https:\/\/www.aceguarulhos.com.br\/blog\/escolas-pressionam-a-infla%c3%a7%c3%a3o\/\"> [...]<\/a>","protected":false},"author":8,"featured_media":0,"comment_status":"open","ping_status":"open","sticky":false,"template":"","format":"standard","meta":{"footnotes":""},"categories":[2],"tags":[],"class_list":["post-32697","post","type-post","status-publish","format-standard","hentry","category-noticias"],"yoast_head":"<!-- This site is optimized with the Yoast SEO plugin v28.1 - https:\/\/yoast.com\/product\/yoast-seo-wordpress\/ -->\n<title>Escolas pressionam a infla\u00e7\u00e3o - ACE-Guarulhos<\/title>\n<meta name=\"robots\" content=\"index, follow, max-snippet:-1, max-image-preview:large, max-video-preview:-1\" \/>\n<link rel=\"canonical\" href=\"https:\/\/www.aceguarulhos.com.br\/blog\/escolas-pressionam-a-infla\u00e7\u00e3o\/\" \/>\n<meta property=\"og:locale\" content=\"pt_BR\" \/>\n<meta property=\"og:type\" content=\"article\" \/>\n<meta property=\"og:title\" content=\"Escolas pressionam a infla\u00e7\u00e3o - ACE-Guarulhos\" \/>\n<meta property=\"og:description\" content=\"O reajuste das mensalidades escolares \u00e9 o principal item de preocupa\u00e7\u00e3o dos economistas no primeiro trimestre de 2008 da infla\u00e7\u00e3o ditada pelo calend\u00e1rio,\" \/>\n<meta property=\"og:url\" content=\"https:\/\/www.aceguarulhos.com.br\/blog\/escolas-pressionam-a-infla\u00e7\u00e3o\/\" \/>\n<meta property=\"og:site_name\" content=\"ACE-Guarulhos\" \/>\n<meta property=\"article:publisher\" content=\"https:\/\/www.facebook.com\/aceguarulhos\/\" \/>\n<meta property=\"article:published_time\" content=\"2008-01-15T11:17:27+00:00\" \/>\n<meta name=\"author\" content=\"Assessoria de Imprensa ACE-Guarulhos\" \/>\n<meta name=\"twitter:card\" content=\"summary_large_image\" \/>\n<meta name=\"twitter:label1\" content=\"Escrito por\" \/>\n\t<meta name=\"twitter:data1\" content=\"Assessoria de Imprensa ACE-Guarulhos\" \/>\n\t<meta name=\"twitter:label2\" content=\"Est. tempo de leitura\" \/>\n\t<meta name=\"twitter:data2\" content=\"2 minutos\" \/>\n<script type=\"application\/ld+json\" class=\"yoast-schema-graph\">{\"@context\":\"https:\\\/\\\/schema.org\",\"@graph\":[{\"@type\":\"Article\",\"@id\":\"https:\\\/\\\/www.aceguarulhos.com.br\\\/blog\\\/escolas-pressionam-a-infla%c3%a7%c3%a3o\\\/#article\",\"isPartOf\":{\"@id\":\"https:\\\/\\\/www.aceguarulhos.com.br\\\/blog\\\/escolas-pressionam-a-infla%c3%a7%c3%a3o\\\/\"},\"author\":{\"name\":\"Assessoria de Imprensa ACE-Guarulhos\",\"@id\":\"https:\\\/\\\/www.aceguarulhos.com.br\\\/blog\\\/#\\\/schema\\\/person\\\/6983b51bad37489989e4f09698c26237\"},\"headline\":\"Escolas pressionam a infla\u00e7\u00e3o\",\"datePublished\":\"2008-01-15T11:17:27+00:00\",\"mainEntityOfPage\":{\"@id\":\"https:\\\/\\\/www.aceguarulhos.com.br\\\/blog\\\/escolas-pressionam-a-infla%c3%a7%c3%a3o\\\/\"},\"wordCount\":439,\"commentCount\":0,\"publisher\":{\"@id\":\"https:\\\/\\\/www.aceguarulhos.com.br\\\/blog\\\/#organization\"},\"articleSection\":[\"Not\u00edcias\"],\"inLanguage\":\"pt-BR\"},{\"@type\":\"WebPage\",\"@id\":\"https:\\\/\\\/www.aceguarulhos.com.br\\\/blog\\\/escolas-pressionam-a-infla%c3%a7%c3%a3o\\\/\",\"url\":\"https:\\\/\\\/www.aceguarulhos.com.br\\\/blog\\\/escolas-pressionam-a-infla%c3%a7%c3%a3o\\\/\",\"name\":\"Escolas pressionam a infla\u00e7\u00e3o - ACE-Guarulhos\",\"isPartOf\":{\"@id\":\"https:\\\/\\\/www.aceguarulhos.com.br\\\/blog\\\/#website\"},\"datePublished\":\"2008-01-15T11:17:27+00:00\",\"breadcrumb\":{\"@id\":\"https:\\\/\\\/www.aceguarulhos.com.br\\\/blog\\\/escolas-pressionam-a-infla%c3%a7%c3%a3o\\\/#breadcrumb\"},\"inLanguage\":\"pt-BR\",\"potentialAction\":[{\"@type\":\"ReadAction\",\"target\":[\"https:\\\/\\\/www.aceguarulhos.com.br\\\/blog\\\/escolas-pressionam-a-infla%c3%a7%c3%a3o\\\/\"]}]},{\"@type\":\"BreadcrumbList\",\"@id\":\"https:\\\/\\\/www.aceguarulhos.com.br\\\/blog\\\/escolas-pressionam-a-infla%c3%a7%c3%a3o\\\/#breadcrumb\",\"itemListElement\":[{\"@type\":\"ListItem\",\"position\":1,\"name\":\"In\u00edcio\",\"item\":\"https:\\\/\\\/www.aceguarulhos.com.br\\\/blog\\\/\"},{\"@type\":\"ListItem\",\"position\":2,\"name\":\"Escolas pressionam a infla\u00e7\u00e3o\"}]},{\"@type\":\"WebSite\",\"@id\":\"https:\\\/\\\/www.aceguarulhos.com.br\\\/blog\\\/#website\",\"url\":\"https:\\\/\\\/www.aceguarulhos.com.br\\\/blog\\\/\",\"name\":\"ACE-Guarulhos\",\"description\":\"A ACE-Guarulhos \u00e9 uma associa\u00e7\u00e3o que ap\u00f3ia os empres\u00e1rios guarulhenses atrav\u00e9s da representa\u00e7\u00e3o, da gera\u00e7\u00e3o de neg\u00f3cios e presta\u00e7\u00e3o de servi\u00e7os.\",\"publisher\":{\"@id\":\"https:\\\/\\\/www.aceguarulhos.com.br\\\/blog\\\/#organization\"},\"potentialAction\":[{\"@type\":\"SearchAction\",\"target\":{\"@type\":\"EntryPoint\",\"urlTemplate\":\"https:\\\/\\\/www.aceguarulhos.com.br\\\/blog\\\/?s={search_term_string}\"},\"query-input\":{\"@type\":\"PropertyValueSpecification\",\"valueRequired\":true,\"valueName\":\"search_term_string\"}}],\"inLanguage\":\"pt-BR\"},{\"@type\":\"Organization\",\"@id\":\"https:\\\/\\\/www.aceguarulhos.com.br\\\/blog\\\/#organization\",\"name\":\"ACE-Guarulhos\",\"url\":\"https:\\\/\\\/www.aceguarulhos.com.br\\\/blog\\\/\",\"logo\":{\"@type\":\"ImageObject\",\"inLanguage\":\"pt-BR\",\"@id\":\"https:\\\/\\\/www.aceguarulhos.com.br\\\/blog\\\/#\\\/schema\\\/logo\\\/image\\\/\",\"url\":\"https:\\\/\\\/www.aceguarulhos.com.br\\\/blog\\\/wp-content\\\/uploads\\\/2017\\\/12\\\/logo-aceguarulhos-2018.png\",\"contentUrl\":\"https:\\\/\\\/www.aceguarulhos.com.br\\\/blog\\\/wp-content\\\/uploads\\\/2017\\\/12\\\/logo-aceguarulhos-2018.png\",\"width\":419,\"height\":76,\"caption\":\"ACE-Guarulhos\"},\"image\":{\"@id\":\"https:\\\/\\\/www.aceguarulhos.com.br\\\/blog\\\/#\\\/schema\\\/logo\\\/image\\\/\"},\"sameAs\":[\"https:\\\/\\\/www.facebook.com\\\/aceguarulhos\\\/\",\"https:\\\/\\\/br.linkedin.com\\\/in\\\/ace-guarulhos-b9a97093\",\"https:\\\/\\\/www.youtube.com\\\/user\\\/aceguarulhos\"]},{\"@type\":\"Person\",\"@id\":\"https:\\\/\\\/www.aceguarulhos.com.br\\\/blog\\\/#\\\/schema\\\/person\\\/6983b51bad37489989e4f09698c26237\",\"name\":\"Assessoria de Imprensa ACE-Guarulhos\",\"image\":{\"@type\":\"ImageObject\",\"inLanguage\":\"pt-BR\",\"@id\":\"https:\\\/\\\/secure.gravatar.com\\\/avatar\\\/707f3fadd6918afeb64173ab22d8a8cb0676953098a4f31ff36dc2b4c699ef6a?s=96&d=mm&r=g\",\"url\":\"https:\\\/\\\/secure.gravatar.com\\\/avatar\\\/707f3fadd6918afeb64173ab22d8a8cb0676953098a4f31ff36dc2b4c699ef6a?s=96&d=mm&r=g\",\"contentUrl\":\"https:\\\/\\\/secure.gravatar.com\\\/avatar\\\/707f3fadd6918afeb64173ab22d8a8cb0676953098a4f31ff36dc2b4c699ef6a?s=96&d=mm&r=g\",\"caption\":\"Assessoria de Imprensa ACE-Guarulhos\"},\"url\":\"https:\\\/\\\/www.aceguarulhos.com.br\\\/blog\\\/author\\\/assessoria-de-imprensa-ace-guarulhos\\\/\"}]}<\/script>\n<!-- \/ Yoast SEO plugin. -->","yoast_head_json":{"title":"Escolas pressionam a infla\u00e7\u00e3o - ACE-Guarulhos","robots":{"index":"index","follow":"follow","max-snippet":"max-snippet:-1","max-image-preview":"max-image-preview:large","max-video-preview":"max-video-preview:-1"},"canonical":"https:\/\/www.aceguarulhos.com.br\/blog\/escolas-pressionam-a-infla\u00e7\u00e3o\/","og_locale":"pt_BR","og_type":"article","og_title":"Escolas pressionam a infla\u00e7\u00e3o - ACE-Guarulhos","og_description":"O reajuste das mensalidades escolares \u00e9 o principal item de preocupa\u00e7\u00e3o dos economistas no primeiro trimestre de 2008 da infla\u00e7\u00e3o ditada pelo calend\u00e1rio,","og_url":"https:\/\/www.aceguarulhos.com.br\/blog\/escolas-pressionam-a-infla\u00e7\u00e3o\/","og_site_name":"ACE-Guarulhos","article_publisher":"https:\/\/www.facebook.com\/aceguarulhos\/","article_published_time":"2008-01-15T11:17:27+00:00","author":"Assessoria de Imprensa ACE-Guarulhos","twitter_card":"summary_large_image","twitter_misc":{"Escrito por":"Assessoria de Imprensa ACE-Guarulhos","Est. tempo de leitura":"2 minutos"},"schema":{"@context":"https:\/\/schema.org","@graph":[{"@type":"Article","@id":"https:\/\/www.aceguarulhos.com.br\/blog\/escolas-pressionam-a-infla%c3%a7%c3%a3o\/#article","isPartOf":{"@id":"https:\/\/www.aceguarulhos.com.br\/blog\/escolas-pressionam-a-infla%c3%a7%c3%a3o\/"},"author":{"name":"Assessoria de Imprensa ACE-Guarulhos","@id":"https:\/\/www.aceguarulhos.com.br\/blog\/#\/schema\/person\/6983b51bad37489989e4f09698c26237"},"headline":"Escolas pressionam a infla\u00e7\u00e3o","datePublished":"2008-01-15T11:17:27+00:00","mainEntityOfPage":{"@id":"https:\/\/www.aceguarulhos.com.br\/blog\/escolas-pressionam-a-infla%c3%a7%c3%a3o\/"},"wordCount":439,"commentCount":0,"publisher":{"@id":"https:\/\/www.aceguarulhos.com.br\/blog\/#organization"},"articleSection":["Not\u00edcias"],"inLanguage":"pt-BR"},{"@type":"WebPage","@id":"https:\/\/www.aceguarulhos.com.br\/blog\/escolas-pressionam-a-infla%c3%a7%c3%a3o\/","url":"https:\/\/www.aceguarulhos.com.br\/blog\/escolas-pressionam-a-infla%c3%a7%c3%a3o\/","name":"Escolas pressionam a infla\u00e7\u00e3o - ACE-Guarulhos","isPartOf":{"@id":"https:\/\/www.aceguarulhos.com.br\/blog\/#website"},"datePublished":"2008-01-15T11:17:27+00:00","breadcrumb":{"@id":"https:\/\/www.aceguarulhos.com.br\/blog\/escolas-pressionam-a-infla%c3%a7%c3%a3o\/#breadcrumb"},"inLanguage":"pt-BR","potentialAction":[{"@type":"ReadAction","target":["https:\/\/www.aceguarulhos.com.br\/blog\/escolas-pressionam-a-infla%c3%a7%c3%a3o\/"]}]},{"@type":"BreadcrumbList","@id":"https:\/\/www.aceguarulhos.com.br\/blog\/escolas-pressionam-a-infla%c3%a7%c3%a3o\/#breadcrumb","itemListElement":[{"@type":"ListItem","position":1,"name":"In\u00edcio","item":"https:\/\/www.aceguarulhos.com.br\/blog\/"},{"@type":"ListItem","position":2,"name":"Escolas pressionam a infla\u00e7\u00e3o"}]},{"@type":"WebSite","@id":"https:\/\/www.aceguarulhos.com.br\/blog\/#website","url":"https:\/\/www.aceguarulhos.com.br\/blog\/","name":"ACE-Guarulhos","description":"A ACE-Guarulhos \u00e9 uma associa\u00e7\u00e3o que ap\u00f3ia os empres\u00e1rios guarulhenses atrav\u00e9s da representa\u00e7\u00e3o, da gera\u00e7\u00e3o de neg\u00f3cios e presta\u00e7\u00e3o de servi\u00e7os.","publisher":{"@id":"https:\/\/www.aceguarulhos.com.br\/blog\/#organization"},"potentialAction":[{"@type":"SearchAction","target":{"@type":"EntryPoint","urlTemplate":"https:\/\/www.aceguarulhos.com.br\/blog\/?s={search_term_string}"},"query-input":{"@type":"PropertyValueSpecification","valueRequired":true,"valueName":"search_term_string"}}],"inLanguage":"pt-BR"},{"@type":"Organization","@id":"https:\/\/www.aceguarulhos.com.br\/blog\/#organization","name":"ACE-Guarulhos","url":"https:\/\/www.aceguarulhos.com.br\/blog\/","logo":{"@type":"ImageObject","inLanguage":"pt-BR","@id":"https:\/\/www.aceguarulhos.com.br\/blog\/#\/schema\/logo\/image\/","url":"https:\/\/www.aceguarulhos.com.br\/blog\/wp-content\/uploads\/2017\/12\/logo-aceguarulhos-2018.png","contentUrl":"https:\/\/www.aceguarulhos.com.br\/blog\/wp-content\/uploads\/2017\/12\/logo-aceguarulhos-2018.png","width":419,"height":76,"caption":"ACE-Guarulhos"},"image":{"@id":"https:\/\/www.aceguarulhos.com.br\/blog\/#\/schema\/logo\/image\/"},"sameAs":["https:\/\/www.facebook.com\/aceguarulhos\/","https:\/\/br.linkedin.com\/in\/ace-guarulhos-b9a97093","https:\/\/www.youtube.com\/user\/aceguarulhos"]},{"@type":"Person","@id":"https:\/\/www.aceguarulhos.com.br\/blog\/#\/schema\/person\/6983b51bad37489989e4f09698c26237","name":"Assessoria de Imprensa ACE-Guarulhos","image":{"@type":"ImageObject","inLanguage":"pt-BR","@id":"https:\/\/secure.gravatar.com\/avatar\/707f3fadd6918afeb64173ab22d8a8cb0676953098a4f31ff36dc2b4c699ef6a?s=96&d=mm&r=g","url":"https:\/\/secure.gravatar.com\/avatar\/707f3fadd6918afeb64173ab22d8a8cb0676953098a4f31ff36dc2b4c699ef6a?s=96&d=mm&r=g","contentUrl":"https:\/\/secure.gravatar.com\/avatar\/707f3fadd6918afeb64173ab22d8a8cb0676953098a4f31ff36dc2b4c699ef6a?s=96&d=mm&r=g","caption":"Assessoria de Imprensa ACE-Guarulhos"},"url":"https:\/\/www.aceguarulhos.com.br\/blog\/author\/assessoria-de-imprensa-ace-guarulhos\/"}]}},"wps_subtitle":"","amp_enabled":true,"_links":{"self":[{"href":"https:\/\/www.aceguarulhos.com.br\/blog\/wp-json\/wp\/v2\/posts\/32697","targetHints":{"allow":["GET"]}}],"collection":[{"href":"https:\/\/www.aceguarulhos.com.br\/blog\/wp-json\/wp\/v2\/posts"}],"about":[{"href":"https:\/\/www.aceguarulhos.com.br\/blog\/wp-json\/wp\/v2\/types\/post"}],"author":[{"embeddable":true,"href":"https:\/\/www.aceguarulhos.com.br\/blog\/wp-json\/wp\/v2\/users\/8"}],"replies":[{"embeddable":true,"href":"https:\/\/www.aceguarulhos.com.br\/blog\/wp-json\/wp\/v2\/comments?post=32697"}],"version-history":[{"count":0,"href":"https:\/\/www.aceguarulhos.com.br\/blog\/wp-json\/wp\/v2\/posts\/32697\/revisions"}],"wp:attachment":[{"href":"https:\/\/www.aceguarulhos.com.br\/blog\/wp-json\/wp\/v2\/media?parent=32697"}],"wp:term":[{"taxonomy":"category","embeddable":true,"href":"https:\/\/www.aceguarulhos.com.br\/blog\/wp-json\/wp\/v2\/categories?post=32697"},{"taxonomy":"post_tag","embeddable":true,"href":"https:\/\/www.aceguarulhos.com.br\/blog\/wp-json\/wp\/v2\/tags?post=32697"}],"curies":[{"name":"wp","href":"https:\/\/api.w.org\/{rel}","templated":true}]}}