{"id":32684,"date":"2008-01-14T10:00:40","date_gmt":"2008-01-14T10:00:40","guid":{"rendered":"http:\/\/www.aceguarulhos.com.br\/blog\/?p=32684"},"modified":"-0001-11-30T00:00:00","modified_gmt":"-0001-11-30T03:00:00","slug":"carnaval-festival-de-artes","status":"publish","type":"post","link":"https:\/\/www.aceguarulhos.com.br\/blog\/carnaval-festival-de-artes\/","title":{"rendered":"Carnaval: Festival de artes"},"content":{"rendered":"<p>O brasileiro \u00e9 realmente um privilegiado em termos de festividades, pois logo ap\u00f3s as festas de final de ano e o in\u00edcio das f\u00e9rias de ver\u00e3o, vem o carnaval, que pode ser considerado a maior festa popular ao ar livre do mundo. Tendo como \u201ccomiss\u00e3o de frente\u201d a incorrig\u00edvel alegria da nossa gente,ele apresenta-se como um aut\u00eantico abre-alas da ind\u00fastria de turismo e garoto-propaganda das nossas exporta\u00e7\u00f5es.Samba, trilha sonora do Brasil.<\/p>\n<p>O carnaval, a arte e o mundo dos neg\u00f3cios s\u00e3o destaques do mesmo carro aleg\u00f3rico.O processo de evolu\u00e7\u00e3o do nosso carnaval transformou-o numa aut\u00eantica \u00f3pera de rua, ou,como querem outros, no mais criativo e democr\u00e1tico Festival de Artes do planeta.O carnavalesco, protagonista do n\u00facleo de cria\u00e7\u00e3o da escola de samba, est\u00e1 comprometido com a verdade ao associar a arte as circunst\u00e2ncias hist\u00f3ricas e geogr\u00e1ficas. A imagina\u00e7\u00e3o e<br \/>a emo\u00e7\u00e3o simbolizam o corpo e alma do artista. Da mais famosa passarela &#8211; a Marques de Sapuca\u00ed \u2013 \u00e0 mais simples viela, a nossa musicalidade desfila a sua maior riqueza \u2013 a diversidade de seus ritmos \u2013 como o samba, origin\u00e1rio do batuque africano.<\/p>\n<p>Ao lado da m\u00fasica,a literatura se faz presente com o samba-enredo que pode reescrever o nosso descobrimento ou relembrar os ciclos do nosso desenvolvimento e a pintura retratar o colorido da nossa flora e da nossa fauna. A escultura homenageia as nossas celebridades, as artes pl\u00e1sticas faz o lixo se transformar em luxo. A dan\u00e7a exibe todo nosso \u201cjogo de cintura\u201d. Os nossos artes\u00e3os mostram a sua genialidade com o<br \/>aproveitamento de nossos recursos naturais; a arquitetura tamb\u00e9m se faz presente,especialmente revelando os carnavalescos como verdadeiros \u201carquitetos sociais\u201d. A fotografia, o cinema, artes c\u00eanicas e gr\u00e1ficas, todas elas se fazem presentes na fantasiosa corte do Rei Momo.<\/p>\n<p>O carnaval, que possui a magia de transformar artistas em passistas e passistas em artistas, \u00e9 respons\u00e1vel pelo mais abrangente acervo da nossa cultura popular. Sen\u00e3o vejamos. Redescobrindo a nossa hist\u00f3ria,nada tem escapado a sensibilidade dos carnavalescos que,da tradi\u00e7\u00e3o \u00e0 globaliza\u00e7\u00e3o ou da trag\u00e9dia \u00e0 com\u00e9dia,t\u00eam retratado nossos usos e costumes \u2013 festa para os mais diversos meios de comunica\u00e7\u00e3o. A nossa geografia tem sido<br \/>motiva\u00e7\u00e3o para os compositores explorarem os milhares de quil\u00f4metros de nossas belas praias, o imenso \u201cmar verde\u201d da selva Amaz\u00f4nica, o para\u00edso ecol\u00f3gico do Pantanal, as serras e cachoeiras do sul, a biodiversidade da mata atl\u00e2ntica e todas as riquezas naturais, deste pa\u00eds continente.<\/p>\n<p>No campo empresarial o destaque fica para o formato empreendedor de gest\u00e3o que faz da ousadia, da criatividade e da empregabilidade \u2013 soma das compet\u00eancias e habilidades \u2013 o trip\u00e9 de um modelo exemplar de organiza\u00e7\u00e3o competitiva. O mundo dos neg\u00f3cios ainda tem que se conscientizar que somente um ambiente de trabalho prazeroso poder\u00e1 produzir a Excel\u00eancia.O prazer, no seu mais refinado conceito, \u00e9 a energia (insubstitu\u00edvel) que gera vencedores. At\u00e9 a modernidade do Terceiro Setor,com sua responsabilidade social atrav\u00e9s do voluntariado,de h\u00e1 muito<br \/>faz parte do \u201cDNA\u201d das escolas de samba, e de outras agremia\u00e7\u00f5es similares, que t\u00eam desenvolvido excelentes projetos especiais, que v\u00e3o da pedagogia \u00e0 tecnologia, contribuindo para reduzir os \u00edndices de exclus\u00e3o social.<\/p>\n<p>A eleva\u00e7\u00e3o da expectativa de vida, a nova estrutura do mercado mundial de trabalho e as mudan\u00e7as de estilo de vida das pessoas s\u00e3o tend\u00eancias que elegem a ind\u00fastria do turismo como um dos mais promissores empreendimentos do futuro.Ao som dos seguidores do lend\u00e1rio Mestre Andr\u00e9 &#8211; bateria nota 10 &#8211; encerramos com o nosso cautelar grito carnavalesco: vamos explorar o turismo, n\u00e3o os turistas.<br \/><i><br \/>* Faustino Vicente &#8211; Consultor de Empresas &#8211; e-mail: faustino.vicente@uol.com.br<\/i><\/p>\n","protected":false},"excerpt":{"rendered":"O brasileiro \u00e9 realmente um privilegiado em termos de festividades, pois logo ap\u00f3s as festas de final de ano e o in\u00edcio das \n<a class=\"moretag\" href=\"https:\/\/www.aceguarulhos.com.br\/blog\/carnaval-festival-de-artes\/\"> [...]<\/a>","protected":false},"author":8,"featured_media":0,"comment_status":"open","ping_status":"open","sticky":false,"template":"","format":"standard","meta":{"footnotes":""},"categories":[2],"tags":[],"class_list":["post-32684","post","type-post","status-publish","format-standard","hentry","category-noticias"],"yoast_head":"<!-- This site is optimized with the Yoast SEO plugin v28.1 - https:\/\/yoast.com\/product\/yoast-seo-wordpress\/ -->\n<title>Carnaval: Festival de artes - ACE-Guarulhos<\/title>\n<meta name=\"robots\" content=\"index, follow, max-snippet:-1, max-image-preview:large, max-video-preview:-1\" \/>\n<link rel=\"canonical\" href=\"https:\/\/www.aceguarulhos.com.br\/blog\/carnaval-festival-de-artes\/\" \/>\n<meta property=\"og:locale\" content=\"pt_BR\" \/>\n<meta property=\"og:type\" content=\"article\" \/>\n<meta property=\"og:title\" content=\"Carnaval: Festival de artes - ACE-Guarulhos\" \/>\n<meta property=\"og:description\" content=\"O brasileiro \u00e9 realmente um privilegiado em termos de festividades, pois logo ap\u00f3s as festas de final de ano e o in\u00edcio das\" \/>\n<meta property=\"og:url\" content=\"https:\/\/www.aceguarulhos.com.br\/blog\/carnaval-festival-de-artes\/\" \/>\n<meta property=\"og:site_name\" content=\"ACE-Guarulhos\" \/>\n<meta property=\"article:publisher\" content=\"https:\/\/www.facebook.com\/aceguarulhos\/\" \/>\n<meta property=\"article:published_time\" content=\"2008-01-14T10:00:40+00:00\" \/>\n<meta name=\"author\" content=\"Assessoria de Imprensa ACE-Guarulhos\" \/>\n<meta name=\"twitter:card\" content=\"summary_large_image\" \/>\n<meta name=\"twitter:label1\" content=\"Escrito por\" \/>\n\t<meta name=\"twitter:data1\" content=\"Assessoria de Imprensa ACE-Guarulhos\" \/>\n\t<meta name=\"twitter:label2\" content=\"Est. tempo de leitura\" \/>\n\t<meta name=\"twitter:data2\" content=\"3 minutos\" \/>\n<script type=\"application\/ld+json\" class=\"yoast-schema-graph\">{\"@context\":\"https:\\\/\\\/schema.org\",\"@graph\":[{\"@type\":\"Article\",\"@id\":\"https:\\\/\\\/www.aceguarulhos.com.br\\\/blog\\\/carnaval-festival-de-artes\\\/#article\",\"isPartOf\":{\"@id\":\"https:\\\/\\\/www.aceguarulhos.com.br\\\/blog\\\/carnaval-festival-de-artes\\\/\"},\"author\":{\"name\":\"Assessoria de Imprensa ACE-Guarulhos\",\"@id\":\"https:\\\/\\\/www.aceguarulhos.com.br\\\/blog\\\/#\\\/schema\\\/person\\\/6983b51bad37489989e4f09698c26237\"},\"headline\":\"Carnaval: Festival de artes\",\"datePublished\":\"2008-01-14T10:00:40+00:00\",\"mainEntityOfPage\":{\"@id\":\"https:\\\/\\\/www.aceguarulhos.com.br\\\/blog\\\/carnaval-festival-de-artes\\\/\"},\"wordCount\":658,\"commentCount\":0,\"publisher\":{\"@id\":\"https:\\\/\\\/www.aceguarulhos.com.br\\\/blog\\\/#organization\"},\"articleSection\":[\"Not\u00edcias\"],\"inLanguage\":\"pt-BR\"},{\"@type\":\"WebPage\",\"@id\":\"https:\\\/\\\/www.aceguarulhos.com.br\\\/blog\\\/carnaval-festival-de-artes\\\/\",\"url\":\"https:\\\/\\\/www.aceguarulhos.com.br\\\/blog\\\/carnaval-festival-de-artes\\\/\",\"name\":\"Carnaval: Festival de artes - ACE-Guarulhos\",\"isPartOf\":{\"@id\":\"https:\\\/\\\/www.aceguarulhos.com.br\\\/blog\\\/#website\"},\"datePublished\":\"2008-01-14T10:00:40+00:00\",\"breadcrumb\":{\"@id\":\"https:\\\/\\\/www.aceguarulhos.com.br\\\/blog\\\/carnaval-festival-de-artes\\\/#breadcrumb\"},\"inLanguage\":\"pt-BR\",\"potentialAction\":[{\"@type\":\"ReadAction\",\"target\":[\"https:\\\/\\\/www.aceguarulhos.com.br\\\/blog\\\/carnaval-festival-de-artes\\\/\"]}]},{\"@type\":\"BreadcrumbList\",\"@id\":\"https:\\\/\\\/www.aceguarulhos.com.br\\\/blog\\\/carnaval-festival-de-artes\\\/#breadcrumb\",\"itemListElement\":[{\"@type\":\"ListItem\",\"position\":1,\"name\":\"In\u00edcio\",\"item\":\"https:\\\/\\\/www.aceguarulhos.com.br\\\/blog\\\/\"},{\"@type\":\"ListItem\",\"position\":2,\"name\":\"Carnaval: Festival de artes\"}]},{\"@type\":\"WebSite\",\"@id\":\"https:\\\/\\\/www.aceguarulhos.com.br\\\/blog\\\/#website\",\"url\":\"https:\\\/\\\/www.aceguarulhos.com.br\\\/blog\\\/\",\"name\":\"ACE-Guarulhos\",\"description\":\"A ACE-Guarulhos \u00e9 uma associa\u00e7\u00e3o que ap\u00f3ia os empres\u00e1rios guarulhenses atrav\u00e9s da representa\u00e7\u00e3o, da gera\u00e7\u00e3o de neg\u00f3cios e presta\u00e7\u00e3o de servi\u00e7os.\",\"publisher\":{\"@id\":\"https:\\\/\\\/www.aceguarulhos.com.br\\\/blog\\\/#organization\"},\"potentialAction\":[{\"@type\":\"SearchAction\",\"target\":{\"@type\":\"EntryPoint\",\"urlTemplate\":\"https:\\\/\\\/www.aceguarulhos.com.br\\\/blog\\\/?s={search_term_string}\"},\"query-input\":{\"@type\":\"PropertyValueSpecification\",\"valueRequired\":true,\"valueName\":\"search_term_string\"}}],\"inLanguage\":\"pt-BR\"},{\"@type\":\"Organization\",\"@id\":\"https:\\\/\\\/www.aceguarulhos.com.br\\\/blog\\\/#organization\",\"name\":\"ACE-Guarulhos\",\"url\":\"https:\\\/\\\/www.aceguarulhos.com.br\\\/blog\\\/\",\"logo\":{\"@type\":\"ImageObject\",\"inLanguage\":\"pt-BR\",\"@id\":\"https:\\\/\\\/www.aceguarulhos.com.br\\\/blog\\\/#\\\/schema\\\/logo\\\/image\\\/\",\"url\":\"https:\\\/\\\/www.aceguarulhos.com.br\\\/blog\\\/wp-content\\\/uploads\\\/2017\\\/12\\\/logo-aceguarulhos-2018.png\",\"contentUrl\":\"https:\\\/\\\/www.aceguarulhos.com.br\\\/blog\\\/wp-content\\\/uploads\\\/2017\\\/12\\\/logo-aceguarulhos-2018.png\",\"width\":419,\"height\":76,\"caption\":\"ACE-Guarulhos\"},\"image\":{\"@id\":\"https:\\\/\\\/www.aceguarulhos.com.br\\\/blog\\\/#\\\/schema\\\/logo\\\/image\\\/\"},\"sameAs\":[\"https:\\\/\\\/www.facebook.com\\\/aceguarulhos\\\/\",\"https:\\\/\\\/br.linkedin.com\\\/in\\\/ace-guarulhos-b9a97093\",\"https:\\\/\\\/www.youtube.com\\\/user\\\/aceguarulhos\"]},{\"@type\":\"Person\",\"@id\":\"https:\\\/\\\/www.aceguarulhos.com.br\\\/blog\\\/#\\\/schema\\\/person\\\/6983b51bad37489989e4f09698c26237\",\"name\":\"Assessoria de Imprensa ACE-Guarulhos\",\"image\":{\"@type\":\"ImageObject\",\"inLanguage\":\"pt-BR\",\"@id\":\"https:\\\/\\\/secure.gravatar.com\\\/avatar\\\/707f3fadd6918afeb64173ab22d8a8cb0676953098a4f31ff36dc2b4c699ef6a?s=96&d=mm&r=g\",\"url\":\"https:\\\/\\\/secure.gravatar.com\\\/avatar\\\/707f3fadd6918afeb64173ab22d8a8cb0676953098a4f31ff36dc2b4c699ef6a?s=96&d=mm&r=g\",\"contentUrl\":\"https:\\\/\\\/secure.gravatar.com\\\/avatar\\\/707f3fadd6918afeb64173ab22d8a8cb0676953098a4f31ff36dc2b4c699ef6a?s=96&d=mm&r=g\",\"caption\":\"Assessoria de Imprensa ACE-Guarulhos\"},\"url\":\"https:\\\/\\\/www.aceguarulhos.com.br\\\/blog\\\/author\\\/assessoria-de-imprensa-ace-guarulhos\\\/\"}]}<\/script>\n<!-- \/ Yoast SEO plugin. -->","yoast_head_json":{"title":"Carnaval: Festival de artes - ACE-Guarulhos","robots":{"index":"index","follow":"follow","max-snippet":"max-snippet:-1","max-image-preview":"max-image-preview:large","max-video-preview":"max-video-preview:-1"},"canonical":"https:\/\/www.aceguarulhos.com.br\/blog\/carnaval-festival-de-artes\/","og_locale":"pt_BR","og_type":"article","og_title":"Carnaval: Festival de artes - ACE-Guarulhos","og_description":"O brasileiro \u00e9 realmente um privilegiado em termos de festividades, pois logo ap\u00f3s as festas de final de ano e o in\u00edcio das","og_url":"https:\/\/www.aceguarulhos.com.br\/blog\/carnaval-festival-de-artes\/","og_site_name":"ACE-Guarulhos","article_publisher":"https:\/\/www.facebook.com\/aceguarulhos\/","article_published_time":"2008-01-14T10:00:40+00:00","author":"Assessoria de Imprensa ACE-Guarulhos","twitter_card":"summary_large_image","twitter_misc":{"Escrito por":"Assessoria de Imprensa ACE-Guarulhos","Est. tempo de leitura":"3 minutos"},"schema":{"@context":"https:\/\/schema.org","@graph":[{"@type":"Article","@id":"https:\/\/www.aceguarulhos.com.br\/blog\/carnaval-festival-de-artes\/#article","isPartOf":{"@id":"https:\/\/www.aceguarulhos.com.br\/blog\/carnaval-festival-de-artes\/"},"author":{"name":"Assessoria de Imprensa ACE-Guarulhos","@id":"https:\/\/www.aceguarulhos.com.br\/blog\/#\/schema\/person\/6983b51bad37489989e4f09698c26237"},"headline":"Carnaval: Festival de artes","datePublished":"2008-01-14T10:00:40+00:00","mainEntityOfPage":{"@id":"https:\/\/www.aceguarulhos.com.br\/blog\/carnaval-festival-de-artes\/"},"wordCount":658,"commentCount":0,"publisher":{"@id":"https:\/\/www.aceguarulhos.com.br\/blog\/#organization"},"articleSection":["Not\u00edcias"],"inLanguage":"pt-BR"},{"@type":"WebPage","@id":"https:\/\/www.aceguarulhos.com.br\/blog\/carnaval-festival-de-artes\/","url":"https:\/\/www.aceguarulhos.com.br\/blog\/carnaval-festival-de-artes\/","name":"Carnaval: Festival de artes - ACE-Guarulhos","isPartOf":{"@id":"https:\/\/www.aceguarulhos.com.br\/blog\/#website"},"datePublished":"2008-01-14T10:00:40+00:00","breadcrumb":{"@id":"https:\/\/www.aceguarulhos.com.br\/blog\/carnaval-festival-de-artes\/#breadcrumb"},"inLanguage":"pt-BR","potentialAction":[{"@type":"ReadAction","target":["https:\/\/www.aceguarulhos.com.br\/blog\/carnaval-festival-de-artes\/"]}]},{"@type":"BreadcrumbList","@id":"https:\/\/www.aceguarulhos.com.br\/blog\/carnaval-festival-de-artes\/#breadcrumb","itemListElement":[{"@type":"ListItem","position":1,"name":"In\u00edcio","item":"https:\/\/www.aceguarulhos.com.br\/blog\/"},{"@type":"ListItem","position":2,"name":"Carnaval: Festival de artes"}]},{"@type":"WebSite","@id":"https:\/\/www.aceguarulhos.com.br\/blog\/#website","url":"https:\/\/www.aceguarulhos.com.br\/blog\/","name":"ACE-Guarulhos","description":"A ACE-Guarulhos \u00e9 uma associa\u00e7\u00e3o que ap\u00f3ia os empres\u00e1rios guarulhenses atrav\u00e9s da representa\u00e7\u00e3o, da gera\u00e7\u00e3o de neg\u00f3cios e presta\u00e7\u00e3o de servi\u00e7os.","publisher":{"@id":"https:\/\/www.aceguarulhos.com.br\/blog\/#organization"},"potentialAction":[{"@type":"SearchAction","target":{"@type":"EntryPoint","urlTemplate":"https:\/\/www.aceguarulhos.com.br\/blog\/?s={search_term_string}"},"query-input":{"@type":"PropertyValueSpecification","valueRequired":true,"valueName":"search_term_string"}}],"inLanguage":"pt-BR"},{"@type":"Organization","@id":"https:\/\/www.aceguarulhos.com.br\/blog\/#organization","name":"ACE-Guarulhos","url":"https:\/\/www.aceguarulhos.com.br\/blog\/","logo":{"@type":"ImageObject","inLanguage":"pt-BR","@id":"https:\/\/www.aceguarulhos.com.br\/blog\/#\/schema\/logo\/image\/","url":"https:\/\/www.aceguarulhos.com.br\/blog\/wp-content\/uploads\/2017\/12\/logo-aceguarulhos-2018.png","contentUrl":"https:\/\/www.aceguarulhos.com.br\/blog\/wp-content\/uploads\/2017\/12\/logo-aceguarulhos-2018.png","width":419,"height":76,"caption":"ACE-Guarulhos"},"image":{"@id":"https:\/\/www.aceguarulhos.com.br\/blog\/#\/schema\/logo\/image\/"},"sameAs":["https:\/\/www.facebook.com\/aceguarulhos\/","https:\/\/br.linkedin.com\/in\/ace-guarulhos-b9a97093","https:\/\/www.youtube.com\/user\/aceguarulhos"]},{"@type":"Person","@id":"https:\/\/www.aceguarulhos.com.br\/blog\/#\/schema\/person\/6983b51bad37489989e4f09698c26237","name":"Assessoria de Imprensa ACE-Guarulhos","image":{"@type":"ImageObject","inLanguage":"pt-BR","@id":"https:\/\/secure.gravatar.com\/avatar\/707f3fadd6918afeb64173ab22d8a8cb0676953098a4f31ff36dc2b4c699ef6a?s=96&d=mm&r=g","url":"https:\/\/secure.gravatar.com\/avatar\/707f3fadd6918afeb64173ab22d8a8cb0676953098a4f31ff36dc2b4c699ef6a?s=96&d=mm&r=g","contentUrl":"https:\/\/secure.gravatar.com\/avatar\/707f3fadd6918afeb64173ab22d8a8cb0676953098a4f31ff36dc2b4c699ef6a?s=96&d=mm&r=g","caption":"Assessoria de Imprensa ACE-Guarulhos"},"url":"https:\/\/www.aceguarulhos.com.br\/blog\/author\/assessoria-de-imprensa-ace-guarulhos\/"}]}},"wps_subtitle":"","amp_enabled":true,"_links":{"self":[{"href":"https:\/\/www.aceguarulhos.com.br\/blog\/wp-json\/wp\/v2\/posts\/32684","targetHints":{"allow":["GET"]}}],"collection":[{"href":"https:\/\/www.aceguarulhos.com.br\/blog\/wp-json\/wp\/v2\/posts"}],"about":[{"href":"https:\/\/www.aceguarulhos.com.br\/blog\/wp-json\/wp\/v2\/types\/post"}],"author":[{"embeddable":true,"href":"https:\/\/www.aceguarulhos.com.br\/blog\/wp-json\/wp\/v2\/users\/8"}],"replies":[{"embeddable":true,"href":"https:\/\/www.aceguarulhos.com.br\/blog\/wp-json\/wp\/v2\/comments?post=32684"}],"version-history":[{"count":0,"href":"https:\/\/www.aceguarulhos.com.br\/blog\/wp-json\/wp\/v2\/posts\/32684\/revisions"}],"wp:attachment":[{"href":"https:\/\/www.aceguarulhos.com.br\/blog\/wp-json\/wp\/v2\/media?parent=32684"}],"wp:term":[{"taxonomy":"category","embeddable":true,"href":"https:\/\/www.aceguarulhos.com.br\/blog\/wp-json\/wp\/v2\/categories?post=32684"},{"taxonomy":"post_tag","embeddable":true,"href":"https:\/\/www.aceguarulhos.com.br\/blog\/wp-json\/wp\/v2\/tags?post=32684"}],"curies":[{"name":"wp","href":"https:\/\/api.w.org\/{rel}","templated":true}]}}