{"id":32674,"date":"2008-01-11T10:27:38","date_gmt":"2008-01-11T10:27:38","guid":{"rendered":"http:\/\/www.aceguarulhos.com.br\/blog\/?p=32674"},"modified":"-0001-11-30T00:00:00","modified_gmt":"-0001-11-30T03:00:00","slug":"governistas-querem-recriar-a-cpmf","status":"publish","type":"post","link":"https:\/\/www.aceguarulhos.com.br\/blog\/governistas-querem-recriar-a-cpmf\/","title":{"rendered":"Governistas querem recriar a CPMF"},"content":{"rendered":"<p>Os partidos da base aliada do presidente Luiz In\u00e1cio Lula da Silva pretendem trabalhar em 2008 pela restitui\u00e7\u00e3o da CPMF, com receitas voltadas exclusivamente para a Sa\u00fade, afirmaram ontem lideran\u00e7as do Congresso. <\/p>\n<p>Em reuni\u00e3o com os ministros Paulo Bernardo (Planejamento) e Jos\u00e9 M\u00facio (Rela\u00e7\u00f5es Institucionais), os parlamentares tamb\u00e9m se mostraram dispostos a aceitar uma redu\u00e7\u00e3o de 50% dos recursos para as emendas de bancada deste ano, o que representaria um corte de cerca de R$ 6 bilh\u00f5es. <\/p>\n<p>Tamb\u00e9m houve um entendimento informal em torno da redu\u00e7\u00e3o a zero dos R$ 2 bilh\u00f5es previstos para as emendas ao or\u00e7amento apresentadas pelas comiss\u00f5es, segundo relatos de parlamentares. <\/p>\n<p>&#8220;Os l\u00edderes concordaram em torno desses cortes e o relator do Or\u00e7amento, o deputado Jos\u00e9 Pimentel (PT-CE), ficou de estudar. Se aprovado, somados aos cortes no Or\u00e7amento do Legislativo, n\u00f3s ( o Congresso) estaremos pagando metade da conta&#8221;, afirmou o l\u00edder do PR na C\u00e2mara, Luciano Castro (RR). <\/p>\n<p>Ele se referia ao corte de R$ 20 bilh\u00f5es que o governo se prop\u00f4s a fazer no Or\u00e7amento este ano para compensar o fim da arrecada\u00e7\u00e3o de R$ 40 bilh\u00f5es com a Contribui\u00e7\u00e3o Provis\u00f3ria sobre Movimenta\u00e7\u00e3o Financeira (CPMF). <\/p>\n<p>Segundo Castro, Paulo Bernardo afirmou na reuni\u00e3o que o governo espera elevar em R$ 11,1 bilh\u00f5es a arrecada\u00e7\u00e3o com o aumento da taxa\u00e7\u00e3o da IOF e da CSLL. Ao anunciar o pacote tribut\u00e1rio, na \u00faltima semana, o governo havia estimado inicialmente esse aumento em R$ 10 bilh\u00f5es. <br \/><b><br \/>CPMF, o retorno \u2013<\/b> Segundo o l\u00edder do governo na C\u00e2mara, deputado Henrique Fontana (PT-RS), a id\u00e9ia dos partidos governistas \u00e9 reintroduzir um tributo cobrado sobre as movimenta\u00e7\u00f5es financeiras, s\u00f3 que agora com al\u00edquota de 0,20%, apenas para alavancar os investimentos na Sa\u00fade. <\/p>\n<p>&#8220;O caminho nosso \u00e9 fazer um amplo debate nacional sobre a necessidade de a Sa\u00fade ter mais recursos&#8221;, afirmou Fontana a jornalistas. <\/p>\n<p>Ele defendeu que a reforma tribut\u00e1ria a ser encaminhada pelo governo ao Congresso em fevereiro j\u00e1 traga a CPMF sob esses novos moldes. &#8220;Todos os partidos (da base) discutiram e entenderam que esse \u00e9 o caminho&#8221;, confirmou o l\u00edder do PTB na C\u00e2mara, deputado Jovair Arantes (GO). <\/p>\n<p><b>IOF e CSLL n\u00e3o \u2013 <\/b>Henrique Fontana afirmou que o retorno da CPMF n\u00e3o ser\u00e1 negociado tendo como contrapartida a revers\u00e3o dos aumentos do Imposto sobre Opera\u00e7\u00f5es Financeiras (IOF) e da Contribui\u00e7\u00e3o Social sobre o Lucro L\u00edquido (CSLL). <\/p>\n<p>Segundo ele, a proposta se insere num contexto de se definir um montante maior de recursos para a Sa\u00fade e est\u00e1 desvinculado da discuss\u00e3o de como adequar o Or\u00e7amento de 2008 ao fim do chamado &#8220;imposto do cheque&#8221;. <\/p>\n<p>De acordo com o deputado, essa id\u00e9ia tem o apoio dele como parlamentar ligado a \u00e1rea da Sa\u00fade e n\u00e3o foi encaminhada pelo governo. <\/p>\n<p><b>Reuni\u00e3o sem defini\u00e7\u00e3o \u2013 <\/b>Ap\u00f3s reuni\u00e3o com os l\u00edderes governistas para estabelecer os crit\u00e9rios dos cortes no Or\u00e7amento \u2013 que terminou sem consenso \u2013 o ministro Paulo Bernardo admitiu que a tesoura pode atingir 50% das emendas de bancada de parlamentares. J\u00e1 as emendas de comiss\u00e3o perderiam R$ 2 bilh\u00f5es, enquanto as individuais, que destinam recursos para os munic\u00edpios, seriam preservadas. Essa proposta renderia aproximadamente R$ 8 bilh\u00f5es ao Or\u00e7amento. <\/p>\n<p>Participaram tamb\u00e9m da reuni\u00e3o de ontem os ministros Dilma Rousseff (Casa Civil), Luiz Dulci (Secretaria-Geral da Presid\u00eancia), Franklin Martins (Comunica\u00e7\u00e3o Social), al\u00e9m do vice-presidente Jos\u00e9 Alencar e do chefe de gabinete, Gilberto Carvalho. <\/p>\n<p><b>Varas federais \u2013 <\/b>Al\u00e9m de reduzir os recursos destinados \u00e0 constru\u00e7\u00e3o e reforma de pr\u00e9dios pelo Poder Judici\u00e1rio, a tesoura do relator da proposta or\u00e7ament\u00e1ria para 2008, Jos\u00e9 Pimentel, dever\u00e1 atingir a cria\u00e7\u00e3o de varas federais. <\/p>\n<p>O projeto de Or\u00e7amento encaminhado ao Congresso prev\u00ea a instala\u00e7\u00e3o de 230 varas da Justi\u00e7a Federal, um acr\u00e9scimo de 30,1% em rela\u00e7\u00e3o \u00e0s atualmente existentes. Nesta fase do processo or\u00e7ament\u00e1rio, apenas o relator pode fazer cortes.<\/p>\n","protected":false},"excerpt":{"rendered":"Os partidos da base aliada do presidente Luiz In\u00e1cio Lula da Silva pretendem trabalhar em 2008 pela restitui\u00e7\u00e3o da CPMF, com receitas voltadas \n<a class=\"moretag\" href=\"https:\/\/www.aceguarulhos.com.br\/blog\/governistas-querem-recriar-a-cpmf\/\"> [...]<\/a>","protected":false},"author":8,"featured_media":0,"comment_status":"open","ping_status":"open","sticky":false,"template":"","format":"standard","meta":{"footnotes":""},"categories":[2],"tags":[],"class_list":["post-32674","post","type-post","status-publish","format-standard","hentry","category-noticias"],"yoast_head":"<!-- This site is optimized with the Yoast SEO plugin v28.1 - https:\/\/yoast.com\/product\/yoast-seo-wordpress\/ -->\n<title>Governistas querem recriar a CPMF - ACE-Guarulhos<\/title>\n<meta name=\"robots\" content=\"index, follow, max-snippet:-1, max-image-preview:large, max-video-preview:-1\" \/>\n<link rel=\"canonical\" href=\"https:\/\/www.aceguarulhos.com.br\/blog\/governistas-querem-recriar-a-cpmf\/\" \/>\n<meta property=\"og:locale\" content=\"pt_BR\" \/>\n<meta property=\"og:type\" content=\"article\" \/>\n<meta property=\"og:title\" content=\"Governistas querem recriar a CPMF - ACE-Guarulhos\" \/>\n<meta property=\"og:description\" content=\"Os partidos da base aliada do presidente Luiz In\u00e1cio Lula da Silva pretendem trabalhar em 2008 pela restitui\u00e7\u00e3o da CPMF, com receitas voltadas\" \/>\n<meta property=\"og:url\" content=\"https:\/\/www.aceguarulhos.com.br\/blog\/governistas-querem-recriar-a-cpmf\/\" \/>\n<meta property=\"og:site_name\" content=\"ACE-Guarulhos\" \/>\n<meta property=\"article:publisher\" content=\"https:\/\/www.facebook.com\/aceguarulhos\/\" \/>\n<meta property=\"article:published_time\" content=\"2008-01-11T10:27:38+00:00\" \/>\n<meta name=\"author\" content=\"Assessoria de Imprensa ACE-Guarulhos\" \/>\n<meta name=\"twitter:card\" content=\"summary_large_image\" \/>\n<meta name=\"twitter:label1\" content=\"Escrito por\" \/>\n\t<meta name=\"twitter:data1\" content=\"Assessoria de Imprensa ACE-Guarulhos\" \/>\n\t<meta name=\"twitter:label2\" content=\"Est. tempo de leitura\" \/>\n\t<meta name=\"twitter:data2\" content=\"3 minutos\" \/>\n<script type=\"application\/ld+json\" class=\"yoast-schema-graph\">{\"@context\":\"https:\\\/\\\/schema.org\",\"@graph\":[{\"@type\":\"Article\",\"@id\":\"https:\\\/\\\/www.aceguarulhos.com.br\\\/blog\\\/governistas-querem-recriar-a-cpmf\\\/#article\",\"isPartOf\":{\"@id\":\"https:\\\/\\\/www.aceguarulhos.com.br\\\/blog\\\/governistas-querem-recriar-a-cpmf\\\/\"},\"author\":{\"name\":\"Assessoria de Imprensa ACE-Guarulhos\",\"@id\":\"https:\\\/\\\/www.aceguarulhos.com.br\\\/blog\\\/#\\\/schema\\\/person\\\/6983b51bad37489989e4f09698c26237\"},\"headline\":\"Governistas querem recriar a CPMF\",\"datePublished\":\"2008-01-11T10:27:38+00:00\",\"mainEntityOfPage\":{\"@id\":\"https:\\\/\\\/www.aceguarulhos.com.br\\\/blog\\\/governistas-querem-recriar-a-cpmf\\\/\"},\"wordCount\":691,\"commentCount\":0,\"publisher\":{\"@id\":\"https:\\\/\\\/www.aceguarulhos.com.br\\\/blog\\\/#organization\"},\"articleSection\":[\"Not\u00edcias\"],\"inLanguage\":\"pt-BR\"},{\"@type\":\"WebPage\",\"@id\":\"https:\\\/\\\/www.aceguarulhos.com.br\\\/blog\\\/governistas-querem-recriar-a-cpmf\\\/\",\"url\":\"https:\\\/\\\/www.aceguarulhos.com.br\\\/blog\\\/governistas-querem-recriar-a-cpmf\\\/\",\"name\":\"Governistas querem recriar a CPMF - ACE-Guarulhos\",\"isPartOf\":{\"@id\":\"https:\\\/\\\/www.aceguarulhos.com.br\\\/blog\\\/#website\"},\"datePublished\":\"2008-01-11T10:27:38+00:00\",\"breadcrumb\":{\"@id\":\"https:\\\/\\\/www.aceguarulhos.com.br\\\/blog\\\/governistas-querem-recriar-a-cpmf\\\/#breadcrumb\"},\"inLanguage\":\"pt-BR\",\"potentialAction\":[{\"@type\":\"ReadAction\",\"target\":[\"https:\\\/\\\/www.aceguarulhos.com.br\\\/blog\\\/governistas-querem-recriar-a-cpmf\\\/\"]}]},{\"@type\":\"BreadcrumbList\",\"@id\":\"https:\\\/\\\/www.aceguarulhos.com.br\\\/blog\\\/governistas-querem-recriar-a-cpmf\\\/#breadcrumb\",\"itemListElement\":[{\"@type\":\"ListItem\",\"position\":1,\"name\":\"In\u00edcio\",\"item\":\"https:\\\/\\\/www.aceguarulhos.com.br\\\/blog\\\/\"},{\"@type\":\"ListItem\",\"position\":2,\"name\":\"Governistas querem recriar a CPMF\"}]},{\"@type\":\"WebSite\",\"@id\":\"https:\\\/\\\/www.aceguarulhos.com.br\\\/blog\\\/#website\",\"url\":\"https:\\\/\\\/www.aceguarulhos.com.br\\\/blog\\\/\",\"name\":\"ACE-Guarulhos\",\"description\":\"A ACE-Guarulhos \u00e9 uma associa\u00e7\u00e3o que ap\u00f3ia os empres\u00e1rios guarulhenses atrav\u00e9s da representa\u00e7\u00e3o, da gera\u00e7\u00e3o de neg\u00f3cios e presta\u00e7\u00e3o de servi\u00e7os.\",\"publisher\":{\"@id\":\"https:\\\/\\\/www.aceguarulhos.com.br\\\/blog\\\/#organization\"},\"potentialAction\":[{\"@type\":\"SearchAction\",\"target\":{\"@type\":\"EntryPoint\",\"urlTemplate\":\"https:\\\/\\\/www.aceguarulhos.com.br\\\/blog\\\/?s={search_term_string}\"},\"query-input\":{\"@type\":\"PropertyValueSpecification\",\"valueRequired\":true,\"valueName\":\"search_term_string\"}}],\"inLanguage\":\"pt-BR\"},{\"@type\":\"Organization\",\"@id\":\"https:\\\/\\\/www.aceguarulhos.com.br\\\/blog\\\/#organization\",\"name\":\"ACE-Guarulhos\",\"url\":\"https:\\\/\\\/www.aceguarulhos.com.br\\\/blog\\\/\",\"logo\":{\"@type\":\"ImageObject\",\"inLanguage\":\"pt-BR\",\"@id\":\"https:\\\/\\\/www.aceguarulhos.com.br\\\/blog\\\/#\\\/schema\\\/logo\\\/image\\\/\",\"url\":\"https:\\\/\\\/www.aceguarulhos.com.br\\\/blog\\\/wp-content\\\/uploads\\\/2017\\\/12\\\/logo-aceguarulhos-2018.png\",\"contentUrl\":\"https:\\\/\\\/www.aceguarulhos.com.br\\\/blog\\\/wp-content\\\/uploads\\\/2017\\\/12\\\/logo-aceguarulhos-2018.png\",\"width\":419,\"height\":76,\"caption\":\"ACE-Guarulhos\"},\"image\":{\"@id\":\"https:\\\/\\\/www.aceguarulhos.com.br\\\/blog\\\/#\\\/schema\\\/logo\\\/image\\\/\"},\"sameAs\":[\"https:\\\/\\\/www.facebook.com\\\/aceguarulhos\\\/\",\"https:\\\/\\\/br.linkedin.com\\\/in\\\/ace-guarulhos-b9a97093\",\"https:\\\/\\\/www.youtube.com\\\/user\\\/aceguarulhos\"]},{\"@type\":\"Person\",\"@id\":\"https:\\\/\\\/www.aceguarulhos.com.br\\\/blog\\\/#\\\/schema\\\/person\\\/6983b51bad37489989e4f09698c26237\",\"name\":\"Assessoria de Imprensa ACE-Guarulhos\",\"image\":{\"@type\":\"ImageObject\",\"inLanguage\":\"pt-BR\",\"@id\":\"https:\\\/\\\/secure.gravatar.com\\\/avatar\\\/707f3fadd6918afeb64173ab22d8a8cb0676953098a4f31ff36dc2b4c699ef6a?s=96&d=mm&r=g\",\"url\":\"https:\\\/\\\/secure.gravatar.com\\\/avatar\\\/707f3fadd6918afeb64173ab22d8a8cb0676953098a4f31ff36dc2b4c699ef6a?s=96&d=mm&r=g\",\"contentUrl\":\"https:\\\/\\\/secure.gravatar.com\\\/avatar\\\/707f3fadd6918afeb64173ab22d8a8cb0676953098a4f31ff36dc2b4c699ef6a?s=96&d=mm&r=g\",\"caption\":\"Assessoria de Imprensa ACE-Guarulhos\"},\"url\":\"https:\\\/\\\/www.aceguarulhos.com.br\\\/blog\\\/author\\\/assessoria-de-imprensa-ace-guarulhos\\\/\"}]}<\/script>\n<!-- \/ Yoast SEO plugin. -->","yoast_head_json":{"title":"Governistas querem recriar a CPMF - ACE-Guarulhos","robots":{"index":"index","follow":"follow","max-snippet":"max-snippet:-1","max-image-preview":"max-image-preview:large","max-video-preview":"max-video-preview:-1"},"canonical":"https:\/\/www.aceguarulhos.com.br\/blog\/governistas-querem-recriar-a-cpmf\/","og_locale":"pt_BR","og_type":"article","og_title":"Governistas querem recriar a CPMF - ACE-Guarulhos","og_description":"Os partidos da base aliada do presidente Luiz In\u00e1cio Lula da Silva pretendem trabalhar em 2008 pela restitui\u00e7\u00e3o da CPMF, com receitas voltadas","og_url":"https:\/\/www.aceguarulhos.com.br\/blog\/governistas-querem-recriar-a-cpmf\/","og_site_name":"ACE-Guarulhos","article_publisher":"https:\/\/www.facebook.com\/aceguarulhos\/","article_published_time":"2008-01-11T10:27:38+00:00","author":"Assessoria de Imprensa ACE-Guarulhos","twitter_card":"summary_large_image","twitter_misc":{"Escrito por":"Assessoria de Imprensa ACE-Guarulhos","Est. tempo de leitura":"3 minutos"},"schema":{"@context":"https:\/\/schema.org","@graph":[{"@type":"Article","@id":"https:\/\/www.aceguarulhos.com.br\/blog\/governistas-querem-recriar-a-cpmf\/#article","isPartOf":{"@id":"https:\/\/www.aceguarulhos.com.br\/blog\/governistas-querem-recriar-a-cpmf\/"},"author":{"name":"Assessoria de Imprensa ACE-Guarulhos","@id":"https:\/\/www.aceguarulhos.com.br\/blog\/#\/schema\/person\/6983b51bad37489989e4f09698c26237"},"headline":"Governistas querem recriar a CPMF","datePublished":"2008-01-11T10:27:38+00:00","mainEntityOfPage":{"@id":"https:\/\/www.aceguarulhos.com.br\/blog\/governistas-querem-recriar-a-cpmf\/"},"wordCount":691,"commentCount":0,"publisher":{"@id":"https:\/\/www.aceguarulhos.com.br\/blog\/#organization"},"articleSection":["Not\u00edcias"],"inLanguage":"pt-BR"},{"@type":"WebPage","@id":"https:\/\/www.aceguarulhos.com.br\/blog\/governistas-querem-recriar-a-cpmf\/","url":"https:\/\/www.aceguarulhos.com.br\/blog\/governistas-querem-recriar-a-cpmf\/","name":"Governistas querem recriar a CPMF - ACE-Guarulhos","isPartOf":{"@id":"https:\/\/www.aceguarulhos.com.br\/blog\/#website"},"datePublished":"2008-01-11T10:27:38+00:00","breadcrumb":{"@id":"https:\/\/www.aceguarulhos.com.br\/blog\/governistas-querem-recriar-a-cpmf\/#breadcrumb"},"inLanguage":"pt-BR","potentialAction":[{"@type":"ReadAction","target":["https:\/\/www.aceguarulhos.com.br\/blog\/governistas-querem-recriar-a-cpmf\/"]}]},{"@type":"BreadcrumbList","@id":"https:\/\/www.aceguarulhos.com.br\/blog\/governistas-querem-recriar-a-cpmf\/#breadcrumb","itemListElement":[{"@type":"ListItem","position":1,"name":"In\u00edcio","item":"https:\/\/www.aceguarulhos.com.br\/blog\/"},{"@type":"ListItem","position":2,"name":"Governistas querem recriar a CPMF"}]},{"@type":"WebSite","@id":"https:\/\/www.aceguarulhos.com.br\/blog\/#website","url":"https:\/\/www.aceguarulhos.com.br\/blog\/","name":"ACE-Guarulhos","description":"A ACE-Guarulhos \u00e9 uma associa\u00e7\u00e3o que ap\u00f3ia os empres\u00e1rios guarulhenses atrav\u00e9s da representa\u00e7\u00e3o, da gera\u00e7\u00e3o de neg\u00f3cios e presta\u00e7\u00e3o de servi\u00e7os.","publisher":{"@id":"https:\/\/www.aceguarulhos.com.br\/blog\/#organization"},"potentialAction":[{"@type":"SearchAction","target":{"@type":"EntryPoint","urlTemplate":"https:\/\/www.aceguarulhos.com.br\/blog\/?s={search_term_string}"},"query-input":{"@type":"PropertyValueSpecification","valueRequired":true,"valueName":"search_term_string"}}],"inLanguage":"pt-BR"},{"@type":"Organization","@id":"https:\/\/www.aceguarulhos.com.br\/blog\/#organization","name":"ACE-Guarulhos","url":"https:\/\/www.aceguarulhos.com.br\/blog\/","logo":{"@type":"ImageObject","inLanguage":"pt-BR","@id":"https:\/\/www.aceguarulhos.com.br\/blog\/#\/schema\/logo\/image\/","url":"https:\/\/www.aceguarulhos.com.br\/blog\/wp-content\/uploads\/2017\/12\/logo-aceguarulhos-2018.png","contentUrl":"https:\/\/www.aceguarulhos.com.br\/blog\/wp-content\/uploads\/2017\/12\/logo-aceguarulhos-2018.png","width":419,"height":76,"caption":"ACE-Guarulhos"},"image":{"@id":"https:\/\/www.aceguarulhos.com.br\/blog\/#\/schema\/logo\/image\/"},"sameAs":["https:\/\/www.facebook.com\/aceguarulhos\/","https:\/\/br.linkedin.com\/in\/ace-guarulhos-b9a97093","https:\/\/www.youtube.com\/user\/aceguarulhos"]},{"@type":"Person","@id":"https:\/\/www.aceguarulhos.com.br\/blog\/#\/schema\/person\/6983b51bad37489989e4f09698c26237","name":"Assessoria de Imprensa ACE-Guarulhos","image":{"@type":"ImageObject","inLanguage":"pt-BR","@id":"https:\/\/secure.gravatar.com\/avatar\/707f3fadd6918afeb64173ab22d8a8cb0676953098a4f31ff36dc2b4c699ef6a?s=96&d=mm&r=g","url":"https:\/\/secure.gravatar.com\/avatar\/707f3fadd6918afeb64173ab22d8a8cb0676953098a4f31ff36dc2b4c699ef6a?s=96&d=mm&r=g","contentUrl":"https:\/\/secure.gravatar.com\/avatar\/707f3fadd6918afeb64173ab22d8a8cb0676953098a4f31ff36dc2b4c699ef6a?s=96&d=mm&r=g","caption":"Assessoria de Imprensa ACE-Guarulhos"},"url":"https:\/\/www.aceguarulhos.com.br\/blog\/author\/assessoria-de-imprensa-ace-guarulhos\/"}]}},"wps_subtitle":"","amp_enabled":true,"_links":{"self":[{"href":"https:\/\/www.aceguarulhos.com.br\/blog\/wp-json\/wp\/v2\/posts\/32674","targetHints":{"allow":["GET"]}}],"collection":[{"href":"https:\/\/www.aceguarulhos.com.br\/blog\/wp-json\/wp\/v2\/posts"}],"about":[{"href":"https:\/\/www.aceguarulhos.com.br\/blog\/wp-json\/wp\/v2\/types\/post"}],"author":[{"embeddable":true,"href":"https:\/\/www.aceguarulhos.com.br\/blog\/wp-json\/wp\/v2\/users\/8"}],"replies":[{"embeddable":true,"href":"https:\/\/www.aceguarulhos.com.br\/blog\/wp-json\/wp\/v2\/comments?post=32674"}],"version-history":[{"count":0,"href":"https:\/\/www.aceguarulhos.com.br\/blog\/wp-json\/wp\/v2\/posts\/32674\/revisions"}],"wp:attachment":[{"href":"https:\/\/www.aceguarulhos.com.br\/blog\/wp-json\/wp\/v2\/media?parent=32674"}],"wp:term":[{"taxonomy":"category","embeddable":true,"href":"https:\/\/www.aceguarulhos.com.br\/blog\/wp-json\/wp\/v2\/categories?post=32674"},{"taxonomy":"post_tag","embeddable":true,"href":"https:\/\/www.aceguarulhos.com.br\/blog\/wp-json\/wp\/v2\/tags?post=32674"}],"curies":[{"name":"wp","href":"https:\/\/api.w.org\/{rel}","templated":true}]}}