{"id":32662,"date":"2008-01-09T09:55:30","date_gmt":"2008-01-09T09:55:30","guid":{"rendered":"http:\/\/www.aceguarulhos.com.br\/blog\/?p=32662"},"modified":"-0001-11-30T00:00:00","modified_gmt":"-0001-11-30T03:00:00","slug":"stf-d%c3%a1-10-dias-para-lula-explicar-pacote","status":"publish","type":"post","link":"https:\/\/www.aceguarulhos.com.br\/blog\/stf-d%c3%a1-10-dias-para-lula-explicar-pacote\/","title":{"rendered":"STF d\u00e1 10 dias para Lula explicar pacote"},"content":{"rendered":"<p>A presidente do Supremo Tribunal Federal (STF), ministra Ellen Gracie, abriu prazo de dez dias para que o presidente Luiz In\u00e1cio Lula da Silva se manifeste e forne\u00e7a informa\u00e7\u00f5es sobre o decreto que aumentou al\u00edquotas do Imposto sobre Opera\u00e7\u00f5es Financeiras (IOF). <\/p>\n<p>Ap\u00f3s os dez dias, a Advocacia Geral da Uni\u00e3o (AGU) e o Minist\u00e9rio P\u00fablico Federal (MPF) ter\u00e3o prazo de cinco dias cada um para analisar o decreto presidencial. <\/p>\n<p>A resposta do presidente Lula e os pareceres da AGU e do MPF ser\u00e3o anexados \u00e0 A\u00e7\u00e3o Direta de Inconstitucionalidade (Adin) ajuizada na segunda-feira pelo DEM no Supremo Tribunal Federal contra o aumento do tributo. <\/p>\n<p>O procedimento adotado por Ellen Gracie acelera a an\u00e1lise do caso. Assim que as informa\u00e7\u00f5es forem prestadas pelo presidente, pela AGU e pelo MPF, a a\u00e7\u00e3o ser\u00e1 repassada a um relator no STF e, em seguida, remetida ao plen\u00e1rio do tribunal para que seja julgada em definitivo. <\/p>\n<p>O mesmo procedimento deve ser adotado em rela\u00e7\u00e3o a A\u00e7\u00e3o Direta de Inconstitucionalidade protocolada ontem pelo DEM contra o aumento da al\u00edquota da Contribui\u00e7\u00e3o Social sobre o Lucro L\u00edquido (CSLL) cobrada de institui\u00e7\u00f5es financeiras. Com esse tr\u00e2mite, diminuem as possibilidades de um dos ministros, em decis\u00e3o monocr\u00e1tica, derrubar ou preservar as medidas do governo. <\/p>\n<p><b>Tucanos ap\u00f3iam \u2013 <\/b>O senador \u00c1lvaro Dias, do PSDB, protocolou ontem, na Mesa Diretora da Casa, um Projeto de Decreto Legislativo (PDL) que questiona o aumento da al\u00edquota do IOF, anunciado pelo governo na semana passada. Dias estava acompanhado do presidente do partido, senador S\u00e9rgio Guerra, quando apresentou a proposta. <\/p>\n<p>Dias disse que o governo n\u00e3o honrou o compromisso de que n\u00e3o aumentaria impostos, mesmo com o fim da Contribui\u00e7\u00e3o Provis\u00f3ria de Movimenta\u00e7\u00e3o Financeira (CPMF), em dezembro. &#8220;Ele (o governo) deveria cortar gastos e n\u00e3o aumentar impostos&#8221;, disse, ao protocolar o PDL. <\/p>\n<p>Os dois senadores do PSDB se reuniram com o presidente do Senado, Garibaldi Alves Filho (PMDB-RN) para pedir que fosse convocada uma reuni\u00e3o da Comiss\u00e3o Representativa do Congresso Nacional para deliberar sobre este projeto da oposi\u00e7\u00e3o. Garibaldi disse que faria consultas para decidir. No entanto, decidiu n\u00e3o tocar o pedido adiante. <\/p>\n<p>Frustrados, S\u00e9rgio Guerra e \u00c1lvaro Dias afirmaram que Garibaldi atendeu aos interesses do governo, que se livrou de um debate p\u00fablico mais aprofundado sobre o pacote. <\/p>\n<p>Com a n\u00e3o convoca\u00e7\u00e3o da comiss\u00e3o, a discuss\u00e3o s\u00f3 ser\u00e1 travada a partir de 6 de fevereiro, quando o Congresso retoma seus trabalhos. &#8220;O debate obrigaria o governo a abrir sua caixa-preta, que s\u00e3o as contas e o Or\u00e7amento da Uni\u00e3o&#8221;, disse o presidente do PSDB. <\/p>\n<p>Garibaldi, por sua vez, disse que havia tomado uma decis\u00e3o democr\u00e1tica, uma vez que o debate na comiss\u00e3o ficaria restrito a um grupo de oito senadores e 17 deputados, ao passo que, em fevereiro, a discuss\u00e3o ter\u00e1 participa\u00e7\u00e3o de todos os parlamentares (51 senadores e 511 deputados). Al\u00e9m disso, Garibaldi afirmou que o governo sairia ganhando na comiss\u00e3o, pois nela, tem maioria para deliberar. <\/p>\n<p>Al\u00e9m de \u00c1lvaro Dias, o deputado Arnaldo Jardim (PPS-SP), tamb\u00e9m questiona o governo e pede a derrubada de norma editada pela Receita Federal no fim do ano passado, depois que o Senado rejeitou a prorroga\u00e7\u00e3o da CPMF. <br \/><b><br \/>DEM \u2013<\/b> O PSDB e PPS seguiram o DEM, que se adiantou na ofensiva contra o pacote do governo. Na segunda, o partido entrou no Supremo Tribunal Federal (STF) com uma Adin contra as medidas que aumentaram a al\u00edquota do IOF. <\/p>\n<p>&#8220;O ministro (Guido Mantega, da Fazenda) foi completamente c\u00ednico e fez uma coisa atrapalhada e desrespeitosa&#8221;, resumiu o presidente do DEM, deputado Rodrigo Maia. &#8220;A nossa inten\u00e7\u00e3o \u00e9 anular a decis\u00e3o do governo em rela\u00e7\u00e3o ao aumento da carga tribut\u00e1ria do Pa\u00eds&#8221;, explicou.<\/p>\n","protected":false},"excerpt":{"rendered":"A presidente do Supremo Tribunal Federal (STF), ministra Ellen Gracie, abriu prazo de dez dias para que o presidente Luiz In\u00e1cio Lula da \n<a class=\"moretag\" href=\"https:\/\/www.aceguarulhos.com.br\/blog\/stf-d%c3%a1-10-dias-para-lula-explicar-pacote\/\"> [...]<\/a>","protected":false},"author":8,"featured_media":0,"comment_status":"open","ping_status":"open","sticky":false,"template":"","format":"standard","meta":{"footnotes":""},"categories":[2],"tags":[],"class_list":["post-32662","post","type-post","status-publish","format-standard","hentry","category-noticias"],"yoast_head":"<!-- This site is optimized with the Yoast SEO plugin v28.1 - https:\/\/yoast.com\/product\/yoast-seo-wordpress\/ -->\n<title>STF d\u00e1 10 dias para Lula explicar pacote  - ACE-Guarulhos<\/title>\n<meta name=\"robots\" content=\"index, follow, max-snippet:-1, max-image-preview:large, max-video-preview:-1\" \/>\n<link rel=\"canonical\" href=\"https:\/\/www.aceguarulhos.com.br\/blog\/stf-d\u00e1-10-dias-para-lula-explicar-pacote\/\" \/>\n<meta property=\"og:locale\" content=\"pt_BR\" \/>\n<meta property=\"og:type\" content=\"article\" \/>\n<meta property=\"og:title\" content=\"STF d\u00e1 10 dias para Lula explicar pacote  - ACE-Guarulhos\" \/>\n<meta property=\"og:description\" content=\"A presidente do Supremo Tribunal Federal (STF), ministra Ellen Gracie, abriu prazo de dez dias para que o presidente Luiz In\u00e1cio Lula da\" \/>\n<meta property=\"og:url\" content=\"https:\/\/www.aceguarulhos.com.br\/blog\/stf-d\u00e1-10-dias-para-lula-explicar-pacote\/\" \/>\n<meta property=\"og:site_name\" content=\"ACE-Guarulhos\" \/>\n<meta property=\"article:publisher\" content=\"https:\/\/www.facebook.com\/aceguarulhos\/\" \/>\n<meta property=\"article:published_time\" content=\"2008-01-09T09:55:30+00:00\" \/>\n<meta name=\"author\" content=\"Assessoria de Imprensa ACE-Guarulhos\" \/>\n<meta name=\"twitter:card\" content=\"summary_large_image\" \/>\n<meta name=\"twitter:label1\" content=\"Escrito por\" \/>\n\t<meta name=\"twitter:data1\" content=\"Assessoria de Imprensa ACE-Guarulhos\" \/>\n\t<meta name=\"twitter:label2\" content=\"Est. tempo de leitura\" \/>\n\t<meta name=\"twitter:data2\" content=\"3 minutos\" \/>\n<script type=\"application\/ld+json\" class=\"yoast-schema-graph\">{\"@context\":\"https:\\\/\\\/schema.org\",\"@graph\":[{\"@type\":\"Article\",\"@id\":\"https:\\\/\\\/www.aceguarulhos.com.br\\\/blog\\\/stf-d%c3%a1-10-dias-para-lula-explicar-pacote\\\/#article\",\"isPartOf\":{\"@id\":\"https:\\\/\\\/www.aceguarulhos.com.br\\\/blog\\\/stf-d%c3%a1-10-dias-para-lula-explicar-pacote\\\/\"},\"author\":{\"name\":\"Assessoria de Imprensa ACE-Guarulhos\",\"@id\":\"https:\\\/\\\/www.aceguarulhos.com.br\\\/blog\\\/#\\\/schema\\\/person\\\/6983b51bad37489989e4f09698c26237\"},\"headline\":\"STF d\u00e1 10 dias para Lula explicar pacote\",\"datePublished\":\"2008-01-09T09:55:30+00:00\",\"mainEntityOfPage\":{\"@id\":\"https:\\\/\\\/www.aceguarulhos.com.br\\\/blog\\\/stf-d%c3%a1-10-dias-para-lula-explicar-pacote\\\/\"},\"wordCount\":668,\"commentCount\":0,\"publisher\":{\"@id\":\"https:\\\/\\\/www.aceguarulhos.com.br\\\/blog\\\/#organization\"},\"articleSection\":[\"Not\u00edcias\"],\"inLanguage\":\"pt-BR\"},{\"@type\":\"WebPage\",\"@id\":\"https:\\\/\\\/www.aceguarulhos.com.br\\\/blog\\\/stf-d%c3%a1-10-dias-para-lula-explicar-pacote\\\/\",\"url\":\"https:\\\/\\\/www.aceguarulhos.com.br\\\/blog\\\/stf-d%c3%a1-10-dias-para-lula-explicar-pacote\\\/\",\"name\":\"STF d\u00e1 10 dias para Lula explicar pacote - ACE-Guarulhos\",\"isPartOf\":{\"@id\":\"https:\\\/\\\/www.aceguarulhos.com.br\\\/blog\\\/#website\"},\"datePublished\":\"2008-01-09T09:55:30+00:00\",\"breadcrumb\":{\"@id\":\"https:\\\/\\\/www.aceguarulhos.com.br\\\/blog\\\/stf-d%c3%a1-10-dias-para-lula-explicar-pacote\\\/#breadcrumb\"},\"inLanguage\":\"pt-BR\",\"potentialAction\":[{\"@type\":\"ReadAction\",\"target\":[\"https:\\\/\\\/www.aceguarulhos.com.br\\\/blog\\\/stf-d%c3%a1-10-dias-para-lula-explicar-pacote\\\/\"]}]},{\"@type\":\"BreadcrumbList\",\"@id\":\"https:\\\/\\\/www.aceguarulhos.com.br\\\/blog\\\/stf-d%c3%a1-10-dias-para-lula-explicar-pacote\\\/#breadcrumb\",\"itemListElement\":[{\"@type\":\"ListItem\",\"position\":1,\"name\":\"In\u00edcio\",\"item\":\"https:\\\/\\\/www.aceguarulhos.com.br\\\/blog\\\/\"},{\"@type\":\"ListItem\",\"position\":2,\"name\":\"STF d\u00e1 10 dias para Lula explicar pacote\"}]},{\"@type\":\"WebSite\",\"@id\":\"https:\\\/\\\/www.aceguarulhos.com.br\\\/blog\\\/#website\",\"url\":\"https:\\\/\\\/www.aceguarulhos.com.br\\\/blog\\\/\",\"name\":\"ACE-Guarulhos\",\"description\":\"A ACE-Guarulhos \u00e9 uma associa\u00e7\u00e3o que ap\u00f3ia os empres\u00e1rios guarulhenses atrav\u00e9s da representa\u00e7\u00e3o, da gera\u00e7\u00e3o de neg\u00f3cios e presta\u00e7\u00e3o de servi\u00e7os.\",\"publisher\":{\"@id\":\"https:\\\/\\\/www.aceguarulhos.com.br\\\/blog\\\/#organization\"},\"potentialAction\":[{\"@type\":\"SearchAction\",\"target\":{\"@type\":\"EntryPoint\",\"urlTemplate\":\"https:\\\/\\\/www.aceguarulhos.com.br\\\/blog\\\/?s={search_term_string}\"},\"query-input\":{\"@type\":\"PropertyValueSpecification\",\"valueRequired\":true,\"valueName\":\"search_term_string\"}}],\"inLanguage\":\"pt-BR\"},{\"@type\":\"Organization\",\"@id\":\"https:\\\/\\\/www.aceguarulhos.com.br\\\/blog\\\/#organization\",\"name\":\"ACE-Guarulhos\",\"url\":\"https:\\\/\\\/www.aceguarulhos.com.br\\\/blog\\\/\",\"logo\":{\"@type\":\"ImageObject\",\"inLanguage\":\"pt-BR\",\"@id\":\"https:\\\/\\\/www.aceguarulhos.com.br\\\/blog\\\/#\\\/schema\\\/logo\\\/image\\\/\",\"url\":\"https:\\\/\\\/www.aceguarulhos.com.br\\\/blog\\\/wp-content\\\/uploads\\\/2017\\\/12\\\/logo-aceguarulhos-2018.png\",\"contentUrl\":\"https:\\\/\\\/www.aceguarulhos.com.br\\\/blog\\\/wp-content\\\/uploads\\\/2017\\\/12\\\/logo-aceguarulhos-2018.png\",\"width\":419,\"height\":76,\"caption\":\"ACE-Guarulhos\"},\"image\":{\"@id\":\"https:\\\/\\\/www.aceguarulhos.com.br\\\/blog\\\/#\\\/schema\\\/logo\\\/image\\\/\"},\"sameAs\":[\"https:\\\/\\\/www.facebook.com\\\/aceguarulhos\\\/\",\"https:\\\/\\\/br.linkedin.com\\\/in\\\/ace-guarulhos-b9a97093\",\"https:\\\/\\\/www.youtube.com\\\/user\\\/aceguarulhos\"]},{\"@type\":\"Person\",\"@id\":\"https:\\\/\\\/www.aceguarulhos.com.br\\\/blog\\\/#\\\/schema\\\/person\\\/6983b51bad37489989e4f09698c26237\",\"name\":\"Assessoria de Imprensa ACE-Guarulhos\",\"image\":{\"@type\":\"ImageObject\",\"inLanguage\":\"pt-BR\",\"@id\":\"https:\\\/\\\/secure.gravatar.com\\\/avatar\\\/707f3fadd6918afeb64173ab22d8a8cb0676953098a4f31ff36dc2b4c699ef6a?s=96&d=mm&r=g\",\"url\":\"https:\\\/\\\/secure.gravatar.com\\\/avatar\\\/707f3fadd6918afeb64173ab22d8a8cb0676953098a4f31ff36dc2b4c699ef6a?s=96&d=mm&r=g\",\"contentUrl\":\"https:\\\/\\\/secure.gravatar.com\\\/avatar\\\/707f3fadd6918afeb64173ab22d8a8cb0676953098a4f31ff36dc2b4c699ef6a?s=96&d=mm&r=g\",\"caption\":\"Assessoria de Imprensa ACE-Guarulhos\"},\"url\":\"https:\\\/\\\/www.aceguarulhos.com.br\\\/blog\\\/author\\\/assessoria-de-imprensa-ace-guarulhos\\\/\"}]}<\/script>\n<!-- \/ Yoast SEO plugin. -->","yoast_head_json":{"title":"STF d\u00e1 10 dias para Lula explicar pacote  - ACE-Guarulhos","robots":{"index":"index","follow":"follow","max-snippet":"max-snippet:-1","max-image-preview":"max-image-preview:large","max-video-preview":"max-video-preview:-1"},"canonical":"https:\/\/www.aceguarulhos.com.br\/blog\/stf-d\u00e1-10-dias-para-lula-explicar-pacote\/","og_locale":"pt_BR","og_type":"article","og_title":"STF d\u00e1 10 dias para Lula explicar pacote  - ACE-Guarulhos","og_description":"A presidente do Supremo Tribunal Federal (STF), ministra Ellen Gracie, abriu prazo de dez dias para que o presidente Luiz In\u00e1cio Lula da","og_url":"https:\/\/www.aceguarulhos.com.br\/blog\/stf-d\u00e1-10-dias-para-lula-explicar-pacote\/","og_site_name":"ACE-Guarulhos","article_publisher":"https:\/\/www.facebook.com\/aceguarulhos\/","article_published_time":"2008-01-09T09:55:30+00:00","author":"Assessoria de Imprensa ACE-Guarulhos","twitter_card":"summary_large_image","twitter_misc":{"Escrito por":"Assessoria de Imprensa ACE-Guarulhos","Est. tempo de leitura":"3 minutos"},"schema":{"@context":"https:\/\/schema.org","@graph":[{"@type":"Article","@id":"https:\/\/www.aceguarulhos.com.br\/blog\/stf-d%c3%a1-10-dias-para-lula-explicar-pacote\/#article","isPartOf":{"@id":"https:\/\/www.aceguarulhos.com.br\/blog\/stf-d%c3%a1-10-dias-para-lula-explicar-pacote\/"},"author":{"name":"Assessoria de Imprensa ACE-Guarulhos","@id":"https:\/\/www.aceguarulhos.com.br\/blog\/#\/schema\/person\/6983b51bad37489989e4f09698c26237"},"headline":"STF d\u00e1 10 dias para Lula explicar pacote","datePublished":"2008-01-09T09:55:30+00:00","mainEntityOfPage":{"@id":"https:\/\/www.aceguarulhos.com.br\/blog\/stf-d%c3%a1-10-dias-para-lula-explicar-pacote\/"},"wordCount":668,"commentCount":0,"publisher":{"@id":"https:\/\/www.aceguarulhos.com.br\/blog\/#organization"},"articleSection":["Not\u00edcias"],"inLanguage":"pt-BR"},{"@type":"WebPage","@id":"https:\/\/www.aceguarulhos.com.br\/blog\/stf-d%c3%a1-10-dias-para-lula-explicar-pacote\/","url":"https:\/\/www.aceguarulhos.com.br\/blog\/stf-d%c3%a1-10-dias-para-lula-explicar-pacote\/","name":"STF d\u00e1 10 dias para Lula explicar pacote - ACE-Guarulhos","isPartOf":{"@id":"https:\/\/www.aceguarulhos.com.br\/blog\/#website"},"datePublished":"2008-01-09T09:55:30+00:00","breadcrumb":{"@id":"https:\/\/www.aceguarulhos.com.br\/blog\/stf-d%c3%a1-10-dias-para-lula-explicar-pacote\/#breadcrumb"},"inLanguage":"pt-BR","potentialAction":[{"@type":"ReadAction","target":["https:\/\/www.aceguarulhos.com.br\/blog\/stf-d%c3%a1-10-dias-para-lula-explicar-pacote\/"]}]},{"@type":"BreadcrumbList","@id":"https:\/\/www.aceguarulhos.com.br\/blog\/stf-d%c3%a1-10-dias-para-lula-explicar-pacote\/#breadcrumb","itemListElement":[{"@type":"ListItem","position":1,"name":"In\u00edcio","item":"https:\/\/www.aceguarulhos.com.br\/blog\/"},{"@type":"ListItem","position":2,"name":"STF d\u00e1 10 dias para Lula explicar pacote"}]},{"@type":"WebSite","@id":"https:\/\/www.aceguarulhos.com.br\/blog\/#website","url":"https:\/\/www.aceguarulhos.com.br\/blog\/","name":"ACE-Guarulhos","description":"A ACE-Guarulhos \u00e9 uma associa\u00e7\u00e3o que ap\u00f3ia os empres\u00e1rios guarulhenses atrav\u00e9s da representa\u00e7\u00e3o, da gera\u00e7\u00e3o de neg\u00f3cios e presta\u00e7\u00e3o de servi\u00e7os.","publisher":{"@id":"https:\/\/www.aceguarulhos.com.br\/blog\/#organization"},"potentialAction":[{"@type":"SearchAction","target":{"@type":"EntryPoint","urlTemplate":"https:\/\/www.aceguarulhos.com.br\/blog\/?s={search_term_string}"},"query-input":{"@type":"PropertyValueSpecification","valueRequired":true,"valueName":"search_term_string"}}],"inLanguage":"pt-BR"},{"@type":"Organization","@id":"https:\/\/www.aceguarulhos.com.br\/blog\/#organization","name":"ACE-Guarulhos","url":"https:\/\/www.aceguarulhos.com.br\/blog\/","logo":{"@type":"ImageObject","inLanguage":"pt-BR","@id":"https:\/\/www.aceguarulhos.com.br\/blog\/#\/schema\/logo\/image\/","url":"https:\/\/www.aceguarulhos.com.br\/blog\/wp-content\/uploads\/2017\/12\/logo-aceguarulhos-2018.png","contentUrl":"https:\/\/www.aceguarulhos.com.br\/blog\/wp-content\/uploads\/2017\/12\/logo-aceguarulhos-2018.png","width":419,"height":76,"caption":"ACE-Guarulhos"},"image":{"@id":"https:\/\/www.aceguarulhos.com.br\/blog\/#\/schema\/logo\/image\/"},"sameAs":["https:\/\/www.facebook.com\/aceguarulhos\/","https:\/\/br.linkedin.com\/in\/ace-guarulhos-b9a97093","https:\/\/www.youtube.com\/user\/aceguarulhos"]},{"@type":"Person","@id":"https:\/\/www.aceguarulhos.com.br\/blog\/#\/schema\/person\/6983b51bad37489989e4f09698c26237","name":"Assessoria de Imprensa ACE-Guarulhos","image":{"@type":"ImageObject","inLanguage":"pt-BR","@id":"https:\/\/secure.gravatar.com\/avatar\/707f3fadd6918afeb64173ab22d8a8cb0676953098a4f31ff36dc2b4c699ef6a?s=96&d=mm&r=g","url":"https:\/\/secure.gravatar.com\/avatar\/707f3fadd6918afeb64173ab22d8a8cb0676953098a4f31ff36dc2b4c699ef6a?s=96&d=mm&r=g","contentUrl":"https:\/\/secure.gravatar.com\/avatar\/707f3fadd6918afeb64173ab22d8a8cb0676953098a4f31ff36dc2b4c699ef6a?s=96&d=mm&r=g","caption":"Assessoria de Imprensa ACE-Guarulhos"},"url":"https:\/\/www.aceguarulhos.com.br\/blog\/author\/assessoria-de-imprensa-ace-guarulhos\/"}]}},"wps_subtitle":"","amp_enabled":true,"_links":{"self":[{"href":"https:\/\/www.aceguarulhos.com.br\/blog\/wp-json\/wp\/v2\/posts\/32662","targetHints":{"allow":["GET"]}}],"collection":[{"href":"https:\/\/www.aceguarulhos.com.br\/blog\/wp-json\/wp\/v2\/posts"}],"about":[{"href":"https:\/\/www.aceguarulhos.com.br\/blog\/wp-json\/wp\/v2\/types\/post"}],"author":[{"embeddable":true,"href":"https:\/\/www.aceguarulhos.com.br\/blog\/wp-json\/wp\/v2\/users\/8"}],"replies":[{"embeddable":true,"href":"https:\/\/www.aceguarulhos.com.br\/blog\/wp-json\/wp\/v2\/comments?post=32662"}],"version-history":[{"count":0,"href":"https:\/\/www.aceguarulhos.com.br\/blog\/wp-json\/wp\/v2\/posts\/32662\/revisions"}],"wp:attachment":[{"href":"https:\/\/www.aceguarulhos.com.br\/blog\/wp-json\/wp\/v2\/media?parent=32662"}],"wp:term":[{"taxonomy":"category","embeddable":true,"href":"https:\/\/www.aceguarulhos.com.br\/blog\/wp-json\/wp\/v2\/categories?post=32662"},{"taxonomy":"post_tag","embeddable":true,"href":"https:\/\/www.aceguarulhos.com.br\/blog\/wp-json\/wp\/v2\/tags?post=32662"}],"curies":[{"name":"wp","href":"https:\/\/api.w.org\/{rel}","templated":true}]}}