{"id":32642,"date":"2008-01-04T10:45:43","date_gmt":"2008-01-04T10:45:43","guid":{"rendered":"http:\/\/www.aceguarulhos.com.br\/blog\/?p=32642"},"modified":"-0001-11-30T00:00:00","modified_gmt":"-0001-11-30T03:00:00","slug":"governo-temia-ansiedade-do-mercado","status":"publish","type":"post","link":"https:\/\/www.aceguarulhos.com.br\/blog\/governo-temia-ansiedade-do-mercado\/","title":{"rendered":"Governo temia ansiedade do mercado"},"content":{"rendered":"<p>O ministro do Planejamento, Or\u00e7amento e Gest\u00e3o, Paulo Bernardo, informou ontem que o governo decidiu antecipar as medidas destinadas a ajustar o Or\u00e7amento da Uni\u00e3o de 2008, inicialmente previstas para fevereiro, porque identificou uma certa ansiedade do mercado em rela\u00e7\u00e3o ao que seria feito diante do fim da Contribui\u00e7\u00e3o Provis\u00f3ria sobre Movimenta\u00e7\u00e3o Financeira (CPMF). O temor era de que o mercado come\u00e7asse a &#8220;precificar&#8221; a paralisia do governo. &#8220;As expectativas do mercado poderiam se deteriorar, o que elevaria os juros futuros e a infla\u00e7\u00e3o&#8221;, disse. <\/p>\n<p>&#8220;Essa situa\u00e7\u00e3o poderia at\u00e9 mesmo estimular o Banco Central (BC) a desencadear uma pol\u00edtica monet\u00e1ria mais agressiva, com aumento do juro&#8221;, explicou. Segundo Bernardo, foi o ministro da Fazenda, Guido Mantega, que apresentou ao presidente Luiz In\u00e1cio Lula da Silva essa argumenta\u00e7\u00e3o a favor da antecipa\u00e7\u00e3o das medidas, durante a reuni\u00e3o de \u00faltima segunda-feira no Pal\u00e1cio do Planalto. <\/p>\n<p>Mantega lembrou ao presidente que a infla\u00e7\u00e3o no final do ano passado deu sinais mais fortes do que se esperava e que as incertezas sobre o que o governo faria para compensar a CPMF poderia deteriorar o quadro. &#8220;N\u00e3o pod\u00edamos deixar a situa\u00e7\u00e3o se agravar.&#8221; <\/p>\n<p><b>Sal\u00e1rios e Bolsa \u2013 <\/b>O reajuste salarial de funcion\u00e1rios p\u00fablicos federais est\u00e1 descartado enquanto o governo federal n\u00e3o conseguir reequilibrar o or\u00e7amento, de forma a cobrir os R$ 40 bilh\u00f5es que deixar\u00e3o de ser arrecadados com o fim da cobran\u00e7a da CPMF. <\/p>\n<p>&#8220;N\u00e3o posso falar em aumento de gastos no momento em que tenho R$ 40 bilh\u00f5es de rombo nas minhas contas por conta da CPMF. Prefiro primeiro equilibrar o or\u00e7amento&#8221;, disse o ministro. <\/p>\n<p>Segundo ele, esse \u00e9 um bom momento para tocar o projeto de lei que limita o aumento do funcionalismo p\u00fablico, que est\u00e1 parado na C\u00e2mara dos Deputados. &#8220;Fazer um limite na segunda maior despesa do governo seria positivo.&#8221; <\/p>\n<p>Ele assegurou, no entanto, que o aumento previsto no or\u00e7amento de 2008 para o sal\u00e1rio m\u00ednimo continua mantido. &#8220;Temos um acordo com as centrais sindicais. Manteremos o reajuste em R$ 408,90, que inclusive est\u00e1 previsto no or\u00e7amento,&#8221; disse. <\/p>\n<p>O acordo foi firmado pelo governo federal com as centrais sindicais em 2006. <\/p>\n<p>Da mesma forma, o governo federal n\u00e3o abre m\u00e3o de reajustar o Bolsa Fam\u00edlia em 2008. O ministro do Planejamento negou tratar-se de uma medida eleitoreira, em ano que haver\u00e1 elei\u00e7\u00f5es municipais. Segundo ele, o reajuste est\u00e1 previsto desde o primeiro semestre de 2007. &#8220;Anunciamos que far\u00edamos um reajuste nos par\u00e2metros do programa, aumentando o valor dos benef\u00edcios, mas tamb\u00e9m incluindo os jovens at\u00e9 17 anos de idade&#8221;, disse. <\/p>\n<p>Ele lembrou que projeto nesse sentido foi encaminhado pelo governo ao Congresso no segundo semestre de 2007, mas n\u00e3o foi aprovado. Uma medida provis\u00f3ria foi assinada, ent\u00e3o, pelo presidente Lula e publicada no Di\u00e1rio Oficial da Uni\u00e3o no dia 28 de dezembro passado.<\/p>\n","protected":false},"excerpt":{"rendered":"O ministro do Planejamento, Or\u00e7amento e Gest\u00e3o, Paulo Bernardo, informou ontem que o governo decidiu antecipar as medidas destinadas a ajustar o Or\u00e7amento \n<a class=\"moretag\" href=\"https:\/\/www.aceguarulhos.com.br\/blog\/governo-temia-ansiedade-do-mercado\/\"> [...]<\/a>","protected":false},"author":8,"featured_media":0,"comment_status":"open","ping_status":"open","sticky":false,"template":"","format":"standard","meta":{"footnotes":""},"categories":[2],"tags":[],"class_list":["post-32642","post","type-post","status-publish","format-standard","hentry","category-noticias"],"yoast_head":"<!-- This site is optimized with the Yoast SEO plugin v28.1 - https:\/\/yoast.com\/product\/yoast-seo-wordpress\/ -->\n<title>Governo temia ansiedade do mercado  - ACE-Guarulhos<\/title>\n<meta name=\"robots\" content=\"index, follow, max-snippet:-1, max-image-preview:large, max-video-preview:-1\" \/>\n<link rel=\"canonical\" href=\"https:\/\/www.aceguarulhos.com.br\/blog\/governo-temia-ansiedade-do-mercado\/\" \/>\n<meta property=\"og:locale\" content=\"pt_BR\" \/>\n<meta property=\"og:type\" content=\"article\" \/>\n<meta property=\"og:title\" content=\"Governo temia ansiedade do mercado  - ACE-Guarulhos\" \/>\n<meta property=\"og:description\" content=\"O ministro do Planejamento, Or\u00e7amento e Gest\u00e3o, Paulo Bernardo, informou ontem que o governo decidiu antecipar as medidas destinadas a ajustar o Or\u00e7amento\" \/>\n<meta property=\"og:url\" content=\"https:\/\/www.aceguarulhos.com.br\/blog\/governo-temia-ansiedade-do-mercado\/\" \/>\n<meta property=\"og:site_name\" content=\"ACE-Guarulhos\" \/>\n<meta property=\"article:publisher\" content=\"https:\/\/www.facebook.com\/aceguarulhos\/\" \/>\n<meta property=\"article:published_time\" content=\"2008-01-04T10:45:43+00:00\" \/>\n<meta name=\"author\" content=\"Assessoria de Imprensa ACE-Guarulhos\" \/>\n<meta name=\"twitter:card\" content=\"summary_large_image\" \/>\n<meta name=\"twitter:label1\" content=\"Escrito por\" \/>\n\t<meta name=\"twitter:data1\" content=\"Assessoria de Imprensa ACE-Guarulhos\" \/>\n\t<meta name=\"twitter:label2\" content=\"Est. tempo de leitura\" \/>\n\t<meta name=\"twitter:data2\" content=\"3 minutos\" \/>\n<script type=\"application\/ld+json\" class=\"yoast-schema-graph\">{\"@context\":\"https:\\\/\\\/schema.org\",\"@graph\":[{\"@type\":\"Article\",\"@id\":\"https:\\\/\\\/www.aceguarulhos.com.br\\\/blog\\\/governo-temia-ansiedade-do-mercado\\\/#article\",\"isPartOf\":{\"@id\":\"https:\\\/\\\/www.aceguarulhos.com.br\\\/blog\\\/governo-temia-ansiedade-do-mercado\\\/\"},\"author\":{\"name\":\"Assessoria de Imprensa ACE-Guarulhos\",\"@id\":\"https:\\\/\\\/www.aceguarulhos.com.br\\\/blog\\\/#\\\/schema\\\/person\\\/6983b51bad37489989e4f09698c26237\"},\"headline\":\"Governo temia ansiedade do mercado\",\"datePublished\":\"2008-01-04T10:45:43+00:00\",\"mainEntityOfPage\":{\"@id\":\"https:\\\/\\\/www.aceguarulhos.com.br\\\/blog\\\/governo-temia-ansiedade-do-mercado\\\/\"},\"wordCount\":507,\"commentCount\":0,\"publisher\":{\"@id\":\"https:\\\/\\\/www.aceguarulhos.com.br\\\/blog\\\/#organization\"},\"articleSection\":[\"Not\u00edcias\"],\"inLanguage\":\"pt-BR\"},{\"@type\":\"WebPage\",\"@id\":\"https:\\\/\\\/www.aceguarulhos.com.br\\\/blog\\\/governo-temia-ansiedade-do-mercado\\\/\",\"url\":\"https:\\\/\\\/www.aceguarulhos.com.br\\\/blog\\\/governo-temia-ansiedade-do-mercado\\\/\",\"name\":\"Governo temia ansiedade do mercado - ACE-Guarulhos\",\"isPartOf\":{\"@id\":\"https:\\\/\\\/www.aceguarulhos.com.br\\\/blog\\\/#website\"},\"datePublished\":\"2008-01-04T10:45:43+00:00\",\"breadcrumb\":{\"@id\":\"https:\\\/\\\/www.aceguarulhos.com.br\\\/blog\\\/governo-temia-ansiedade-do-mercado\\\/#breadcrumb\"},\"inLanguage\":\"pt-BR\",\"potentialAction\":[{\"@type\":\"ReadAction\",\"target\":[\"https:\\\/\\\/www.aceguarulhos.com.br\\\/blog\\\/governo-temia-ansiedade-do-mercado\\\/\"]}]},{\"@type\":\"BreadcrumbList\",\"@id\":\"https:\\\/\\\/www.aceguarulhos.com.br\\\/blog\\\/governo-temia-ansiedade-do-mercado\\\/#breadcrumb\",\"itemListElement\":[{\"@type\":\"ListItem\",\"position\":1,\"name\":\"In\u00edcio\",\"item\":\"https:\\\/\\\/www.aceguarulhos.com.br\\\/blog\\\/\"},{\"@type\":\"ListItem\",\"position\":2,\"name\":\"Governo temia ansiedade do mercado\"}]},{\"@type\":\"WebSite\",\"@id\":\"https:\\\/\\\/www.aceguarulhos.com.br\\\/blog\\\/#website\",\"url\":\"https:\\\/\\\/www.aceguarulhos.com.br\\\/blog\\\/\",\"name\":\"ACE-Guarulhos\",\"description\":\"A ACE-Guarulhos \u00e9 uma associa\u00e7\u00e3o que ap\u00f3ia os empres\u00e1rios guarulhenses atrav\u00e9s da representa\u00e7\u00e3o, da gera\u00e7\u00e3o de neg\u00f3cios e presta\u00e7\u00e3o de servi\u00e7os.\",\"publisher\":{\"@id\":\"https:\\\/\\\/www.aceguarulhos.com.br\\\/blog\\\/#organization\"},\"potentialAction\":[{\"@type\":\"SearchAction\",\"target\":{\"@type\":\"EntryPoint\",\"urlTemplate\":\"https:\\\/\\\/www.aceguarulhos.com.br\\\/blog\\\/?s={search_term_string}\"},\"query-input\":{\"@type\":\"PropertyValueSpecification\",\"valueRequired\":true,\"valueName\":\"search_term_string\"}}],\"inLanguage\":\"pt-BR\"},{\"@type\":\"Organization\",\"@id\":\"https:\\\/\\\/www.aceguarulhos.com.br\\\/blog\\\/#organization\",\"name\":\"ACE-Guarulhos\",\"url\":\"https:\\\/\\\/www.aceguarulhos.com.br\\\/blog\\\/\",\"logo\":{\"@type\":\"ImageObject\",\"inLanguage\":\"pt-BR\",\"@id\":\"https:\\\/\\\/www.aceguarulhos.com.br\\\/blog\\\/#\\\/schema\\\/logo\\\/image\\\/\",\"url\":\"https:\\\/\\\/www.aceguarulhos.com.br\\\/blog\\\/wp-content\\\/uploads\\\/2017\\\/12\\\/logo-aceguarulhos-2018.png\",\"contentUrl\":\"https:\\\/\\\/www.aceguarulhos.com.br\\\/blog\\\/wp-content\\\/uploads\\\/2017\\\/12\\\/logo-aceguarulhos-2018.png\",\"width\":419,\"height\":76,\"caption\":\"ACE-Guarulhos\"},\"image\":{\"@id\":\"https:\\\/\\\/www.aceguarulhos.com.br\\\/blog\\\/#\\\/schema\\\/logo\\\/image\\\/\"},\"sameAs\":[\"https:\\\/\\\/www.facebook.com\\\/aceguarulhos\\\/\",\"https:\\\/\\\/br.linkedin.com\\\/in\\\/ace-guarulhos-b9a97093\",\"https:\\\/\\\/www.youtube.com\\\/user\\\/aceguarulhos\"]},{\"@type\":\"Person\",\"@id\":\"https:\\\/\\\/www.aceguarulhos.com.br\\\/blog\\\/#\\\/schema\\\/person\\\/6983b51bad37489989e4f09698c26237\",\"name\":\"Assessoria de Imprensa ACE-Guarulhos\",\"image\":{\"@type\":\"ImageObject\",\"inLanguage\":\"pt-BR\",\"@id\":\"https:\\\/\\\/secure.gravatar.com\\\/avatar\\\/707f3fadd6918afeb64173ab22d8a8cb0676953098a4f31ff36dc2b4c699ef6a?s=96&d=mm&r=g\",\"url\":\"https:\\\/\\\/secure.gravatar.com\\\/avatar\\\/707f3fadd6918afeb64173ab22d8a8cb0676953098a4f31ff36dc2b4c699ef6a?s=96&d=mm&r=g\",\"contentUrl\":\"https:\\\/\\\/secure.gravatar.com\\\/avatar\\\/707f3fadd6918afeb64173ab22d8a8cb0676953098a4f31ff36dc2b4c699ef6a?s=96&d=mm&r=g\",\"caption\":\"Assessoria de Imprensa ACE-Guarulhos\"},\"url\":\"https:\\\/\\\/www.aceguarulhos.com.br\\\/blog\\\/author\\\/assessoria-de-imprensa-ace-guarulhos\\\/\"}]}<\/script>\n<!-- \/ Yoast SEO plugin. -->","yoast_head_json":{"title":"Governo temia ansiedade do mercado  - ACE-Guarulhos","robots":{"index":"index","follow":"follow","max-snippet":"max-snippet:-1","max-image-preview":"max-image-preview:large","max-video-preview":"max-video-preview:-1"},"canonical":"https:\/\/www.aceguarulhos.com.br\/blog\/governo-temia-ansiedade-do-mercado\/","og_locale":"pt_BR","og_type":"article","og_title":"Governo temia ansiedade do mercado  - ACE-Guarulhos","og_description":"O ministro do Planejamento, Or\u00e7amento e Gest\u00e3o, Paulo Bernardo, informou ontem que o governo decidiu antecipar as medidas destinadas a ajustar o Or\u00e7amento","og_url":"https:\/\/www.aceguarulhos.com.br\/blog\/governo-temia-ansiedade-do-mercado\/","og_site_name":"ACE-Guarulhos","article_publisher":"https:\/\/www.facebook.com\/aceguarulhos\/","article_published_time":"2008-01-04T10:45:43+00:00","author":"Assessoria de Imprensa ACE-Guarulhos","twitter_card":"summary_large_image","twitter_misc":{"Escrito por":"Assessoria de Imprensa ACE-Guarulhos","Est. tempo de leitura":"3 minutos"},"schema":{"@context":"https:\/\/schema.org","@graph":[{"@type":"Article","@id":"https:\/\/www.aceguarulhos.com.br\/blog\/governo-temia-ansiedade-do-mercado\/#article","isPartOf":{"@id":"https:\/\/www.aceguarulhos.com.br\/blog\/governo-temia-ansiedade-do-mercado\/"},"author":{"name":"Assessoria de Imprensa ACE-Guarulhos","@id":"https:\/\/www.aceguarulhos.com.br\/blog\/#\/schema\/person\/6983b51bad37489989e4f09698c26237"},"headline":"Governo temia ansiedade do mercado","datePublished":"2008-01-04T10:45:43+00:00","mainEntityOfPage":{"@id":"https:\/\/www.aceguarulhos.com.br\/blog\/governo-temia-ansiedade-do-mercado\/"},"wordCount":507,"commentCount":0,"publisher":{"@id":"https:\/\/www.aceguarulhos.com.br\/blog\/#organization"},"articleSection":["Not\u00edcias"],"inLanguage":"pt-BR"},{"@type":"WebPage","@id":"https:\/\/www.aceguarulhos.com.br\/blog\/governo-temia-ansiedade-do-mercado\/","url":"https:\/\/www.aceguarulhos.com.br\/blog\/governo-temia-ansiedade-do-mercado\/","name":"Governo temia ansiedade do mercado - ACE-Guarulhos","isPartOf":{"@id":"https:\/\/www.aceguarulhos.com.br\/blog\/#website"},"datePublished":"2008-01-04T10:45:43+00:00","breadcrumb":{"@id":"https:\/\/www.aceguarulhos.com.br\/blog\/governo-temia-ansiedade-do-mercado\/#breadcrumb"},"inLanguage":"pt-BR","potentialAction":[{"@type":"ReadAction","target":["https:\/\/www.aceguarulhos.com.br\/blog\/governo-temia-ansiedade-do-mercado\/"]}]},{"@type":"BreadcrumbList","@id":"https:\/\/www.aceguarulhos.com.br\/blog\/governo-temia-ansiedade-do-mercado\/#breadcrumb","itemListElement":[{"@type":"ListItem","position":1,"name":"In\u00edcio","item":"https:\/\/www.aceguarulhos.com.br\/blog\/"},{"@type":"ListItem","position":2,"name":"Governo temia ansiedade do mercado"}]},{"@type":"WebSite","@id":"https:\/\/www.aceguarulhos.com.br\/blog\/#website","url":"https:\/\/www.aceguarulhos.com.br\/blog\/","name":"ACE-Guarulhos","description":"A ACE-Guarulhos \u00e9 uma associa\u00e7\u00e3o que ap\u00f3ia os empres\u00e1rios guarulhenses atrav\u00e9s da representa\u00e7\u00e3o, da gera\u00e7\u00e3o de neg\u00f3cios e presta\u00e7\u00e3o de servi\u00e7os.","publisher":{"@id":"https:\/\/www.aceguarulhos.com.br\/blog\/#organization"},"potentialAction":[{"@type":"SearchAction","target":{"@type":"EntryPoint","urlTemplate":"https:\/\/www.aceguarulhos.com.br\/blog\/?s={search_term_string}"},"query-input":{"@type":"PropertyValueSpecification","valueRequired":true,"valueName":"search_term_string"}}],"inLanguage":"pt-BR"},{"@type":"Organization","@id":"https:\/\/www.aceguarulhos.com.br\/blog\/#organization","name":"ACE-Guarulhos","url":"https:\/\/www.aceguarulhos.com.br\/blog\/","logo":{"@type":"ImageObject","inLanguage":"pt-BR","@id":"https:\/\/www.aceguarulhos.com.br\/blog\/#\/schema\/logo\/image\/","url":"https:\/\/www.aceguarulhos.com.br\/blog\/wp-content\/uploads\/2017\/12\/logo-aceguarulhos-2018.png","contentUrl":"https:\/\/www.aceguarulhos.com.br\/blog\/wp-content\/uploads\/2017\/12\/logo-aceguarulhos-2018.png","width":419,"height":76,"caption":"ACE-Guarulhos"},"image":{"@id":"https:\/\/www.aceguarulhos.com.br\/blog\/#\/schema\/logo\/image\/"},"sameAs":["https:\/\/www.facebook.com\/aceguarulhos\/","https:\/\/br.linkedin.com\/in\/ace-guarulhos-b9a97093","https:\/\/www.youtube.com\/user\/aceguarulhos"]},{"@type":"Person","@id":"https:\/\/www.aceguarulhos.com.br\/blog\/#\/schema\/person\/6983b51bad37489989e4f09698c26237","name":"Assessoria de Imprensa ACE-Guarulhos","image":{"@type":"ImageObject","inLanguage":"pt-BR","@id":"https:\/\/secure.gravatar.com\/avatar\/707f3fadd6918afeb64173ab22d8a8cb0676953098a4f31ff36dc2b4c699ef6a?s=96&d=mm&r=g","url":"https:\/\/secure.gravatar.com\/avatar\/707f3fadd6918afeb64173ab22d8a8cb0676953098a4f31ff36dc2b4c699ef6a?s=96&d=mm&r=g","contentUrl":"https:\/\/secure.gravatar.com\/avatar\/707f3fadd6918afeb64173ab22d8a8cb0676953098a4f31ff36dc2b4c699ef6a?s=96&d=mm&r=g","caption":"Assessoria de Imprensa ACE-Guarulhos"},"url":"https:\/\/www.aceguarulhos.com.br\/blog\/author\/assessoria-de-imprensa-ace-guarulhos\/"}]}},"wps_subtitle":"","amp_enabled":true,"_links":{"self":[{"href":"https:\/\/www.aceguarulhos.com.br\/blog\/wp-json\/wp\/v2\/posts\/32642","targetHints":{"allow":["GET"]}}],"collection":[{"href":"https:\/\/www.aceguarulhos.com.br\/blog\/wp-json\/wp\/v2\/posts"}],"about":[{"href":"https:\/\/www.aceguarulhos.com.br\/blog\/wp-json\/wp\/v2\/types\/post"}],"author":[{"embeddable":true,"href":"https:\/\/www.aceguarulhos.com.br\/blog\/wp-json\/wp\/v2\/users\/8"}],"replies":[{"embeddable":true,"href":"https:\/\/www.aceguarulhos.com.br\/blog\/wp-json\/wp\/v2\/comments?post=32642"}],"version-history":[{"count":0,"href":"https:\/\/www.aceguarulhos.com.br\/blog\/wp-json\/wp\/v2\/posts\/32642\/revisions"}],"wp:attachment":[{"href":"https:\/\/www.aceguarulhos.com.br\/blog\/wp-json\/wp\/v2\/media?parent=32642"}],"wp:term":[{"taxonomy":"category","embeddable":true,"href":"https:\/\/www.aceguarulhos.com.br\/blog\/wp-json\/wp\/v2\/categories?post=32642"},{"taxonomy":"post_tag","embeddable":true,"href":"https:\/\/www.aceguarulhos.com.br\/blog\/wp-json\/wp\/v2\/tags?post=32642"}],"curies":[{"name":"wp","href":"https:\/\/api.w.org\/{rel}","templated":true}]}}