{"id":32541,"date":"2007-12-07T11:12:51","date_gmt":"2007-12-07T11:12:51","guid":{"rendered":"http:\/\/www.aceguarulhos.com.br\/blog\/?p=32541"},"modified":"-0001-11-30T00:00:00","modified_gmt":"-0001-11-30T03:00:00","slug":"ve%c3%adculo-roubado-ter%c3%a1-isen%c3%a7%c3%a3o-de-ipva","status":"publish","type":"post","link":"https:\/\/www.aceguarulhos.com.br\/blog\/ve%c3%adculo-roubado-ter%c3%a1-isen%c3%a7%c3%a3o-de-ipva\/","title":{"rendered":"Ve\u00edculo roubado ter\u00e1 isen\u00e7\u00e3o de IPVA"},"content":{"rendered":"<p>S\u00e3o Paulo vai isentar do pagamento do IPVA (Imposto sobre a Propriedade de Ve\u00edculos Automotores) os motoristas que tiverem os ve\u00edculos roubados ou furtados. Projeto nesse sentido foi encaminhado \u00e0 Assembl\u00e9ia Legislativa para an\u00e1lise dos deputados nesta quinta-feira, 6,&nbsp; pelo governador Jos\u00e9 Serra.<br \/><center><\/p>\n<p class=\"midia\" style=\"width: 420px;\"><img loading=\"lazy\" decoding=\"async\" src=\"\/blog\/wp-content\/uploads\/image.php?x=i&amp;i1=100&amp;i2=20071207111152\" title=\"Governo de SP\" height=\"289\" width=\"420\"><\/p>\n<p><\/center>\u201c\u00c9 injusto que algu\u00e9m que tenha o carro roubado tenha que pagar o IPVA. Portanto, com este projeto de lei, n\u00f3s isentamos o pagamento, faremos at\u00e9 a devolu\u00e7\u00e3o proporcional do IPVA que j\u00e1 tiver sido pago para aqueles que tiveram seu carro roubado\u201d, disse o governador Jos\u00e9 Serra no final da tarde de hoje no Pal\u00e1cio dos Bandeirantes, na capital.<\/p>\n<p>O texto do projeto, elaborado por t\u00e9cnicos da Secretaria Estadual da Fazenda, prev\u00ea o desconto proporcional do tributo no m\u00eas seguinte ao registro da ocorr\u00eancia, ou a restitui\u00e7\u00e3o ao propriet\u00e1rio de 1\/12 por m\u00eas do imposto j\u00e1 pago ao Estado. O documento assinado pelo governador estabelece ainda que o propriet\u00e1rio poder\u00e1 optar por transferir o cr\u00e9dito para outro ve\u00edculo.<\/p>\n<p>Pelo projeto, caso o autom\u00f3vel (ou qualquer outro tipo de ve\u00edculo) seja recuperado, o contribuinte ter\u00e1 que recolher o imposto integral trinta dias ap\u00f3s o registro, tendo como base o boletim de ocorr\u00eancia. Na cerim\u00f4nia, o governador Jos\u00e9 Serra fez um apelo aos deputados para que o projeto seja votado rapidamente, de modo que possa entrar em vigor a partir de 1\u00ba de janeiro de 2008. O IPVA come\u00e7a a ser pago no dia 9 de janeiro.<\/p>\n<p>Vale lembrar que, com o projeto, o governo do estado deixar\u00e1 de arrecadas R$ 24 milh\u00f5es (o valor \u00e9 baseado na diferen\u00e7a entre o n\u00famero de carros roubados e o de recuperados). \u201cIsso implica numa ren\u00fancia tribut\u00e1ria, mas me parece uma medida absolutamente justa\u201d, afirmou Serra. O secret\u00e1rio estadual de Seguran\u00e7a P\u00fablica, Ronaldo Marzag\u00e3o, afirmou que a \u201ciniciativa mostra a grande seriedade com que o fisco, no governo Jos\u00e9 Serra, trata o contribuinte. Isso \u00e9 uma demonstra\u00e7\u00e3o inequ\u00edvoca de que a pol\u00edtica fiscal promove tamb\u00e9m a justi\u00e7a fiscal\u201d.<\/p>\n<p><b>Como funciona &#8211;<\/b> O procedimento \u00e9 simples. Primeiro, deve-se registrar o ocorrido. \u201cNo caso de furto, o BO (Boletim de Ocorr\u00eancia) pode ser feito pela internet; no caso de roubo, deve ser feito na delegacia\u201d, explicou o governador. Na seq\u00fc\u00eancia, automaticamente, a Secretaria de Seguran\u00e7a repassa as informa\u00e7\u00f5es para a Fazenda, que d\u00e1 baixa na cobran\u00e7a.<\/p>\n<p>A restitui\u00e7\u00e3o \u00e9 paga no ano seguinte. \u201cCaso o ve\u00edculo seja recuperado, o propriet\u00e1rio continuar\u00e1 sem pagar o IPVA naquele per\u00edodo em que ele ficou sem o ve\u00edculo\u201d, completou o secret\u00e1rio da Fazenda, Mauro Ricardo Costa. Os propriet\u00e1rios poder\u00e3o buscar os valores em postos do banco Nossa Caixa mediante a apresenta\u00e7\u00e3o de documentos.<\/p>\n<p>Veja mais detalhes de como vai funcionar a dispensa e restritui\u00e7\u00e3o do IPVA<\/p>\n<p>O projeto de lei n\u00e3o prev\u00ea a isen\u00e7\u00e3o fiscal para carros roubados em outros estados brasileiros. \u201cEstamos ressarcindo porque \u00e9 a Secretaria de Seguran\u00e7a que tem de tomar conta da seguran\u00e7a de S\u00e3o Paulo\u201d, argumentou o governador.<\/p>\n<p><b>Seguran\u00e7a &#8211; <\/b>A iniciativa do governo estadual \u00e9 adotada no momento em que os \u00edndices da Secretaria Estadual da Seguran\u00e7a P\u00fablica indicam redu\u00e7\u00e3o m\u00e9dia de 10,5 % no n\u00famero de furtos e roubos de ve\u00edculos em territ\u00f3rio paulista, no acumulado de janeiro a outubro. Em 2006, foram 62.221 ve\u00edculos roubados. Um ano depois, esse tipo de delito caiu para 56.224.<\/p>\n<p>No caso do furto de autom\u00f3veis (ao contr\u00e1rio do roubo, sem viol\u00eancia contra a v\u00edtima), no ano passado foram 95.208 ocorr\u00eancias, contra as 85.116 registradas at\u00e9 outubro deste ano \u2013 varia\u00e7\u00e3o de 11%. Se comparado a 1999, a queda atinge o \u00edndice de 33% no n\u00famero de roubos e 12% nas ocorr\u00eancias relacionadas ao furto de autom\u00f3veis.<\/p>\n<p>\u201cTem havido um avan\u00e7o nessa \u00e1rea. Estamos trabalhando para diminuir os furtos e para aumentar a recupera\u00e7\u00e3o de ve\u00edculos, que hoje \u00e9 da ordem de 40%\u201d, observou o governador Jos\u00e9 Serra, ao lado dos secret\u00e1rios estaduais da Fazenda, da Seguran\u00e7a P\u00fablica, e da Comunica\u00e7\u00e3o, Bruno Caetano.<\/p>\n","protected":false},"excerpt":{"rendered":"S\u00e3o Paulo vai isentar do pagamento do IPVA (Imposto sobre a Propriedade de Ve\u00edculos Automotores) os motoristas que tiverem os ve\u00edculos roubados ou \n<a class=\"moretag\" href=\"https:\/\/www.aceguarulhos.com.br\/blog\/ve%c3%adculo-roubado-ter%c3%a1-isen%c3%a7%c3%a3o-de-ipva\/\"> [...]<\/a>","protected":false},"author":8,"featured_media":0,"comment_status":"open","ping_status":"open","sticky":false,"template":"","format":"standard","meta":{"footnotes":""},"categories":[2],"tags":[],"class_list":["post-32541","post","type-post","status-publish","format-standard","hentry","category-noticias"],"yoast_head":"<!-- This site is optimized with the Yoast SEO plugin v28.1 - https:\/\/yoast.com\/product\/yoast-seo-wordpress\/ -->\n<title>Ve\u00edculo roubado ter\u00e1 isen\u00e7\u00e3o de IPVA - ACE-Guarulhos<\/title>\n<meta name=\"robots\" content=\"index, follow, max-snippet:-1, max-image-preview:large, max-video-preview:-1\" \/>\n<link rel=\"canonical\" href=\"https:\/\/www.aceguarulhos.com.br\/blog\/ve\u00edculo-roubado-ter\u00e1-isen\u00e7\u00e3o-de-ipva\/\" \/>\n<meta property=\"og:locale\" content=\"pt_BR\" \/>\n<meta property=\"og:type\" content=\"article\" \/>\n<meta property=\"og:title\" content=\"Ve\u00edculo roubado ter\u00e1 isen\u00e7\u00e3o de IPVA - ACE-Guarulhos\" \/>\n<meta property=\"og:description\" content=\"S\u00e3o Paulo vai isentar do pagamento do IPVA (Imposto sobre a Propriedade de Ve\u00edculos Automotores) os motoristas que tiverem os ve\u00edculos roubados ou\" \/>\n<meta property=\"og:url\" content=\"https:\/\/www.aceguarulhos.com.br\/blog\/ve\u00edculo-roubado-ter\u00e1-isen\u00e7\u00e3o-de-ipva\/\" \/>\n<meta property=\"og:site_name\" content=\"ACE-Guarulhos\" \/>\n<meta property=\"article:publisher\" content=\"https:\/\/www.facebook.com\/aceguarulhos\/\" \/>\n<meta property=\"article:published_time\" content=\"2007-12-07T11:12:51+00:00\" \/>\n<meta property=\"og:image\" content=\"https:\/\/www.aceguarulhos.com.br\/blog\/wp-content\/uploads\/image.php\" \/>\n<meta name=\"author\" content=\"Assessoria de Imprensa ACE-Guarulhos\" \/>\n<meta name=\"twitter:card\" content=\"summary_large_image\" \/>\n<meta name=\"twitter:label1\" content=\"Escrito por\" \/>\n\t<meta name=\"twitter:data1\" content=\"Assessoria de Imprensa ACE-Guarulhos\" \/>\n\t<meta name=\"twitter:label2\" content=\"Est. tempo de leitura\" \/>\n\t<meta name=\"twitter:data2\" content=\"4 minutos\" \/>\n<script type=\"application\/ld+json\" class=\"yoast-schema-graph\">{\"@context\":\"https:\\\/\\\/schema.org\",\"@graph\":[{\"@type\":\"Article\",\"@id\":\"https:\\\/\\\/www.aceguarulhos.com.br\\\/blog\\\/ve%c3%adculo-roubado-ter%c3%a1-isen%c3%a7%c3%a3o-de-ipva\\\/#article\",\"isPartOf\":{\"@id\":\"https:\\\/\\\/www.aceguarulhos.com.br\\\/blog\\\/ve%c3%adculo-roubado-ter%c3%a1-isen%c3%a7%c3%a3o-de-ipva\\\/\"},\"author\":{\"name\":\"Assessoria de Imprensa ACE-Guarulhos\",\"@id\":\"https:\\\/\\\/www.aceguarulhos.com.br\\\/blog\\\/#\\\/schema\\\/person\\\/6983b51bad37489989e4f09698c26237\"},\"headline\":\"Ve\u00edculo roubado ter\u00e1 isen\u00e7\u00e3o de IPVA\",\"datePublished\":\"2007-12-07T11:12:51+00:00\",\"mainEntityOfPage\":{\"@id\":\"https:\\\/\\\/www.aceguarulhos.com.br\\\/blog\\\/ve%c3%adculo-roubado-ter%c3%a1-isen%c3%a7%c3%a3o-de-ipva\\\/\"},\"wordCount\":713,\"commentCount\":0,\"publisher\":{\"@id\":\"https:\\\/\\\/www.aceguarulhos.com.br\\\/blog\\\/#organization\"},\"articleSection\":[\"Not\u00edcias\"],\"inLanguage\":\"pt-BR\"},{\"@type\":\"WebPage\",\"@id\":\"https:\\\/\\\/www.aceguarulhos.com.br\\\/blog\\\/ve%c3%adculo-roubado-ter%c3%a1-isen%c3%a7%c3%a3o-de-ipva\\\/\",\"url\":\"https:\\\/\\\/www.aceguarulhos.com.br\\\/blog\\\/ve%c3%adculo-roubado-ter%c3%a1-isen%c3%a7%c3%a3o-de-ipva\\\/\",\"name\":\"Ve\u00edculo roubado ter\u00e1 isen\u00e7\u00e3o de IPVA - ACE-Guarulhos\",\"isPartOf\":{\"@id\":\"https:\\\/\\\/www.aceguarulhos.com.br\\\/blog\\\/#website\"},\"datePublished\":\"2007-12-07T11:12:51+00:00\",\"breadcrumb\":{\"@id\":\"https:\\\/\\\/www.aceguarulhos.com.br\\\/blog\\\/ve%c3%adculo-roubado-ter%c3%a1-isen%c3%a7%c3%a3o-de-ipva\\\/#breadcrumb\"},\"inLanguage\":\"pt-BR\",\"potentialAction\":[{\"@type\":\"ReadAction\",\"target\":[\"https:\\\/\\\/www.aceguarulhos.com.br\\\/blog\\\/ve%c3%adculo-roubado-ter%c3%a1-isen%c3%a7%c3%a3o-de-ipva\\\/\"]}]},{\"@type\":\"BreadcrumbList\",\"@id\":\"https:\\\/\\\/www.aceguarulhos.com.br\\\/blog\\\/ve%c3%adculo-roubado-ter%c3%a1-isen%c3%a7%c3%a3o-de-ipva\\\/#breadcrumb\",\"itemListElement\":[{\"@type\":\"ListItem\",\"position\":1,\"name\":\"In\u00edcio\",\"item\":\"https:\\\/\\\/www.aceguarulhos.com.br\\\/blog\\\/\"},{\"@type\":\"ListItem\",\"position\":2,\"name\":\"Ve\u00edculo roubado ter\u00e1 isen\u00e7\u00e3o de IPVA\"}]},{\"@type\":\"WebSite\",\"@id\":\"https:\\\/\\\/www.aceguarulhos.com.br\\\/blog\\\/#website\",\"url\":\"https:\\\/\\\/www.aceguarulhos.com.br\\\/blog\\\/\",\"name\":\"ACE-Guarulhos\",\"description\":\"A ACE-Guarulhos \u00e9 uma associa\u00e7\u00e3o que ap\u00f3ia os empres\u00e1rios guarulhenses atrav\u00e9s da representa\u00e7\u00e3o, da gera\u00e7\u00e3o de neg\u00f3cios e presta\u00e7\u00e3o de servi\u00e7os.\",\"publisher\":{\"@id\":\"https:\\\/\\\/www.aceguarulhos.com.br\\\/blog\\\/#organization\"},\"potentialAction\":[{\"@type\":\"SearchAction\",\"target\":{\"@type\":\"EntryPoint\",\"urlTemplate\":\"https:\\\/\\\/www.aceguarulhos.com.br\\\/blog\\\/?s={search_term_string}\"},\"query-input\":{\"@type\":\"PropertyValueSpecification\",\"valueRequired\":true,\"valueName\":\"search_term_string\"}}],\"inLanguage\":\"pt-BR\"},{\"@type\":\"Organization\",\"@id\":\"https:\\\/\\\/www.aceguarulhos.com.br\\\/blog\\\/#organization\",\"name\":\"ACE-Guarulhos\",\"url\":\"https:\\\/\\\/www.aceguarulhos.com.br\\\/blog\\\/\",\"logo\":{\"@type\":\"ImageObject\",\"inLanguage\":\"pt-BR\",\"@id\":\"https:\\\/\\\/www.aceguarulhos.com.br\\\/blog\\\/#\\\/schema\\\/logo\\\/image\\\/\",\"url\":\"https:\\\/\\\/www.aceguarulhos.com.br\\\/blog\\\/wp-content\\\/uploads\\\/2017\\\/12\\\/logo-aceguarulhos-2018.png\",\"contentUrl\":\"https:\\\/\\\/www.aceguarulhos.com.br\\\/blog\\\/wp-content\\\/uploads\\\/2017\\\/12\\\/logo-aceguarulhos-2018.png\",\"width\":419,\"height\":76,\"caption\":\"ACE-Guarulhos\"},\"image\":{\"@id\":\"https:\\\/\\\/www.aceguarulhos.com.br\\\/blog\\\/#\\\/schema\\\/logo\\\/image\\\/\"},\"sameAs\":[\"https:\\\/\\\/www.facebook.com\\\/aceguarulhos\\\/\",\"https:\\\/\\\/br.linkedin.com\\\/in\\\/ace-guarulhos-b9a97093\",\"https:\\\/\\\/www.youtube.com\\\/user\\\/aceguarulhos\"]},{\"@type\":\"Person\",\"@id\":\"https:\\\/\\\/www.aceguarulhos.com.br\\\/blog\\\/#\\\/schema\\\/person\\\/6983b51bad37489989e4f09698c26237\",\"name\":\"Assessoria de Imprensa ACE-Guarulhos\",\"image\":{\"@type\":\"ImageObject\",\"inLanguage\":\"pt-BR\",\"@id\":\"https:\\\/\\\/secure.gravatar.com\\\/avatar\\\/707f3fadd6918afeb64173ab22d8a8cb0676953098a4f31ff36dc2b4c699ef6a?s=96&d=mm&r=g\",\"url\":\"https:\\\/\\\/secure.gravatar.com\\\/avatar\\\/707f3fadd6918afeb64173ab22d8a8cb0676953098a4f31ff36dc2b4c699ef6a?s=96&d=mm&r=g\",\"contentUrl\":\"https:\\\/\\\/secure.gravatar.com\\\/avatar\\\/707f3fadd6918afeb64173ab22d8a8cb0676953098a4f31ff36dc2b4c699ef6a?s=96&d=mm&r=g\",\"caption\":\"Assessoria de Imprensa ACE-Guarulhos\"},\"url\":\"https:\\\/\\\/www.aceguarulhos.com.br\\\/blog\\\/author\\\/assessoria-de-imprensa-ace-guarulhos\\\/\"}]}<\/script>\n<!-- \/ Yoast SEO plugin. -->","yoast_head_json":{"title":"Ve\u00edculo roubado ter\u00e1 isen\u00e7\u00e3o de IPVA - ACE-Guarulhos","robots":{"index":"index","follow":"follow","max-snippet":"max-snippet:-1","max-image-preview":"max-image-preview:large","max-video-preview":"max-video-preview:-1"},"canonical":"https:\/\/www.aceguarulhos.com.br\/blog\/ve\u00edculo-roubado-ter\u00e1-isen\u00e7\u00e3o-de-ipva\/","og_locale":"pt_BR","og_type":"article","og_title":"Ve\u00edculo roubado ter\u00e1 isen\u00e7\u00e3o de IPVA - ACE-Guarulhos","og_description":"S\u00e3o Paulo vai isentar do pagamento do IPVA (Imposto sobre a Propriedade de Ve\u00edculos Automotores) os motoristas que tiverem os ve\u00edculos roubados ou","og_url":"https:\/\/www.aceguarulhos.com.br\/blog\/ve\u00edculo-roubado-ter\u00e1-isen\u00e7\u00e3o-de-ipva\/","og_site_name":"ACE-Guarulhos","article_publisher":"https:\/\/www.facebook.com\/aceguarulhos\/","article_published_time":"2007-12-07T11:12:51+00:00","og_image":[{"url":"https:\/\/www.aceguarulhos.com.br\/blog\/wp-content\/uploads\/image.php","type":"","width":"","height":""}],"author":"Assessoria de Imprensa ACE-Guarulhos","twitter_card":"summary_large_image","twitter_misc":{"Escrito por":"Assessoria de Imprensa ACE-Guarulhos","Est. tempo de leitura":"4 minutos"},"schema":{"@context":"https:\/\/schema.org","@graph":[{"@type":"Article","@id":"https:\/\/www.aceguarulhos.com.br\/blog\/ve%c3%adculo-roubado-ter%c3%a1-isen%c3%a7%c3%a3o-de-ipva\/#article","isPartOf":{"@id":"https:\/\/www.aceguarulhos.com.br\/blog\/ve%c3%adculo-roubado-ter%c3%a1-isen%c3%a7%c3%a3o-de-ipva\/"},"author":{"name":"Assessoria de Imprensa ACE-Guarulhos","@id":"https:\/\/www.aceguarulhos.com.br\/blog\/#\/schema\/person\/6983b51bad37489989e4f09698c26237"},"headline":"Ve\u00edculo roubado ter\u00e1 isen\u00e7\u00e3o de IPVA","datePublished":"2007-12-07T11:12:51+00:00","mainEntityOfPage":{"@id":"https:\/\/www.aceguarulhos.com.br\/blog\/ve%c3%adculo-roubado-ter%c3%a1-isen%c3%a7%c3%a3o-de-ipva\/"},"wordCount":713,"commentCount":0,"publisher":{"@id":"https:\/\/www.aceguarulhos.com.br\/blog\/#organization"},"articleSection":["Not\u00edcias"],"inLanguage":"pt-BR"},{"@type":"WebPage","@id":"https:\/\/www.aceguarulhos.com.br\/blog\/ve%c3%adculo-roubado-ter%c3%a1-isen%c3%a7%c3%a3o-de-ipva\/","url":"https:\/\/www.aceguarulhos.com.br\/blog\/ve%c3%adculo-roubado-ter%c3%a1-isen%c3%a7%c3%a3o-de-ipva\/","name":"Ve\u00edculo roubado ter\u00e1 isen\u00e7\u00e3o de IPVA - ACE-Guarulhos","isPartOf":{"@id":"https:\/\/www.aceguarulhos.com.br\/blog\/#website"},"datePublished":"2007-12-07T11:12:51+00:00","breadcrumb":{"@id":"https:\/\/www.aceguarulhos.com.br\/blog\/ve%c3%adculo-roubado-ter%c3%a1-isen%c3%a7%c3%a3o-de-ipva\/#breadcrumb"},"inLanguage":"pt-BR","potentialAction":[{"@type":"ReadAction","target":["https:\/\/www.aceguarulhos.com.br\/blog\/ve%c3%adculo-roubado-ter%c3%a1-isen%c3%a7%c3%a3o-de-ipva\/"]}]},{"@type":"BreadcrumbList","@id":"https:\/\/www.aceguarulhos.com.br\/blog\/ve%c3%adculo-roubado-ter%c3%a1-isen%c3%a7%c3%a3o-de-ipva\/#breadcrumb","itemListElement":[{"@type":"ListItem","position":1,"name":"In\u00edcio","item":"https:\/\/www.aceguarulhos.com.br\/blog\/"},{"@type":"ListItem","position":2,"name":"Ve\u00edculo roubado ter\u00e1 isen\u00e7\u00e3o de IPVA"}]},{"@type":"WebSite","@id":"https:\/\/www.aceguarulhos.com.br\/blog\/#website","url":"https:\/\/www.aceguarulhos.com.br\/blog\/","name":"ACE-Guarulhos","description":"A ACE-Guarulhos \u00e9 uma associa\u00e7\u00e3o que ap\u00f3ia os empres\u00e1rios guarulhenses atrav\u00e9s da representa\u00e7\u00e3o, da gera\u00e7\u00e3o de neg\u00f3cios e presta\u00e7\u00e3o de servi\u00e7os.","publisher":{"@id":"https:\/\/www.aceguarulhos.com.br\/blog\/#organization"},"potentialAction":[{"@type":"SearchAction","target":{"@type":"EntryPoint","urlTemplate":"https:\/\/www.aceguarulhos.com.br\/blog\/?s={search_term_string}"},"query-input":{"@type":"PropertyValueSpecification","valueRequired":true,"valueName":"search_term_string"}}],"inLanguage":"pt-BR"},{"@type":"Organization","@id":"https:\/\/www.aceguarulhos.com.br\/blog\/#organization","name":"ACE-Guarulhos","url":"https:\/\/www.aceguarulhos.com.br\/blog\/","logo":{"@type":"ImageObject","inLanguage":"pt-BR","@id":"https:\/\/www.aceguarulhos.com.br\/blog\/#\/schema\/logo\/image\/","url":"https:\/\/www.aceguarulhos.com.br\/blog\/wp-content\/uploads\/2017\/12\/logo-aceguarulhos-2018.png","contentUrl":"https:\/\/www.aceguarulhos.com.br\/blog\/wp-content\/uploads\/2017\/12\/logo-aceguarulhos-2018.png","width":419,"height":76,"caption":"ACE-Guarulhos"},"image":{"@id":"https:\/\/www.aceguarulhos.com.br\/blog\/#\/schema\/logo\/image\/"},"sameAs":["https:\/\/www.facebook.com\/aceguarulhos\/","https:\/\/br.linkedin.com\/in\/ace-guarulhos-b9a97093","https:\/\/www.youtube.com\/user\/aceguarulhos"]},{"@type":"Person","@id":"https:\/\/www.aceguarulhos.com.br\/blog\/#\/schema\/person\/6983b51bad37489989e4f09698c26237","name":"Assessoria de Imprensa ACE-Guarulhos","image":{"@type":"ImageObject","inLanguage":"pt-BR","@id":"https:\/\/secure.gravatar.com\/avatar\/707f3fadd6918afeb64173ab22d8a8cb0676953098a4f31ff36dc2b4c699ef6a?s=96&d=mm&r=g","url":"https:\/\/secure.gravatar.com\/avatar\/707f3fadd6918afeb64173ab22d8a8cb0676953098a4f31ff36dc2b4c699ef6a?s=96&d=mm&r=g","contentUrl":"https:\/\/secure.gravatar.com\/avatar\/707f3fadd6918afeb64173ab22d8a8cb0676953098a4f31ff36dc2b4c699ef6a?s=96&d=mm&r=g","caption":"Assessoria de Imprensa ACE-Guarulhos"},"url":"https:\/\/www.aceguarulhos.com.br\/blog\/author\/assessoria-de-imprensa-ace-guarulhos\/"}]}},"wps_subtitle":"","amp_enabled":true,"_links":{"self":[{"href":"https:\/\/www.aceguarulhos.com.br\/blog\/wp-json\/wp\/v2\/posts\/32541","targetHints":{"allow":["GET"]}}],"collection":[{"href":"https:\/\/www.aceguarulhos.com.br\/blog\/wp-json\/wp\/v2\/posts"}],"about":[{"href":"https:\/\/www.aceguarulhos.com.br\/blog\/wp-json\/wp\/v2\/types\/post"}],"author":[{"embeddable":true,"href":"https:\/\/www.aceguarulhos.com.br\/blog\/wp-json\/wp\/v2\/users\/8"}],"replies":[{"embeddable":true,"href":"https:\/\/www.aceguarulhos.com.br\/blog\/wp-json\/wp\/v2\/comments?post=32541"}],"version-history":[{"count":0,"href":"https:\/\/www.aceguarulhos.com.br\/blog\/wp-json\/wp\/v2\/posts\/32541\/revisions"}],"wp:attachment":[{"href":"https:\/\/www.aceguarulhos.com.br\/blog\/wp-json\/wp\/v2\/media?parent=32541"}],"wp:term":[{"taxonomy":"category","embeddable":true,"href":"https:\/\/www.aceguarulhos.com.br\/blog\/wp-json\/wp\/v2\/categories?post=32541"},{"taxonomy":"post_tag","embeddable":true,"href":"https:\/\/www.aceguarulhos.com.br\/blog\/wp-json\/wp\/v2\/tags?post=32541"}],"curies":[{"name":"wp","href":"https:\/\/api.w.org\/{rel}","templated":true}]}}