{"id":32539,"date":"2007-12-07T11:04:48","date_gmt":"2007-12-07T11:04:48","guid":{"rendered":"http:\/\/www.aceguarulhos.com.br\/blog\/?p=32539"},"modified":"-0001-11-30T00:00:00","modified_gmt":"-0001-11-30T03:00:00","slug":"poder-judici%c3%a1rio-mackenzie-e-acsp-inauguram-juizado","status":"publish","type":"post","link":"https:\/\/www.aceguarulhos.com.br\/blog\/poder-judici%c3%a1rio-mackenzie-e-acsp-inauguram-juizado\/","title":{"rendered":"Poder Judici\u00e1rio, Mackenzie e ACSP inauguram juizado"},"content":{"rendered":"<p>Na quinta-feira, 6 de dezembro, o Tribunal de Justi\u00e7a do Estado de S\u00e3o Paulo, o Mackenzie e a Associa\u00e7\u00e3o Comercial de S\u00e3o Paulo inauguram na Capital o primeiro Juizado Especial das Empresas de Pequeno Porte e Microempresas no Pa\u00eds, que atender\u00e1 a empresas de pequeno porte como parte demandante (autora) em procedimento de Juizado Especial.<\/p>\n<p>Surgido em decorr\u00eancia da normatiza\u00e7\u00e3o do Estatuto Nacional da Empresa de Pequeno Porte e Microempresa (Lei Complementar123 de dezembro de 2006), as atividades do Juizado aplicam-se \u00e0s microempresas e \u00e0s empresas de pequeno porte, as quais, assim como as pessoas f\u00edsicas capazes, passam a ser admitidas como proponentes de a\u00e7\u00e3o perante o Juizado Especial, exclu\u00eddos os cession\u00e1rios de direito de pessoas jur\u00eddicas.<br \/>&nbsp;<br \/>At\u00e9 o final do ano de 2006, as empresas de pequeno porte, aquelas cujo capital social n\u00e3o ultrapassa R$ 2 milh\u00f5es, n\u00e3o poderiam dispor dos benef\u00edcios desta forma mais r\u00e1pida e econ\u00f4mica de acesso \u00e0 justi\u00e7a.<br \/>&nbsp;<br \/><b>Compet\u00eancias &#8211;<\/b> Ser\u00e3o de compet\u00eancia do&nbsp; Juizado Especial:<\/p>\n<p>I &#8211; as causas cujo valor n\u00e3o exceda a quarenta vezes o sal\u00e1rio m\u00ednimo.<br \/>II &#8211; as enumeradas no art. 275, inciso II do C\u00f3digo de Processo Civil (cobran\u00e7a de condom\u00ednio, dano em pr\u00e9dio urbano, cobran\u00e7a de seguro de acidente automobil\u00edstico).<br \/>III &#8211; a a\u00e7\u00e3o de despejo para uso pr\u00f3prio.<br \/>IV &#8211; as a\u00e7\u00f5es possess\u00f3rias sobre bens im\u00f3veis de valor n\u00e3o excedente ao fixado no inciso I deste artigo.<br \/>VI &#8211; promover a execu\u00e7\u00e3o dos seus julgados.<br \/>VII &#8211; promover a execu\u00e7\u00e3o dos t\u00edtulos executivos extrajudiciais, no valor de at\u00e9 quarenta vezes o sal\u00e1rio m\u00ednimo.<br \/>&nbsp;<br \/>Ficam exclu\u00eddas da compet\u00eancia do Juizado Especial as causas de natureza alimentar, falimentar, fiscal e de interesse da Fazenda P\u00fablica, e tamb\u00e9m as relativas a acidentes de trabalho, a res\u00edduos e ao estado e capacidade das pessoas, ainda que de cunho patrimonial.<br \/>&nbsp;<br \/><b>Benef\u00edcios &#8211;<\/b> Os principais benef\u00edcios oferecidos pelo Juizado s\u00e3o a gratuidade de custas processuais, a n\u00e3o obrigatoriedade da presen\u00e7a de advogado, sem preju\u00edzo da inequ\u00edvoca tend\u00eancia, e motiva\u00e7\u00e3o \u00e0 concilia\u00e7\u00e3o.<br \/>&nbsp;<br \/><b>N\u00fameros &#8211;<\/b> Em S\u00e3o Paulo, de acordo com a Junta Comercial, das mais de 4 milh\u00f5es de empresas registradas no estado, 30% s\u00e3o formados por ME e EPP. No segmento de inform\u00e1tica, por exemplo, as pequenas e microempresas representam 97,8% dos estabelecimentos e s\u00e3o respons\u00e1veis por 37% dos postos de trabalho e 12,9% da produ\u00e7\u00e3o total do setor.<br \/>&nbsp; &nbsp;<br \/><i><b>Servi\u00e7o:<\/b><\/i><br \/><i>Inaugura\u00e7\u00e3o do Juizado Especial C\u00edvel das Empresas de Pequeno Porte e Microempresas \u2013 JEC-EPP\/ME<br \/>Data: 6 de dezembro de 2007<br \/>Hora: 13h<br \/>Local: Rua Augusta, 303 \u2013 S\u00e3o Paulo<\/i><\/p>\n","protected":false},"excerpt":{"rendered":"Na quinta-feira, 6 de dezembro, o Tribunal de Justi\u00e7a do Estado de S\u00e3o Paulo, o Mackenzie e a Associa\u00e7\u00e3o Comercial de S\u00e3o Paulo \n<a class=\"moretag\" href=\"https:\/\/www.aceguarulhos.com.br\/blog\/poder-judici%c3%a1rio-mackenzie-e-acsp-inauguram-juizado\/\"> [...]<\/a>","protected":false},"author":8,"featured_media":0,"comment_status":"open","ping_status":"open","sticky":false,"template":"","format":"standard","meta":{"footnotes":""},"categories":[2],"tags":[],"class_list":["post-32539","post","type-post","status-publish","format-standard","hentry","category-noticias"],"yoast_head":"<!-- This site is optimized with the Yoast SEO plugin v28.1 - https:\/\/yoast.com\/product\/yoast-seo-wordpress\/ -->\n<title>Poder Judici\u00e1rio, Mackenzie e ACSP inauguram juizado  - ACE-Guarulhos<\/title>\n<meta name=\"robots\" content=\"index, follow, max-snippet:-1, max-image-preview:large, max-video-preview:-1\" \/>\n<link rel=\"canonical\" href=\"https:\/\/www.aceguarulhos.com.br\/blog\/poder-judici\u00e1rio-mackenzie-e-acsp-inauguram-juizado\/\" \/>\n<meta property=\"og:locale\" content=\"pt_BR\" \/>\n<meta property=\"og:type\" content=\"article\" \/>\n<meta property=\"og:title\" content=\"Poder Judici\u00e1rio, Mackenzie e ACSP inauguram juizado  - ACE-Guarulhos\" \/>\n<meta property=\"og:description\" content=\"Na quinta-feira, 6 de dezembro, o Tribunal de Justi\u00e7a do Estado de S\u00e3o Paulo, o Mackenzie e a Associa\u00e7\u00e3o Comercial de S\u00e3o Paulo\" \/>\n<meta property=\"og:url\" content=\"https:\/\/www.aceguarulhos.com.br\/blog\/poder-judici\u00e1rio-mackenzie-e-acsp-inauguram-juizado\/\" \/>\n<meta property=\"og:site_name\" content=\"ACE-Guarulhos\" \/>\n<meta property=\"article:publisher\" content=\"https:\/\/www.facebook.com\/aceguarulhos\/\" \/>\n<meta property=\"article:published_time\" content=\"2007-12-07T11:04:48+00:00\" \/>\n<meta name=\"author\" content=\"Assessoria de Imprensa ACE-Guarulhos\" \/>\n<meta name=\"twitter:card\" content=\"summary_large_image\" \/>\n<meta name=\"twitter:label1\" content=\"Escrito por\" \/>\n\t<meta name=\"twitter:data1\" content=\"Assessoria de Imprensa ACE-Guarulhos\" \/>\n\t<meta name=\"twitter:label2\" content=\"Est. tempo de leitura\" \/>\n\t<meta name=\"twitter:data2\" content=\"2 minutos\" \/>\n<script type=\"application\/ld+json\" class=\"yoast-schema-graph\">{\"@context\":\"https:\\\/\\\/schema.org\",\"@graph\":[{\"@type\":\"Article\",\"@id\":\"https:\\\/\\\/www.aceguarulhos.com.br\\\/blog\\\/poder-judici%c3%a1rio-mackenzie-e-acsp-inauguram-juizado\\\/#article\",\"isPartOf\":{\"@id\":\"https:\\\/\\\/www.aceguarulhos.com.br\\\/blog\\\/poder-judici%c3%a1rio-mackenzie-e-acsp-inauguram-juizado\\\/\"},\"author\":{\"name\":\"Assessoria de Imprensa ACE-Guarulhos\",\"@id\":\"https:\\\/\\\/www.aceguarulhos.com.br\\\/blog\\\/#\\\/schema\\\/person\\\/6983b51bad37489989e4f09698c26237\"},\"headline\":\"Poder Judici\u00e1rio, Mackenzie e ACSP inauguram juizado\",\"datePublished\":\"2007-12-07T11:04:48+00:00\",\"mainEntityOfPage\":{\"@id\":\"https:\\\/\\\/www.aceguarulhos.com.br\\\/blog\\\/poder-judici%c3%a1rio-mackenzie-e-acsp-inauguram-juizado\\\/\"},\"wordCount\":483,\"commentCount\":0,\"publisher\":{\"@id\":\"https:\\\/\\\/www.aceguarulhos.com.br\\\/blog\\\/#organization\"},\"articleSection\":[\"Not\u00edcias\"],\"inLanguage\":\"pt-BR\"},{\"@type\":\"WebPage\",\"@id\":\"https:\\\/\\\/www.aceguarulhos.com.br\\\/blog\\\/poder-judici%c3%a1rio-mackenzie-e-acsp-inauguram-juizado\\\/\",\"url\":\"https:\\\/\\\/www.aceguarulhos.com.br\\\/blog\\\/poder-judici%c3%a1rio-mackenzie-e-acsp-inauguram-juizado\\\/\",\"name\":\"Poder Judici\u00e1rio, Mackenzie e ACSP inauguram juizado - ACE-Guarulhos\",\"isPartOf\":{\"@id\":\"https:\\\/\\\/www.aceguarulhos.com.br\\\/blog\\\/#website\"},\"datePublished\":\"2007-12-07T11:04:48+00:00\",\"breadcrumb\":{\"@id\":\"https:\\\/\\\/www.aceguarulhos.com.br\\\/blog\\\/poder-judici%c3%a1rio-mackenzie-e-acsp-inauguram-juizado\\\/#breadcrumb\"},\"inLanguage\":\"pt-BR\",\"potentialAction\":[{\"@type\":\"ReadAction\",\"target\":[\"https:\\\/\\\/www.aceguarulhos.com.br\\\/blog\\\/poder-judici%c3%a1rio-mackenzie-e-acsp-inauguram-juizado\\\/\"]}]},{\"@type\":\"BreadcrumbList\",\"@id\":\"https:\\\/\\\/www.aceguarulhos.com.br\\\/blog\\\/poder-judici%c3%a1rio-mackenzie-e-acsp-inauguram-juizado\\\/#breadcrumb\",\"itemListElement\":[{\"@type\":\"ListItem\",\"position\":1,\"name\":\"In\u00edcio\",\"item\":\"https:\\\/\\\/www.aceguarulhos.com.br\\\/blog\\\/\"},{\"@type\":\"ListItem\",\"position\":2,\"name\":\"Poder Judici\u00e1rio, Mackenzie e ACSP inauguram juizado\"}]},{\"@type\":\"WebSite\",\"@id\":\"https:\\\/\\\/www.aceguarulhos.com.br\\\/blog\\\/#website\",\"url\":\"https:\\\/\\\/www.aceguarulhos.com.br\\\/blog\\\/\",\"name\":\"ACE-Guarulhos\",\"description\":\"A ACE-Guarulhos \u00e9 uma associa\u00e7\u00e3o que ap\u00f3ia os empres\u00e1rios guarulhenses atrav\u00e9s da representa\u00e7\u00e3o, da gera\u00e7\u00e3o de neg\u00f3cios e presta\u00e7\u00e3o de servi\u00e7os.\",\"publisher\":{\"@id\":\"https:\\\/\\\/www.aceguarulhos.com.br\\\/blog\\\/#organization\"},\"potentialAction\":[{\"@type\":\"SearchAction\",\"target\":{\"@type\":\"EntryPoint\",\"urlTemplate\":\"https:\\\/\\\/www.aceguarulhos.com.br\\\/blog\\\/?s={search_term_string}\"},\"query-input\":{\"@type\":\"PropertyValueSpecification\",\"valueRequired\":true,\"valueName\":\"search_term_string\"}}],\"inLanguage\":\"pt-BR\"},{\"@type\":\"Organization\",\"@id\":\"https:\\\/\\\/www.aceguarulhos.com.br\\\/blog\\\/#organization\",\"name\":\"ACE-Guarulhos\",\"url\":\"https:\\\/\\\/www.aceguarulhos.com.br\\\/blog\\\/\",\"logo\":{\"@type\":\"ImageObject\",\"inLanguage\":\"pt-BR\",\"@id\":\"https:\\\/\\\/www.aceguarulhos.com.br\\\/blog\\\/#\\\/schema\\\/logo\\\/image\\\/\",\"url\":\"https:\\\/\\\/www.aceguarulhos.com.br\\\/blog\\\/wp-content\\\/uploads\\\/2017\\\/12\\\/logo-aceguarulhos-2018.png\",\"contentUrl\":\"https:\\\/\\\/www.aceguarulhos.com.br\\\/blog\\\/wp-content\\\/uploads\\\/2017\\\/12\\\/logo-aceguarulhos-2018.png\",\"width\":419,\"height\":76,\"caption\":\"ACE-Guarulhos\"},\"image\":{\"@id\":\"https:\\\/\\\/www.aceguarulhos.com.br\\\/blog\\\/#\\\/schema\\\/logo\\\/image\\\/\"},\"sameAs\":[\"https:\\\/\\\/www.facebook.com\\\/aceguarulhos\\\/\",\"https:\\\/\\\/br.linkedin.com\\\/in\\\/ace-guarulhos-b9a97093\",\"https:\\\/\\\/www.youtube.com\\\/user\\\/aceguarulhos\"]},{\"@type\":\"Person\",\"@id\":\"https:\\\/\\\/www.aceguarulhos.com.br\\\/blog\\\/#\\\/schema\\\/person\\\/6983b51bad37489989e4f09698c26237\",\"name\":\"Assessoria de Imprensa ACE-Guarulhos\",\"image\":{\"@type\":\"ImageObject\",\"inLanguage\":\"pt-BR\",\"@id\":\"https:\\\/\\\/secure.gravatar.com\\\/avatar\\\/707f3fadd6918afeb64173ab22d8a8cb0676953098a4f31ff36dc2b4c699ef6a?s=96&d=mm&r=g\",\"url\":\"https:\\\/\\\/secure.gravatar.com\\\/avatar\\\/707f3fadd6918afeb64173ab22d8a8cb0676953098a4f31ff36dc2b4c699ef6a?s=96&d=mm&r=g\",\"contentUrl\":\"https:\\\/\\\/secure.gravatar.com\\\/avatar\\\/707f3fadd6918afeb64173ab22d8a8cb0676953098a4f31ff36dc2b4c699ef6a?s=96&d=mm&r=g\",\"caption\":\"Assessoria de Imprensa ACE-Guarulhos\"},\"url\":\"https:\\\/\\\/www.aceguarulhos.com.br\\\/blog\\\/author\\\/assessoria-de-imprensa-ace-guarulhos\\\/\"}]}<\/script>\n<!-- \/ Yoast SEO plugin. -->","yoast_head_json":{"title":"Poder Judici\u00e1rio, Mackenzie e ACSP inauguram juizado  - ACE-Guarulhos","robots":{"index":"index","follow":"follow","max-snippet":"max-snippet:-1","max-image-preview":"max-image-preview:large","max-video-preview":"max-video-preview:-1"},"canonical":"https:\/\/www.aceguarulhos.com.br\/blog\/poder-judici\u00e1rio-mackenzie-e-acsp-inauguram-juizado\/","og_locale":"pt_BR","og_type":"article","og_title":"Poder Judici\u00e1rio, Mackenzie e ACSP inauguram juizado  - ACE-Guarulhos","og_description":"Na quinta-feira, 6 de dezembro, o Tribunal de Justi\u00e7a do Estado de S\u00e3o Paulo, o Mackenzie e a Associa\u00e7\u00e3o Comercial de S\u00e3o Paulo","og_url":"https:\/\/www.aceguarulhos.com.br\/blog\/poder-judici\u00e1rio-mackenzie-e-acsp-inauguram-juizado\/","og_site_name":"ACE-Guarulhos","article_publisher":"https:\/\/www.facebook.com\/aceguarulhos\/","article_published_time":"2007-12-07T11:04:48+00:00","author":"Assessoria de Imprensa ACE-Guarulhos","twitter_card":"summary_large_image","twitter_misc":{"Escrito por":"Assessoria de Imprensa ACE-Guarulhos","Est. tempo de leitura":"2 minutos"},"schema":{"@context":"https:\/\/schema.org","@graph":[{"@type":"Article","@id":"https:\/\/www.aceguarulhos.com.br\/blog\/poder-judici%c3%a1rio-mackenzie-e-acsp-inauguram-juizado\/#article","isPartOf":{"@id":"https:\/\/www.aceguarulhos.com.br\/blog\/poder-judici%c3%a1rio-mackenzie-e-acsp-inauguram-juizado\/"},"author":{"name":"Assessoria de Imprensa ACE-Guarulhos","@id":"https:\/\/www.aceguarulhos.com.br\/blog\/#\/schema\/person\/6983b51bad37489989e4f09698c26237"},"headline":"Poder Judici\u00e1rio, Mackenzie e ACSP inauguram juizado","datePublished":"2007-12-07T11:04:48+00:00","mainEntityOfPage":{"@id":"https:\/\/www.aceguarulhos.com.br\/blog\/poder-judici%c3%a1rio-mackenzie-e-acsp-inauguram-juizado\/"},"wordCount":483,"commentCount":0,"publisher":{"@id":"https:\/\/www.aceguarulhos.com.br\/blog\/#organization"},"articleSection":["Not\u00edcias"],"inLanguage":"pt-BR"},{"@type":"WebPage","@id":"https:\/\/www.aceguarulhos.com.br\/blog\/poder-judici%c3%a1rio-mackenzie-e-acsp-inauguram-juizado\/","url":"https:\/\/www.aceguarulhos.com.br\/blog\/poder-judici%c3%a1rio-mackenzie-e-acsp-inauguram-juizado\/","name":"Poder Judici\u00e1rio, Mackenzie e ACSP inauguram juizado - ACE-Guarulhos","isPartOf":{"@id":"https:\/\/www.aceguarulhos.com.br\/blog\/#website"},"datePublished":"2007-12-07T11:04:48+00:00","breadcrumb":{"@id":"https:\/\/www.aceguarulhos.com.br\/blog\/poder-judici%c3%a1rio-mackenzie-e-acsp-inauguram-juizado\/#breadcrumb"},"inLanguage":"pt-BR","potentialAction":[{"@type":"ReadAction","target":["https:\/\/www.aceguarulhos.com.br\/blog\/poder-judici%c3%a1rio-mackenzie-e-acsp-inauguram-juizado\/"]}]},{"@type":"BreadcrumbList","@id":"https:\/\/www.aceguarulhos.com.br\/blog\/poder-judici%c3%a1rio-mackenzie-e-acsp-inauguram-juizado\/#breadcrumb","itemListElement":[{"@type":"ListItem","position":1,"name":"In\u00edcio","item":"https:\/\/www.aceguarulhos.com.br\/blog\/"},{"@type":"ListItem","position":2,"name":"Poder Judici\u00e1rio, Mackenzie e ACSP inauguram juizado"}]},{"@type":"WebSite","@id":"https:\/\/www.aceguarulhos.com.br\/blog\/#website","url":"https:\/\/www.aceguarulhos.com.br\/blog\/","name":"ACE-Guarulhos","description":"A ACE-Guarulhos \u00e9 uma associa\u00e7\u00e3o que ap\u00f3ia os empres\u00e1rios guarulhenses atrav\u00e9s da representa\u00e7\u00e3o, da gera\u00e7\u00e3o de neg\u00f3cios e presta\u00e7\u00e3o de servi\u00e7os.","publisher":{"@id":"https:\/\/www.aceguarulhos.com.br\/blog\/#organization"},"potentialAction":[{"@type":"SearchAction","target":{"@type":"EntryPoint","urlTemplate":"https:\/\/www.aceguarulhos.com.br\/blog\/?s={search_term_string}"},"query-input":{"@type":"PropertyValueSpecification","valueRequired":true,"valueName":"search_term_string"}}],"inLanguage":"pt-BR"},{"@type":"Organization","@id":"https:\/\/www.aceguarulhos.com.br\/blog\/#organization","name":"ACE-Guarulhos","url":"https:\/\/www.aceguarulhos.com.br\/blog\/","logo":{"@type":"ImageObject","inLanguage":"pt-BR","@id":"https:\/\/www.aceguarulhos.com.br\/blog\/#\/schema\/logo\/image\/","url":"https:\/\/www.aceguarulhos.com.br\/blog\/wp-content\/uploads\/2017\/12\/logo-aceguarulhos-2018.png","contentUrl":"https:\/\/www.aceguarulhos.com.br\/blog\/wp-content\/uploads\/2017\/12\/logo-aceguarulhos-2018.png","width":419,"height":76,"caption":"ACE-Guarulhos"},"image":{"@id":"https:\/\/www.aceguarulhos.com.br\/blog\/#\/schema\/logo\/image\/"},"sameAs":["https:\/\/www.facebook.com\/aceguarulhos\/","https:\/\/br.linkedin.com\/in\/ace-guarulhos-b9a97093","https:\/\/www.youtube.com\/user\/aceguarulhos"]},{"@type":"Person","@id":"https:\/\/www.aceguarulhos.com.br\/blog\/#\/schema\/person\/6983b51bad37489989e4f09698c26237","name":"Assessoria de Imprensa ACE-Guarulhos","image":{"@type":"ImageObject","inLanguage":"pt-BR","@id":"https:\/\/secure.gravatar.com\/avatar\/707f3fadd6918afeb64173ab22d8a8cb0676953098a4f31ff36dc2b4c699ef6a?s=96&d=mm&r=g","url":"https:\/\/secure.gravatar.com\/avatar\/707f3fadd6918afeb64173ab22d8a8cb0676953098a4f31ff36dc2b4c699ef6a?s=96&d=mm&r=g","contentUrl":"https:\/\/secure.gravatar.com\/avatar\/707f3fadd6918afeb64173ab22d8a8cb0676953098a4f31ff36dc2b4c699ef6a?s=96&d=mm&r=g","caption":"Assessoria de Imprensa ACE-Guarulhos"},"url":"https:\/\/www.aceguarulhos.com.br\/blog\/author\/assessoria-de-imprensa-ace-guarulhos\/"}]}},"wps_subtitle":"","amp_enabled":true,"_links":{"self":[{"href":"https:\/\/www.aceguarulhos.com.br\/blog\/wp-json\/wp\/v2\/posts\/32539","targetHints":{"allow":["GET"]}}],"collection":[{"href":"https:\/\/www.aceguarulhos.com.br\/blog\/wp-json\/wp\/v2\/posts"}],"about":[{"href":"https:\/\/www.aceguarulhos.com.br\/blog\/wp-json\/wp\/v2\/types\/post"}],"author":[{"embeddable":true,"href":"https:\/\/www.aceguarulhos.com.br\/blog\/wp-json\/wp\/v2\/users\/8"}],"replies":[{"embeddable":true,"href":"https:\/\/www.aceguarulhos.com.br\/blog\/wp-json\/wp\/v2\/comments?post=32539"}],"version-history":[{"count":0,"href":"https:\/\/www.aceguarulhos.com.br\/blog\/wp-json\/wp\/v2\/posts\/32539\/revisions"}],"wp:attachment":[{"href":"https:\/\/www.aceguarulhos.com.br\/blog\/wp-json\/wp\/v2\/media?parent=32539"}],"wp:term":[{"taxonomy":"category","embeddable":true,"href":"https:\/\/www.aceguarulhos.com.br\/blog\/wp-json\/wp\/v2\/categories?post=32539"},{"taxonomy":"post_tag","embeddable":true,"href":"https:\/\/www.aceguarulhos.com.br\/blog\/wp-json\/wp\/v2\/tags?post=32539"}],"curies":[{"name":"wp","href":"https:\/\/api.w.org\/{rel}","templated":true}]}}