{"id":32504,"date":"2007-11-30T13:35:48","date_gmt":"2007-11-30T13:35:48","guid":{"rendered":"http:\/\/www.aceguarulhos.com.br\/blog\/?p=32504"},"modified":"-0001-11-30T00:00:00","modified_gmt":"-0001-11-30T03:00:00","slug":"dia-mundial-de-luta-contra-a-aids-ter%c3%a1-ampla-programa%c3%a7%c3%a3o","status":"publish","type":"post","link":"https:\/\/www.aceguarulhos.com.br\/blog\/dia-mundial-de-luta-contra-a-aids-ter%c3%a1-ampla-programa%c3%a7%c3%a3o\/","title":{"rendered":"Dia Mundial de Luta contra a Aids ter\u00e1 ampla programa\u00e7\u00e3o"},"content":{"rendered":"<p>\u201cA for\u00e7a de Guarulhos na luta contra a Aids\u201d \u00e9 o tema que nortear\u00e1 as atividades do munic\u00edpio, este ano, em comemora\u00e7\u00e3o ao Dia Mundial de Luta contra a Aids, celebrado oficialmente em 1\u00b0 de dezembro. A programa\u00e7\u00e3o na cidade ter\u00e1 in\u00edcio nesta sexta-feira, 30 e se estende at\u00e9 o pr\u00f3ximo dia 14, com a\u00e7\u00f5es que incluem debates, mesa-redonda, apresenta\u00e7\u00e3o dos avan\u00e7os alcan\u00e7ados na cidade, capacita\u00e7\u00e3o de profissionais de sa\u00fade, teatro, festa para crian\u00e7as e adolescentes e at\u00e9 sarau de poesia.<\/p>\n<p>Para debater o tema mundial \u201cSua atitude tem muita for\u00e7a na luta contra Aids\u201d, a cidade contar\u00e1 com especialistas no assunto, como Suzana Kalckmann, doutora em Sa\u00fade P\u00fablica do Instituto de Sa\u00fade da Secretaria de Estado da Sa\u00fade; Am\u00e9rico Nunes, diretor do F\u00f3rum de Organiza\u00e7\u00f5es N\u00e3o-governamentais-Aids do Estado de S\u00e3o Paulo; e Edilma de Souza Santos, coordenadora diocesana da Pastoral da Sa\u00fade de Guarulhos. O evento, que ser\u00e1 realizado nesta sexta-feira, 30, na Faculdades Torricelli, das 13h30 \u00e0s 17h30, ter\u00e1 por objetivo discutir a atitude de cada um na luta contra a doen\u00e7a.<\/p>\n<p>No final dos debates, haver\u00e1 apresenta\u00e7\u00e3o de pe\u00e7a teatral sobre a import\u00e2ncia da preven\u00e7\u00e3o contra as doen\u00e7as sexualmente transmiss\u00edveis (DST) e Aids. O elenco \u00e9 formado por jovens da Escola Estadual Maur\u00edcio Nazar (Santos Dumont) e o espet\u00e1culo \u00e9 resultado do trabalho articulado entre a Secretaria de Sa\u00fade e as secretarias municipal e estadual de Educa\u00e7\u00e3o.<\/p>\n<p>Chamado de Eixo Jovem Protagonista, o projeto desenvolvido pelo Programa Municipal de DST-Aids tem por objetivo capacitar adolescentes na preven\u00e7\u00e3o das DST-Aids, para que eles se apropriem dos conhecimentos e os transmitam para outras pessoas de seu conv\u00edvio. Iniciado em 2005, o programa j\u00e1 contemplou todas as escolas das redes estadual e municipal de ensino das regi\u00f5es do S\u00e3o Jo\u00e3o, Bonsucesso, Pimentas e Cumbica.<br \/><b><br \/>Anivers\u00e1rio &#8211;<\/b> Para festejar o primeiro anivers\u00e1rio do Servi\u00e7o Ambulatorial Especializado (SAE) Carlos Cruz que, funciona nas depend\u00eancias do Ambulat\u00f3rio Dona Luiza (Jardim Centen\u00e1rio), profissionais de sa\u00fade, integrantes do Conselho Municipal de Sa\u00fade, conselheiros gestores e a fam\u00edlia do homenageado est\u00e3o programando um abra\u00e7o \u00e0 unidade nesta sexta-feira, 30. As comemora\u00e7\u00f5es no local acontecer\u00e3o das 10h \u00e0s 12h, com apresenta\u00e7\u00e3o do trabalho desenvolvido, sarau de poesia e coffee-break. O SAE Carlos Cruz oferece atendimento para 72 pacientes, 50 dos quais fazem tratamento com anti-retrovirais. <\/p>\n<p>A programa\u00e7\u00e3o em comemora\u00e7\u00e3o ao Dia Mundial de Luta contra a Aids prossegue nos dias 06, 07 e 14 de dezembro, com a 1\u00aa Jornada de Controle das DST em Guarulhos. Realizada em conjunto com a Sociedade Brasileira de DST e com o Programa Estadual de DST-Aids, a a\u00e7\u00e3o consiste na capacita\u00e7\u00e3o de cerca de 300 profissionais de sa\u00fade, entre m\u00e9dicos e enfermeiros, para o tratamento adequado dessas doen\u00e7as. O curso ser\u00e1 promovido na sede da Associa\u00e7\u00e3o Paulista de Medicina, das 8h \u00e0s 12h e das 13h \u00e0s 17h.<\/p>\n<p>Para encerrar as comemora\u00e7\u00f5es \u00e0 data, a Secretaria Municipal de Sa\u00fade promover\u00e1, no pr\u00f3ximo dia 10, o segundo encontro para crian\u00e7as e adolescentes atendidos no SAE Pedi\u00e1trico (Centro). Realizada das 10h \u00e0s 14h, na regi\u00e3o central da cidade, a festa ser\u00e1 fechada para pacientes, familiares e profissionais que fazem o acompanhamento dessas fam\u00edlias. <\/p>\n<p>Para a coordenadora do Programa de DST Aids da Prefeitura de Guarulhos, Dalel Haddad, a for\u00e7a de Guarulhos na luta contra a aids est\u00e1 focada no trip\u00e9 compreendido pelas a\u00e7\u00f5es sistem\u00e1ticas desenvolvidas na aten\u00e7\u00e3o b\u00e1sica, nos servi\u00e7os especializados e no trabalho articulado com as secretarias municipal e estadual de Educa\u00e7\u00e3o, al\u00e9m de parcerias com o movimento de DST- Aids e Conselho Municipal de Sa\u00fade.<\/p>\n<p>\u201cNa rede b\u00e1sica, todas as unidades oferecem gratuitamente o teste anti-HIV, preservativos masculinos, al\u00e9m de diagnosticar e tratar as DST. Nos servi\u00e7os de refer\u00eancia, as pessoas com aids t\u00eam garantia de tratamento e, agora, as a\u00e7\u00f5es preventivas tamb\u00e9m s\u00e3o promovidas nas escolas e comunidade\u201d, explicou.<\/p>\n","protected":false},"excerpt":{"rendered":"\u201cA for\u00e7a de Guarulhos na luta contra a Aids\u201d \u00e9 o tema que nortear\u00e1 as atividades do munic\u00edpio, este ano, em comemora\u00e7\u00e3o ao \n<a class=\"moretag\" href=\"https:\/\/www.aceguarulhos.com.br\/blog\/dia-mundial-de-luta-contra-a-aids-ter%c3%a1-ampla-programa%c3%a7%c3%a3o\/\"> [...]<\/a>","protected":false},"author":8,"featured_media":0,"comment_status":"open","ping_status":"open","sticky":false,"template":"","format":"standard","meta":{"footnotes":""},"categories":[2],"tags":[],"class_list":["post-32504","post","type-post","status-publish","format-standard","hentry","category-noticias"],"yoast_head":"<!-- This site is optimized with the Yoast SEO plugin v28.1 - https:\/\/yoast.com\/product\/yoast-seo-wordpress\/ -->\n<title>Dia Mundial de Luta contra a Aids ter\u00e1 ampla programa\u00e7\u00e3o  - ACE-Guarulhos<\/title>\n<meta name=\"robots\" content=\"index, follow, max-snippet:-1, max-image-preview:large, max-video-preview:-1\" \/>\n<link rel=\"canonical\" href=\"https:\/\/www.aceguarulhos.com.br\/blog\/dia-mundial-de-luta-contra-a-aids-ter\u00e1-ampla-programa\u00e7\u00e3o\/\" \/>\n<meta property=\"og:locale\" content=\"pt_BR\" \/>\n<meta property=\"og:type\" content=\"article\" \/>\n<meta property=\"og:title\" content=\"Dia Mundial de Luta contra a Aids ter\u00e1 ampla programa\u00e7\u00e3o  - ACE-Guarulhos\" \/>\n<meta property=\"og:description\" content=\"\u201cA for\u00e7a de Guarulhos na luta contra a Aids\u201d \u00e9 o tema que nortear\u00e1 as atividades do munic\u00edpio, este ano, em comemora\u00e7\u00e3o ao\" \/>\n<meta property=\"og:url\" content=\"https:\/\/www.aceguarulhos.com.br\/blog\/dia-mundial-de-luta-contra-a-aids-ter\u00e1-ampla-programa\u00e7\u00e3o\/\" \/>\n<meta property=\"og:site_name\" content=\"ACE-Guarulhos\" \/>\n<meta property=\"article:publisher\" content=\"https:\/\/www.facebook.com\/aceguarulhos\/\" \/>\n<meta property=\"article:published_time\" content=\"2007-11-30T13:35:48+00:00\" \/>\n<meta name=\"author\" content=\"Assessoria de Imprensa ACE-Guarulhos\" \/>\n<meta name=\"twitter:card\" content=\"summary_large_image\" \/>\n<meta name=\"twitter:label1\" content=\"Escrito por\" \/>\n\t<meta name=\"twitter:data1\" content=\"Assessoria de Imprensa ACE-Guarulhos\" \/>\n\t<meta name=\"twitter:label2\" content=\"Est. tempo de leitura\" \/>\n\t<meta name=\"twitter:data2\" content=\"3 minutos\" \/>\n<script type=\"application\/ld+json\" class=\"yoast-schema-graph\">{\"@context\":\"https:\\\/\\\/schema.org\",\"@graph\":[{\"@type\":\"Article\",\"@id\":\"https:\\\/\\\/www.aceguarulhos.com.br\\\/blog\\\/dia-mundial-de-luta-contra-a-aids-ter%c3%a1-ampla-programa%c3%a7%c3%a3o\\\/#article\",\"isPartOf\":{\"@id\":\"https:\\\/\\\/www.aceguarulhos.com.br\\\/blog\\\/dia-mundial-de-luta-contra-a-aids-ter%c3%a1-ampla-programa%c3%a7%c3%a3o\\\/\"},\"author\":{\"name\":\"Assessoria de Imprensa ACE-Guarulhos\",\"@id\":\"https:\\\/\\\/www.aceguarulhos.com.br\\\/blog\\\/#\\\/schema\\\/person\\\/6983b51bad37489989e4f09698c26237\"},\"headline\":\"Dia Mundial de Luta contra a Aids ter\u00e1 ampla programa\u00e7\u00e3o\",\"datePublished\":\"2007-11-30T13:35:48+00:00\",\"mainEntityOfPage\":{\"@id\":\"https:\\\/\\\/www.aceguarulhos.com.br\\\/blog\\\/dia-mundial-de-luta-contra-a-aids-ter%c3%a1-ampla-programa%c3%a7%c3%a3o\\\/\"},\"wordCount\":707,\"commentCount\":0,\"publisher\":{\"@id\":\"https:\\\/\\\/www.aceguarulhos.com.br\\\/blog\\\/#organization\"},\"articleSection\":[\"Not\u00edcias\"],\"inLanguage\":\"pt-BR\"},{\"@type\":\"WebPage\",\"@id\":\"https:\\\/\\\/www.aceguarulhos.com.br\\\/blog\\\/dia-mundial-de-luta-contra-a-aids-ter%c3%a1-ampla-programa%c3%a7%c3%a3o\\\/\",\"url\":\"https:\\\/\\\/www.aceguarulhos.com.br\\\/blog\\\/dia-mundial-de-luta-contra-a-aids-ter%c3%a1-ampla-programa%c3%a7%c3%a3o\\\/\",\"name\":\"Dia Mundial de Luta contra a Aids ter\u00e1 ampla programa\u00e7\u00e3o - ACE-Guarulhos\",\"isPartOf\":{\"@id\":\"https:\\\/\\\/www.aceguarulhos.com.br\\\/blog\\\/#website\"},\"datePublished\":\"2007-11-30T13:35:48+00:00\",\"breadcrumb\":{\"@id\":\"https:\\\/\\\/www.aceguarulhos.com.br\\\/blog\\\/dia-mundial-de-luta-contra-a-aids-ter%c3%a1-ampla-programa%c3%a7%c3%a3o\\\/#breadcrumb\"},\"inLanguage\":\"pt-BR\",\"potentialAction\":[{\"@type\":\"ReadAction\",\"target\":[\"https:\\\/\\\/www.aceguarulhos.com.br\\\/blog\\\/dia-mundial-de-luta-contra-a-aids-ter%c3%a1-ampla-programa%c3%a7%c3%a3o\\\/\"]}]},{\"@type\":\"BreadcrumbList\",\"@id\":\"https:\\\/\\\/www.aceguarulhos.com.br\\\/blog\\\/dia-mundial-de-luta-contra-a-aids-ter%c3%a1-ampla-programa%c3%a7%c3%a3o\\\/#breadcrumb\",\"itemListElement\":[{\"@type\":\"ListItem\",\"position\":1,\"name\":\"In\u00edcio\",\"item\":\"https:\\\/\\\/www.aceguarulhos.com.br\\\/blog\\\/\"},{\"@type\":\"ListItem\",\"position\":2,\"name\":\"Dia Mundial de Luta contra a Aids ter\u00e1 ampla programa\u00e7\u00e3o\"}]},{\"@type\":\"WebSite\",\"@id\":\"https:\\\/\\\/www.aceguarulhos.com.br\\\/blog\\\/#website\",\"url\":\"https:\\\/\\\/www.aceguarulhos.com.br\\\/blog\\\/\",\"name\":\"ACE-Guarulhos\",\"description\":\"A ACE-Guarulhos \u00e9 uma associa\u00e7\u00e3o que ap\u00f3ia os empres\u00e1rios guarulhenses atrav\u00e9s da representa\u00e7\u00e3o, da gera\u00e7\u00e3o de neg\u00f3cios e presta\u00e7\u00e3o de servi\u00e7os.\",\"publisher\":{\"@id\":\"https:\\\/\\\/www.aceguarulhos.com.br\\\/blog\\\/#organization\"},\"potentialAction\":[{\"@type\":\"SearchAction\",\"target\":{\"@type\":\"EntryPoint\",\"urlTemplate\":\"https:\\\/\\\/www.aceguarulhos.com.br\\\/blog\\\/?s={search_term_string}\"},\"query-input\":{\"@type\":\"PropertyValueSpecification\",\"valueRequired\":true,\"valueName\":\"search_term_string\"}}],\"inLanguage\":\"pt-BR\"},{\"@type\":\"Organization\",\"@id\":\"https:\\\/\\\/www.aceguarulhos.com.br\\\/blog\\\/#organization\",\"name\":\"ACE-Guarulhos\",\"url\":\"https:\\\/\\\/www.aceguarulhos.com.br\\\/blog\\\/\",\"logo\":{\"@type\":\"ImageObject\",\"inLanguage\":\"pt-BR\",\"@id\":\"https:\\\/\\\/www.aceguarulhos.com.br\\\/blog\\\/#\\\/schema\\\/logo\\\/image\\\/\",\"url\":\"https:\\\/\\\/www.aceguarulhos.com.br\\\/blog\\\/wp-content\\\/uploads\\\/2017\\\/12\\\/logo-aceguarulhos-2018.png\",\"contentUrl\":\"https:\\\/\\\/www.aceguarulhos.com.br\\\/blog\\\/wp-content\\\/uploads\\\/2017\\\/12\\\/logo-aceguarulhos-2018.png\",\"width\":419,\"height\":76,\"caption\":\"ACE-Guarulhos\"},\"image\":{\"@id\":\"https:\\\/\\\/www.aceguarulhos.com.br\\\/blog\\\/#\\\/schema\\\/logo\\\/image\\\/\"},\"sameAs\":[\"https:\\\/\\\/www.facebook.com\\\/aceguarulhos\\\/\",\"https:\\\/\\\/br.linkedin.com\\\/in\\\/ace-guarulhos-b9a97093\",\"https:\\\/\\\/www.youtube.com\\\/user\\\/aceguarulhos\"]},{\"@type\":\"Person\",\"@id\":\"https:\\\/\\\/www.aceguarulhos.com.br\\\/blog\\\/#\\\/schema\\\/person\\\/6983b51bad37489989e4f09698c26237\",\"name\":\"Assessoria de Imprensa ACE-Guarulhos\",\"image\":{\"@type\":\"ImageObject\",\"inLanguage\":\"pt-BR\",\"@id\":\"https:\\\/\\\/secure.gravatar.com\\\/avatar\\\/707f3fadd6918afeb64173ab22d8a8cb0676953098a4f31ff36dc2b4c699ef6a?s=96&d=mm&r=g\",\"url\":\"https:\\\/\\\/secure.gravatar.com\\\/avatar\\\/707f3fadd6918afeb64173ab22d8a8cb0676953098a4f31ff36dc2b4c699ef6a?s=96&d=mm&r=g\",\"contentUrl\":\"https:\\\/\\\/secure.gravatar.com\\\/avatar\\\/707f3fadd6918afeb64173ab22d8a8cb0676953098a4f31ff36dc2b4c699ef6a?s=96&d=mm&r=g\",\"caption\":\"Assessoria de Imprensa ACE-Guarulhos\"},\"url\":\"https:\\\/\\\/www.aceguarulhos.com.br\\\/blog\\\/author\\\/assessoria-de-imprensa-ace-guarulhos\\\/\"}]}<\/script>\n<!-- \/ Yoast SEO plugin. -->","yoast_head_json":{"title":"Dia Mundial de Luta contra a Aids ter\u00e1 ampla programa\u00e7\u00e3o  - ACE-Guarulhos","robots":{"index":"index","follow":"follow","max-snippet":"max-snippet:-1","max-image-preview":"max-image-preview:large","max-video-preview":"max-video-preview:-1"},"canonical":"https:\/\/www.aceguarulhos.com.br\/blog\/dia-mundial-de-luta-contra-a-aids-ter\u00e1-ampla-programa\u00e7\u00e3o\/","og_locale":"pt_BR","og_type":"article","og_title":"Dia Mundial de Luta contra a Aids ter\u00e1 ampla programa\u00e7\u00e3o  - ACE-Guarulhos","og_description":"\u201cA for\u00e7a de Guarulhos na luta contra a Aids\u201d \u00e9 o tema que nortear\u00e1 as atividades do munic\u00edpio, este ano, em comemora\u00e7\u00e3o ao","og_url":"https:\/\/www.aceguarulhos.com.br\/blog\/dia-mundial-de-luta-contra-a-aids-ter\u00e1-ampla-programa\u00e7\u00e3o\/","og_site_name":"ACE-Guarulhos","article_publisher":"https:\/\/www.facebook.com\/aceguarulhos\/","article_published_time":"2007-11-30T13:35:48+00:00","author":"Assessoria de Imprensa ACE-Guarulhos","twitter_card":"summary_large_image","twitter_misc":{"Escrito por":"Assessoria de Imprensa ACE-Guarulhos","Est. tempo de leitura":"3 minutos"},"schema":{"@context":"https:\/\/schema.org","@graph":[{"@type":"Article","@id":"https:\/\/www.aceguarulhos.com.br\/blog\/dia-mundial-de-luta-contra-a-aids-ter%c3%a1-ampla-programa%c3%a7%c3%a3o\/#article","isPartOf":{"@id":"https:\/\/www.aceguarulhos.com.br\/blog\/dia-mundial-de-luta-contra-a-aids-ter%c3%a1-ampla-programa%c3%a7%c3%a3o\/"},"author":{"name":"Assessoria de Imprensa ACE-Guarulhos","@id":"https:\/\/www.aceguarulhos.com.br\/blog\/#\/schema\/person\/6983b51bad37489989e4f09698c26237"},"headline":"Dia Mundial de Luta contra a Aids ter\u00e1 ampla programa\u00e7\u00e3o","datePublished":"2007-11-30T13:35:48+00:00","mainEntityOfPage":{"@id":"https:\/\/www.aceguarulhos.com.br\/blog\/dia-mundial-de-luta-contra-a-aids-ter%c3%a1-ampla-programa%c3%a7%c3%a3o\/"},"wordCount":707,"commentCount":0,"publisher":{"@id":"https:\/\/www.aceguarulhos.com.br\/blog\/#organization"},"articleSection":["Not\u00edcias"],"inLanguage":"pt-BR"},{"@type":"WebPage","@id":"https:\/\/www.aceguarulhos.com.br\/blog\/dia-mundial-de-luta-contra-a-aids-ter%c3%a1-ampla-programa%c3%a7%c3%a3o\/","url":"https:\/\/www.aceguarulhos.com.br\/blog\/dia-mundial-de-luta-contra-a-aids-ter%c3%a1-ampla-programa%c3%a7%c3%a3o\/","name":"Dia Mundial de Luta contra a Aids ter\u00e1 ampla programa\u00e7\u00e3o - ACE-Guarulhos","isPartOf":{"@id":"https:\/\/www.aceguarulhos.com.br\/blog\/#website"},"datePublished":"2007-11-30T13:35:48+00:00","breadcrumb":{"@id":"https:\/\/www.aceguarulhos.com.br\/blog\/dia-mundial-de-luta-contra-a-aids-ter%c3%a1-ampla-programa%c3%a7%c3%a3o\/#breadcrumb"},"inLanguage":"pt-BR","potentialAction":[{"@type":"ReadAction","target":["https:\/\/www.aceguarulhos.com.br\/blog\/dia-mundial-de-luta-contra-a-aids-ter%c3%a1-ampla-programa%c3%a7%c3%a3o\/"]}]},{"@type":"BreadcrumbList","@id":"https:\/\/www.aceguarulhos.com.br\/blog\/dia-mundial-de-luta-contra-a-aids-ter%c3%a1-ampla-programa%c3%a7%c3%a3o\/#breadcrumb","itemListElement":[{"@type":"ListItem","position":1,"name":"In\u00edcio","item":"https:\/\/www.aceguarulhos.com.br\/blog\/"},{"@type":"ListItem","position":2,"name":"Dia Mundial de Luta contra a Aids ter\u00e1 ampla programa\u00e7\u00e3o"}]},{"@type":"WebSite","@id":"https:\/\/www.aceguarulhos.com.br\/blog\/#website","url":"https:\/\/www.aceguarulhos.com.br\/blog\/","name":"ACE-Guarulhos","description":"A ACE-Guarulhos \u00e9 uma associa\u00e7\u00e3o que ap\u00f3ia os empres\u00e1rios guarulhenses atrav\u00e9s da representa\u00e7\u00e3o, da gera\u00e7\u00e3o de neg\u00f3cios e presta\u00e7\u00e3o de servi\u00e7os.","publisher":{"@id":"https:\/\/www.aceguarulhos.com.br\/blog\/#organization"},"potentialAction":[{"@type":"SearchAction","target":{"@type":"EntryPoint","urlTemplate":"https:\/\/www.aceguarulhos.com.br\/blog\/?s={search_term_string}"},"query-input":{"@type":"PropertyValueSpecification","valueRequired":true,"valueName":"search_term_string"}}],"inLanguage":"pt-BR"},{"@type":"Organization","@id":"https:\/\/www.aceguarulhos.com.br\/blog\/#organization","name":"ACE-Guarulhos","url":"https:\/\/www.aceguarulhos.com.br\/blog\/","logo":{"@type":"ImageObject","inLanguage":"pt-BR","@id":"https:\/\/www.aceguarulhos.com.br\/blog\/#\/schema\/logo\/image\/","url":"https:\/\/www.aceguarulhos.com.br\/blog\/wp-content\/uploads\/2017\/12\/logo-aceguarulhos-2018.png","contentUrl":"https:\/\/www.aceguarulhos.com.br\/blog\/wp-content\/uploads\/2017\/12\/logo-aceguarulhos-2018.png","width":419,"height":76,"caption":"ACE-Guarulhos"},"image":{"@id":"https:\/\/www.aceguarulhos.com.br\/blog\/#\/schema\/logo\/image\/"},"sameAs":["https:\/\/www.facebook.com\/aceguarulhos\/","https:\/\/br.linkedin.com\/in\/ace-guarulhos-b9a97093","https:\/\/www.youtube.com\/user\/aceguarulhos"]},{"@type":"Person","@id":"https:\/\/www.aceguarulhos.com.br\/blog\/#\/schema\/person\/6983b51bad37489989e4f09698c26237","name":"Assessoria de Imprensa ACE-Guarulhos","image":{"@type":"ImageObject","inLanguage":"pt-BR","@id":"https:\/\/secure.gravatar.com\/avatar\/707f3fadd6918afeb64173ab22d8a8cb0676953098a4f31ff36dc2b4c699ef6a?s=96&d=mm&r=g","url":"https:\/\/secure.gravatar.com\/avatar\/707f3fadd6918afeb64173ab22d8a8cb0676953098a4f31ff36dc2b4c699ef6a?s=96&d=mm&r=g","contentUrl":"https:\/\/secure.gravatar.com\/avatar\/707f3fadd6918afeb64173ab22d8a8cb0676953098a4f31ff36dc2b4c699ef6a?s=96&d=mm&r=g","caption":"Assessoria de Imprensa ACE-Guarulhos"},"url":"https:\/\/www.aceguarulhos.com.br\/blog\/author\/assessoria-de-imprensa-ace-guarulhos\/"}]}},"wps_subtitle":"","amp_enabled":true,"_links":{"self":[{"href":"https:\/\/www.aceguarulhos.com.br\/blog\/wp-json\/wp\/v2\/posts\/32504","targetHints":{"allow":["GET"]}}],"collection":[{"href":"https:\/\/www.aceguarulhos.com.br\/blog\/wp-json\/wp\/v2\/posts"}],"about":[{"href":"https:\/\/www.aceguarulhos.com.br\/blog\/wp-json\/wp\/v2\/types\/post"}],"author":[{"embeddable":true,"href":"https:\/\/www.aceguarulhos.com.br\/blog\/wp-json\/wp\/v2\/users\/8"}],"replies":[{"embeddable":true,"href":"https:\/\/www.aceguarulhos.com.br\/blog\/wp-json\/wp\/v2\/comments?post=32504"}],"version-history":[{"count":0,"href":"https:\/\/www.aceguarulhos.com.br\/blog\/wp-json\/wp\/v2\/posts\/32504\/revisions"}],"wp:attachment":[{"href":"https:\/\/www.aceguarulhos.com.br\/blog\/wp-json\/wp\/v2\/media?parent=32504"}],"wp:term":[{"taxonomy":"category","embeddable":true,"href":"https:\/\/www.aceguarulhos.com.br\/blog\/wp-json\/wp\/v2\/categories?post=32504"},{"taxonomy":"post_tag","embeddable":true,"href":"https:\/\/www.aceguarulhos.com.br\/blog\/wp-json\/wp\/v2\/tags?post=32504"}],"curies":[{"name":"wp","href":"https:\/\/api.w.org\/{rel}","templated":true}]}}