{"id":32493,"date":"2007-11-28T10:30:00","date_gmt":"2007-11-28T10:30:00","guid":{"rendered":"http:\/\/www.aceguarulhos.com.br\/blog\/?p=32493"},"modified":"-0001-11-30T00:00:00","modified_gmt":"-0001-11-30T03:00:00","slug":"empreender-guarulhos-re%c3%bane-empres%c3%a1rios-em-workshop","status":"publish","type":"post","link":"https:\/\/www.aceguarulhos.com.br\/blog\/empreender-guarulhos-re%c3%bane-empres%c3%a1rios-em-workshop\/","title":{"rendered":"Empreender-Guarulhos re\u00fane empres\u00e1rios em workshop"},"content":{"rendered":"<p>No 8\u00ba Congresso Facesp realizado em Santos, representantes de Associa\u00e7\u00f5es Comerciais de 420 munic\u00edpios paulistas conclu\u00edram que o associativismo \u00e9 o ingrediente principal para a constru\u00e7\u00e3o do empreendedorismo. Neste sentido, o Empreender-Guarulhos vem promovendo h\u00e1 tr\u00eas anos a uni\u00e3o de empres\u00e1rios de diversos setores por meio do associativismo, buscando juntos alternativas para o crescimento de seus empreendimentos. Foi com o objetivo de prospectar a gera\u00e7\u00e3o de neg\u00f3cios, divulga\u00e7\u00e3o e integra\u00e7\u00e3o das empresas, que o programa da ACE-Guarulhos promoveu um workshop na ter\u00e7a-feira, 27, no Open Hall Convention Center.<\/p>\n<p><center><\/p>\n<p class=\"midia\" style=\"width: 420px;\"><img loading=\"lazy\" decoding=\"async\" src=\"\/blog\/wp-content\/uploads\/image.php?x=i&amp;i1=100&amp;i2=20071128102815\" title=\"Imprensa ACE\" height=\"315\" width=\"420\"><br \/>Maurici Dias Gomes &#8211; Superintendente da ACE<\/p>\n<p><\/center><\/p>\n<p>Entre os presentes o superintendente da ACE-Guarulhos, Maurici Dias Gomes, o diretor de economia, professor Jos\u00e9 Roberto Machado, o diretor comercial, Paulo Moraes, o presidente do conselho deliberativo, Anunciato Thomeo Sobrinho, al\u00e9m de representantes das entidades que comp\u00f5em o conselho administrativo do Empreender-Guarulhos.<\/p>\n<p>Durante o workshop, os participantes puderam conferir a palestra do representante regional &#8211; S\u00e3o Paulo do BNDES (Banco Nacional de Desenvolvimento Econ\u00f4mico e Social), Harlen Havarini, que falou sobre o cart\u00e3o BNDES\/Visanet, instrumento da institui\u00e7\u00e3o que tem por finalidade desburocratizar e agilizar o acesso das micro e pequenas empresas aos recursos do banco. O encontro contou, tamb\u00e9m, com palestra motivacional, exposi\u00e7\u00e3o das empresas e entidades participantes, e troca de cart\u00f5es entre os empres\u00e1rios.<\/p>\n<p><center><\/p>\n<p class=\"midia\" style=\"width: 420px;\"><img loading=\"lazy\" decoding=\"async\" src=\"\/blog\/wp-content\/uploads\/image.php?x=i&amp;i1=100&amp;i2=20071128102903\" title=\"Imprensa ACE\" height=\"315\" width=\"420\"><br \/>Empres\u00e1rios trocaram cart\u00f5es no encontro<\/p>\n<p><\/center><\/p>\n<p>O superintendente da ACE, Maurici Dias Gomes, ressaltou no encontro o trabalho desenvolvido pelo Empreender. \u201cO programa \u00e9 um sucesso da ACE-Guarulhos. Certamente, sem a presen\u00e7a destes empreendedores n\u00e3o estar\u00edamos quebrando paradigmas e alcan\u00e7ando importantes resultados, que fizeram do Empreeender guarulhense refer\u00eancia no Estado de S\u00e3o Paulo\u201d, ressaltou.<\/p>\n<p>O empres\u00e1rio Valmir Daniel disse que eventos como o promovido pelo Empreender, s\u00e3o importantes para a rede de relacionamentos de qualquer empreendedor. \u201cEste encontro \u00e9 uma possibilidade vender mais o nosso produto. Sem estes parceiros n\u00e3o seriamos nada\u201d, disse.<\/p>\n<p>O Programa Empreender \u00e9 desenvolvido pela ACE-Guarulhos (Associa\u00e7\u00e3o Comercial e Empresarial de Guarulhos) e conta com a parceria do Sebrae-SP e da FACESP (Federa\u00e7\u00e3o das Associa\u00e7\u00f5es Comerciais do Estado de S\u00e3o Paulo) e tem como foco principal as micro e pequenas empresas.<\/p>\n<p><center><\/p>\n<p class=\"midia\" style=\"width: 420px;\"><img loading=\"lazy\" decoding=\"async\" src=\"\/blog\/wp-content\/uploads\/image.php?x=i&amp;i1=100&amp;i2=20071128103939\" title=\"Imprensa ACE\" height=\"315\" width=\"420\"><br \/>Wagner \u00c2ntico &#8211; consultor do Empreender<\/p>\n<p><\/center><\/p>\n<p>O Empreender-Guarulhos \u00e9 formado por sete n\u00facleos setorias &#8211; Recursos Humanos, Pizzarias, Contabilidade, Centro Automotivo, Transportes R\u00e1pidos, Aliment\u00edcio, Varejo em Confec\u00e7\u00e3o e Cabeleireiros, e tem por objetivo impedir o isolamento das empresas, al\u00e9m de favorecer a troca de experi\u00eancias entre os empres\u00e1rios, criando propostas para solu\u00e7\u00e3o de problemas comuns, al\u00e9m crescimento das empresas participantes.<\/p>\n<p><center><\/p>\n<p class=\"midia\" style=\"width: 420px;\"><img loading=\"lazy\" decoding=\"async\" src=\"\/blog\/wp-content\/uploads\/image.php?x=i&amp;i1=100&amp;i2=20071130135601\" title=\"Imprensa ACE\" height=\"344\" width=\"420\"><br \/>Anunciato Thomeo Sobrinho &#8211; Presidente do Conselho Deliberativo da ACE<\/p>\n<p><\/center><\/p>\n<p>Mais informa\u00e7\u00f5es sobre o Empreender pelo telefone 2137-9339 (falar com os consultores Wagner \u00c2ntico, Andr\u00e9ia Cristina ou Cl\u00e1udia Rocha).<\/p>\n","protected":false},"excerpt":{"rendered":"No 8\u00ba Congresso Facesp realizado em Santos, representantes de Associa\u00e7\u00f5es Comerciais de 420 munic\u00edpios paulistas conclu\u00edram que o associativismo \u00e9 o ingrediente principal \n<a class=\"moretag\" href=\"https:\/\/www.aceguarulhos.com.br\/blog\/empreender-guarulhos-re%c3%bane-empres%c3%a1rios-em-workshop\/\"> [...]<\/a>","protected":false},"author":8,"featured_media":0,"comment_status":"open","ping_status":"open","sticky":false,"template":"","format":"standard","meta":{"footnotes":""},"categories":[2],"tags":[],"class_list":["post-32493","post","type-post","status-publish","format-standard","hentry","category-noticias"],"yoast_head":"<!-- This site is optimized with the Yoast SEO plugin v28.1 - https:\/\/yoast.com\/product\/yoast-seo-wordpress\/ -->\n<title>Empreender-Guarulhos re\u00fane empres\u00e1rios em workshop - ACE-Guarulhos<\/title>\n<meta name=\"robots\" content=\"index, follow, max-snippet:-1, max-image-preview:large, max-video-preview:-1\" \/>\n<link rel=\"canonical\" href=\"https:\/\/www.aceguarulhos.com.br\/blog\/empreender-guarulhos-re\u00fane-empres\u00e1rios-em-workshop\/\" \/>\n<meta property=\"og:locale\" content=\"pt_BR\" \/>\n<meta property=\"og:type\" content=\"article\" \/>\n<meta property=\"og:title\" content=\"Empreender-Guarulhos re\u00fane empres\u00e1rios em workshop - ACE-Guarulhos\" \/>\n<meta property=\"og:description\" content=\"No 8\u00ba Congresso Facesp realizado em Santos, representantes de Associa\u00e7\u00f5es Comerciais de 420 munic\u00edpios paulistas conclu\u00edram que o associativismo \u00e9 o ingrediente principal\" \/>\n<meta property=\"og:url\" content=\"https:\/\/www.aceguarulhos.com.br\/blog\/empreender-guarulhos-re\u00fane-empres\u00e1rios-em-workshop\/\" \/>\n<meta property=\"og:site_name\" content=\"ACE-Guarulhos\" \/>\n<meta property=\"article:publisher\" content=\"https:\/\/www.facebook.com\/aceguarulhos\/\" \/>\n<meta property=\"article:published_time\" content=\"2007-11-28T10:30:00+00:00\" \/>\n<meta property=\"og:image\" content=\"https:\/\/www.aceguarulhos.com.br\/blog\/wp-content\/uploads\/image.php\" \/>\n<meta name=\"author\" content=\"Assessoria de Imprensa ACE-Guarulhos\" \/>\n<meta name=\"twitter:card\" content=\"summary_large_image\" \/>\n<meta name=\"twitter:label1\" content=\"Escrito por\" \/>\n\t<meta name=\"twitter:data1\" content=\"Assessoria de Imprensa ACE-Guarulhos\" \/>\n\t<meta name=\"twitter:label2\" content=\"Est. tempo de leitura\" \/>\n\t<meta name=\"twitter:data2\" content=\"2 minutos\" \/>\n<script type=\"application\/ld+json\" class=\"yoast-schema-graph\">{\"@context\":\"https:\\\/\\\/schema.org\",\"@graph\":[{\"@type\":\"Article\",\"@id\":\"https:\\\/\\\/www.aceguarulhos.com.br\\\/blog\\\/empreender-guarulhos-re%c3%bane-empres%c3%a1rios-em-workshop\\\/#article\",\"isPartOf\":{\"@id\":\"https:\\\/\\\/www.aceguarulhos.com.br\\\/blog\\\/empreender-guarulhos-re%c3%bane-empres%c3%a1rios-em-workshop\\\/\"},\"author\":{\"name\":\"Assessoria de Imprensa ACE-Guarulhos\",\"@id\":\"https:\\\/\\\/www.aceguarulhos.com.br\\\/blog\\\/#\\\/schema\\\/person\\\/6983b51bad37489989e4f09698c26237\"},\"headline\":\"Empreender-Guarulhos re\u00fane empres\u00e1rios em workshop\",\"datePublished\":\"2007-11-28T10:30:00+00:00\",\"mainEntityOfPage\":{\"@id\":\"https:\\\/\\\/www.aceguarulhos.com.br\\\/blog\\\/empreender-guarulhos-re%c3%bane-empres%c3%a1rios-em-workshop\\\/\"},\"wordCount\":483,\"commentCount\":0,\"publisher\":{\"@id\":\"https:\\\/\\\/www.aceguarulhos.com.br\\\/blog\\\/#organization\"},\"articleSection\":[\"Not\u00edcias\"],\"inLanguage\":\"pt-BR\"},{\"@type\":\"WebPage\",\"@id\":\"https:\\\/\\\/www.aceguarulhos.com.br\\\/blog\\\/empreender-guarulhos-re%c3%bane-empres%c3%a1rios-em-workshop\\\/\",\"url\":\"https:\\\/\\\/www.aceguarulhos.com.br\\\/blog\\\/empreender-guarulhos-re%c3%bane-empres%c3%a1rios-em-workshop\\\/\",\"name\":\"Empreender-Guarulhos re\u00fane empres\u00e1rios em workshop - ACE-Guarulhos\",\"isPartOf\":{\"@id\":\"https:\\\/\\\/www.aceguarulhos.com.br\\\/blog\\\/#website\"},\"datePublished\":\"2007-11-28T10:30:00+00:00\",\"breadcrumb\":{\"@id\":\"https:\\\/\\\/www.aceguarulhos.com.br\\\/blog\\\/empreender-guarulhos-re%c3%bane-empres%c3%a1rios-em-workshop\\\/#breadcrumb\"},\"inLanguage\":\"pt-BR\",\"potentialAction\":[{\"@type\":\"ReadAction\",\"target\":[\"https:\\\/\\\/www.aceguarulhos.com.br\\\/blog\\\/empreender-guarulhos-re%c3%bane-empres%c3%a1rios-em-workshop\\\/\"]}]},{\"@type\":\"BreadcrumbList\",\"@id\":\"https:\\\/\\\/www.aceguarulhos.com.br\\\/blog\\\/empreender-guarulhos-re%c3%bane-empres%c3%a1rios-em-workshop\\\/#breadcrumb\",\"itemListElement\":[{\"@type\":\"ListItem\",\"position\":1,\"name\":\"In\u00edcio\",\"item\":\"https:\\\/\\\/www.aceguarulhos.com.br\\\/blog\\\/\"},{\"@type\":\"ListItem\",\"position\":2,\"name\":\"Empreender-Guarulhos re\u00fane empres\u00e1rios em workshop\"}]},{\"@type\":\"WebSite\",\"@id\":\"https:\\\/\\\/www.aceguarulhos.com.br\\\/blog\\\/#website\",\"url\":\"https:\\\/\\\/www.aceguarulhos.com.br\\\/blog\\\/\",\"name\":\"ACE-Guarulhos\",\"description\":\"A ACE-Guarulhos \u00e9 uma associa\u00e7\u00e3o que ap\u00f3ia os empres\u00e1rios guarulhenses atrav\u00e9s da representa\u00e7\u00e3o, da gera\u00e7\u00e3o de neg\u00f3cios e presta\u00e7\u00e3o de servi\u00e7os.\",\"publisher\":{\"@id\":\"https:\\\/\\\/www.aceguarulhos.com.br\\\/blog\\\/#organization\"},\"potentialAction\":[{\"@type\":\"SearchAction\",\"target\":{\"@type\":\"EntryPoint\",\"urlTemplate\":\"https:\\\/\\\/www.aceguarulhos.com.br\\\/blog\\\/?s={search_term_string}\"},\"query-input\":{\"@type\":\"PropertyValueSpecification\",\"valueRequired\":true,\"valueName\":\"search_term_string\"}}],\"inLanguage\":\"pt-BR\"},{\"@type\":\"Organization\",\"@id\":\"https:\\\/\\\/www.aceguarulhos.com.br\\\/blog\\\/#organization\",\"name\":\"ACE-Guarulhos\",\"url\":\"https:\\\/\\\/www.aceguarulhos.com.br\\\/blog\\\/\",\"logo\":{\"@type\":\"ImageObject\",\"inLanguage\":\"pt-BR\",\"@id\":\"https:\\\/\\\/www.aceguarulhos.com.br\\\/blog\\\/#\\\/schema\\\/logo\\\/image\\\/\",\"url\":\"https:\\\/\\\/www.aceguarulhos.com.br\\\/blog\\\/wp-content\\\/uploads\\\/2017\\\/12\\\/logo-aceguarulhos-2018.png\",\"contentUrl\":\"https:\\\/\\\/www.aceguarulhos.com.br\\\/blog\\\/wp-content\\\/uploads\\\/2017\\\/12\\\/logo-aceguarulhos-2018.png\",\"width\":419,\"height\":76,\"caption\":\"ACE-Guarulhos\"},\"image\":{\"@id\":\"https:\\\/\\\/www.aceguarulhos.com.br\\\/blog\\\/#\\\/schema\\\/logo\\\/image\\\/\"},\"sameAs\":[\"https:\\\/\\\/www.facebook.com\\\/aceguarulhos\\\/\",\"https:\\\/\\\/br.linkedin.com\\\/in\\\/ace-guarulhos-b9a97093\",\"https:\\\/\\\/www.youtube.com\\\/user\\\/aceguarulhos\"]},{\"@type\":\"Person\",\"@id\":\"https:\\\/\\\/www.aceguarulhos.com.br\\\/blog\\\/#\\\/schema\\\/person\\\/6983b51bad37489989e4f09698c26237\",\"name\":\"Assessoria de Imprensa ACE-Guarulhos\",\"image\":{\"@type\":\"ImageObject\",\"inLanguage\":\"pt-BR\",\"@id\":\"https:\\\/\\\/secure.gravatar.com\\\/avatar\\\/707f3fadd6918afeb64173ab22d8a8cb0676953098a4f31ff36dc2b4c699ef6a?s=96&d=mm&r=g\",\"url\":\"https:\\\/\\\/secure.gravatar.com\\\/avatar\\\/707f3fadd6918afeb64173ab22d8a8cb0676953098a4f31ff36dc2b4c699ef6a?s=96&d=mm&r=g\",\"contentUrl\":\"https:\\\/\\\/secure.gravatar.com\\\/avatar\\\/707f3fadd6918afeb64173ab22d8a8cb0676953098a4f31ff36dc2b4c699ef6a?s=96&d=mm&r=g\",\"caption\":\"Assessoria de Imprensa ACE-Guarulhos\"},\"url\":\"https:\\\/\\\/www.aceguarulhos.com.br\\\/blog\\\/author\\\/assessoria-de-imprensa-ace-guarulhos\\\/\"}]}<\/script>\n<!-- \/ Yoast SEO plugin. -->","yoast_head_json":{"title":"Empreender-Guarulhos re\u00fane empres\u00e1rios em workshop - ACE-Guarulhos","robots":{"index":"index","follow":"follow","max-snippet":"max-snippet:-1","max-image-preview":"max-image-preview:large","max-video-preview":"max-video-preview:-1"},"canonical":"https:\/\/www.aceguarulhos.com.br\/blog\/empreender-guarulhos-re\u00fane-empres\u00e1rios-em-workshop\/","og_locale":"pt_BR","og_type":"article","og_title":"Empreender-Guarulhos re\u00fane empres\u00e1rios em workshop - ACE-Guarulhos","og_description":"No 8\u00ba Congresso Facesp realizado em Santos, representantes de Associa\u00e7\u00f5es Comerciais de 420 munic\u00edpios paulistas conclu\u00edram que o associativismo \u00e9 o ingrediente principal","og_url":"https:\/\/www.aceguarulhos.com.br\/blog\/empreender-guarulhos-re\u00fane-empres\u00e1rios-em-workshop\/","og_site_name":"ACE-Guarulhos","article_publisher":"https:\/\/www.facebook.com\/aceguarulhos\/","article_published_time":"2007-11-28T10:30:00+00:00","og_image":[{"url":"https:\/\/www.aceguarulhos.com.br\/blog\/wp-content\/uploads\/image.php","type":"","width":"","height":""}],"author":"Assessoria de Imprensa ACE-Guarulhos","twitter_card":"summary_large_image","twitter_misc":{"Escrito por":"Assessoria de Imprensa ACE-Guarulhos","Est. tempo de leitura":"2 minutos"},"schema":{"@context":"https:\/\/schema.org","@graph":[{"@type":"Article","@id":"https:\/\/www.aceguarulhos.com.br\/blog\/empreender-guarulhos-re%c3%bane-empres%c3%a1rios-em-workshop\/#article","isPartOf":{"@id":"https:\/\/www.aceguarulhos.com.br\/blog\/empreender-guarulhos-re%c3%bane-empres%c3%a1rios-em-workshop\/"},"author":{"name":"Assessoria de Imprensa ACE-Guarulhos","@id":"https:\/\/www.aceguarulhos.com.br\/blog\/#\/schema\/person\/6983b51bad37489989e4f09698c26237"},"headline":"Empreender-Guarulhos re\u00fane empres\u00e1rios em workshop","datePublished":"2007-11-28T10:30:00+00:00","mainEntityOfPage":{"@id":"https:\/\/www.aceguarulhos.com.br\/blog\/empreender-guarulhos-re%c3%bane-empres%c3%a1rios-em-workshop\/"},"wordCount":483,"commentCount":0,"publisher":{"@id":"https:\/\/www.aceguarulhos.com.br\/blog\/#organization"},"articleSection":["Not\u00edcias"],"inLanguage":"pt-BR"},{"@type":"WebPage","@id":"https:\/\/www.aceguarulhos.com.br\/blog\/empreender-guarulhos-re%c3%bane-empres%c3%a1rios-em-workshop\/","url":"https:\/\/www.aceguarulhos.com.br\/blog\/empreender-guarulhos-re%c3%bane-empres%c3%a1rios-em-workshop\/","name":"Empreender-Guarulhos re\u00fane empres\u00e1rios em workshop - ACE-Guarulhos","isPartOf":{"@id":"https:\/\/www.aceguarulhos.com.br\/blog\/#website"},"datePublished":"2007-11-28T10:30:00+00:00","breadcrumb":{"@id":"https:\/\/www.aceguarulhos.com.br\/blog\/empreender-guarulhos-re%c3%bane-empres%c3%a1rios-em-workshop\/#breadcrumb"},"inLanguage":"pt-BR","potentialAction":[{"@type":"ReadAction","target":["https:\/\/www.aceguarulhos.com.br\/blog\/empreender-guarulhos-re%c3%bane-empres%c3%a1rios-em-workshop\/"]}]},{"@type":"BreadcrumbList","@id":"https:\/\/www.aceguarulhos.com.br\/blog\/empreender-guarulhos-re%c3%bane-empres%c3%a1rios-em-workshop\/#breadcrumb","itemListElement":[{"@type":"ListItem","position":1,"name":"In\u00edcio","item":"https:\/\/www.aceguarulhos.com.br\/blog\/"},{"@type":"ListItem","position":2,"name":"Empreender-Guarulhos re\u00fane empres\u00e1rios em workshop"}]},{"@type":"WebSite","@id":"https:\/\/www.aceguarulhos.com.br\/blog\/#website","url":"https:\/\/www.aceguarulhos.com.br\/blog\/","name":"ACE-Guarulhos","description":"A ACE-Guarulhos \u00e9 uma associa\u00e7\u00e3o que ap\u00f3ia os empres\u00e1rios guarulhenses atrav\u00e9s da representa\u00e7\u00e3o, da gera\u00e7\u00e3o de neg\u00f3cios e presta\u00e7\u00e3o de servi\u00e7os.","publisher":{"@id":"https:\/\/www.aceguarulhos.com.br\/blog\/#organization"},"potentialAction":[{"@type":"SearchAction","target":{"@type":"EntryPoint","urlTemplate":"https:\/\/www.aceguarulhos.com.br\/blog\/?s={search_term_string}"},"query-input":{"@type":"PropertyValueSpecification","valueRequired":true,"valueName":"search_term_string"}}],"inLanguage":"pt-BR"},{"@type":"Organization","@id":"https:\/\/www.aceguarulhos.com.br\/blog\/#organization","name":"ACE-Guarulhos","url":"https:\/\/www.aceguarulhos.com.br\/blog\/","logo":{"@type":"ImageObject","inLanguage":"pt-BR","@id":"https:\/\/www.aceguarulhos.com.br\/blog\/#\/schema\/logo\/image\/","url":"https:\/\/www.aceguarulhos.com.br\/blog\/wp-content\/uploads\/2017\/12\/logo-aceguarulhos-2018.png","contentUrl":"https:\/\/www.aceguarulhos.com.br\/blog\/wp-content\/uploads\/2017\/12\/logo-aceguarulhos-2018.png","width":419,"height":76,"caption":"ACE-Guarulhos"},"image":{"@id":"https:\/\/www.aceguarulhos.com.br\/blog\/#\/schema\/logo\/image\/"},"sameAs":["https:\/\/www.facebook.com\/aceguarulhos\/","https:\/\/br.linkedin.com\/in\/ace-guarulhos-b9a97093","https:\/\/www.youtube.com\/user\/aceguarulhos"]},{"@type":"Person","@id":"https:\/\/www.aceguarulhos.com.br\/blog\/#\/schema\/person\/6983b51bad37489989e4f09698c26237","name":"Assessoria de Imprensa ACE-Guarulhos","image":{"@type":"ImageObject","inLanguage":"pt-BR","@id":"https:\/\/secure.gravatar.com\/avatar\/707f3fadd6918afeb64173ab22d8a8cb0676953098a4f31ff36dc2b4c699ef6a?s=96&d=mm&r=g","url":"https:\/\/secure.gravatar.com\/avatar\/707f3fadd6918afeb64173ab22d8a8cb0676953098a4f31ff36dc2b4c699ef6a?s=96&d=mm&r=g","contentUrl":"https:\/\/secure.gravatar.com\/avatar\/707f3fadd6918afeb64173ab22d8a8cb0676953098a4f31ff36dc2b4c699ef6a?s=96&d=mm&r=g","caption":"Assessoria de Imprensa ACE-Guarulhos"},"url":"https:\/\/www.aceguarulhos.com.br\/blog\/author\/assessoria-de-imprensa-ace-guarulhos\/"}]}},"wps_subtitle":"","amp_enabled":true,"_links":{"self":[{"href":"https:\/\/www.aceguarulhos.com.br\/blog\/wp-json\/wp\/v2\/posts\/32493","targetHints":{"allow":["GET"]}}],"collection":[{"href":"https:\/\/www.aceguarulhos.com.br\/blog\/wp-json\/wp\/v2\/posts"}],"about":[{"href":"https:\/\/www.aceguarulhos.com.br\/blog\/wp-json\/wp\/v2\/types\/post"}],"author":[{"embeddable":true,"href":"https:\/\/www.aceguarulhos.com.br\/blog\/wp-json\/wp\/v2\/users\/8"}],"replies":[{"embeddable":true,"href":"https:\/\/www.aceguarulhos.com.br\/blog\/wp-json\/wp\/v2\/comments?post=32493"}],"version-history":[{"count":0,"href":"https:\/\/www.aceguarulhos.com.br\/blog\/wp-json\/wp\/v2\/posts\/32493\/revisions"}],"wp:attachment":[{"href":"https:\/\/www.aceguarulhos.com.br\/blog\/wp-json\/wp\/v2\/media?parent=32493"}],"wp:term":[{"taxonomy":"category","embeddable":true,"href":"https:\/\/www.aceguarulhos.com.br\/blog\/wp-json\/wp\/v2\/categories?post=32493"},{"taxonomy":"post_tag","embeddable":true,"href":"https:\/\/www.aceguarulhos.com.br\/blog\/wp-json\/wp\/v2\/tags?post=32493"}],"curies":[{"name":"wp","href":"https:\/\/api.w.org\/{rel}","templated":true}]}}