{"id":32429,"date":"2007-11-12T11:42:21","date_gmt":"2007-11-12T11:42:21","guid":{"rendered":"http:\/\/www.aceguarulhos.com.br\/blog\/?p=32429"},"modified":"-0001-11-30T00:00:00","modified_gmt":"-0001-11-30T03:00:00","slug":"carga-tribut%c3%a1ria-e-cpmf","status":"publish","type":"post","link":"https:\/\/www.aceguarulhos.com.br\/blog\/carga-tribut%c3%a1ria-e-cpmf\/","title":{"rendered":"Carga Tribut\u00e1ria e CPMF"},"content":{"rendered":"<p>A Receita Federal divulgou os dados relativos \u00e0 carga tribut\u00e1ria em 2006 confirmando que aumentou o peso da tributa\u00e7\u00e3o sobre a sociedade, informa\u00e7\u00e3o j\u00e1 sabida por todos aqueles que acompanham o comportamento da arrecada\u00e7\u00e3o fiscal ao longo do ano. Segundo a Receita, a carga tribut\u00e1ria atingiu, no ano passado, 34,23% do PIB, mantendo a trajet\u00f3ria ascendente observada nos dois anos anteriores. Do aumento de 0,85% do PIB, a arrecada\u00e7\u00e3o do governo federal foi a que mais aumentou, 0,5% contra 0,28% dos Estados e 0,07% dos munic\u00edpios. <\/p>\n<p>Tamb\u00e9m foram divulgados os dados referentes \u00e0 arrecada\u00e7\u00e3o fiscal de janeiro a julho deste ano, revelando que a carga tribut\u00e1ria aumentou 10,3%, o que significa que a participa\u00e7\u00e3o dos tributos em rela\u00e7\u00e3o ao PIB tamb\u00e9m vai aumentar mais uma vez, o que ser\u00e1 o quarto ano consecutivo em que isso ocorre, e coloca o Brasil entre os pa\u00edses de mais elevada tributa\u00e7\u00e3o, muito acima do observado nas na\u00e7\u00f5es emergentes com as quais concorre no mercado internacional.<\/p>\n<p>Curiosamente, o governo federal alega n\u00e3o poder abrir m\u00e3o da CPMF, cuja vig\u00eancia expira em dezembro deste ano, ap\u00f3s 11 anos de exist\u00eancia e de sucessivas prorroga\u00e7\u00f5es, o que tornaria o seu &#8220;P&#8221; de provis\u00f3ria em&nbsp; permanente, embora o crescimento de sua arrecada\u00e7\u00e3o tenha sido nos anos anteriores, e continua sendo em 2007, superior ao montante da receita dessa Contribui\u00e7\u00e3o. A receita fiscal do governo federal em 2006 aumentou cerca de R$ 56 bilh\u00f5es, para uma arrecada\u00e7\u00e3o da ordem de R$ 32 bilh\u00f5es da<br \/>CPMF, o que demonstra que, mesmo &#8220;abrindo m\u00e3o&#8221; dessa contribui\u00e7\u00e3o, haveria aumento de recursos para a Uni\u00e3o aplicar na sa\u00fade e em outras \u00e1reas.<\/p>\n<p>O problema real n\u00e3o \u00e9 a impossibilidade de o governo administrar sem contar com a receita da CPMF, mas sim a de que ele n\u00e3o quer abrir m\u00e3o de qualquer centavo de arrecada\u00e7\u00e3o porque continua a aumentar seus gastos de forma descontrolada. Os argumentos de que os recursos da CPMF s\u00e3o indispens\u00e1veis para a \u00e1rea da sa\u00fade s\u00e3o falsos, pois &#8220;dinheiro n\u00e3o tem carimbo&#8221; e o governo pode destinar verbas do or\u00e7amento para a sa\u00fade, cortando outros gastos, se necess\u00e1rio.<\/p>\n<p>Dizer que \u00e9 preciso manter a CPMF porque \u00e9 um imposto f\u00e1cil de cobrar e que auxilia a fiscalizar o contribuinte tamb\u00e9m n\u00e3o \u00e9 justificativa, pois a finalidade de um tributo n\u00e3o \u00e9 a de atender aos interesses e conveni\u00eancias do fisco, mas sim a de propiciar receitas ao governo da forma mais racional e eq\u00fcitativa poss\u00edvel. Para usar o mecanismo da CPMF<br \/>para fiscaliza\u00e7\u00e3o n\u00e3o seria necess\u00e1rio cobrar a contribui\u00e7\u00e3o. Bastaria manter os controles existentes, com al\u00edquota zero da do tributo, o que, seguramente, traria para a movimenta\u00e7\u00e3o banc\u00e1ria muitas transa\u00e7\u00f5es que hoje sofrem a desintermedia\u00e7\u00e3o financeira por causa da tributa\u00e7\u00e3o da CPMF.<\/p>\n<p>As entidades de classe brasileiras no geral, e a Associa\u00e7\u00e3o Comercial de S\u00e3o Paulo em particular, vem defendendo h\u00e1 muito tempo a necessidade de racionaliza\u00e7\u00e3o e controle do gasto p\u00fablico para possibilitar a realiza\u00e7\u00e3o da reforma tribut\u00e1ria e a redu\u00e7\u00e3o do peso da tributa\u00e7\u00e3o sobre a sociedade. Est\u00e1 mais do que comprovado, no entanto, que o governo (o atual e os anteriores) n\u00e3o tem compromisso com o corte de despesas, mas,<br \/>pelo contr\u00e1rio, vem aumentando o gasto p\u00fablico, inclusive como compromissos de car\u00e1ter permanente, que v\u00e3o comprometer o or\u00e7amento nos pr\u00f3ximos anos. O aumento sistem\u00e1tico da participa\u00e7\u00e3o do gasto p\u00fablico na d\u00e9cada, que passou de 14,6% do PIB em 1997 para 17,2% em 2006, significa que a parte do setor privado, que \u00e9 quem efetivamente promove o desenvolvimento, vem caindo, como o agravante de a maior fatia apropriada pelo governo, vem sendo utilizada muito mais em despesas de custeio do que em investimentos.<\/p>\n<p>A \u00fanica chance que os contribuintes t\u00eam para tentar for\u00e7ar o governo a cortar gastos \u00e9 procurando reduzir a receita, aproveitando-se da oportunidade que o fim da CPMF, previsto na legisla\u00e7\u00e3o vigente oferece. \u00c9 preciso que a sociedade se mobilize para impedir a nova prorroga\u00e7\u00e3o, pois, caso contr\u00e1rio, vamos continuar a assistir o avan\u00e7o do Estado na economia e aos contribuintes restar\u00e1 apenas pagar a conta.<\/p>\n<p>Marcel Domingos Solimeo \u00e9 superintendente de Economia da ACSP (Associa\u00e7\u00e3o Comercial de S\u00e3o Paulo)<\/p>\n","protected":false},"excerpt":{"rendered":"A Receita Federal divulgou os dados relativos \u00e0 carga tribut\u00e1ria em 2006 confirmando que aumentou o peso da tributa\u00e7\u00e3o sobre a sociedade, informa\u00e7\u00e3o \n<a class=\"moretag\" href=\"https:\/\/www.aceguarulhos.com.br\/blog\/carga-tribut%c3%a1ria-e-cpmf\/\"> [...]<\/a>","protected":false},"author":8,"featured_media":0,"comment_status":"open","ping_status":"open","sticky":false,"template":"","format":"standard","meta":{"footnotes":""},"categories":[2],"tags":[],"class_list":["post-32429","post","type-post","status-publish","format-standard","hentry","category-noticias"],"yoast_head":"<!-- This site is optimized with the Yoast SEO plugin v28.1 - https:\/\/yoast.com\/product\/yoast-seo-wordpress\/ -->\n<title>Carga Tribut\u00e1ria e CPMF - ACE-Guarulhos<\/title>\n<meta name=\"robots\" content=\"index, follow, max-snippet:-1, max-image-preview:large, max-video-preview:-1\" \/>\n<link rel=\"canonical\" href=\"https:\/\/www.aceguarulhos.com.br\/blog\/carga-tribut\u00e1ria-e-cpmf\/\" \/>\n<meta property=\"og:locale\" content=\"pt_BR\" \/>\n<meta property=\"og:type\" content=\"article\" \/>\n<meta property=\"og:title\" content=\"Carga Tribut\u00e1ria e CPMF - ACE-Guarulhos\" \/>\n<meta property=\"og:description\" content=\"A Receita Federal divulgou os dados relativos \u00e0 carga tribut\u00e1ria em 2006 confirmando que aumentou o peso da tributa\u00e7\u00e3o sobre a sociedade, informa\u00e7\u00e3o\" \/>\n<meta property=\"og:url\" content=\"https:\/\/www.aceguarulhos.com.br\/blog\/carga-tribut\u00e1ria-e-cpmf\/\" \/>\n<meta property=\"og:site_name\" content=\"ACE-Guarulhos\" \/>\n<meta property=\"article:publisher\" content=\"https:\/\/www.facebook.com\/aceguarulhos\/\" \/>\n<meta property=\"article:published_time\" content=\"2007-11-12T11:42:21+00:00\" \/>\n<meta name=\"author\" content=\"Assessoria de Imprensa ACE-Guarulhos\" \/>\n<meta name=\"twitter:card\" content=\"summary_large_image\" \/>\n<meta name=\"twitter:label1\" content=\"Escrito por\" \/>\n\t<meta name=\"twitter:data1\" content=\"Assessoria de Imprensa ACE-Guarulhos\" \/>\n\t<meta name=\"twitter:label2\" content=\"Est. tempo de leitura\" \/>\n\t<meta name=\"twitter:data2\" content=\"4 minutos\" \/>\n<script type=\"application\/ld+json\" class=\"yoast-schema-graph\">{\"@context\":\"https:\\\/\\\/schema.org\",\"@graph\":[{\"@type\":\"Article\",\"@id\":\"https:\\\/\\\/www.aceguarulhos.com.br\\\/blog\\\/carga-tribut%c3%a1ria-e-cpmf\\\/#article\",\"isPartOf\":{\"@id\":\"https:\\\/\\\/www.aceguarulhos.com.br\\\/blog\\\/carga-tribut%c3%a1ria-e-cpmf\\\/\"},\"author\":{\"name\":\"Assessoria de Imprensa ACE-Guarulhos\",\"@id\":\"https:\\\/\\\/www.aceguarulhos.com.br\\\/blog\\\/#\\\/schema\\\/person\\\/6983b51bad37489989e4f09698c26237\"},\"headline\":\"Carga Tribut\u00e1ria e CPMF\",\"datePublished\":\"2007-11-12T11:42:21+00:00\",\"mainEntityOfPage\":{\"@id\":\"https:\\\/\\\/www.aceguarulhos.com.br\\\/blog\\\/carga-tribut%c3%a1ria-e-cpmf\\\/\"},\"wordCount\":753,\"commentCount\":0,\"publisher\":{\"@id\":\"https:\\\/\\\/www.aceguarulhos.com.br\\\/blog\\\/#organization\"},\"articleSection\":[\"Not\u00edcias\"],\"inLanguage\":\"pt-BR\"},{\"@type\":\"WebPage\",\"@id\":\"https:\\\/\\\/www.aceguarulhos.com.br\\\/blog\\\/carga-tribut%c3%a1ria-e-cpmf\\\/\",\"url\":\"https:\\\/\\\/www.aceguarulhos.com.br\\\/blog\\\/carga-tribut%c3%a1ria-e-cpmf\\\/\",\"name\":\"Carga Tribut\u00e1ria e CPMF - ACE-Guarulhos\",\"isPartOf\":{\"@id\":\"https:\\\/\\\/www.aceguarulhos.com.br\\\/blog\\\/#website\"},\"datePublished\":\"2007-11-12T11:42:21+00:00\",\"breadcrumb\":{\"@id\":\"https:\\\/\\\/www.aceguarulhos.com.br\\\/blog\\\/carga-tribut%c3%a1ria-e-cpmf\\\/#breadcrumb\"},\"inLanguage\":\"pt-BR\",\"potentialAction\":[{\"@type\":\"ReadAction\",\"target\":[\"https:\\\/\\\/www.aceguarulhos.com.br\\\/blog\\\/carga-tribut%c3%a1ria-e-cpmf\\\/\"]}]},{\"@type\":\"BreadcrumbList\",\"@id\":\"https:\\\/\\\/www.aceguarulhos.com.br\\\/blog\\\/carga-tribut%c3%a1ria-e-cpmf\\\/#breadcrumb\",\"itemListElement\":[{\"@type\":\"ListItem\",\"position\":1,\"name\":\"In\u00edcio\",\"item\":\"https:\\\/\\\/www.aceguarulhos.com.br\\\/blog\\\/\"},{\"@type\":\"ListItem\",\"position\":2,\"name\":\"Carga Tribut\u00e1ria e CPMF\"}]},{\"@type\":\"WebSite\",\"@id\":\"https:\\\/\\\/www.aceguarulhos.com.br\\\/blog\\\/#website\",\"url\":\"https:\\\/\\\/www.aceguarulhos.com.br\\\/blog\\\/\",\"name\":\"ACE-Guarulhos\",\"description\":\"A ACE-Guarulhos \u00e9 uma associa\u00e7\u00e3o que ap\u00f3ia os empres\u00e1rios guarulhenses atrav\u00e9s da representa\u00e7\u00e3o, da gera\u00e7\u00e3o de neg\u00f3cios e presta\u00e7\u00e3o de servi\u00e7os.\",\"publisher\":{\"@id\":\"https:\\\/\\\/www.aceguarulhos.com.br\\\/blog\\\/#organization\"},\"potentialAction\":[{\"@type\":\"SearchAction\",\"target\":{\"@type\":\"EntryPoint\",\"urlTemplate\":\"https:\\\/\\\/www.aceguarulhos.com.br\\\/blog\\\/?s={search_term_string}\"},\"query-input\":{\"@type\":\"PropertyValueSpecification\",\"valueRequired\":true,\"valueName\":\"search_term_string\"}}],\"inLanguage\":\"pt-BR\"},{\"@type\":\"Organization\",\"@id\":\"https:\\\/\\\/www.aceguarulhos.com.br\\\/blog\\\/#organization\",\"name\":\"ACE-Guarulhos\",\"url\":\"https:\\\/\\\/www.aceguarulhos.com.br\\\/blog\\\/\",\"logo\":{\"@type\":\"ImageObject\",\"inLanguage\":\"pt-BR\",\"@id\":\"https:\\\/\\\/www.aceguarulhos.com.br\\\/blog\\\/#\\\/schema\\\/logo\\\/image\\\/\",\"url\":\"https:\\\/\\\/www.aceguarulhos.com.br\\\/blog\\\/wp-content\\\/uploads\\\/2017\\\/12\\\/logo-aceguarulhos-2018.png\",\"contentUrl\":\"https:\\\/\\\/www.aceguarulhos.com.br\\\/blog\\\/wp-content\\\/uploads\\\/2017\\\/12\\\/logo-aceguarulhos-2018.png\",\"width\":419,\"height\":76,\"caption\":\"ACE-Guarulhos\"},\"image\":{\"@id\":\"https:\\\/\\\/www.aceguarulhos.com.br\\\/blog\\\/#\\\/schema\\\/logo\\\/image\\\/\"},\"sameAs\":[\"https:\\\/\\\/www.facebook.com\\\/aceguarulhos\\\/\",\"https:\\\/\\\/br.linkedin.com\\\/in\\\/ace-guarulhos-b9a97093\",\"https:\\\/\\\/www.youtube.com\\\/user\\\/aceguarulhos\"]},{\"@type\":\"Person\",\"@id\":\"https:\\\/\\\/www.aceguarulhos.com.br\\\/blog\\\/#\\\/schema\\\/person\\\/6983b51bad37489989e4f09698c26237\",\"name\":\"Assessoria de Imprensa ACE-Guarulhos\",\"image\":{\"@type\":\"ImageObject\",\"inLanguage\":\"pt-BR\",\"@id\":\"https:\\\/\\\/secure.gravatar.com\\\/avatar\\\/707f3fadd6918afeb64173ab22d8a8cb0676953098a4f31ff36dc2b4c699ef6a?s=96&d=mm&r=g\",\"url\":\"https:\\\/\\\/secure.gravatar.com\\\/avatar\\\/707f3fadd6918afeb64173ab22d8a8cb0676953098a4f31ff36dc2b4c699ef6a?s=96&d=mm&r=g\",\"contentUrl\":\"https:\\\/\\\/secure.gravatar.com\\\/avatar\\\/707f3fadd6918afeb64173ab22d8a8cb0676953098a4f31ff36dc2b4c699ef6a?s=96&d=mm&r=g\",\"caption\":\"Assessoria de Imprensa ACE-Guarulhos\"},\"url\":\"https:\\\/\\\/www.aceguarulhos.com.br\\\/blog\\\/author\\\/assessoria-de-imprensa-ace-guarulhos\\\/\"}]}<\/script>\n<!-- \/ Yoast SEO plugin. -->","yoast_head_json":{"title":"Carga Tribut\u00e1ria e CPMF - ACE-Guarulhos","robots":{"index":"index","follow":"follow","max-snippet":"max-snippet:-1","max-image-preview":"max-image-preview:large","max-video-preview":"max-video-preview:-1"},"canonical":"https:\/\/www.aceguarulhos.com.br\/blog\/carga-tribut\u00e1ria-e-cpmf\/","og_locale":"pt_BR","og_type":"article","og_title":"Carga Tribut\u00e1ria e CPMF - ACE-Guarulhos","og_description":"A Receita Federal divulgou os dados relativos \u00e0 carga tribut\u00e1ria em 2006 confirmando que aumentou o peso da tributa\u00e7\u00e3o sobre a sociedade, informa\u00e7\u00e3o","og_url":"https:\/\/www.aceguarulhos.com.br\/blog\/carga-tribut\u00e1ria-e-cpmf\/","og_site_name":"ACE-Guarulhos","article_publisher":"https:\/\/www.facebook.com\/aceguarulhos\/","article_published_time":"2007-11-12T11:42:21+00:00","author":"Assessoria de Imprensa ACE-Guarulhos","twitter_card":"summary_large_image","twitter_misc":{"Escrito por":"Assessoria de Imprensa ACE-Guarulhos","Est. tempo de leitura":"4 minutos"},"schema":{"@context":"https:\/\/schema.org","@graph":[{"@type":"Article","@id":"https:\/\/www.aceguarulhos.com.br\/blog\/carga-tribut%c3%a1ria-e-cpmf\/#article","isPartOf":{"@id":"https:\/\/www.aceguarulhos.com.br\/blog\/carga-tribut%c3%a1ria-e-cpmf\/"},"author":{"name":"Assessoria de Imprensa ACE-Guarulhos","@id":"https:\/\/www.aceguarulhos.com.br\/blog\/#\/schema\/person\/6983b51bad37489989e4f09698c26237"},"headline":"Carga Tribut\u00e1ria e CPMF","datePublished":"2007-11-12T11:42:21+00:00","mainEntityOfPage":{"@id":"https:\/\/www.aceguarulhos.com.br\/blog\/carga-tribut%c3%a1ria-e-cpmf\/"},"wordCount":753,"commentCount":0,"publisher":{"@id":"https:\/\/www.aceguarulhos.com.br\/blog\/#organization"},"articleSection":["Not\u00edcias"],"inLanguage":"pt-BR"},{"@type":"WebPage","@id":"https:\/\/www.aceguarulhos.com.br\/blog\/carga-tribut%c3%a1ria-e-cpmf\/","url":"https:\/\/www.aceguarulhos.com.br\/blog\/carga-tribut%c3%a1ria-e-cpmf\/","name":"Carga Tribut\u00e1ria e CPMF - ACE-Guarulhos","isPartOf":{"@id":"https:\/\/www.aceguarulhos.com.br\/blog\/#website"},"datePublished":"2007-11-12T11:42:21+00:00","breadcrumb":{"@id":"https:\/\/www.aceguarulhos.com.br\/blog\/carga-tribut%c3%a1ria-e-cpmf\/#breadcrumb"},"inLanguage":"pt-BR","potentialAction":[{"@type":"ReadAction","target":["https:\/\/www.aceguarulhos.com.br\/blog\/carga-tribut%c3%a1ria-e-cpmf\/"]}]},{"@type":"BreadcrumbList","@id":"https:\/\/www.aceguarulhos.com.br\/blog\/carga-tribut%c3%a1ria-e-cpmf\/#breadcrumb","itemListElement":[{"@type":"ListItem","position":1,"name":"In\u00edcio","item":"https:\/\/www.aceguarulhos.com.br\/blog\/"},{"@type":"ListItem","position":2,"name":"Carga Tribut\u00e1ria e CPMF"}]},{"@type":"WebSite","@id":"https:\/\/www.aceguarulhos.com.br\/blog\/#website","url":"https:\/\/www.aceguarulhos.com.br\/blog\/","name":"ACE-Guarulhos","description":"A ACE-Guarulhos \u00e9 uma associa\u00e7\u00e3o que ap\u00f3ia os empres\u00e1rios guarulhenses atrav\u00e9s da representa\u00e7\u00e3o, da gera\u00e7\u00e3o de neg\u00f3cios e presta\u00e7\u00e3o de servi\u00e7os.","publisher":{"@id":"https:\/\/www.aceguarulhos.com.br\/blog\/#organization"},"potentialAction":[{"@type":"SearchAction","target":{"@type":"EntryPoint","urlTemplate":"https:\/\/www.aceguarulhos.com.br\/blog\/?s={search_term_string}"},"query-input":{"@type":"PropertyValueSpecification","valueRequired":true,"valueName":"search_term_string"}}],"inLanguage":"pt-BR"},{"@type":"Organization","@id":"https:\/\/www.aceguarulhos.com.br\/blog\/#organization","name":"ACE-Guarulhos","url":"https:\/\/www.aceguarulhos.com.br\/blog\/","logo":{"@type":"ImageObject","inLanguage":"pt-BR","@id":"https:\/\/www.aceguarulhos.com.br\/blog\/#\/schema\/logo\/image\/","url":"https:\/\/www.aceguarulhos.com.br\/blog\/wp-content\/uploads\/2017\/12\/logo-aceguarulhos-2018.png","contentUrl":"https:\/\/www.aceguarulhos.com.br\/blog\/wp-content\/uploads\/2017\/12\/logo-aceguarulhos-2018.png","width":419,"height":76,"caption":"ACE-Guarulhos"},"image":{"@id":"https:\/\/www.aceguarulhos.com.br\/blog\/#\/schema\/logo\/image\/"},"sameAs":["https:\/\/www.facebook.com\/aceguarulhos\/","https:\/\/br.linkedin.com\/in\/ace-guarulhos-b9a97093","https:\/\/www.youtube.com\/user\/aceguarulhos"]},{"@type":"Person","@id":"https:\/\/www.aceguarulhos.com.br\/blog\/#\/schema\/person\/6983b51bad37489989e4f09698c26237","name":"Assessoria de Imprensa ACE-Guarulhos","image":{"@type":"ImageObject","inLanguage":"pt-BR","@id":"https:\/\/secure.gravatar.com\/avatar\/707f3fadd6918afeb64173ab22d8a8cb0676953098a4f31ff36dc2b4c699ef6a?s=96&d=mm&r=g","url":"https:\/\/secure.gravatar.com\/avatar\/707f3fadd6918afeb64173ab22d8a8cb0676953098a4f31ff36dc2b4c699ef6a?s=96&d=mm&r=g","contentUrl":"https:\/\/secure.gravatar.com\/avatar\/707f3fadd6918afeb64173ab22d8a8cb0676953098a4f31ff36dc2b4c699ef6a?s=96&d=mm&r=g","caption":"Assessoria de Imprensa ACE-Guarulhos"},"url":"https:\/\/www.aceguarulhos.com.br\/blog\/author\/assessoria-de-imprensa-ace-guarulhos\/"}]}},"wps_subtitle":"","amp_enabled":true,"_links":{"self":[{"href":"https:\/\/www.aceguarulhos.com.br\/blog\/wp-json\/wp\/v2\/posts\/32429","targetHints":{"allow":["GET"]}}],"collection":[{"href":"https:\/\/www.aceguarulhos.com.br\/blog\/wp-json\/wp\/v2\/posts"}],"about":[{"href":"https:\/\/www.aceguarulhos.com.br\/blog\/wp-json\/wp\/v2\/types\/post"}],"author":[{"embeddable":true,"href":"https:\/\/www.aceguarulhos.com.br\/blog\/wp-json\/wp\/v2\/users\/8"}],"replies":[{"embeddable":true,"href":"https:\/\/www.aceguarulhos.com.br\/blog\/wp-json\/wp\/v2\/comments?post=32429"}],"version-history":[{"count":0,"href":"https:\/\/www.aceguarulhos.com.br\/blog\/wp-json\/wp\/v2\/posts\/32429\/revisions"}],"wp:attachment":[{"href":"https:\/\/www.aceguarulhos.com.br\/blog\/wp-json\/wp\/v2\/media?parent=32429"}],"wp:term":[{"taxonomy":"category","embeddable":true,"href":"https:\/\/www.aceguarulhos.com.br\/blog\/wp-json\/wp\/v2\/categories?post=32429"},{"taxonomy":"post_tag","embeddable":true,"href":"https:\/\/www.aceguarulhos.com.br\/blog\/wp-json\/wp\/v2\/tags?post=32429"}],"curies":[{"name":"wp","href":"https:\/\/api.w.org\/{rel}","templated":true}]}}