{"id":32418,"date":"2007-11-09T13:44:16","date_gmt":"2007-11-09T13:44:16","guid":{"rendered":"http:\/\/www.aceguarulhos.com.br\/blog\/?p=32418"},"modified":"-0001-11-30T00:00:00","modified_gmt":"-0001-11-30T03:00:00","slug":"proconguarulhos-entra-com-representa%c3%a7%c3%a3o-no-mp-contra-a-bra","status":"publish","type":"post","link":"https:\/\/www.aceguarulhos.com.br\/blog\/proconguarulhos-entra-com-representa%c3%a7%c3%a3o-no-mp-contra-a-bra\/","title":{"rendered":"Procon\/Guarulhos entra com representa\u00e7\u00e3o no MP contra a BRA"},"content":{"rendered":"<p>O Procon\/Guarulhos entregou nesta quinta-feira, dia 8, uma representa\u00e7\u00e3o ao Minist\u00e9rio P\u00fablico Estadual (MPE) contra a empresa a\u00e9rea BRA, que suspendeu suas opera\u00e7\u00f5es nesta ter\u00e7a-feira, dia 6, ap\u00f3s ter enviado documento \u00e0 Ag\u00eancia Nacional de Avia\u00e7\u00e3o Civil (Anac). <\/p>\n<p>O documento, que foi entregue pelo diretor do \u00f3rg\u00e3o em Guarulhos, Leonardo Freire, tem por finalidade solicitar investiga\u00e7\u00e3o para saber se a empresa continuou a vender passagens pela internet ap\u00f3s ter feito pedido de suspens\u00e3o de seus v\u00f4os nacionais e internacionais.<\/p>\n<p>Freire v\u00ea com estranheza o fato de a BRA vir de um processo acelerado de quebra no \u00faltimo m\u00eas e, mesmo assim, ter vendido mais de 70 mil passagens para at\u00e9 mar\u00e7o do ano que vem, antes do pedido de suspens\u00e3o.&nbsp; <\/p>\n<p>O diretor afirma que as vendas deveriam ter sido suspensas semanas antes do envio do pedido \u00e0 ag\u00eancia fiscalizadora. O Minist\u00e9rio P\u00fablico Estadual investigar\u00e1 o caso e, se for comprovado que a empresa agiu de m\u00e1 f\u00e9, ser\u00e1 movido um processo de a\u00e7\u00e3o civil p\u00fablica de responsabilidade civil e criminal contra os respons\u00e1veis. Servi\u00e7o:<\/p>\n<p>As unidades que prestam servi\u00e7os de Procon\/Guarulhos, al\u00e9m do Aeroporto Internacional de Cumbica, est\u00e3o localizadas nos seguintes endere\u00e7os:<\/p>\n<p>Servi\u00e7o:<\/p>\n<p>Procon\/Sede<br \/>Rua Condessa Am\u00e1lia, 23 \u2013Pican\u00e7o &#8211; Guarulhos<\/p>\n<p>Procon\/S\u00e3o Jo\u00e3o<br \/>Avenida Coqueiral, 100 \u2013 Cidade Ser\u00f3dio &#8211; Guarulhos<\/p>\n<p>Marcos Freire<br \/>Avenida Cap\u00e3o Bonito, 64 \u2013CIC-Pimentas \u2013 Guarulhos<\/p>\n<p>Cumbica<br \/>Avenida Mazag\u00e3o, 57 \u2013 Cumbica \u2013 Guarulhos<\/p>\n","protected":false},"excerpt":{"rendered":"O Procon\/Guarulhos entregou nesta quinta-feira, dia 8, uma representa\u00e7\u00e3o ao Minist\u00e9rio P\u00fablico Estadual (MPE) contra a empresa a\u00e9rea BRA, que suspendeu suas opera\u00e7\u00f5es \n<a class=\"moretag\" href=\"https:\/\/www.aceguarulhos.com.br\/blog\/proconguarulhos-entra-com-representa%c3%a7%c3%a3o-no-mp-contra-a-bra\/\"> [...]<\/a>","protected":false},"author":8,"featured_media":0,"comment_status":"open","ping_status":"open","sticky":false,"template":"","format":"standard","meta":{"footnotes":""},"categories":[2],"tags":[],"class_list":["post-32418","post","type-post","status-publish","format-standard","hentry","category-noticias"],"yoast_head":"<!-- This site is optimized with the Yoast SEO plugin v28.1 - https:\/\/yoast.com\/product\/yoast-seo-wordpress\/ -->\n<title>Procon\/Guarulhos entra com representa\u00e7\u00e3o no MP contra a BRA  - ACE-Guarulhos<\/title>\n<meta name=\"robots\" content=\"index, follow, max-snippet:-1, max-image-preview:large, max-video-preview:-1\" \/>\n<link rel=\"canonical\" href=\"https:\/\/www.aceguarulhos.com.br\/blog\/proconguarulhos-entra-com-representa\u00e7\u00e3o-no-mp-contra-a-bra\/\" \/>\n<meta property=\"og:locale\" content=\"pt_BR\" \/>\n<meta property=\"og:type\" content=\"article\" \/>\n<meta property=\"og:title\" content=\"Procon\/Guarulhos entra com representa\u00e7\u00e3o no MP contra a BRA  - ACE-Guarulhos\" \/>\n<meta property=\"og:description\" content=\"O Procon\/Guarulhos entregou nesta quinta-feira, dia 8, uma representa\u00e7\u00e3o ao Minist\u00e9rio P\u00fablico Estadual (MPE) contra a empresa a\u00e9rea BRA, que suspendeu suas opera\u00e7\u00f5es\" \/>\n<meta property=\"og:url\" content=\"https:\/\/www.aceguarulhos.com.br\/blog\/proconguarulhos-entra-com-representa\u00e7\u00e3o-no-mp-contra-a-bra\/\" \/>\n<meta property=\"og:site_name\" content=\"ACE-Guarulhos\" \/>\n<meta property=\"article:publisher\" content=\"https:\/\/www.facebook.com\/aceguarulhos\/\" \/>\n<meta property=\"article:published_time\" content=\"2007-11-09T13:44:16+00:00\" \/>\n<meta name=\"author\" content=\"Assessoria de Imprensa ACE-Guarulhos\" \/>\n<meta name=\"twitter:card\" content=\"summary_large_image\" \/>\n<meta name=\"twitter:label1\" content=\"Escrito por\" \/>\n\t<meta name=\"twitter:data1\" content=\"Assessoria de Imprensa ACE-Guarulhos\" \/>\n\t<meta name=\"twitter:label2\" content=\"Est. tempo de leitura\" \/>\n\t<meta name=\"twitter:data2\" content=\"1 minuto\" \/>\n<script type=\"application\/ld+json\" class=\"yoast-schema-graph\">{\"@context\":\"https:\\\/\\\/schema.org\",\"@graph\":[{\"@type\":\"Article\",\"@id\":\"https:\\\/\\\/www.aceguarulhos.com.br\\\/blog\\\/proconguarulhos-entra-com-representa%c3%a7%c3%a3o-no-mp-contra-a-bra\\\/#article\",\"isPartOf\":{\"@id\":\"https:\\\/\\\/www.aceguarulhos.com.br\\\/blog\\\/proconguarulhos-entra-com-representa%c3%a7%c3%a3o-no-mp-contra-a-bra\\\/\"},\"author\":{\"name\":\"Assessoria de Imprensa ACE-Guarulhos\",\"@id\":\"https:\\\/\\\/www.aceguarulhos.com.br\\\/blog\\\/#\\\/schema\\\/person\\\/6983b51bad37489989e4f09698c26237\"},\"headline\":\"Procon\\\/Guarulhos entra com representa\u00e7\u00e3o no MP contra a BRA\",\"datePublished\":\"2007-11-09T13:44:16+00:00\",\"mainEntityOfPage\":{\"@id\":\"https:\\\/\\\/www.aceguarulhos.com.br\\\/blog\\\/proconguarulhos-entra-com-representa%c3%a7%c3%a3o-no-mp-contra-a-bra\\\/\"},\"wordCount\":263,\"commentCount\":0,\"publisher\":{\"@id\":\"https:\\\/\\\/www.aceguarulhos.com.br\\\/blog\\\/#organization\"},\"articleSection\":[\"Not\u00edcias\"],\"inLanguage\":\"pt-BR\"},{\"@type\":\"WebPage\",\"@id\":\"https:\\\/\\\/www.aceguarulhos.com.br\\\/blog\\\/proconguarulhos-entra-com-representa%c3%a7%c3%a3o-no-mp-contra-a-bra\\\/\",\"url\":\"https:\\\/\\\/www.aceguarulhos.com.br\\\/blog\\\/proconguarulhos-entra-com-representa%c3%a7%c3%a3o-no-mp-contra-a-bra\\\/\",\"name\":\"Procon\\\/Guarulhos entra com representa\u00e7\u00e3o no MP contra a BRA - ACE-Guarulhos\",\"isPartOf\":{\"@id\":\"https:\\\/\\\/www.aceguarulhos.com.br\\\/blog\\\/#website\"},\"datePublished\":\"2007-11-09T13:44:16+00:00\",\"breadcrumb\":{\"@id\":\"https:\\\/\\\/www.aceguarulhos.com.br\\\/blog\\\/proconguarulhos-entra-com-representa%c3%a7%c3%a3o-no-mp-contra-a-bra\\\/#breadcrumb\"},\"inLanguage\":\"pt-BR\",\"potentialAction\":[{\"@type\":\"ReadAction\",\"target\":[\"https:\\\/\\\/www.aceguarulhos.com.br\\\/blog\\\/proconguarulhos-entra-com-representa%c3%a7%c3%a3o-no-mp-contra-a-bra\\\/\"]}]},{\"@type\":\"BreadcrumbList\",\"@id\":\"https:\\\/\\\/www.aceguarulhos.com.br\\\/blog\\\/proconguarulhos-entra-com-representa%c3%a7%c3%a3o-no-mp-contra-a-bra\\\/#breadcrumb\",\"itemListElement\":[{\"@type\":\"ListItem\",\"position\":1,\"name\":\"In\u00edcio\",\"item\":\"https:\\\/\\\/www.aceguarulhos.com.br\\\/blog\\\/\"},{\"@type\":\"ListItem\",\"position\":2,\"name\":\"Procon\\\/Guarulhos entra com representa\u00e7\u00e3o no MP contra a BRA\"}]},{\"@type\":\"WebSite\",\"@id\":\"https:\\\/\\\/www.aceguarulhos.com.br\\\/blog\\\/#website\",\"url\":\"https:\\\/\\\/www.aceguarulhos.com.br\\\/blog\\\/\",\"name\":\"ACE-Guarulhos\",\"description\":\"A ACE-Guarulhos \u00e9 uma associa\u00e7\u00e3o que ap\u00f3ia os empres\u00e1rios guarulhenses atrav\u00e9s da representa\u00e7\u00e3o, da gera\u00e7\u00e3o de neg\u00f3cios e presta\u00e7\u00e3o de servi\u00e7os.\",\"publisher\":{\"@id\":\"https:\\\/\\\/www.aceguarulhos.com.br\\\/blog\\\/#organization\"},\"potentialAction\":[{\"@type\":\"SearchAction\",\"target\":{\"@type\":\"EntryPoint\",\"urlTemplate\":\"https:\\\/\\\/www.aceguarulhos.com.br\\\/blog\\\/?s={search_term_string}\"},\"query-input\":{\"@type\":\"PropertyValueSpecification\",\"valueRequired\":true,\"valueName\":\"search_term_string\"}}],\"inLanguage\":\"pt-BR\"},{\"@type\":\"Organization\",\"@id\":\"https:\\\/\\\/www.aceguarulhos.com.br\\\/blog\\\/#organization\",\"name\":\"ACE-Guarulhos\",\"url\":\"https:\\\/\\\/www.aceguarulhos.com.br\\\/blog\\\/\",\"logo\":{\"@type\":\"ImageObject\",\"inLanguage\":\"pt-BR\",\"@id\":\"https:\\\/\\\/www.aceguarulhos.com.br\\\/blog\\\/#\\\/schema\\\/logo\\\/image\\\/\",\"url\":\"https:\\\/\\\/www.aceguarulhos.com.br\\\/blog\\\/wp-content\\\/uploads\\\/2017\\\/12\\\/logo-aceguarulhos-2018.png\",\"contentUrl\":\"https:\\\/\\\/www.aceguarulhos.com.br\\\/blog\\\/wp-content\\\/uploads\\\/2017\\\/12\\\/logo-aceguarulhos-2018.png\",\"width\":419,\"height\":76,\"caption\":\"ACE-Guarulhos\"},\"image\":{\"@id\":\"https:\\\/\\\/www.aceguarulhos.com.br\\\/blog\\\/#\\\/schema\\\/logo\\\/image\\\/\"},\"sameAs\":[\"https:\\\/\\\/www.facebook.com\\\/aceguarulhos\\\/\",\"https:\\\/\\\/br.linkedin.com\\\/in\\\/ace-guarulhos-b9a97093\",\"https:\\\/\\\/www.youtube.com\\\/user\\\/aceguarulhos\"]},{\"@type\":\"Person\",\"@id\":\"https:\\\/\\\/www.aceguarulhos.com.br\\\/blog\\\/#\\\/schema\\\/person\\\/6983b51bad37489989e4f09698c26237\",\"name\":\"Assessoria de Imprensa ACE-Guarulhos\",\"image\":{\"@type\":\"ImageObject\",\"inLanguage\":\"pt-BR\",\"@id\":\"https:\\\/\\\/secure.gravatar.com\\\/avatar\\\/707f3fadd6918afeb64173ab22d8a8cb0676953098a4f31ff36dc2b4c699ef6a?s=96&d=mm&r=g\",\"url\":\"https:\\\/\\\/secure.gravatar.com\\\/avatar\\\/707f3fadd6918afeb64173ab22d8a8cb0676953098a4f31ff36dc2b4c699ef6a?s=96&d=mm&r=g\",\"contentUrl\":\"https:\\\/\\\/secure.gravatar.com\\\/avatar\\\/707f3fadd6918afeb64173ab22d8a8cb0676953098a4f31ff36dc2b4c699ef6a?s=96&d=mm&r=g\",\"caption\":\"Assessoria de Imprensa ACE-Guarulhos\"},\"url\":\"https:\\\/\\\/www.aceguarulhos.com.br\\\/blog\\\/author\\\/assessoria-de-imprensa-ace-guarulhos\\\/\"}]}<\/script>\n<!-- \/ Yoast SEO plugin. -->","yoast_head_json":{"title":"Procon\/Guarulhos entra com representa\u00e7\u00e3o no MP contra a BRA  - ACE-Guarulhos","robots":{"index":"index","follow":"follow","max-snippet":"max-snippet:-1","max-image-preview":"max-image-preview:large","max-video-preview":"max-video-preview:-1"},"canonical":"https:\/\/www.aceguarulhos.com.br\/blog\/proconguarulhos-entra-com-representa\u00e7\u00e3o-no-mp-contra-a-bra\/","og_locale":"pt_BR","og_type":"article","og_title":"Procon\/Guarulhos entra com representa\u00e7\u00e3o no MP contra a BRA  - ACE-Guarulhos","og_description":"O Procon\/Guarulhos entregou nesta quinta-feira, dia 8, uma representa\u00e7\u00e3o ao Minist\u00e9rio P\u00fablico Estadual (MPE) contra a empresa a\u00e9rea BRA, que suspendeu suas opera\u00e7\u00f5es","og_url":"https:\/\/www.aceguarulhos.com.br\/blog\/proconguarulhos-entra-com-representa\u00e7\u00e3o-no-mp-contra-a-bra\/","og_site_name":"ACE-Guarulhos","article_publisher":"https:\/\/www.facebook.com\/aceguarulhos\/","article_published_time":"2007-11-09T13:44:16+00:00","author":"Assessoria de Imprensa ACE-Guarulhos","twitter_card":"summary_large_image","twitter_misc":{"Escrito por":"Assessoria de Imprensa ACE-Guarulhos","Est. tempo de leitura":"1 minuto"},"schema":{"@context":"https:\/\/schema.org","@graph":[{"@type":"Article","@id":"https:\/\/www.aceguarulhos.com.br\/blog\/proconguarulhos-entra-com-representa%c3%a7%c3%a3o-no-mp-contra-a-bra\/#article","isPartOf":{"@id":"https:\/\/www.aceguarulhos.com.br\/blog\/proconguarulhos-entra-com-representa%c3%a7%c3%a3o-no-mp-contra-a-bra\/"},"author":{"name":"Assessoria de Imprensa ACE-Guarulhos","@id":"https:\/\/www.aceguarulhos.com.br\/blog\/#\/schema\/person\/6983b51bad37489989e4f09698c26237"},"headline":"Procon\/Guarulhos entra com representa\u00e7\u00e3o no MP contra a BRA","datePublished":"2007-11-09T13:44:16+00:00","mainEntityOfPage":{"@id":"https:\/\/www.aceguarulhos.com.br\/blog\/proconguarulhos-entra-com-representa%c3%a7%c3%a3o-no-mp-contra-a-bra\/"},"wordCount":263,"commentCount":0,"publisher":{"@id":"https:\/\/www.aceguarulhos.com.br\/blog\/#organization"},"articleSection":["Not\u00edcias"],"inLanguage":"pt-BR"},{"@type":"WebPage","@id":"https:\/\/www.aceguarulhos.com.br\/blog\/proconguarulhos-entra-com-representa%c3%a7%c3%a3o-no-mp-contra-a-bra\/","url":"https:\/\/www.aceguarulhos.com.br\/blog\/proconguarulhos-entra-com-representa%c3%a7%c3%a3o-no-mp-contra-a-bra\/","name":"Procon\/Guarulhos entra com representa\u00e7\u00e3o no MP contra a BRA - ACE-Guarulhos","isPartOf":{"@id":"https:\/\/www.aceguarulhos.com.br\/blog\/#website"},"datePublished":"2007-11-09T13:44:16+00:00","breadcrumb":{"@id":"https:\/\/www.aceguarulhos.com.br\/blog\/proconguarulhos-entra-com-representa%c3%a7%c3%a3o-no-mp-contra-a-bra\/#breadcrumb"},"inLanguage":"pt-BR","potentialAction":[{"@type":"ReadAction","target":["https:\/\/www.aceguarulhos.com.br\/blog\/proconguarulhos-entra-com-representa%c3%a7%c3%a3o-no-mp-contra-a-bra\/"]}]},{"@type":"BreadcrumbList","@id":"https:\/\/www.aceguarulhos.com.br\/blog\/proconguarulhos-entra-com-representa%c3%a7%c3%a3o-no-mp-contra-a-bra\/#breadcrumb","itemListElement":[{"@type":"ListItem","position":1,"name":"In\u00edcio","item":"https:\/\/www.aceguarulhos.com.br\/blog\/"},{"@type":"ListItem","position":2,"name":"Procon\/Guarulhos entra com representa\u00e7\u00e3o no MP contra a BRA"}]},{"@type":"WebSite","@id":"https:\/\/www.aceguarulhos.com.br\/blog\/#website","url":"https:\/\/www.aceguarulhos.com.br\/blog\/","name":"ACE-Guarulhos","description":"A ACE-Guarulhos \u00e9 uma associa\u00e7\u00e3o que ap\u00f3ia os empres\u00e1rios guarulhenses atrav\u00e9s da representa\u00e7\u00e3o, da gera\u00e7\u00e3o de neg\u00f3cios e presta\u00e7\u00e3o de servi\u00e7os.","publisher":{"@id":"https:\/\/www.aceguarulhos.com.br\/blog\/#organization"},"potentialAction":[{"@type":"SearchAction","target":{"@type":"EntryPoint","urlTemplate":"https:\/\/www.aceguarulhos.com.br\/blog\/?s={search_term_string}"},"query-input":{"@type":"PropertyValueSpecification","valueRequired":true,"valueName":"search_term_string"}}],"inLanguage":"pt-BR"},{"@type":"Organization","@id":"https:\/\/www.aceguarulhos.com.br\/blog\/#organization","name":"ACE-Guarulhos","url":"https:\/\/www.aceguarulhos.com.br\/blog\/","logo":{"@type":"ImageObject","inLanguage":"pt-BR","@id":"https:\/\/www.aceguarulhos.com.br\/blog\/#\/schema\/logo\/image\/","url":"https:\/\/www.aceguarulhos.com.br\/blog\/wp-content\/uploads\/2017\/12\/logo-aceguarulhos-2018.png","contentUrl":"https:\/\/www.aceguarulhos.com.br\/blog\/wp-content\/uploads\/2017\/12\/logo-aceguarulhos-2018.png","width":419,"height":76,"caption":"ACE-Guarulhos"},"image":{"@id":"https:\/\/www.aceguarulhos.com.br\/blog\/#\/schema\/logo\/image\/"},"sameAs":["https:\/\/www.facebook.com\/aceguarulhos\/","https:\/\/br.linkedin.com\/in\/ace-guarulhos-b9a97093","https:\/\/www.youtube.com\/user\/aceguarulhos"]},{"@type":"Person","@id":"https:\/\/www.aceguarulhos.com.br\/blog\/#\/schema\/person\/6983b51bad37489989e4f09698c26237","name":"Assessoria de Imprensa ACE-Guarulhos","image":{"@type":"ImageObject","inLanguage":"pt-BR","@id":"https:\/\/secure.gravatar.com\/avatar\/707f3fadd6918afeb64173ab22d8a8cb0676953098a4f31ff36dc2b4c699ef6a?s=96&d=mm&r=g","url":"https:\/\/secure.gravatar.com\/avatar\/707f3fadd6918afeb64173ab22d8a8cb0676953098a4f31ff36dc2b4c699ef6a?s=96&d=mm&r=g","contentUrl":"https:\/\/secure.gravatar.com\/avatar\/707f3fadd6918afeb64173ab22d8a8cb0676953098a4f31ff36dc2b4c699ef6a?s=96&d=mm&r=g","caption":"Assessoria de Imprensa ACE-Guarulhos"},"url":"https:\/\/www.aceguarulhos.com.br\/blog\/author\/assessoria-de-imprensa-ace-guarulhos\/"}]}},"wps_subtitle":"","amp_enabled":true,"_links":{"self":[{"href":"https:\/\/www.aceguarulhos.com.br\/blog\/wp-json\/wp\/v2\/posts\/32418","targetHints":{"allow":["GET"]}}],"collection":[{"href":"https:\/\/www.aceguarulhos.com.br\/blog\/wp-json\/wp\/v2\/posts"}],"about":[{"href":"https:\/\/www.aceguarulhos.com.br\/blog\/wp-json\/wp\/v2\/types\/post"}],"author":[{"embeddable":true,"href":"https:\/\/www.aceguarulhos.com.br\/blog\/wp-json\/wp\/v2\/users\/8"}],"replies":[{"embeddable":true,"href":"https:\/\/www.aceguarulhos.com.br\/blog\/wp-json\/wp\/v2\/comments?post=32418"}],"version-history":[{"count":0,"href":"https:\/\/www.aceguarulhos.com.br\/blog\/wp-json\/wp\/v2\/posts\/32418\/revisions"}],"wp:attachment":[{"href":"https:\/\/www.aceguarulhos.com.br\/blog\/wp-json\/wp\/v2\/media?parent=32418"}],"wp:term":[{"taxonomy":"category","embeddable":true,"href":"https:\/\/www.aceguarulhos.com.br\/blog\/wp-json\/wp\/v2\/categories?post=32418"},{"taxonomy":"post_tag","embeddable":true,"href":"https:\/\/www.aceguarulhos.com.br\/blog\/wp-json\/wp\/v2\/tags?post=32418"}],"curies":[{"name":"wp","href":"https:\/\/api.w.org\/{rel}","templated":true}]}}