{"id":32417,"date":"2007-11-09T13:40:04","date_gmt":"2007-11-09T13:40:04","guid":{"rendered":"http:\/\/www.aceguarulhos.com.br\/blog\/?p=32417"},"modified":"-0001-11-30T00:00:00","modified_gmt":"-0001-11-30T03:00:00","slug":"pro-urbe-%c3%a9-apresentado-aos-empres%c3%a1rios","status":"publish","type":"post","link":"https:\/\/www.aceguarulhos.com.br\/blog\/pro-urbe-%c3%a9-apresentado-aos-empres%c3%a1rios\/","title":{"rendered":"Pro-Urbe \u00e9 apresentado aos empres\u00e1rios"},"content":{"rendered":"<p>Em reuni\u00e3o com empres\u00e1rios paulistanos na quinta-feira, 8, na sede do Secovi (Sindicato das Empresas de Compra, Venda, Loca\u00e7\u00e3o e Administra\u00e7\u00e3o de Im\u00f3veis) o governador Jos\u00e9 Serra apresentou o Programa de Incentivo \u00e0 Revitaliza\u00e7\u00e3o de \u00c1reas Urbanas Degradadas (Pro-Urbe). O programa foi criado em setembro pelo governo estadual para incentivar a recupera\u00e7\u00e3o e o desenvolvimento econ\u00f4mico e social das \u00e1reas urbanas degradadas em todo o Estado. <\/p>\n<p>Pelo projeto, empres\u00e1rios podem utilizar cr\u00e9ditos acumulados do ICMS (Imposto sobre Circula\u00e7\u00e3o de Mercadorias e Servi\u00e7os) para realiza\u00e7\u00e3o de investimentos nas \u00e1reas incentivadas. \u201cPara esse programa dar certo precisamos da parceria com o empresariado e, em especial, com o setor da constru\u00e7\u00e3o civil que \u00e9 muito grande e criativo\u201d, afirmou o governador. <\/p>\n<p>Serra disse ainda que as \u00e1reas suscet\u00edveis a desfrutar do programa s\u00e3o poucas. \u201cS\u00e3o regi\u00f5es focalizadas e com esse incentivo tenho certeza que vai dar certo\u201d, acredita o governador paulista. <\/p>\n<p>Para o secret\u00e1rio estadual de Desenvolvimento e vice-governador Alberto Goldman, o programa constitui uma a\u00e7\u00e3o no sentido de fazer com que o Estado continue a ter a lideran\u00e7a no desenvolvimento econ\u00f4mico do pa\u00eds. \u201cEstamos abertos ao aperfei\u00e7oamento desta proposta, mesmo porqu\u00ea pensamos em usar o mesmo modelo em outras situa\u00e7\u00f5es\u201d, afirmou Goldman. <\/p>\n<p>Cr\u00e9ditos &#8211; O secret\u00e1rio da Fazenda, Mauro Ricardo Costa, explicou que as empresas acumulam cr\u00e9ditos de ICMS sempre que a al\u00edquota m\u00e9dia de entrada de mercadorias \u00e9 superior a al\u00edquota m\u00e9dia de sa\u00edda das mesmas. Ricardo lembra que, em geral, isso ocorre nas atividades que s\u00e3o desoneradas do ICMS como as exporta\u00e7\u00f5es. O Pro-Urbe permitir\u00e1 uma nova forma de utiliza\u00e7\u00e3o desses cr\u00e9ditos acumulados. <\/p>\n<p>O prefeito da Capital, Gilberto Kassab, afirmou que o programa \u00e9 uma maneira \u201cinteligente\u201d de fomentar o desenvolvimento da cidade, promovendo, por conseq\u00fc\u00eancia, riquezas e empregos. \u201cA cidade de S\u00e3o Paulo est\u00e1 retomando seu crescimento, com os investimentos nas \u00e1reas degradadas\u201d, comentou Kassab. <\/p>\n<p>Com o Pro-Urbe, as empresas detentoras de cr\u00e9ditos acumulados do ICMS, poder\u00e3o usar os cr\u00e9ditos em investimentos em todo o Estado ou comercializ\u00e1-los com terceiros. Para o Governo paulista, o programa vai permitir a redu\u00e7\u00e3o de seu passivo de cr\u00e9dito acumulado do ICMS dirigindo a utiliza\u00e7\u00e3o dos recursos para o desenvolvimento dos munic\u00edpios do Estado. Por sua vez, as prefeituras ganham com a recupera\u00e7\u00e3o de \u00e1reas subutilizadas e a cria\u00e7\u00e3o de novas oportunidades de emprego.&nbsp;&nbsp;&nbsp; <\/p>\n<p>O investimento m\u00ednimo para participar do programa ser\u00e1 de R$ 500 mil e o cr\u00e9dito acumulado utilizado n\u00e3o pode ultrapassar 75% do valor total do investimento, dos quais, no m\u00ednimo 50% t\u00eam que ser aplicados na aquisi\u00e7\u00e3o de bens e servi\u00e7os destinados \u00e0 constru\u00e7\u00e3o e reforma de im\u00f3veis. <\/p>\n<p>Condi\u00e7\u00f5es &#8211; Segundo os mais recentes c\u00e1lculos da secretaria da Fazenda, cerca de 1600 empresas t\u00eam cr\u00e9dito acumulado e o estoque \u00e9 de R$ 2,3 bilh\u00f5es. O decreto que institui o Pro-Urbe tamb\u00e9m prev\u00ea como condi\u00e7\u00e3o para se beneficiar do programa que a obra deve ter aprova\u00e7\u00e3o da Prefeitura e integre programa de revitaliza\u00e7\u00e3o de \u00e1rea urbana degradada institu\u00edda por Lei municipal. A regi\u00e3o de abrang\u00eancia do programa de revitaliza\u00e7\u00e3o n\u00e3o deve ser superior a 1% da \u00e1rea total do munic\u00edpio e deve estabelecer um programa de incentivo fiscal para a \u00e1rea por, no m\u00ednimo, cinco anos e que preveja incentivos municipais de no m\u00ednimo 50% do ISS, IPTU e ITBI.&nbsp; <\/p>\n<p>O investidor interessado em utilizar o cr\u00e9dito acumulado de ICMS dever\u00e1 encaminhar a solicita\u00e7\u00e3o ao secret\u00e1rio da Fazenda at\u00e9 31 de dezembro de 2008. Este prazo vai possibilitar \u00e0quelas cidades com \u00e1rea urbana degradada, e que ainda n\u00e3o possuam Lei municipal, prazo para adequa\u00e7\u00e3o ao programa. <\/p>\n<p>O requerimento deve conter: c\u00f3pia do projeto aprovado pela Prefeitura; estimativa do montante do investimento total e do investimento a ser realizado na constru\u00e7\u00e3o e reforma dos im\u00f3veis; cronograma de execu\u00e7\u00e3o f\u00edsica e financeira do investimento. Al\u00e9m disso, deve informar o montante de cr\u00e9dito acumulado a ser utilizado; bem como a rela\u00e7\u00e3o de contribuintes de quem pretende adquirir os cr\u00e9ditos; e, a rela\u00e7\u00e3o de contribuintes a quem pretende ceder ou transferir os cr\u00e9ditos. <\/p>\n<p>O evento contou com a presen\u00e7a dos secret\u00e1rios estaduais Francisco Vidal Luna (Economia e Planejamento) e Lair Alberto Soares Kr\u00e4henb\u00fchl (Habita\u00e7\u00e3o), deputados federais, do presidente do Secovi, Jo\u00e3o Crestana, e representaes da diretoria do sindicato.<\/p>\n","protected":false},"excerpt":{"rendered":"Em reuni\u00e3o com empres\u00e1rios paulistanos na quinta-feira, 8, na sede do Secovi (Sindicato das Empresas de Compra, Venda, Loca\u00e7\u00e3o e Administra\u00e7\u00e3o de Im\u00f3veis) \n<a class=\"moretag\" href=\"https:\/\/www.aceguarulhos.com.br\/blog\/pro-urbe-%c3%a9-apresentado-aos-empres%c3%a1rios\/\"> [...]<\/a>","protected":false},"author":8,"featured_media":0,"comment_status":"open","ping_status":"open","sticky":false,"template":"","format":"standard","meta":{"footnotes":""},"categories":[2],"tags":[],"class_list":["post-32417","post","type-post","status-publish","format-standard","hentry","category-noticias"],"yoast_head":"<!-- This site is optimized with the Yoast SEO plugin v28.1 - https:\/\/yoast.com\/product\/yoast-seo-wordpress\/ -->\n<title>Pro-Urbe \u00e9 apresentado aos empres\u00e1rios - ACE-Guarulhos<\/title>\n<meta name=\"robots\" content=\"index, follow, max-snippet:-1, max-image-preview:large, max-video-preview:-1\" \/>\n<link rel=\"canonical\" href=\"https:\/\/www.aceguarulhos.com.br\/blog\/pro-urbe-\u00e9-apresentado-aos-empres\u00e1rios\/\" \/>\n<meta property=\"og:locale\" content=\"pt_BR\" \/>\n<meta property=\"og:type\" content=\"article\" \/>\n<meta property=\"og:title\" content=\"Pro-Urbe \u00e9 apresentado aos empres\u00e1rios - ACE-Guarulhos\" \/>\n<meta property=\"og:description\" content=\"Em reuni\u00e3o com empres\u00e1rios paulistanos na quinta-feira, 8, na sede do Secovi (Sindicato das Empresas de Compra, Venda, Loca\u00e7\u00e3o e Administra\u00e7\u00e3o de Im\u00f3veis)\" \/>\n<meta property=\"og:url\" content=\"https:\/\/www.aceguarulhos.com.br\/blog\/pro-urbe-\u00e9-apresentado-aos-empres\u00e1rios\/\" \/>\n<meta property=\"og:site_name\" content=\"ACE-Guarulhos\" \/>\n<meta property=\"article:publisher\" content=\"https:\/\/www.facebook.com\/aceguarulhos\/\" \/>\n<meta property=\"article:published_time\" content=\"2007-11-09T13:40:04+00:00\" \/>\n<meta name=\"author\" content=\"Assessoria de Imprensa ACE-Guarulhos\" \/>\n<meta name=\"twitter:card\" content=\"summary_large_image\" \/>\n<meta name=\"twitter:label1\" content=\"Escrito por\" \/>\n\t<meta name=\"twitter:data1\" content=\"Assessoria de Imprensa ACE-Guarulhos\" \/>\n\t<meta name=\"twitter:label2\" content=\"Est. tempo de leitura\" \/>\n\t<meta name=\"twitter:data2\" content=\"4 minutos\" \/>\n<script type=\"application\/ld+json\" class=\"yoast-schema-graph\">{\"@context\":\"https:\\\/\\\/schema.org\",\"@graph\":[{\"@type\":\"Article\",\"@id\":\"https:\\\/\\\/www.aceguarulhos.com.br\\\/blog\\\/pro-urbe-%c3%a9-apresentado-aos-empres%c3%a1rios\\\/#article\",\"isPartOf\":{\"@id\":\"https:\\\/\\\/www.aceguarulhos.com.br\\\/blog\\\/pro-urbe-%c3%a9-apresentado-aos-empres%c3%a1rios\\\/\"},\"author\":{\"name\":\"Assessoria de Imprensa ACE-Guarulhos\",\"@id\":\"https:\\\/\\\/www.aceguarulhos.com.br\\\/blog\\\/#\\\/schema\\\/person\\\/6983b51bad37489989e4f09698c26237\"},\"headline\":\"Pro-Urbe \u00e9 apresentado aos empres\u00e1rios\",\"datePublished\":\"2007-11-09T13:40:04+00:00\",\"mainEntityOfPage\":{\"@id\":\"https:\\\/\\\/www.aceguarulhos.com.br\\\/blog\\\/pro-urbe-%c3%a9-apresentado-aos-empres%c3%a1rios\\\/\"},\"wordCount\":784,\"commentCount\":0,\"publisher\":{\"@id\":\"https:\\\/\\\/www.aceguarulhos.com.br\\\/blog\\\/#organization\"},\"articleSection\":[\"Not\u00edcias\"],\"inLanguage\":\"pt-BR\"},{\"@type\":\"WebPage\",\"@id\":\"https:\\\/\\\/www.aceguarulhos.com.br\\\/blog\\\/pro-urbe-%c3%a9-apresentado-aos-empres%c3%a1rios\\\/\",\"url\":\"https:\\\/\\\/www.aceguarulhos.com.br\\\/blog\\\/pro-urbe-%c3%a9-apresentado-aos-empres%c3%a1rios\\\/\",\"name\":\"Pro-Urbe \u00e9 apresentado aos empres\u00e1rios - ACE-Guarulhos\",\"isPartOf\":{\"@id\":\"https:\\\/\\\/www.aceguarulhos.com.br\\\/blog\\\/#website\"},\"datePublished\":\"2007-11-09T13:40:04+00:00\",\"breadcrumb\":{\"@id\":\"https:\\\/\\\/www.aceguarulhos.com.br\\\/blog\\\/pro-urbe-%c3%a9-apresentado-aos-empres%c3%a1rios\\\/#breadcrumb\"},\"inLanguage\":\"pt-BR\",\"potentialAction\":[{\"@type\":\"ReadAction\",\"target\":[\"https:\\\/\\\/www.aceguarulhos.com.br\\\/blog\\\/pro-urbe-%c3%a9-apresentado-aos-empres%c3%a1rios\\\/\"]}]},{\"@type\":\"BreadcrumbList\",\"@id\":\"https:\\\/\\\/www.aceguarulhos.com.br\\\/blog\\\/pro-urbe-%c3%a9-apresentado-aos-empres%c3%a1rios\\\/#breadcrumb\",\"itemListElement\":[{\"@type\":\"ListItem\",\"position\":1,\"name\":\"In\u00edcio\",\"item\":\"https:\\\/\\\/www.aceguarulhos.com.br\\\/blog\\\/\"},{\"@type\":\"ListItem\",\"position\":2,\"name\":\"Pro-Urbe \u00e9 apresentado aos empres\u00e1rios\"}]},{\"@type\":\"WebSite\",\"@id\":\"https:\\\/\\\/www.aceguarulhos.com.br\\\/blog\\\/#website\",\"url\":\"https:\\\/\\\/www.aceguarulhos.com.br\\\/blog\\\/\",\"name\":\"ACE-Guarulhos\",\"description\":\"A ACE-Guarulhos \u00e9 uma associa\u00e7\u00e3o que ap\u00f3ia os empres\u00e1rios guarulhenses atrav\u00e9s da representa\u00e7\u00e3o, da gera\u00e7\u00e3o de neg\u00f3cios e presta\u00e7\u00e3o de servi\u00e7os.\",\"publisher\":{\"@id\":\"https:\\\/\\\/www.aceguarulhos.com.br\\\/blog\\\/#organization\"},\"potentialAction\":[{\"@type\":\"SearchAction\",\"target\":{\"@type\":\"EntryPoint\",\"urlTemplate\":\"https:\\\/\\\/www.aceguarulhos.com.br\\\/blog\\\/?s={search_term_string}\"},\"query-input\":{\"@type\":\"PropertyValueSpecification\",\"valueRequired\":true,\"valueName\":\"search_term_string\"}}],\"inLanguage\":\"pt-BR\"},{\"@type\":\"Organization\",\"@id\":\"https:\\\/\\\/www.aceguarulhos.com.br\\\/blog\\\/#organization\",\"name\":\"ACE-Guarulhos\",\"url\":\"https:\\\/\\\/www.aceguarulhos.com.br\\\/blog\\\/\",\"logo\":{\"@type\":\"ImageObject\",\"inLanguage\":\"pt-BR\",\"@id\":\"https:\\\/\\\/www.aceguarulhos.com.br\\\/blog\\\/#\\\/schema\\\/logo\\\/image\\\/\",\"url\":\"https:\\\/\\\/www.aceguarulhos.com.br\\\/blog\\\/wp-content\\\/uploads\\\/2017\\\/12\\\/logo-aceguarulhos-2018.png\",\"contentUrl\":\"https:\\\/\\\/www.aceguarulhos.com.br\\\/blog\\\/wp-content\\\/uploads\\\/2017\\\/12\\\/logo-aceguarulhos-2018.png\",\"width\":419,\"height\":76,\"caption\":\"ACE-Guarulhos\"},\"image\":{\"@id\":\"https:\\\/\\\/www.aceguarulhos.com.br\\\/blog\\\/#\\\/schema\\\/logo\\\/image\\\/\"},\"sameAs\":[\"https:\\\/\\\/www.facebook.com\\\/aceguarulhos\\\/\",\"https:\\\/\\\/br.linkedin.com\\\/in\\\/ace-guarulhos-b9a97093\",\"https:\\\/\\\/www.youtube.com\\\/user\\\/aceguarulhos\"]},{\"@type\":\"Person\",\"@id\":\"https:\\\/\\\/www.aceguarulhos.com.br\\\/blog\\\/#\\\/schema\\\/person\\\/6983b51bad37489989e4f09698c26237\",\"name\":\"Assessoria de Imprensa ACE-Guarulhos\",\"image\":{\"@type\":\"ImageObject\",\"inLanguage\":\"pt-BR\",\"@id\":\"https:\\\/\\\/secure.gravatar.com\\\/avatar\\\/707f3fadd6918afeb64173ab22d8a8cb0676953098a4f31ff36dc2b4c699ef6a?s=96&d=mm&r=g\",\"url\":\"https:\\\/\\\/secure.gravatar.com\\\/avatar\\\/707f3fadd6918afeb64173ab22d8a8cb0676953098a4f31ff36dc2b4c699ef6a?s=96&d=mm&r=g\",\"contentUrl\":\"https:\\\/\\\/secure.gravatar.com\\\/avatar\\\/707f3fadd6918afeb64173ab22d8a8cb0676953098a4f31ff36dc2b4c699ef6a?s=96&d=mm&r=g\",\"caption\":\"Assessoria de Imprensa ACE-Guarulhos\"},\"url\":\"https:\\\/\\\/www.aceguarulhos.com.br\\\/blog\\\/author\\\/assessoria-de-imprensa-ace-guarulhos\\\/\"}]}<\/script>\n<!-- \/ Yoast SEO plugin. -->","yoast_head_json":{"title":"Pro-Urbe \u00e9 apresentado aos empres\u00e1rios - ACE-Guarulhos","robots":{"index":"index","follow":"follow","max-snippet":"max-snippet:-1","max-image-preview":"max-image-preview:large","max-video-preview":"max-video-preview:-1"},"canonical":"https:\/\/www.aceguarulhos.com.br\/blog\/pro-urbe-\u00e9-apresentado-aos-empres\u00e1rios\/","og_locale":"pt_BR","og_type":"article","og_title":"Pro-Urbe \u00e9 apresentado aos empres\u00e1rios - ACE-Guarulhos","og_description":"Em reuni\u00e3o com empres\u00e1rios paulistanos na quinta-feira, 8, na sede do Secovi (Sindicato das Empresas de Compra, Venda, Loca\u00e7\u00e3o e Administra\u00e7\u00e3o de Im\u00f3veis)","og_url":"https:\/\/www.aceguarulhos.com.br\/blog\/pro-urbe-\u00e9-apresentado-aos-empres\u00e1rios\/","og_site_name":"ACE-Guarulhos","article_publisher":"https:\/\/www.facebook.com\/aceguarulhos\/","article_published_time":"2007-11-09T13:40:04+00:00","author":"Assessoria de Imprensa ACE-Guarulhos","twitter_card":"summary_large_image","twitter_misc":{"Escrito por":"Assessoria de Imprensa ACE-Guarulhos","Est. tempo de leitura":"4 minutos"},"schema":{"@context":"https:\/\/schema.org","@graph":[{"@type":"Article","@id":"https:\/\/www.aceguarulhos.com.br\/blog\/pro-urbe-%c3%a9-apresentado-aos-empres%c3%a1rios\/#article","isPartOf":{"@id":"https:\/\/www.aceguarulhos.com.br\/blog\/pro-urbe-%c3%a9-apresentado-aos-empres%c3%a1rios\/"},"author":{"name":"Assessoria de Imprensa ACE-Guarulhos","@id":"https:\/\/www.aceguarulhos.com.br\/blog\/#\/schema\/person\/6983b51bad37489989e4f09698c26237"},"headline":"Pro-Urbe \u00e9 apresentado aos empres\u00e1rios","datePublished":"2007-11-09T13:40:04+00:00","mainEntityOfPage":{"@id":"https:\/\/www.aceguarulhos.com.br\/blog\/pro-urbe-%c3%a9-apresentado-aos-empres%c3%a1rios\/"},"wordCount":784,"commentCount":0,"publisher":{"@id":"https:\/\/www.aceguarulhos.com.br\/blog\/#organization"},"articleSection":["Not\u00edcias"],"inLanguage":"pt-BR"},{"@type":"WebPage","@id":"https:\/\/www.aceguarulhos.com.br\/blog\/pro-urbe-%c3%a9-apresentado-aos-empres%c3%a1rios\/","url":"https:\/\/www.aceguarulhos.com.br\/blog\/pro-urbe-%c3%a9-apresentado-aos-empres%c3%a1rios\/","name":"Pro-Urbe \u00e9 apresentado aos empres\u00e1rios - ACE-Guarulhos","isPartOf":{"@id":"https:\/\/www.aceguarulhos.com.br\/blog\/#website"},"datePublished":"2007-11-09T13:40:04+00:00","breadcrumb":{"@id":"https:\/\/www.aceguarulhos.com.br\/blog\/pro-urbe-%c3%a9-apresentado-aos-empres%c3%a1rios\/#breadcrumb"},"inLanguage":"pt-BR","potentialAction":[{"@type":"ReadAction","target":["https:\/\/www.aceguarulhos.com.br\/blog\/pro-urbe-%c3%a9-apresentado-aos-empres%c3%a1rios\/"]}]},{"@type":"BreadcrumbList","@id":"https:\/\/www.aceguarulhos.com.br\/blog\/pro-urbe-%c3%a9-apresentado-aos-empres%c3%a1rios\/#breadcrumb","itemListElement":[{"@type":"ListItem","position":1,"name":"In\u00edcio","item":"https:\/\/www.aceguarulhos.com.br\/blog\/"},{"@type":"ListItem","position":2,"name":"Pro-Urbe \u00e9 apresentado aos empres\u00e1rios"}]},{"@type":"WebSite","@id":"https:\/\/www.aceguarulhos.com.br\/blog\/#website","url":"https:\/\/www.aceguarulhos.com.br\/blog\/","name":"ACE-Guarulhos","description":"A ACE-Guarulhos \u00e9 uma associa\u00e7\u00e3o que ap\u00f3ia os empres\u00e1rios guarulhenses atrav\u00e9s da representa\u00e7\u00e3o, da gera\u00e7\u00e3o de neg\u00f3cios e presta\u00e7\u00e3o de servi\u00e7os.","publisher":{"@id":"https:\/\/www.aceguarulhos.com.br\/blog\/#organization"},"potentialAction":[{"@type":"SearchAction","target":{"@type":"EntryPoint","urlTemplate":"https:\/\/www.aceguarulhos.com.br\/blog\/?s={search_term_string}"},"query-input":{"@type":"PropertyValueSpecification","valueRequired":true,"valueName":"search_term_string"}}],"inLanguage":"pt-BR"},{"@type":"Organization","@id":"https:\/\/www.aceguarulhos.com.br\/blog\/#organization","name":"ACE-Guarulhos","url":"https:\/\/www.aceguarulhos.com.br\/blog\/","logo":{"@type":"ImageObject","inLanguage":"pt-BR","@id":"https:\/\/www.aceguarulhos.com.br\/blog\/#\/schema\/logo\/image\/","url":"https:\/\/www.aceguarulhos.com.br\/blog\/wp-content\/uploads\/2017\/12\/logo-aceguarulhos-2018.png","contentUrl":"https:\/\/www.aceguarulhos.com.br\/blog\/wp-content\/uploads\/2017\/12\/logo-aceguarulhos-2018.png","width":419,"height":76,"caption":"ACE-Guarulhos"},"image":{"@id":"https:\/\/www.aceguarulhos.com.br\/blog\/#\/schema\/logo\/image\/"},"sameAs":["https:\/\/www.facebook.com\/aceguarulhos\/","https:\/\/br.linkedin.com\/in\/ace-guarulhos-b9a97093","https:\/\/www.youtube.com\/user\/aceguarulhos"]},{"@type":"Person","@id":"https:\/\/www.aceguarulhos.com.br\/blog\/#\/schema\/person\/6983b51bad37489989e4f09698c26237","name":"Assessoria de Imprensa ACE-Guarulhos","image":{"@type":"ImageObject","inLanguage":"pt-BR","@id":"https:\/\/secure.gravatar.com\/avatar\/707f3fadd6918afeb64173ab22d8a8cb0676953098a4f31ff36dc2b4c699ef6a?s=96&d=mm&r=g","url":"https:\/\/secure.gravatar.com\/avatar\/707f3fadd6918afeb64173ab22d8a8cb0676953098a4f31ff36dc2b4c699ef6a?s=96&d=mm&r=g","contentUrl":"https:\/\/secure.gravatar.com\/avatar\/707f3fadd6918afeb64173ab22d8a8cb0676953098a4f31ff36dc2b4c699ef6a?s=96&d=mm&r=g","caption":"Assessoria de Imprensa ACE-Guarulhos"},"url":"https:\/\/www.aceguarulhos.com.br\/blog\/author\/assessoria-de-imprensa-ace-guarulhos\/"}]}},"wps_subtitle":"","amp_enabled":true,"_links":{"self":[{"href":"https:\/\/www.aceguarulhos.com.br\/blog\/wp-json\/wp\/v2\/posts\/32417","targetHints":{"allow":["GET"]}}],"collection":[{"href":"https:\/\/www.aceguarulhos.com.br\/blog\/wp-json\/wp\/v2\/posts"}],"about":[{"href":"https:\/\/www.aceguarulhos.com.br\/blog\/wp-json\/wp\/v2\/types\/post"}],"author":[{"embeddable":true,"href":"https:\/\/www.aceguarulhos.com.br\/blog\/wp-json\/wp\/v2\/users\/8"}],"replies":[{"embeddable":true,"href":"https:\/\/www.aceguarulhos.com.br\/blog\/wp-json\/wp\/v2\/comments?post=32417"}],"version-history":[{"count":0,"href":"https:\/\/www.aceguarulhos.com.br\/blog\/wp-json\/wp\/v2\/posts\/32417\/revisions"}],"wp:attachment":[{"href":"https:\/\/www.aceguarulhos.com.br\/blog\/wp-json\/wp\/v2\/media?parent=32417"}],"wp:term":[{"taxonomy":"category","embeddable":true,"href":"https:\/\/www.aceguarulhos.com.br\/blog\/wp-json\/wp\/v2\/categories?post=32417"},{"taxonomy":"post_tag","embeddable":true,"href":"https:\/\/www.aceguarulhos.com.br\/blog\/wp-json\/wp\/v2\/tags?post=32417"}],"curies":[{"name":"wp","href":"https:\/\/api.w.org\/{rel}","templated":true}]}}