{"id":32383,"date":"2007-10-31T15:22:50","date_gmt":"2007-10-31T15:22:50","guid":{"rendered":"http:\/\/www.aceguarulhos.com.br\/blog\/?p=32383"},"modified":"-0001-11-30T00:00:00","modified_gmt":"-0001-11-30T03:00:00","slug":"ace-guarulhos-premia-destaques-empresariais-2007","status":"publish","type":"post","link":"https:\/\/www.aceguarulhos.com.br\/blog\/ace-guarulhos-premia-destaques-empresariais-2007\/","title":{"rendered":"ACE-Guarulhos premia destaques empresariais 2007"},"content":{"rendered":"<p>Com a presen\u00e7a de 450 convidados entre autoridades e personalidades do munic\u00edpio, a ACE-Guarulhos (Associa\u00e7\u00e3o Comercial e Empresarial), presidida pelo advogado e empres\u00e1rio Wilson Jos\u00e9 Louren\u00e7o Junior, realizou na noite de ter\u00e7a-feira, 30, no Open Hall Convention Center, a 10\u00aa edi\u00e7\u00e3o do Pr\u00eamio Destaque Empresarial. O evento contou ainda com coquetel, jantar e da banda Bee Gees Alive.<\/p>\n<p><center><\/p>\n<p class=\"midia\" style=\"width: 420px;\"><img loading=\"lazy\" decoding=\"async\" src=\"\/blog\/wp-content\/uploads\/image.php?x=i&amp;i1=100&amp;i2=20071031151456\" title=\"Z\u00e9 Renato-Est\u00fadio Z\" height=\"280\" width=\"420\"><br \/>Trof\u00e9u Destaque Empresarial ACE-Guarulhos<\/p>\n<p><\/center>Os diretores da atual gest\u00e3o da ACE-Guarulhos prestigiaram a grande festa, bem como o superintendente da Facesp (Federa\u00e7\u00e3o das Associa\u00e7\u00f5es Comerciais do Estado de S\u00e3o Paulo) Natanael Miranda dos Anjos, que representou o presidente Alencar Burti.<\/p>\n<p><center><\/p>\n<p class=\"midia\" style=\"width: 390px;\"><img loading=\"lazy\" decoding=\"async\" src=\"\/blog\/wp-content\/uploads\/image.php?x=i&amp;i1=100&amp;i2=20071031153028\" title=\"Z\u00e9 Renato-Est\u00fadio Z\" height=\"280\" width=\"390\"><br \/>Diretores da ACE-Guarulhos<\/p>\n<p><\/center>No in\u00edcio das atividades, o presidente da ACE-Guarulhos, Wilson Louren\u00e7o, destacou em seu discurso o empenho de toda sua diretoria que n\u00e3o mediu esfor\u00e7os para realizar este evento. Segundo ele, os diretores tamb\u00e9m foram fundamentais para a escolha dos premiados. \u201cFico satisfeito com os resultados obtidos, pois tudo foi preparado com muita dedica\u00e7\u00e3o e responsabilidade. \u00c9 compromisso desta gest\u00e3o incentivar os empreendedores de nossa cidade e o Pr\u00eamio Destaque Empresarial tem essa fun\u00e7\u00e3o. Lutamos sempre pelo desenvolvimento de Guarulhos\u201d, disse.<br \/><center><\/p>\n<p class=\"midia\" style=\"width: 420px;\"><img loading=\"lazy\" decoding=\"async\" src=\"\/blog\/wp-content\/uploads\/image.php?x=i&amp;i1=100&amp;i2=20071031151919\" title=\"Z\u00e9 Renato-Est\u00fadio Z\" height=\"280\" width=\"420\"><br \/>Empres\u00e1rios e autoridades municipais prest\u00edgiaram o evento<\/p>\n<p><\/center>J\u00e1 o diretor administrativo da ACE e coordenador do Pr\u00eamio Destaque Empresarial, Ananias Ara\u00fajo Sobrinho, declarou que o evento coroou aqueles que ousaram empreender. \u201cTodos os indicados desta noite s\u00e3o merecedores do pr\u00eamio, pois com certeza trabalham arduamente para saldar seus compromissos com colaboradores, fornecedores e principalmente com o poder p\u00fablico que consome, pelo menos, cinco meses de trabalho atrav\u00e9s dos tributos pagos\u201d, comentou.<\/p>\n<p>A prefeita em exerc\u00edcio Eneide Maria Moreira de Lima (PT) representou o prefeito El\u00f3i Piet\u00e1 que est\u00e1 em viagem internacional. Segundo ela o crescimento de Guarulhos acontece devido \u00e0 participa\u00e7\u00e3o de todos. \u201cVivemos um ciclo econ\u00f4mico importante em nossa cidade, que cresce gra\u00e7as aos investimentos realizados por estes empreendedores. Espero que os demais empres\u00e1rios se espelhem nesses premiados, pois desta forma Guarulhos \u00e9 quem vai ganhar. Parab\u00e9ns a ACE pela iniciativa\u201d, declarou.<br \/><center><\/p>\n<p class=\"midia\" style=\"width: 420px;\"><img loading=\"lazy\" decoding=\"async\" src=\"\/blog\/wp-content\/uploads\/image.php?x=i&amp;i1=100&amp;i2=20071031152057\" title=\"Z\u00e9 Renato-Est\u00fadio Z\" height=\"280\" width=\"420\"><br \/>450 convidados lotaram o Open Hall<\/p>\n<p><\/center>Ap\u00f3s muita expectativa o resultado foi anunciado somente no final do evento. Na categoria com\u00e9rcio a empresa Maficar Auto Pe\u00e7as levou o trof\u00e9u e a Fremplast foi o destaque na categoria ind\u00fastria. J\u00e1 a Cooperativa de Cr\u00e9dito de Guarulhos \u2013 que este ano comemorou 50 anos \u2013 conquistou o trof\u00e9u na categoria servi\u00e7os. No terceiro setor, a ONG Guarulhos Off Roaders foi a grande vitoriosa. Em rela\u00e7\u00e3o a microempresa, este ano quem se destacou e faturou a premia\u00e7\u00e3o foi a Rodriluccio Pizzaria. Finalmente na categoria mulher empreendedora a empres\u00e1ria, Augusta Senday ganhou o pr\u00eamio.<\/p>\n<p>A ACE-Guarulhos aproveitou o evento para divulgar o novo portal GuarulhosTem (www.guarulhostem.com.br) e a 1\u00aa Feira de Natal, que ser\u00e1 realizada em dezembro, no Gin\u00e1sio do Clube do Parque Cecap.<br \/><center><\/p>\n<p class=\"midia\" style=\"width: 420px;\"><img loading=\"lazy\" decoding=\"async\" src=\"\/blog\/wp-content\/uploads\/image.php?x=i&amp;i1=100&amp;i2=20071031152157\" title=\"Z\u00e9 Renato-Est\u00fadio Z\" height=\"280\" width=\"420\"><br \/>Bee Gees Alive animou a premia\u00e7\u00e3o<\/p>\n<p><\/center><b>Cobertura da Imprensa \u2013 <\/b>Mais de uma dezena de ve\u00edculos de comunica\u00e7\u00e3o da cidade registraram a grande festa promovida pela Associa\u00e7\u00e3o Comercial. Destaque para a Revista do Farol, Folha Metropolitana, site Guarulhos Web, Revista Segredo do Sucesso e Rede Teovision \u2013 Canal 14 da Big TV, que foram tamb\u00e9m patrocinadores do evento. Toda cobertura da festa pode ser acompanhada por meio de suas publica\u00e7\u00f5es. A Rede Teovision, por exemplo, preparou um programa especial de 30 minutos que ser\u00e1 transmitido dentro do Guarulhos Agora que vai ao ar nos dias 2, 3 e 4 de novembro \u00e0s 7h30 e 11h30 tanto da noite como da manh\u00e3. Al\u00e9m disso, mais de 100 fotos do Pr\u00eamio Destaque Empresarial 2007 poder\u00e3o ser vistas tamb\u00e9m no portal www.guarulhosagora.com.br. \u00c9 s\u00f3 acessar.<\/p>\n","protected":false},"excerpt":{"rendered":"Com a presen\u00e7a de 450 convidados entre autoridades e personalidades do munic\u00edpio, a ACE-Guarulhos (Associa\u00e7\u00e3o Comercial e Empresarial), presidida pelo advogado e empres\u00e1rio \n<a class=\"moretag\" href=\"https:\/\/www.aceguarulhos.com.br\/blog\/ace-guarulhos-premia-destaques-empresariais-2007\/\"> [...]<\/a>","protected":false},"author":8,"featured_media":0,"comment_status":"open","ping_status":"open","sticky":false,"template":"","format":"standard","meta":{"footnotes":""},"categories":[2],"tags":[],"class_list":["post-32383","post","type-post","status-publish","format-standard","hentry","category-noticias"],"yoast_head":"<!-- This site is optimized with the Yoast SEO plugin v28.1 - https:\/\/yoast.com\/product\/yoast-seo-wordpress\/ -->\n<title>ACE-Guarulhos premia destaques empresariais 2007 - ACE-Guarulhos<\/title>\n<meta name=\"robots\" content=\"index, follow, max-snippet:-1, max-image-preview:large, max-video-preview:-1\" \/>\n<link rel=\"canonical\" href=\"https:\/\/www.aceguarulhos.com.br\/blog\/ace-guarulhos-premia-destaques-empresariais-2007\/\" \/>\n<meta property=\"og:locale\" content=\"pt_BR\" \/>\n<meta property=\"og:type\" content=\"article\" \/>\n<meta property=\"og:title\" content=\"ACE-Guarulhos premia destaques empresariais 2007 - ACE-Guarulhos\" \/>\n<meta property=\"og:description\" content=\"Com a presen\u00e7a de 450 convidados entre autoridades e personalidades do munic\u00edpio, a ACE-Guarulhos (Associa\u00e7\u00e3o Comercial e Empresarial), presidida pelo advogado e empres\u00e1rio\" \/>\n<meta property=\"og:url\" content=\"https:\/\/www.aceguarulhos.com.br\/blog\/ace-guarulhos-premia-destaques-empresariais-2007\/\" \/>\n<meta property=\"og:site_name\" content=\"ACE-Guarulhos\" \/>\n<meta property=\"article:publisher\" content=\"https:\/\/www.facebook.com\/aceguarulhos\/\" \/>\n<meta property=\"article:published_time\" content=\"2007-10-31T15:22:50+00:00\" \/>\n<meta property=\"og:image\" content=\"https:\/\/www.aceguarulhos.com.br\/blog\/wp-content\/uploads\/image.php\" \/>\n<meta name=\"author\" content=\"Assessoria de Imprensa ACE-Guarulhos\" \/>\n<meta name=\"twitter:card\" content=\"summary_large_image\" \/>\n<meta name=\"twitter:label1\" content=\"Escrito por\" \/>\n\t<meta name=\"twitter:data1\" content=\"Assessoria de Imprensa ACE-Guarulhos\" \/>\n\t<meta name=\"twitter:label2\" content=\"Est. tempo de leitura\" \/>\n\t<meta name=\"twitter:data2\" content=\"3 minutos\" \/>\n<script type=\"application\/ld+json\" class=\"yoast-schema-graph\">{\"@context\":\"https:\\\/\\\/schema.org\",\"@graph\":[{\"@type\":\"Article\",\"@id\":\"https:\\\/\\\/www.aceguarulhos.com.br\\\/blog\\\/ace-guarulhos-premia-destaques-empresariais-2007\\\/#article\",\"isPartOf\":{\"@id\":\"https:\\\/\\\/www.aceguarulhos.com.br\\\/blog\\\/ace-guarulhos-premia-destaques-empresariais-2007\\\/\"},\"author\":{\"name\":\"Assessoria de Imprensa ACE-Guarulhos\",\"@id\":\"https:\\\/\\\/www.aceguarulhos.com.br\\\/blog\\\/#\\\/schema\\\/person\\\/6983b51bad37489989e4f09698c26237\"},\"headline\":\"ACE-Guarulhos premia destaques empresariais 2007\",\"datePublished\":\"2007-10-31T15:22:50+00:00\",\"mainEntityOfPage\":{\"@id\":\"https:\\\/\\\/www.aceguarulhos.com.br\\\/blog\\\/ace-guarulhos-premia-destaques-empresariais-2007\\\/\"},\"wordCount\":635,\"commentCount\":0,\"publisher\":{\"@id\":\"https:\\\/\\\/www.aceguarulhos.com.br\\\/blog\\\/#organization\"},\"articleSection\":[\"Not\u00edcias\"],\"inLanguage\":\"pt-BR\"},{\"@type\":\"WebPage\",\"@id\":\"https:\\\/\\\/www.aceguarulhos.com.br\\\/blog\\\/ace-guarulhos-premia-destaques-empresariais-2007\\\/\",\"url\":\"https:\\\/\\\/www.aceguarulhos.com.br\\\/blog\\\/ace-guarulhos-premia-destaques-empresariais-2007\\\/\",\"name\":\"ACE-Guarulhos premia destaques empresariais 2007 - ACE-Guarulhos\",\"isPartOf\":{\"@id\":\"https:\\\/\\\/www.aceguarulhos.com.br\\\/blog\\\/#website\"},\"datePublished\":\"2007-10-31T15:22:50+00:00\",\"breadcrumb\":{\"@id\":\"https:\\\/\\\/www.aceguarulhos.com.br\\\/blog\\\/ace-guarulhos-premia-destaques-empresariais-2007\\\/#breadcrumb\"},\"inLanguage\":\"pt-BR\",\"potentialAction\":[{\"@type\":\"ReadAction\",\"target\":[\"https:\\\/\\\/www.aceguarulhos.com.br\\\/blog\\\/ace-guarulhos-premia-destaques-empresariais-2007\\\/\"]}]},{\"@type\":\"BreadcrumbList\",\"@id\":\"https:\\\/\\\/www.aceguarulhos.com.br\\\/blog\\\/ace-guarulhos-premia-destaques-empresariais-2007\\\/#breadcrumb\",\"itemListElement\":[{\"@type\":\"ListItem\",\"position\":1,\"name\":\"In\u00edcio\",\"item\":\"https:\\\/\\\/www.aceguarulhos.com.br\\\/blog\\\/\"},{\"@type\":\"ListItem\",\"position\":2,\"name\":\"ACE-Guarulhos premia destaques empresariais 2007\"}]},{\"@type\":\"WebSite\",\"@id\":\"https:\\\/\\\/www.aceguarulhos.com.br\\\/blog\\\/#website\",\"url\":\"https:\\\/\\\/www.aceguarulhos.com.br\\\/blog\\\/\",\"name\":\"ACE-Guarulhos\",\"description\":\"A ACE-Guarulhos \u00e9 uma associa\u00e7\u00e3o que ap\u00f3ia os empres\u00e1rios guarulhenses atrav\u00e9s da representa\u00e7\u00e3o, da gera\u00e7\u00e3o de neg\u00f3cios e presta\u00e7\u00e3o de servi\u00e7os.\",\"publisher\":{\"@id\":\"https:\\\/\\\/www.aceguarulhos.com.br\\\/blog\\\/#organization\"},\"potentialAction\":[{\"@type\":\"SearchAction\",\"target\":{\"@type\":\"EntryPoint\",\"urlTemplate\":\"https:\\\/\\\/www.aceguarulhos.com.br\\\/blog\\\/?s={search_term_string}\"},\"query-input\":{\"@type\":\"PropertyValueSpecification\",\"valueRequired\":true,\"valueName\":\"search_term_string\"}}],\"inLanguage\":\"pt-BR\"},{\"@type\":\"Organization\",\"@id\":\"https:\\\/\\\/www.aceguarulhos.com.br\\\/blog\\\/#organization\",\"name\":\"ACE-Guarulhos\",\"url\":\"https:\\\/\\\/www.aceguarulhos.com.br\\\/blog\\\/\",\"logo\":{\"@type\":\"ImageObject\",\"inLanguage\":\"pt-BR\",\"@id\":\"https:\\\/\\\/www.aceguarulhos.com.br\\\/blog\\\/#\\\/schema\\\/logo\\\/image\\\/\",\"url\":\"https:\\\/\\\/www.aceguarulhos.com.br\\\/blog\\\/wp-content\\\/uploads\\\/2017\\\/12\\\/logo-aceguarulhos-2018.png\",\"contentUrl\":\"https:\\\/\\\/www.aceguarulhos.com.br\\\/blog\\\/wp-content\\\/uploads\\\/2017\\\/12\\\/logo-aceguarulhos-2018.png\",\"width\":419,\"height\":76,\"caption\":\"ACE-Guarulhos\"},\"image\":{\"@id\":\"https:\\\/\\\/www.aceguarulhos.com.br\\\/blog\\\/#\\\/schema\\\/logo\\\/image\\\/\"},\"sameAs\":[\"https:\\\/\\\/www.facebook.com\\\/aceguarulhos\\\/\",\"https:\\\/\\\/br.linkedin.com\\\/in\\\/ace-guarulhos-b9a97093\",\"https:\\\/\\\/www.youtube.com\\\/user\\\/aceguarulhos\"]},{\"@type\":\"Person\",\"@id\":\"https:\\\/\\\/www.aceguarulhos.com.br\\\/blog\\\/#\\\/schema\\\/person\\\/6983b51bad37489989e4f09698c26237\",\"name\":\"Assessoria de Imprensa ACE-Guarulhos\",\"image\":{\"@type\":\"ImageObject\",\"inLanguage\":\"pt-BR\",\"@id\":\"https:\\\/\\\/secure.gravatar.com\\\/avatar\\\/707f3fadd6918afeb64173ab22d8a8cb0676953098a4f31ff36dc2b4c699ef6a?s=96&d=mm&r=g\",\"url\":\"https:\\\/\\\/secure.gravatar.com\\\/avatar\\\/707f3fadd6918afeb64173ab22d8a8cb0676953098a4f31ff36dc2b4c699ef6a?s=96&d=mm&r=g\",\"contentUrl\":\"https:\\\/\\\/secure.gravatar.com\\\/avatar\\\/707f3fadd6918afeb64173ab22d8a8cb0676953098a4f31ff36dc2b4c699ef6a?s=96&d=mm&r=g\",\"caption\":\"Assessoria de Imprensa ACE-Guarulhos\"},\"url\":\"https:\\\/\\\/www.aceguarulhos.com.br\\\/blog\\\/author\\\/assessoria-de-imprensa-ace-guarulhos\\\/\"}]}<\/script>\n<!-- \/ Yoast SEO plugin. -->","yoast_head_json":{"title":"ACE-Guarulhos premia destaques empresariais 2007 - ACE-Guarulhos","robots":{"index":"index","follow":"follow","max-snippet":"max-snippet:-1","max-image-preview":"max-image-preview:large","max-video-preview":"max-video-preview:-1"},"canonical":"https:\/\/www.aceguarulhos.com.br\/blog\/ace-guarulhos-premia-destaques-empresariais-2007\/","og_locale":"pt_BR","og_type":"article","og_title":"ACE-Guarulhos premia destaques empresariais 2007 - ACE-Guarulhos","og_description":"Com a presen\u00e7a de 450 convidados entre autoridades e personalidades do munic\u00edpio, a ACE-Guarulhos (Associa\u00e7\u00e3o Comercial e Empresarial), presidida pelo advogado e empres\u00e1rio","og_url":"https:\/\/www.aceguarulhos.com.br\/blog\/ace-guarulhos-premia-destaques-empresariais-2007\/","og_site_name":"ACE-Guarulhos","article_publisher":"https:\/\/www.facebook.com\/aceguarulhos\/","article_published_time":"2007-10-31T15:22:50+00:00","og_image":[{"url":"https:\/\/www.aceguarulhos.com.br\/blog\/wp-content\/uploads\/image.php","type":"","width":"","height":""}],"author":"Assessoria de Imprensa ACE-Guarulhos","twitter_card":"summary_large_image","twitter_misc":{"Escrito por":"Assessoria de Imprensa ACE-Guarulhos","Est. tempo de leitura":"3 minutos"},"schema":{"@context":"https:\/\/schema.org","@graph":[{"@type":"Article","@id":"https:\/\/www.aceguarulhos.com.br\/blog\/ace-guarulhos-premia-destaques-empresariais-2007\/#article","isPartOf":{"@id":"https:\/\/www.aceguarulhos.com.br\/blog\/ace-guarulhos-premia-destaques-empresariais-2007\/"},"author":{"name":"Assessoria de Imprensa ACE-Guarulhos","@id":"https:\/\/www.aceguarulhos.com.br\/blog\/#\/schema\/person\/6983b51bad37489989e4f09698c26237"},"headline":"ACE-Guarulhos premia destaques empresariais 2007","datePublished":"2007-10-31T15:22:50+00:00","mainEntityOfPage":{"@id":"https:\/\/www.aceguarulhos.com.br\/blog\/ace-guarulhos-premia-destaques-empresariais-2007\/"},"wordCount":635,"commentCount":0,"publisher":{"@id":"https:\/\/www.aceguarulhos.com.br\/blog\/#organization"},"articleSection":["Not\u00edcias"],"inLanguage":"pt-BR"},{"@type":"WebPage","@id":"https:\/\/www.aceguarulhos.com.br\/blog\/ace-guarulhos-premia-destaques-empresariais-2007\/","url":"https:\/\/www.aceguarulhos.com.br\/blog\/ace-guarulhos-premia-destaques-empresariais-2007\/","name":"ACE-Guarulhos premia destaques empresariais 2007 - ACE-Guarulhos","isPartOf":{"@id":"https:\/\/www.aceguarulhos.com.br\/blog\/#website"},"datePublished":"2007-10-31T15:22:50+00:00","breadcrumb":{"@id":"https:\/\/www.aceguarulhos.com.br\/blog\/ace-guarulhos-premia-destaques-empresariais-2007\/#breadcrumb"},"inLanguage":"pt-BR","potentialAction":[{"@type":"ReadAction","target":["https:\/\/www.aceguarulhos.com.br\/blog\/ace-guarulhos-premia-destaques-empresariais-2007\/"]}]},{"@type":"BreadcrumbList","@id":"https:\/\/www.aceguarulhos.com.br\/blog\/ace-guarulhos-premia-destaques-empresariais-2007\/#breadcrumb","itemListElement":[{"@type":"ListItem","position":1,"name":"In\u00edcio","item":"https:\/\/www.aceguarulhos.com.br\/blog\/"},{"@type":"ListItem","position":2,"name":"ACE-Guarulhos premia destaques empresariais 2007"}]},{"@type":"WebSite","@id":"https:\/\/www.aceguarulhos.com.br\/blog\/#website","url":"https:\/\/www.aceguarulhos.com.br\/blog\/","name":"ACE-Guarulhos","description":"A ACE-Guarulhos \u00e9 uma associa\u00e7\u00e3o que ap\u00f3ia os empres\u00e1rios guarulhenses atrav\u00e9s da representa\u00e7\u00e3o, da gera\u00e7\u00e3o de neg\u00f3cios e presta\u00e7\u00e3o de servi\u00e7os.","publisher":{"@id":"https:\/\/www.aceguarulhos.com.br\/blog\/#organization"},"potentialAction":[{"@type":"SearchAction","target":{"@type":"EntryPoint","urlTemplate":"https:\/\/www.aceguarulhos.com.br\/blog\/?s={search_term_string}"},"query-input":{"@type":"PropertyValueSpecification","valueRequired":true,"valueName":"search_term_string"}}],"inLanguage":"pt-BR"},{"@type":"Organization","@id":"https:\/\/www.aceguarulhos.com.br\/blog\/#organization","name":"ACE-Guarulhos","url":"https:\/\/www.aceguarulhos.com.br\/blog\/","logo":{"@type":"ImageObject","inLanguage":"pt-BR","@id":"https:\/\/www.aceguarulhos.com.br\/blog\/#\/schema\/logo\/image\/","url":"https:\/\/www.aceguarulhos.com.br\/blog\/wp-content\/uploads\/2017\/12\/logo-aceguarulhos-2018.png","contentUrl":"https:\/\/www.aceguarulhos.com.br\/blog\/wp-content\/uploads\/2017\/12\/logo-aceguarulhos-2018.png","width":419,"height":76,"caption":"ACE-Guarulhos"},"image":{"@id":"https:\/\/www.aceguarulhos.com.br\/blog\/#\/schema\/logo\/image\/"},"sameAs":["https:\/\/www.facebook.com\/aceguarulhos\/","https:\/\/br.linkedin.com\/in\/ace-guarulhos-b9a97093","https:\/\/www.youtube.com\/user\/aceguarulhos"]},{"@type":"Person","@id":"https:\/\/www.aceguarulhos.com.br\/blog\/#\/schema\/person\/6983b51bad37489989e4f09698c26237","name":"Assessoria de Imprensa ACE-Guarulhos","image":{"@type":"ImageObject","inLanguage":"pt-BR","@id":"https:\/\/secure.gravatar.com\/avatar\/707f3fadd6918afeb64173ab22d8a8cb0676953098a4f31ff36dc2b4c699ef6a?s=96&d=mm&r=g","url":"https:\/\/secure.gravatar.com\/avatar\/707f3fadd6918afeb64173ab22d8a8cb0676953098a4f31ff36dc2b4c699ef6a?s=96&d=mm&r=g","contentUrl":"https:\/\/secure.gravatar.com\/avatar\/707f3fadd6918afeb64173ab22d8a8cb0676953098a4f31ff36dc2b4c699ef6a?s=96&d=mm&r=g","caption":"Assessoria de Imprensa ACE-Guarulhos"},"url":"https:\/\/www.aceguarulhos.com.br\/blog\/author\/assessoria-de-imprensa-ace-guarulhos\/"}]}},"wps_subtitle":"","amp_enabled":true,"_links":{"self":[{"href":"https:\/\/www.aceguarulhos.com.br\/blog\/wp-json\/wp\/v2\/posts\/32383","targetHints":{"allow":["GET"]}}],"collection":[{"href":"https:\/\/www.aceguarulhos.com.br\/blog\/wp-json\/wp\/v2\/posts"}],"about":[{"href":"https:\/\/www.aceguarulhos.com.br\/blog\/wp-json\/wp\/v2\/types\/post"}],"author":[{"embeddable":true,"href":"https:\/\/www.aceguarulhos.com.br\/blog\/wp-json\/wp\/v2\/users\/8"}],"replies":[{"embeddable":true,"href":"https:\/\/www.aceguarulhos.com.br\/blog\/wp-json\/wp\/v2\/comments?post=32383"}],"version-history":[{"count":0,"href":"https:\/\/www.aceguarulhos.com.br\/blog\/wp-json\/wp\/v2\/posts\/32383\/revisions"}],"wp:attachment":[{"href":"https:\/\/www.aceguarulhos.com.br\/blog\/wp-json\/wp\/v2\/media?parent=32383"}],"wp:term":[{"taxonomy":"category","embeddable":true,"href":"https:\/\/www.aceguarulhos.com.br\/blog\/wp-json\/wp\/v2\/categories?post=32383"},{"taxonomy":"post_tag","embeddable":true,"href":"https:\/\/www.aceguarulhos.com.br\/blog\/wp-json\/wp\/v2\/tags?post=32383"}],"curies":[{"name":"wp","href":"https:\/\/api.w.org\/{rel}","templated":true}]}}