{"id":32360,"date":"2007-10-26T09:21:15","date_gmt":"2007-10-26T09:21:15","guid":{"rendered":"http:\/\/www.aceguarulhos.com.br\/blog\/?p=32360"},"modified":"-0001-11-30T00:00:00","modified_gmt":"-0001-11-30T03:00:00","slug":"sp-e-uni%c3%a3o-assinam-conv%c3%aanios-na-%c3%a1rea-de-seguran%c3%a7a","status":"publish","type":"post","link":"https:\/\/www.aceguarulhos.com.br\/blog\/sp-e-uni%c3%a3o-assinam-conv%c3%aanios-na-%c3%a1rea-de-seguran%c3%a7a\/","title":{"rendered":"SP e Uni\u00e3o assinam conv\u00eanios na \u00e1rea de seguran\u00e7a"},"content":{"rendered":"<p>O governador de S\u00e3o Paulo, Jos\u00e9 Serra, e o ministro da Justi\u00e7a, Tarso Genro, assinaram na tarde desta quinta-feira, 25, no Pal\u00e1cio dos Bandeirantes, conv\u00eanios que consolidam projetos j\u00e1 desenvolvidos em S\u00e3o Paulo na \u00e1rea de Seguran\u00e7a P\u00fablica, como o fortalecimento na integra\u00e7\u00e3o entre as for\u00e7as de seguran\u00e7a do Estado com a Pol\u00edcia Federal, libera\u00e7\u00e3o de recursos para constru\u00e7\u00e3o de estabelecimentos para jovens em conflito com a lei e maior sintonia das pol\u00edcias no combate ao tr\u00e1fico de pessoas. A cerim\u00f4nia formalizou a chegada a S\u00e3o Paulo do Programa Nacional de Seguran\u00e7a P\u00fablica com Cidadania (Pronasci), criado pelo Minist\u00e9rio da Justi\u00e7a no primeiro semestre deste ano.<br \/><center><\/p>\n<p class=\"midia\" style=\"width: 420px;\"><img loading=\"lazy\" decoding=\"async\" src=\"\/blog\/wp-content\/uploads\/image.php?x=i&amp;i1=100&amp;i2=20071026092022\" title=\"Governo do Estado\" height=\"289\" width=\"420\"><\/p>\n<p><\/center>\u201cEm linhas gerais a orienta\u00e7\u00e3o que n\u00f3s temos dado aqui em S\u00e3o Paulo para a seguran\u00e7a \u00e9 a mesma que o Minist\u00e9rio da Justi\u00e7a tem conduzido no Pa\u00eds. Estamos abertos sempre a coopera\u00e7\u00e3o nas quest\u00f5es que s\u00e3o de interesse p\u00fablico\u201d, observou o governador Jos\u00e9 Serra. \u201cN\u00e3o temos como tratar da seguran\u00e7a no Brasil sem a participa\u00e7\u00e3o de um Estado com a envergadura de S\u00e3o Paulo. O Pronasci seria capenga sem a ades\u00e3o deste Estado\u201d, afirmou o ministro.<\/p>\n<p>Ap\u00f3s assinar o documento, o governador Serra enumerou as principais a\u00e7\u00f5es do governo paulista no combate a criminalidade, citando projetos bem sucedidos como o Virada Social &#8211; que pode ser levado para outros Estados, como experi\u00eancia de integra\u00e7\u00e3o entre pol\u00edcia e comunidade. O programa Virada Social alia seguran\u00e7a com promo\u00e7\u00e3o de bem-estar social, utilizando a cidadania, o esporte, o lazer e a cultura, numa for\u00e7a tarefa integrada por 26 secretarias. \u201cO Jardim Elisa Maria conseguiu reduzir os \u00edndices de viol\u00eancia numa a\u00e7\u00e3o concentrada de v\u00e1rias frentes\u201d, destacou Serra.<\/p>\n","protected":false},"excerpt":{"rendered":"O governador de S\u00e3o Paulo, Jos\u00e9 Serra, e o ministro da Justi\u00e7a, Tarso Genro, assinaram na tarde desta quinta-feira, 25, no Pal\u00e1cio dos \n<a class=\"moretag\" href=\"https:\/\/www.aceguarulhos.com.br\/blog\/sp-e-uni%c3%a3o-assinam-conv%c3%aanios-na-%c3%a1rea-de-seguran%c3%a7a\/\"> [...]<\/a>","protected":false},"author":8,"featured_media":0,"comment_status":"open","ping_status":"open","sticky":false,"template":"","format":"standard","meta":{"footnotes":""},"categories":[2],"tags":[],"class_list":["post-32360","post","type-post","status-publish","format-standard","hentry","category-noticias"],"yoast_head":"<!-- This site is optimized with the Yoast SEO plugin v28.1 - https:\/\/yoast.com\/product\/yoast-seo-wordpress\/ -->\n<title>SP e Uni\u00e3o assinam conv\u00eanios na \u00e1rea de seguran\u00e7a - ACE-Guarulhos<\/title>\n<meta name=\"robots\" content=\"index, follow, max-snippet:-1, max-image-preview:large, max-video-preview:-1\" \/>\n<link rel=\"canonical\" href=\"https:\/\/www.aceguarulhos.com.br\/blog\/sp-e-uni\u00e3o-assinam-conv\u00eanios-na-\u00e1rea-de-seguran\u00e7a\/\" \/>\n<meta property=\"og:locale\" content=\"pt_BR\" \/>\n<meta property=\"og:type\" content=\"article\" \/>\n<meta property=\"og:title\" content=\"SP e Uni\u00e3o assinam conv\u00eanios na \u00e1rea de seguran\u00e7a - ACE-Guarulhos\" \/>\n<meta property=\"og:description\" content=\"O governador de S\u00e3o Paulo, Jos\u00e9 Serra, e o ministro da Justi\u00e7a, Tarso Genro, assinaram na tarde desta quinta-feira, 25, no Pal\u00e1cio dos\" \/>\n<meta property=\"og:url\" content=\"https:\/\/www.aceguarulhos.com.br\/blog\/sp-e-uni\u00e3o-assinam-conv\u00eanios-na-\u00e1rea-de-seguran\u00e7a\/\" \/>\n<meta property=\"og:site_name\" content=\"ACE-Guarulhos\" \/>\n<meta property=\"article:publisher\" content=\"https:\/\/www.facebook.com\/aceguarulhos\/\" \/>\n<meta property=\"article:published_time\" content=\"2007-10-26T09:21:15+00:00\" \/>\n<meta property=\"og:image\" content=\"https:\/\/www.aceguarulhos.com.br\/blog\/wp-content\/uploads\/image.php\" \/>\n<meta name=\"author\" content=\"Assessoria de Imprensa ACE-Guarulhos\" \/>\n<meta name=\"twitter:card\" content=\"summary_large_image\" \/>\n<meta name=\"twitter:label1\" content=\"Escrito por\" \/>\n\t<meta name=\"twitter:data1\" content=\"Assessoria de Imprensa ACE-Guarulhos\" \/>\n\t<meta name=\"twitter:label2\" content=\"Est. tempo de leitura\" \/>\n\t<meta name=\"twitter:data2\" content=\"2 minutos\" \/>\n<script type=\"application\/ld+json\" class=\"yoast-schema-graph\">{\"@context\":\"https:\\\/\\\/schema.org\",\"@graph\":[{\"@type\":\"Article\",\"@id\":\"https:\\\/\\\/www.aceguarulhos.com.br\\\/blog\\\/sp-e-uni%c3%a3o-assinam-conv%c3%aanios-na-%c3%a1rea-de-seguran%c3%a7a\\\/#article\",\"isPartOf\":{\"@id\":\"https:\\\/\\\/www.aceguarulhos.com.br\\\/blog\\\/sp-e-uni%c3%a3o-assinam-conv%c3%aanios-na-%c3%a1rea-de-seguran%c3%a7a\\\/\"},\"author\":{\"name\":\"Assessoria de Imprensa ACE-Guarulhos\",\"@id\":\"https:\\\/\\\/www.aceguarulhos.com.br\\\/blog\\\/#\\\/schema\\\/person\\\/6983b51bad37489989e4f09698c26237\"},\"headline\":\"SP e Uni\u00e3o assinam conv\u00eanios na \u00e1rea de seguran\u00e7a\",\"datePublished\":\"2007-10-26T09:21:15+00:00\",\"mainEntityOfPage\":{\"@id\":\"https:\\\/\\\/www.aceguarulhos.com.br\\\/blog\\\/sp-e-uni%c3%a3o-assinam-conv%c3%aanios-na-%c3%a1rea-de-seguran%c3%a7a\\\/\"},\"wordCount\":328,\"commentCount\":0,\"publisher\":{\"@id\":\"https:\\\/\\\/www.aceguarulhos.com.br\\\/blog\\\/#organization\"},\"articleSection\":[\"Not\u00edcias\"],\"inLanguage\":\"pt-BR\"},{\"@type\":\"WebPage\",\"@id\":\"https:\\\/\\\/www.aceguarulhos.com.br\\\/blog\\\/sp-e-uni%c3%a3o-assinam-conv%c3%aanios-na-%c3%a1rea-de-seguran%c3%a7a\\\/\",\"url\":\"https:\\\/\\\/www.aceguarulhos.com.br\\\/blog\\\/sp-e-uni%c3%a3o-assinam-conv%c3%aanios-na-%c3%a1rea-de-seguran%c3%a7a\\\/\",\"name\":\"SP e Uni\u00e3o assinam conv\u00eanios na \u00e1rea de seguran\u00e7a - ACE-Guarulhos\",\"isPartOf\":{\"@id\":\"https:\\\/\\\/www.aceguarulhos.com.br\\\/blog\\\/#website\"},\"datePublished\":\"2007-10-26T09:21:15+00:00\",\"breadcrumb\":{\"@id\":\"https:\\\/\\\/www.aceguarulhos.com.br\\\/blog\\\/sp-e-uni%c3%a3o-assinam-conv%c3%aanios-na-%c3%a1rea-de-seguran%c3%a7a\\\/#breadcrumb\"},\"inLanguage\":\"pt-BR\",\"potentialAction\":[{\"@type\":\"ReadAction\",\"target\":[\"https:\\\/\\\/www.aceguarulhos.com.br\\\/blog\\\/sp-e-uni%c3%a3o-assinam-conv%c3%aanios-na-%c3%a1rea-de-seguran%c3%a7a\\\/\"]}]},{\"@type\":\"BreadcrumbList\",\"@id\":\"https:\\\/\\\/www.aceguarulhos.com.br\\\/blog\\\/sp-e-uni%c3%a3o-assinam-conv%c3%aanios-na-%c3%a1rea-de-seguran%c3%a7a\\\/#breadcrumb\",\"itemListElement\":[{\"@type\":\"ListItem\",\"position\":1,\"name\":\"In\u00edcio\",\"item\":\"https:\\\/\\\/www.aceguarulhos.com.br\\\/blog\\\/\"},{\"@type\":\"ListItem\",\"position\":2,\"name\":\"SP e Uni\u00e3o assinam conv\u00eanios na \u00e1rea de seguran\u00e7a\"}]},{\"@type\":\"WebSite\",\"@id\":\"https:\\\/\\\/www.aceguarulhos.com.br\\\/blog\\\/#website\",\"url\":\"https:\\\/\\\/www.aceguarulhos.com.br\\\/blog\\\/\",\"name\":\"ACE-Guarulhos\",\"description\":\"A ACE-Guarulhos \u00e9 uma associa\u00e7\u00e3o que ap\u00f3ia os empres\u00e1rios guarulhenses atrav\u00e9s da representa\u00e7\u00e3o, da gera\u00e7\u00e3o de neg\u00f3cios e presta\u00e7\u00e3o de servi\u00e7os.\",\"publisher\":{\"@id\":\"https:\\\/\\\/www.aceguarulhos.com.br\\\/blog\\\/#organization\"},\"potentialAction\":[{\"@type\":\"SearchAction\",\"target\":{\"@type\":\"EntryPoint\",\"urlTemplate\":\"https:\\\/\\\/www.aceguarulhos.com.br\\\/blog\\\/?s={search_term_string}\"},\"query-input\":{\"@type\":\"PropertyValueSpecification\",\"valueRequired\":true,\"valueName\":\"search_term_string\"}}],\"inLanguage\":\"pt-BR\"},{\"@type\":\"Organization\",\"@id\":\"https:\\\/\\\/www.aceguarulhos.com.br\\\/blog\\\/#organization\",\"name\":\"ACE-Guarulhos\",\"url\":\"https:\\\/\\\/www.aceguarulhos.com.br\\\/blog\\\/\",\"logo\":{\"@type\":\"ImageObject\",\"inLanguage\":\"pt-BR\",\"@id\":\"https:\\\/\\\/www.aceguarulhos.com.br\\\/blog\\\/#\\\/schema\\\/logo\\\/image\\\/\",\"url\":\"https:\\\/\\\/www.aceguarulhos.com.br\\\/blog\\\/wp-content\\\/uploads\\\/2017\\\/12\\\/logo-aceguarulhos-2018.png\",\"contentUrl\":\"https:\\\/\\\/www.aceguarulhos.com.br\\\/blog\\\/wp-content\\\/uploads\\\/2017\\\/12\\\/logo-aceguarulhos-2018.png\",\"width\":419,\"height\":76,\"caption\":\"ACE-Guarulhos\"},\"image\":{\"@id\":\"https:\\\/\\\/www.aceguarulhos.com.br\\\/blog\\\/#\\\/schema\\\/logo\\\/image\\\/\"},\"sameAs\":[\"https:\\\/\\\/www.facebook.com\\\/aceguarulhos\\\/\",\"https:\\\/\\\/br.linkedin.com\\\/in\\\/ace-guarulhos-b9a97093\",\"https:\\\/\\\/www.youtube.com\\\/user\\\/aceguarulhos\"]},{\"@type\":\"Person\",\"@id\":\"https:\\\/\\\/www.aceguarulhos.com.br\\\/blog\\\/#\\\/schema\\\/person\\\/6983b51bad37489989e4f09698c26237\",\"name\":\"Assessoria de Imprensa ACE-Guarulhos\",\"image\":{\"@type\":\"ImageObject\",\"inLanguage\":\"pt-BR\",\"@id\":\"https:\\\/\\\/secure.gravatar.com\\\/avatar\\\/707f3fadd6918afeb64173ab22d8a8cb0676953098a4f31ff36dc2b4c699ef6a?s=96&d=mm&r=g\",\"url\":\"https:\\\/\\\/secure.gravatar.com\\\/avatar\\\/707f3fadd6918afeb64173ab22d8a8cb0676953098a4f31ff36dc2b4c699ef6a?s=96&d=mm&r=g\",\"contentUrl\":\"https:\\\/\\\/secure.gravatar.com\\\/avatar\\\/707f3fadd6918afeb64173ab22d8a8cb0676953098a4f31ff36dc2b4c699ef6a?s=96&d=mm&r=g\",\"caption\":\"Assessoria de Imprensa ACE-Guarulhos\"},\"url\":\"https:\\\/\\\/www.aceguarulhos.com.br\\\/blog\\\/author\\\/assessoria-de-imprensa-ace-guarulhos\\\/\"}]}<\/script>\n<!-- \/ Yoast SEO plugin. -->","yoast_head_json":{"title":"SP e Uni\u00e3o assinam conv\u00eanios na \u00e1rea de seguran\u00e7a - ACE-Guarulhos","robots":{"index":"index","follow":"follow","max-snippet":"max-snippet:-1","max-image-preview":"max-image-preview:large","max-video-preview":"max-video-preview:-1"},"canonical":"https:\/\/www.aceguarulhos.com.br\/blog\/sp-e-uni\u00e3o-assinam-conv\u00eanios-na-\u00e1rea-de-seguran\u00e7a\/","og_locale":"pt_BR","og_type":"article","og_title":"SP e Uni\u00e3o assinam conv\u00eanios na \u00e1rea de seguran\u00e7a - ACE-Guarulhos","og_description":"O governador de S\u00e3o Paulo, Jos\u00e9 Serra, e o ministro da Justi\u00e7a, Tarso Genro, assinaram na tarde desta quinta-feira, 25, no Pal\u00e1cio dos","og_url":"https:\/\/www.aceguarulhos.com.br\/blog\/sp-e-uni\u00e3o-assinam-conv\u00eanios-na-\u00e1rea-de-seguran\u00e7a\/","og_site_name":"ACE-Guarulhos","article_publisher":"https:\/\/www.facebook.com\/aceguarulhos\/","article_published_time":"2007-10-26T09:21:15+00:00","og_image":[{"url":"https:\/\/www.aceguarulhos.com.br\/blog\/wp-content\/uploads\/image.php","type":"","width":"","height":""}],"author":"Assessoria de Imprensa ACE-Guarulhos","twitter_card":"summary_large_image","twitter_misc":{"Escrito por":"Assessoria de Imprensa ACE-Guarulhos","Est. tempo de leitura":"2 minutos"},"schema":{"@context":"https:\/\/schema.org","@graph":[{"@type":"Article","@id":"https:\/\/www.aceguarulhos.com.br\/blog\/sp-e-uni%c3%a3o-assinam-conv%c3%aanios-na-%c3%a1rea-de-seguran%c3%a7a\/#article","isPartOf":{"@id":"https:\/\/www.aceguarulhos.com.br\/blog\/sp-e-uni%c3%a3o-assinam-conv%c3%aanios-na-%c3%a1rea-de-seguran%c3%a7a\/"},"author":{"name":"Assessoria de Imprensa ACE-Guarulhos","@id":"https:\/\/www.aceguarulhos.com.br\/blog\/#\/schema\/person\/6983b51bad37489989e4f09698c26237"},"headline":"SP e Uni\u00e3o assinam conv\u00eanios na \u00e1rea de seguran\u00e7a","datePublished":"2007-10-26T09:21:15+00:00","mainEntityOfPage":{"@id":"https:\/\/www.aceguarulhos.com.br\/blog\/sp-e-uni%c3%a3o-assinam-conv%c3%aanios-na-%c3%a1rea-de-seguran%c3%a7a\/"},"wordCount":328,"commentCount":0,"publisher":{"@id":"https:\/\/www.aceguarulhos.com.br\/blog\/#organization"},"articleSection":["Not\u00edcias"],"inLanguage":"pt-BR"},{"@type":"WebPage","@id":"https:\/\/www.aceguarulhos.com.br\/blog\/sp-e-uni%c3%a3o-assinam-conv%c3%aanios-na-%c3%a1rea-de-seguran%c3%a7a\/","url":"https:\/\/www.aceguarulhos.com.br\/blog\/sp-e-uni%c3%a3o-assinam-conv%c3%aanios-na-%c3%a1rea-de-seguran%c3%a7a\/","name":"SP e Uni\u00e3o assinam conv\u00eanios na \u00e1rea de seguran\u00e7a - ACE-Guarulhos","isPartOf":{"@id":"https:\/\/www.aceguarulhos.com.br\/blog\/#website"},"datePublished":"2007-10-26T09:21:15+00:00","breadcrumb":{"@id":"https:\/\/www.aceguarulhos.com.br\/blog\/sp-e-uni%c3%a3o-assinam-conv%c3%aanios-na-%c3%a1rea-de-seguran%c3%a7a\/#breadcrumb"},"inLanguage":"pt-BR","potentialAction":[{"@type":"ReadAction","target":["https:\/\/www.aceguarulhos.com.br\/blog\/sp-e-uni%c3%a3o-assinam-conv%c3%aanios-na-%c3%a1rea-de-seguran%c3%a7a\/"]}]},{"@type":"BreadcrumbList","@id":"https:\/\/www.aceguarulhos.com.br\/blog\/sp-e-uni%c3%a3o-assinam-conv%c3%aanios-na-%c3%a1rea-de-seguran%c3%a7a\/#breadcrumb","itemListElement":[{"@type":"ListItem","position":1,"name":"In\u00edcio","item":"https:\/\/www.aceguarulhos.com.br\/blog\/"},{"@type":"ListItem","position":2,"name":"SP e Uni\u00e3o assinam conv\u00eanios na \u00e1rea de seguran\u00e7a"}]},{"@type":"WebSite","@id":"https:\/\/www.aceguarulhos.com.br\/blog\/#website","url":"https:\/\/www.aceguarulhos.com.br\/blog\/","name":"ACE-Guarulhos","description":"A ACE-Guarulhos \u00e9 uma associa\u00e7\u00e3o que ap\u00f3ia os empres\u00e1rios guarulhenses atrav\u00e9s da representa\u00e7\u00e3o, da gera\u00e7\u00e3o de neg\u00f3cios e presta\u00e7\u00e3o de servi\u00e7os.","publisher":{"@id":"https:\/\/www.aceguarulhos.com.br\/blog\/#organization"},"potentialAction":[{"@type":"SearchAction","target":{"@type":"EntryPoint","urlTemplate":"https:\/\/www.aceguarulhos.com.br\/blog\/?s={search_term_string}"},"query-input":{"@type":"PropertyValueSpecification","valueRequired":true,"valueName":"search_term_string"}}],"inLanguage":"pt-BR"},{"@type":"Organization","@id":"https:\/\/www.aceguarulhos.com.br\/blog\/#organization","name":"ACE-Guarulhos","url":"https:\/\/www.aceguarulhos.com.br\/blog\/","logo":{"@type":"ImageObject","inLanguage":"pt-BR","@id":"https:\/\/www.aceguarulhos.com.br\/blog\/#\/schema\/logo\/image\/","url":"https:\/\/www.aceguarulhos.com.br\/blog\/wp-content\/uploads\/2017\/12\/logo-aceguarulhos-2018.png","contentUrl":"https:\/\/www.aceguarulhos.com.br\/blog\/wp-content\/uploads\/2017\/12\/logo-aceguarulhos-2018.png","width":419,"height":76,"caption":"ACE-Guarulhos"},"image":{"@id":"https:\/\/www.aceguarulhos.com.br\/blog\/#\/schema\/logo\/image\/"},"sameAs":["https:\/\/www.facebook.com\/aceguarulhos\/","https:\/\/br.linkedin.com\/in\/ace-guarulhos-b9a97093","https:\/\/www.youtube.com\/user\/aceguarulhos"]},{"@type":"Person","@id":"https:\/\/www.aceguarulhos.com.br\/blog\/#\/schema\/person\/6983b51bad37489989e4f09698c26237","name":"Assessoria de Imprensa ACE-Guarulhos","image":{"@type":"ImageObject","inLanguage":"pt-BR","@id":"https:\/\/secure.gravatar.com\/avatar\/707f3fadd6918afeb64173ab22d8a8cb0676953098a4f31ff36dc2b4c699ef6a?s=96&d=mm&r=g","url":"https:\/\/secure.gravatar.com\/avatar\/707f3fadd6918afeb64173ab22d8a8cb0676953098a4f31ff36dc2b4c699ef6a?s=96&d=mm&r=g","contentUrl":"https:\/\/secure.gravatar.com\/avatar\/707f3fadd6918afeb64173ab22d8a8cb0676953098a4f31ff36dc2b4c699ef6a?s=96&d=mm&r=g","caption":"Assessoria de Imprensa ACE-Guarulhos"},"url":"https:\/\/www.aceguarulhos.com.br\/blog\/author\/assessoria-de-imprensa-ace-guarulhos\/"}]}},"wps_subtitle":"","amp_enabled":true,"_links":{"self":[{"href":"https:\/\/www.aceguarulhos.com.br\/blog\/wp-json\/wp\/v2\/posts\/32360","targetHints":{"allow":["GET"]}}],"collection":[{"href":"https:\/\/www.aceguarulhos.com.br\/blog\/wp-json\/wp\/v2\/posts"}],"about":[{"href":"https:\/\/www.aceguarulhos.com.br\/blog\/wp-json\/wp\/v2\/types\/post"}],"author":[{"embeddable":true,"href":"https:\/\/www.aceguarulhos.com.br\/blog\/wp-json\/wp\/v2\/users\/8"}],"replies":[{"embeddable":true,"href":"https:\/\/www.aceguarulhos.com.br\/blog\/wp-json\/wp\/v2\/comments?post=32360"}],"version-history":[{"count":0,"href":"https:\/\/www.aceguarulhos.com.br\/blog\/wp-json\/wp\/v2\/posts\/32360\/revisions"}],"wp:attachment":[{"href":"https:\/\/www.aceguarulhos.com.br\/blog\/wp-json\/wp\/v2\/media?parent=32360"}],"wp:term":[{"taxonomy":"category","embeddable":true,"href":"https:\/\/www.aceguarulhos.com.br\/blog\/wp-json\/wp\/v2\/categories?post=32360"},{"taxonomy":"post_tag","embeddable":true,"href":"https:\/\/www.aceguarulhos.com.br\/blog\/wp-json\/wp\/v2\/tags?post=32360"}],"curies":[{"name":"wp","href":"https:\/\/api.w.org\/{rel}","templated":true}]}}