{"id":32342,"date":"2007-10-23T16:03:35","date_gmt":"2007-10-23T16:03:35","guid":{"rendered":"http:\/\/www.aceguarulhos.com.br\/blog\/?p=32342"},"modified":"-0001-11-30T00:00:00","modified_gmt":"-0001-11-30T03:00:00","slug":"desemprego-%c3%a9-a-principal-causa-da-inadimpl%c3%aancia-no-scpc","status":"publish","type":"post","link":"https:\/\/www.aceguarulhos.com.br\/blog\/desemprego-%c3%a9-a-principal-causa-da-inadimpl%c3%aancia-no-scpc\/","title":{"rendered":"Desemprego \u00e9 a principal causa da inadimpl\u00eancia no SCPC"},"content":{"rendered":"<p>Pesquisa realizada pela Associa\u00e7\u00e3o Comercial de S\u00e3o Paulo, em setembro deste ano, revela que 59% dos consumidores que procuram o Servi\u00e7o Central de Prote\u00e7\u00e3o ao Cr\u00e9dito (SCPC) est\u00e3o no cadastro de inadimplentes por causa do desemprego pessoal ou de algu\u00e9m da fam\u00edlia. <\/p>\n<p>H\u00e1 exatos 10 anos, esta mesma pesquisa apontava o desemprego como a principal causa da inadimpl\u00eancia, embora com um percentual menor: 39% das respostas. Em setembro de 2002 essa tamb\u00e9m foi a resposta de 50% dos entrevistados. <\/p>\n<p>O descontrole dos gastos caiu de 22% para 9% entre os motivos da inadimpl\u00eancia. A queda na renda caiu de 16% para 6%; e outros motivos ca\u00edram de 20% para 9%. <\/p>\n<p>Em 1997, as mulheres respondiam por 28% das d\u00edvidas, contra 72% de homens. Em 2002 elas subiram para 43% e eles ca\u00edram para 57%; e na pesquisa deste ano, elas continuam praticamente est\u00e1veis, sendo respons\u00e1veis por 42% dos d\u00e9bitos, contra 58% dos homens. <\/p>\n<p>Para o presidente da ACSP, Alencar Burti, o aumento da inadimpl\u00eancia entre as mulheres ocorre por causa da maior participa\u00e7\u00e3o no mercado de trabalho. Apesar deste crescimento, muitos lojistas garantem que, no geral, as mulheres s\u00e3o mais respons\u00e1veis para honrar compromissos financeiros, comenta. <\/p>\n<p>Com rela\u00e7\u00e3o \u00e0 idade dos inadimplentes: em setembro de 1997, 42% dos devedores tinham entre 21 e 30 anos; este ano eles ca\u00edram para 24%. J\u00e1 quem possu\u00eda de 41 a 50 anos respondia, h\u00e1 10 anos, por 17% das d\u00edvidas, contra 26% este ano. J\u00e1 quem, em 1997, tinha entre 51 e 60 anos, respondia por 4% das d\u00edvidas, percentual que em setembro deste ano subiu para 11%. <br \/><b><br \/>Setembro 2007 &#8211;<\/b> H\u00e1 10 anos, a principal diferen\u00e7a com o momento atual era a inexist\u00eancia do cr\u00e9dito consignado. Dos 17% de inadimplentes que fizeram este empr\u00e9stimo, 63% informaram que utilizaram o dinheiro para pagar d\u00edvidas e 13% para reformar um im\u00f3vel. Apesar do cr\u00e9dito consignado ajudar na redu\u00e7\u00e3o da inadimpl\u00eancia em outras \u00e1reas, 47% destes entrevistados afirmaram que o pagamento das parcelas do empr\u00e9stimo foi o motivo da d\u00edvida atual. <\/p>\n<p>Fazer novas compras foi a resposta de 11%, assim como ajudar a fam\u00edlia; e apenas 2% responderam que utilizaram o dinheiro consignado de outras formas. Al\u00e9m do desemprego, descontrole dos gastos e queda na renda, as demais causas para a inadimpl\u00eancia foram: ter sido fiador, avalista ou emprestar o nome (12%), doen\u00e7a em fam\u00edlia (5%), atraso no recebimento de sal\u00e1rios (2%) e outros motivos (7%). <\/p>\n<p>Entre os que ficaram desempregados, 38% responderam que continuam nesta situa\u00e7\u00e3o e 62% disseram que j\u00e1 est\u00e3o trabalhando. <\/p>\n<p>Com rela\u00e7\u00e3o \u00e0 idade, 30% dos inadimplentes entrevistados em setembro deste ano t\u00eam entre 31 e 40 anos, 26% entre 41 e 50 anos, 24% de 21 a 30 anos, 11% de 51 a 60 anos, 7% menos de 20 anos e 2% mais de 50 anos. <\/p>\n<p>Entre os inadimplentes, quase 50% dos entrevistados informaram ganhar de dois a cinco sal\u00e1rios m\u00ednimos (entre R$ 700 e R$ 2 mil). As respostas espec\u00edficas foram: 25% possuem renda familiar entre R$ 1 mil e R$ 2 mil, 24% entre R$ 761 e R$ 1 mil, 19% entre R$ 501 e R$ 760, 13% entre 381 e R$ 500, 10% acima de R$ 2 mil, 5% entre R$ 201 e R$ 380, e 4% entre R$ 100 e R$ 200. <\/p>\n<p>Questionados se pretendem quitar o d\u00e9bito em atraso nos pr\u00f3ximos 30 dias, 61% responderam positivamente, contra 25% com respostas negativas e 14% de indecisos. Entre os recursos pretendidos para quitar os d\u00e9bitos: 77% querem usar o pr\u00f3prio sal\u00e1rio e cortar gastos, 4% pretendem fazer empr\u00e9stimos, 3% utilizar recursos das f\u00e9rias, 2% com o FGTS e tamb\u00e9m 2% com a caderneta de poupan\u00e7a; 12% informaram que v\u00e3o utilizar outros meios para o pagamento. <\/p>\n<p>Com rela\u00e7\u00e3o \u00e0s compras futuras, 63% responderam que n\u00e3o pretendem efetuar novas compras a prazo nos pr\u00f3ximos tr\u00eas meses, 27% pretendem fazer compras parceladas e 10% se mostraram indecisos. <\/p>\n<p>Sobre quais produtos desejam comprar: 29% responderam eletrodom\u00e9sticos, 16% autom\u00f3veis, 14% m\u00f3veis, 13% roupas e cal\u00e7ados, 7% material de constru\u00e7\u00e3o, 5% telefones celulares, 3% produtos de inform\u00e1tica; e 13% querem outros produtos. <\/p>\n","protected":false},"excerpt":{"rendered":"Pesquisa realizada pela Associa\u00e7\u00e3o Comercial de S\u00e3o Paulo, em setembro deste ano, revela que 59% dos consumidores que procuram o Servi\u00e7o Central de \n<a class=\"moretag\" href=\"https:\/\/www.aceguarulhos.com.br\/blog\/desemprego-%c3%a9-a-principal-causa-da-inadimpl%c3%aancia-no-scpc\/\"> [...]<\/a>","protected":false},"author":8,"featured_media":0,"comment_status":"open","ping_status":"open","sticky":false,"template":"","format":"standard","meta":{"footnotes":""},"categories":[2],"tags":[],"class_list":["post-32342","post","type-post","status-publish","format-standard","hentry","category-noticias"],"yoast_head":"<!-- This site is optimized with the Yoast SEO plugin v28.1 - https:\/\/yoast.com\/product\/yoast-seo-wordpress\/ -->\n<title>Desemprego \u00e9 a principal causa da inadimpl\u00eancia no SCPC  - ACE-Guarulhos<\/title>\n<meta name=\"robots\" content=\"index, follow, max-snippet:-1, max-image-preview:large, max-video-preview:-1\" \/>\n<link rel=\"canonical\" href=\"https:\/\/www.aceguarulhos.com.br\/blog\/desemprego-\u00e9-a-principal-causa-da-inadimpl\u00eancia-no-scpc\/\" \/>\n<meta property=\"og:locale\" content=\"pt_BR\" \/>\n<meta property=\"og:type\" content=\"article\" \/>\n<meta property=\"og:title\" content=\"Desemprego \u00e9 a principal causa da inadimpl\u00eancia no SCPC  - ACE-Guarulhos\" \/>\n<meta property=\"og:description\" content=\"Pesquisa realizada pela Associa\u00e7\u00e3o Comercial de S\u00e3o Paulo, em setembro deste ano, revela que 59% dos consumidores que procuram o Servi\u00e7o Central de\" \/>\n<meta property=\"og:url\" content=\"https:\/\/www.aceguarulhos.com.br\/blog\/desemprego-\u00e9-a-principal-causa-da-inadimpl\u00eancia-no-scpc\/\" \/>\n<meta property=\"og:site_name\" content=\"ACE-Guarulhos\" \/>\n<meta property=\"article:publisher\" content=\"https:\/\/www.facebook.com\/aceguarulhos\/\" \/>\n<meta property=\"article:published_time\" content=\"2007-10-23T16:03:35+00:00\" \/>\n<meta name=\"author\" content=\"Assessoria de Imprensa ACE-Guarulhos\" \/>\n<meta name=\"twitter:card\" content=\"summary_large_image\" \/>\n<meta name=\"twitter:label1\" content=\"Escrito por\" \/>\n\t<meta name=\"twitter:data1\" content=\"Assessoria de Imprensa ACE-Guarulhos\" \/>\n\t<meta name=\"twitter:label2\" content=\"Est. tempo de leitura\" \/>\n\t<meta name=\"twitter:data2\" content=\"3 minutos\" \/>\n<script type=\"application\/ld+json\" class=\"yoast-schema-graph\">{\"@context\":\"https:\\\/\\\/schema.org\",\"@graph\":[{\"@type\":\"Article\",\"@id\":\"https:\\\/\\\/www.aceguarulhos.com.br\\\/blog\\\/desemprego-%c3%a9-a-principal-causa-da-inadimpl%c3%aancia-no-scpc\\\/#article\",\"isPartOf\":{\"@id\":\"https:\\\/\\\/www.aceguarulhos.com.br\\\/blog\\\/desemprego-%c3%a9-a-principal-causa-da-inadimpl%c3%aancia-no-scpc\\\/\"},\"author\":{\"name\":\"Assessoria de Imprensa ACE-Guarulhos\",\"@id\":\"https:\\\/\\\/www.aceguarulhos.com.br\\\/blog\\\/#\\\/schema\\\/person\\\/6983b51bad37489989e4f09698c26237\"},\"headline\":\"Desemprego \u00e9 a principal causa da inadimpl\u00eancia no SCPC\",\"datePublished\":\"2007-10-23T16:03:35+00:00\",\"mainEntityOfPage\":{\"@id\":\"https:\\\/\\\/www.aceguarulhos.com.br\\\/blog\\\/desemprego-%c3%a9-a-principal-causa-da-inadimpl%c3%aancia-no-scpc\\\/\"},\"wordCount\":648,\"commentCount\":0,\"publisher\":{\"@id\":\"https:\\\/\\\/www.aceguarulhos.com.br\\\/blog\\\/#organization\"},\"articleSection\":[\"Not\u00edcias\"],\"inLanguage\":\"pt-BR\"},{\"@type\":\"WebPage\",\"@id\":\"https:\\\/\\\/www.aceguarulhos.com.br\\\/blog\\\/desemprego-%c3%a9-a-principal-causa-da-inadimpl%c3%aancia-no-scpc\\\/\",\"url\":\"https:\\\/\\\/www.aceguarulhos.com.br\\\/blog\\\/desemprego-%c3%a9-a-principal-causa-da-inadimpl%c3%aancia-no-scpc\\\/\",\"name\":\"Desemprego \u00e9 a principal causa da inadimpl\u00eancia no SCPC - ACE-Guarulhos\",\"isPartOf\":{\"@id\":\"https:\\\/\\\/www.aceguarulhos.com.br\\\/blog\\\/#website\"},\"datePublished\":\"2007-10-23T16:03:35+00:00\",\"breadcrumb\":{\"@id\":\"https:\\\/\\\/www.aceguarulhos.com.br\\\/blog\\\/desemprego-%c3%a9-a-principal-causa-da-inadimpl%c3%aancia-no-scpc\\\/#breadcrumb\"},\"inLanguage\":\"pt-BR\",\"potentialAction\":[{\"@type\":\"ReadAction\",\"target\":[\"https:\\\/\\\/www.aceguarulhos.com.br\\\/blog\\\/desemprego-%c3%a9-a-principal-causa-da-inadimpl%c3%aancia-no-scpc\\\/\"]}]},{\"@type\":\"BreadcrumbList\",\"@id\":\"https:\\\/\\\/www.aceguarulhos.com.br\\\/blog\\\/desemprego-%c3%a9-a-principal-causa-da-inadimpl%c3%aancia-no-scpc\\\/#breadcrumb\",\"itemListElement\":[{\"@type\":\"ListItem\",\"position\":1,\"name\":\"In\u00edcio\",\"item\":\"https:\\\/\\\/www.aceguarulhos.com.br\\\/blog\\\/\"},{\"@type\":\"ListItem\",\"position\":2,\"name\":\"Desemprego \u00e9 a principal causa da inadimpl\u00eancia no SCPC\"}]},{\"@type\":\"WebSite\",\"@id\":\"https:\\\/\\\/www.aceguarulhos.com.br\\\/blog\\\/#website\",\"url\":\"https:\\\/\\\/www.aceguarulhos.com.br\\\/blog\\\/\",\"name\":\"ACE-Guarulhos\",\"description\":\"A ACE-Guarulhos \u00e9 uma associa\u00e7\u00e3o que ap\u00f3ia os empres\u00e1rios guarulhenses atrav\u00e9s da representa\u00e7\u00e3o, da gera\u00e7\u00e3o de neg\u00f3cios e presta\u00e7\u00e3o de servi\u00e7os.\",\"publisher\":{\"@id\":\"https:\\\/\\\/www.aceguarulhos.com.br\\\/blog\\\/#organization\"},\"potentialAction\":[{\"@type\":\"SearchAction\",\"target\":{\"@type\":\"EntryPoint\",\"urlTemplate\":\"https:\\\/\\\/www.aceguarulhos.com.br\\\/blog\\\/?s={search_term_string}\"},\"query-input\":{\"@type\":\"PropertyValueSpecification\",\"valueRequired\":true,\"valueName\":\"search_term_string\"}}],\"inLanguage\":\"pt-BR\"},{\"@type\":\"Organization\",\"@id\":\"https:\\\/\\\/www.aceguarulhos.com.br\\\/blog\\\/#organization\",\"name\":\"ACE-Guarulhos\",\"url\":\"https:\\\/\\\/www.aceguarulhos.com.br\\\/blog\\\/\",\"logo\":{\"@type\":\"ImageObject\",\"inLanguage\":\"pt-BR\",\"@id\":\"https:\\\/\\\/www.aceguarulhos.com.br\\\/blog\\\/#\\\/schema\\\/logo\\\/image\\\/\",\"url\":\"https:\\\/\\\/www.aceguarulhos.com.br\\\/blog\\\/wp-content\\\/uploads\\\/2017\\\/12\\\/logo-aceguarulhos-2018.png\",\"contentUrl\":\"https:\\\/\\\/www.aceguarulhos.com.br\\\/blog\\\/wp-content\\\/uploads\\\/2017\\\/12\\\/logo-aceguarulhos-2018.png\",\"width\":419,\"height\":76,\"caption\":\"ACE-Guarulhos\"},\"image\":{\"@id\":\"https:\\\/\\\/www.aceguarulhos.com.br\\\/blog\\\/#\\\/schema\\\/logo\\\/image\\\/\"},\"sameAs\":[\"https:\\\/\\\/www.facebook.com\\\/aceguarulhos\\\/\",\"https:\\\/\\\/br.linkedin.com\\\/in\\\/ace-guarulhos-b9a97093\",\"https:\\\/\\\/www.youtube.com\\\/user\\\/aceguarulhos\"]},{\"@type\":\"Person\",\"@id\":\"https:\\\/\\\/www.aceguarulhos.com.br\\\/blog\\\/#\\\/schema\\\/person\\\/6983b51bad37489989e4f09698c26237\",\"name\":\"Assessoria de Imprensa ACE-Guarulhos\",\"image\":{\"@type\":\"ImageObject\",\"inLanguage\":\"pt-BR\",\"@id\":\"https:\\\/\\\/secure.gravatar.com\\\/avatar\\\/707f3fadd6918afeb64173ab22d8a8cb0676953098a4f31ff36dc2b4c699ef6a?s=96&d=mm&r=g\",\"url\":\"https:\\\/\\\/secure.gravatar.com\\\/avatar\\\/707f3fadd6918afeb64173ab22d8a8cb0676953098a4f31ff36dc2b4c699ef6a?s=96&d=mm&r=g\",\"contentUrl\":\"https:\\\/\\\/secure.gravatar.com\\\/avatar\\\/707f3fadd6918afeb64173ab22d8a8cb0676953098a4f31ff36dc2b4c699ef6a?s=96&d=mm&r=g\",\"caption\":\"Assessoria de Imprensa ACE-Guarulhos\"},\"url\":\"https:\\\/\\\/www.aceguarulhos.com.br\\\/blog\\\/author\\\/assessoria-de-imprensa-ace-guarulhos\\\/\"}]}<\/script>\n<!-- \/ Yoast SEO plugin. -->","yoast_head_json":{"title":"Desemprego \u00e9 a principal causa da inadimpl\u00eancia no SCPC  - ACE-Guarulhos","robots":{"index":"index","follow":"follow","max-snippet":"max-snippet:-1","max-image-preview":"max-image-preview:large","max-video-preview":"max-video-preview:-1"},"canonical":"https:\/\/www.aceguarulhos.com.br\/blog\/desemprego-\u00e9-a-principal-causa-da-inadimpl\u00eancia-no-scpc\/","og_locale":"pt_BR","og_type":"article","og_title":"Desemprego \u00e9 a principal causa da inadimpl\u00eancia no SCPC  - ACE-Guarulhos","og_description":"Pesquisa realizada pela Associa\u00e7\u00e3o Comercial de S\u00e3o Paulo, em setembro deste ano, revela que 59% dos consumidores que procuram o Servi\u00e7o Central de","og_url":"https:\/\/www.aceguarulhos.com.br\/blog\/desemprego-\u00e9-a-principal-causa-da-inadimpl\u00eancia-no-scpc\/","og_site_name":"ACE-Guarulhos","article_publisher":"https:\/\/www.facebook.com\/aceguarulhos\/","article_published_time":"2007-10-23T16:03:35+00:00","author":"Assessoria de Imprensa ACE-Guarulhos","twitter_card":"summary_large_image","twitter_misc":{"Escrito por":"Assessoria de Imprensa ACE-Guarulhos","Est. tempo de leitura":"3 minutos"},"schema":{"@context":"https:\/\/schema.org","@graph":[{"@type":"Article","@id":"https:\/\/www.aceguarulhos.com.br\/blog\/desemprego-%c3%a9-a-principal-causa-da-inadimpl%c3%aancia-no-scpc\/#article","isPartOf":{"@id":"https:\/\/www.aceguarulhos.com.br\/blog\/desemprego-%c3%a9-a-principal-causa-da-inadimpl%c3%aancia-no-scpc\/"},"author":{"name":"Assessoria de Imprensa ACE-Guarulhos","@id":"https:\/\/www.aceguarulhos.com.br\/blog\/#\/schema\/person\/6983b51bad37489989e4f09698c26237"},"headline":"Desemprego \u00e9 a principal causa da inadimpl\u00eancia no SCPC","datePublished":"2007-10-23T16:03:35+00:00","mainEntityOfPage":{"@id":"https:\/\/www.aceguarulhos.com.br\/blog\/desemprego-%c3%a9-a-principal-causa-da-inadimpl%c3%aancia-no-scpc\/"},"wordCount":648,"commentCount":0,"publisher":{"@id":"https:\/\/www.aceguarulhos.com.br\/blog\/#organization"},"articleSection":["Not\u00edcias"],"inLanguage":"pt-BR"},{"@type":"WebPage","@id":"https:\/\/www.aceguarulhos.com.br\/blog\/desemprego-%c3%a9-a-principal-causa-da-inadimpl%c3%aancia-no-scpc\/","url":"https:\/\/www.aceguarulhos.com.br\/blog\/desemprego-%c3%a9-a-principal-causa-da-inadimpl%c3%aancia-no-scpc\/","name":"Desemprego \u00e9 a principal causa da inadimpl\u00eancia no SCPC - ACE-Guarulhos","isPartOf":{"@id":"https:\/\/www.aceguarulhos.com.br\/blog\/#website"},"datePublished":"2007-10-23T16:03:35+00:00","breadcrumb":{"@id":"https:\/\/www.aceguarulhos.com.br\/blog\/desemprego-%c3%a9-a-principal-causa-da-inadimpl%c3%aancia-no-scpc\/#breadcrumb"},"inLanguage":"pt-BR","potentialAction":[{"@type":"ReadAction","target":["https:\/\/www.aceguarulhos.com.br\/blog\/desemprego-%c3%a9-a-principal-causa-da-inadimpl%c3%aancia-no-scpc\/"]}]},{"@type":"BreadcrumbList","@id":"https:\/\/www.aceguarulhos.com.br\/blog\/desemprego-%c3%a9-a-principal-causa-da-inadimpl%c3%aancia-no-scpc\/#breadcrumb","itemListElement":[{"@type":"ListItem","position":1,"name":"In\u00edcio","item":"https:\/\/www.aceguarulhos.com.br\/blog\/"},{"@type":"ListItem","position":2,"name":"Desemprego \u00e9 a principal causa da inadimpl\u00eancia no SCPC"}]},{"@type":"WebSite","@id":"https:\/\/www.aceguarulhos.com.br\/blog\/#website","url":"https:\/\/www.aceguarulhos.com.br\/blog\/","name":"ACE-Guarulhos","description":"A ACE-Guarulhos \u00e9 uma associa\u00e7\u00e3o que ap\u00f3ia os empres\u00e1rios guarulhenses atrav\u00e9s da representa\u00e7\u00e3o, da gera\u00e7\u00e3o de neg\u00f3cios e presta\u00e7\u00e3o de servi\u00e7os.","publisher":{"@id":"https:\/\/www.aceguarulhos.com.br\/blog\/#organization"},"potentialAction":[{"@type":"SearchAction","target":{"@type":"EntryPoint","urlTemplate":"https:\/\/www.aceguarulhos.com.br\/blog\/?s={search_term_string}"},"query-input":{"@type":"PropertyValueSpecification","valueRequired":true,"valueName":"search_term_string"}}],"inLanguage":"pt-BR"},{"@type":"Organization","@id":"https:\/\/www.aceguarulhos.com.br\/blog\/#organization","name":"ACE-Guarulhos","url":"https:\/\/www.aceguarulhos.com.br\/blog\/","logo":{"@type":"ImageObject","inLanguage":"pt-BR","@id":"https:\/\/www.aceguarulhos.com.br\/blog\/#\/schema\/logo\/image\/","url":"https:\/\/www.aceguarulhos.com.br\/blog\/wp-content\/uploads\/2017\/12\/logo-aceguarulhos-2018.png","contentUrl":"https:\/\/www.aceguarulhos.com.br\/blog\/wp-content\/uploads\/2017\/12\/logo-aceguarulhos-2018.png","width":419,"height":76,"caption":"ACE-Guarulhos"},"image":{"@id":"https:\/\/www.aceguarulhos.com.br\/blog\/#\/schema\/logo\/image\/"},"sameAs":["https:\/\/www.facebook.com\/aceguarulhos\/","https:\/\/br.linkedin.com\/in\/ace-guarulhos-b9a97093","https:\/\/www.youtube.com\/user\/aceguarulhos"]},{"@type":"Person","@id":"https:\/\/www.aceguarulhos.com.br\/blog\/#\/schema\/person\/6983b51bad37489989e4f09698c26237","name":"Assessoria de Imprensa ACE-Guarulhos","image":{"@type":"ImageObject","inLanguage":"pt-BR","@id":"https:\/\/secure.gravatar.com\/avatar\/707f3fadd6918afeb64173ab22d8a8cb0676953098a4f31ff36dc2b4c699ef6a?s=96&d=mm&r=g","url":"https:\/\/secure.gravatar.com\/avatar\/707f3fadd6918afeb64173ab22d8a8cb0676953098a4f31ff36dc2b4c699ef6a?s=96&d=mm&r=g","contentUrl":"https:\/\/secure.gravatar.com\/avatar\/707f3fadd6918afeb64173ab22d8a8cb0676953098a4f31ff36dc2b4c699ef6a?s=96&d=mm&r=g","caption":"Assessoria de Imprensa ACE-Guarulhos"},"url":"https:\/\/www.aceguarulhos.com.br\/blog\/author\/assessoria-de-imprensa-ace-guarulhos\/"}]}},"wps_subtitle":"","amp_enabled":true,"_links":{"self":[{"href":"https:\/\/www.aceguarulhos.com.br\/blog\/wp-json\/wp\/v2\/posts\/32342","targetHints":{"allow":["GET"]}}],"collection":[{"href":"https:\/\/www.aceguarulhos.com.br\/blog\/wp-json\/wp\/v2\/posts"}],"about":[{"href":"https:\/\/www.aceguarulhos.com.br\/blog\/wp-json\/wp\/v2\/types\/post"}],"author":[{"embeddable":true,"href":"https:\/\/www.aceguarulhos.com.br\/blog\/wp-json\/wp\/v2\/users\/8"}],"replies":[{"embeddable":true,"href":"https:\/\/www.aceguarulhos.com.br\/blog\/wp-json\/wp\/v2\/comments?post=32342"}],"version-history":[{"count":0,"href":"https:\/\/www.aceguarulhos.com.br\/blog\/wp-json\/wp\/v2\/posts\/32342\/revisions"}],"wp:attachment":[{"href":"https:\/\/www.aceguarulhos.com.br\/blog\/wp-json\/wp\/v2\/media?parent=32342"}],"wp:term":[{"taxonomy":"category","embeddable":true,"href":"https:\/\/www.aceguarulhos.com.br\/blog\/wp-json\/wp\/v2\/categories?post=32342"},{"taxonomy":"post_tag","embeddable":true,"href":"https:\/\/www.aceguarulhos.com.br\/blog\/wp-json\/wp\/v2\/tags?post=32342"}],"curies":[{"name":"wp","href":"https:\/\/api.w.org\/{rel}","templated":true}]}}