{"id":32330,"date":"2007-10-19T14:45:39","date_gmt":"2007-10-19T14:45:39","guid":{"rendered":"http:\/\/www.aceguarulhos.com.br\/blog\/?p=32330"},"modified":"-0001-11-30T00:00:00","modified_gmt":"-0001-11-30T03:00:00","slug":"confira-os-pr%c3%a9-selecionados-ao-destaque-empresarial","status":"publish","type":"post","link":"https:\/\/www.aceguarulhos.com.br\/blog\/confira-os-pr%c3%a9-selecionados-ao-destaque-empresarial\/","title":{"rendered":"Confira os pr\u00e9-selecionados ao Destaque Empresarial"},"content":{"rendered":"<p>A diretoria da ACE-Guarulhos (ACE-Guarulhos) definiu na manh\u00e3 de ter\u00e7a-feira, 16, na nova sede da entidade, a pr\u00e9-sele\u00e7\u00e3o dos cinco indicados ao Pr\u00eamio Destaque Empresarial 2007 nas categorias ind\u00fastria, com\u00e9rcio, presta\u00e7\u00e3o de servi\u00e7os, terceiro setor, microempresa e mulher empreendedora.<\/p>\n<p><center><\/p>\n<p class=\"midia\" style=\"width: 420px;\"><img loading=\"lazy\" decoding=\"async\" src=\"\/blog\/wp-content\/uploads\/image.php?x=i&amp;i1=100&amp;i2=20071019144307\" title=\"Imprensa ACE\" height=\"315\" width=\"420\"><\/p>\n<p><\/center>Por meio de seu site \u2013 www.aceguarulhos.com.br &#8211;&nbsp; a entidade recebeu mais de cem indica\u00e7\u00f5es de empresas e personalidades para concorrer ao pr\u00eamio. Foram descartadas, por determina\u00e7\u00e3o do regulamento ganhadores de edi\u00e7\u00f5es anteriores do trof\u00e9u Destaque Empresarial.<\/p>\n<p>\u201cChegar \u00e0s cinco empresas, em cada categoria, n\u00e3o \u00e9 uma tarefa f\u00e1cil. Sabemos que o pr\u00eamio tem uma grande repercuss\u00e3o na cidade, por isso mesmo, fomos transparentes na escolha\u201d, disse Ananias Ara\u00fajo Sobrinho, membro da comiss\u00e3o organizadora do Pr\u00eamio Destaque Empresarial.<\/p>\n<p>Wilson Louren\u00e7o, presidente da ACE, comentou sobre a escolha dos indicados. \u201cPor mais que tenhamos crit\u00e9rios de escolha, \u00e9 sempre uma tarefa dif\u00edcil escolher os indicados, j\u00e1 que comparamos empresas de setores totalmente diferentes\u201d, salientou.<br \/><center><\/p>\n<p class=\"midia\" style=\"width: 420px;\"><img loading=\"lazy\" decoding=\"async\" src=\"\/blog\/wp-content\/uploads\/image.php?x=i&amp;i1=100&amp;i2=20071019144350\" title=\"Imprensa ACE\" height=\"315\" width=\"420\"><\/p>\n<p><\/center>Na pr\u00f3xima etapa, a comiss\u00e3o organizadora do pr\u00eamio tem por miss\u00e3o reunir informa\u00e7\u00f5es sobre os pr\u00e9-indicados que servir\u00e3o como base para a escolha dos tr\u00eas finalistas, em cada categoria. <\/p>\n<p>A escolha acontece na pr\u00f3xima reuni\u00e3o da entidade, na ter\u00e7a-feira, 23 de outubro, a partir das 8h, na nova sede da ACE, que fica na regi\u00e3o do Bom Clima. A reuni\u00e3o \u00e9 aberta para qualquer associado.<\/p>\n<p>O Pr\u00eamio Destaque Empresarial 2007 acontece no pr\u00f3ximo dia 30 de outubro, a partir das 19h, no Open Hall Convention Center. O evento contar\u00e1 com jantar e a apresenta\u00e7\u00e3o do Bee Gees Alive. Os ingressos custam R$ 80,00, incluso coquetel e jantar. Mais informa\u00e7\u00f5es pelo telefone: 2137-9304.<\/p>\n<p>Confira a lista dos cincos pr\u00e9-sele\u00e7\u00e3o, por categoria, do Pr\u00eamio Destaque Empresarial 2007:<\/p>\n<p><b>Com\u00e9rcio:<\/b> Cortinas Motta, Mundial Cal\u00e7ados, Radar Choperia, Maficar e Dona Maricota<\/p>\n<p><b>Ind\u00fastria:<\/b> Loja de Pijamas, TLC V\u00e1lvulas, Cummins, Sulacor e Fremplast<br \/><b><br \/>Servi\u00e7os:<\/b> Sonolayer, Golden Farma, Cooperativa de Cr\u00e9dito de Guarulhos, Rede Teovision (Canal 14 da Big TV) e Unimesp\/FIG<br \/><b><br \/>Terceiro Setor:<\/b> Maternidade Jesus, Jos\u00e9 e Maria, Guarulhos Off Roaders, SOS Fam\u00edlia S\u00e3o Geraldo, Apae e Agende<\/p>\n<p><b>Microempresa:<\/b> Arte Dourada, Restaurante Missoshiro, Rodriluccio, Drogaria S\u00e3o Pedro e Spa\u00e7o Delta<\/p>\n<p><b>Mulher Empreendedora:<\/b> Dr\u00aa Augusta Senday (Sonolayer), Satie Oda (Drogaria S\u00e3o Pedro), Maria (Mariander), Malvina Russo, Denise Ribeiro (3D Cartuchos) e Sonia Lago<\/p>\n","protected":false},"excerpt":{"rendered":"A diretoria da ACE-Guarulhos (ACE-Guarulhos) definiu na manh\u00e3 de ter\u00e7a-feira, 16, na nova sede da entidade, a pr\u00e9-sele\u00e7\u00e3o dos cinco indicados ao Pr\u00eamio \n<a class=\"moretag\" href=\"https:\/\/www.aceguarulhos.com.br\/blog\/confira-os-pr%c3%a9-selecionados-ao-destaque-empresarial\/\"> [...]<\/a>","protected":false},"author":8,"featured_media":0,"comment_status":"open","ping_status":"open","sticky":false,"template":"","format":"standard","meta":{"footnotes":""},"categories":[2],"tags":[],"class_list":["post-32330","post","type-post","status-publish","format-standard","hentry","category-noticias"],"yoast_head":"<!-- This site is optimized with the Yoast SEO plugin v28.1 - https:\/\/yoast.com\/product\/yoast-seo-wordpress\/ -->\n<title>Confira os pr\u00e9-selecionados ao Destaque Empresarial - ACE-Guarulhos<\/title>\n<meta name=\"robots\" content=\"index, follow, max-snippet:-1, max-image-preview:large, max-video-preview:-1\" \/>\n<link rel=\"canonical\" href=\"https:\/\/www.aceguarulhos.com.br\/blog\/confira-os-pr\u00e9-selecionados-ao-destaque-empresarial\/\" \/>\n<meta property=\"og:locale\" content=\"pt_BR\" \/>\n<meta property=\"og:type\" content=\"article\" \/>\n<meta property=\"og:title\" content=\"Confira os pr\u00e9-selecionados ao Destaque Empresarial - ACE-Guarulhos\" \/>\n<meta property=\"og:description\" content=\"A diretoria da ACE-Guarulhos (ACE-Guarulhos) definiu na manh\u00e3 de ter\u00e7a-feira, 16, na nova sede da entidade, a pr\u00e9-sele\u00e7\u00e3o dos cinco indicados ao Pr\u00eamio\" \/>\n<meta property=\"og:url\" content=\"https:\/\/www.aceguarulhos.com.br\/blog\/confira-os-pr\u00e9-selecionados-ao-destaque-empresarial\/\" \/>\n<meta property=\"og:site_name\" content=\"ACE-Guarulhos\" \/>\n<meta property=\"article:publisher\" content=\"https:\/\/www.facebook.com\/aceguarulhos\/\" \/>\n<meta property=\"article:published_time\" content=\"2007-10-19T14:45:39+00:00\" \/>\n<meta property=\"og:image\" content=\"https:\/\/www.aceguarulhos.com.br\/blog\/wp-content\/uploads\/image.php\" \/>\n<meta name=\"author\" content=\"Assessoria de Imprensa ACE-Guarulhos\" \/>\n<meta name=\"twitter:card\" content=\"summary_large_image\" \/>\n<meta name=\"twitter:label1\" content=\"Escrito por\" \/>\n\t<meta name=\"twitter:data1\" content=\"Assessoria de Imprensa ACE-Guarulhos\" \/>\n\t<meta name=\"twitter:label2\" content=\"Est. tempo de leitura\" \/>\n\t<meta name=\"twitter:data2\" content=\"2 minutos\" \/>\n<script type=\"application\/ld+json\" class=\"yoast-schema-graph\">{\"@context\":\"https:\\\/\\\/schema.org\",\"@graph\":[{\"@type\":\"Article\",\"@id\":\"https:\\\/\\\/www.aceguarulhos.com.br\\\/blog\\\/confira-os-pr%c3%a9-selecionados-ao-destaque-empresarial\\\/#article\",\"isPartOf\":{\"@id\":\"https:\\\/\\\/www.aceguarulhos.com.br\\\/blog\\\/confira-os-pr%c3%a9-selecionados-ao-destaque-empresarial\\\/\"},\"author\":{\"name\":\"Assessoria de Imprensa ACE-Guarulhos\",\"@id\":\"https:\\\/\\\/www.aceguarulhos.com.br\\\/blog\\\/#\\\/schema\\\/person\\\/6983b51bad37489989e4f09698c26237\"},\"headline\":\"Confira os pr\u00e9-selecionados ao Destaque Empresarial\",\"datePublished\":\"2007-10-19T14:45:39+00:00\",\"mainEntityOfPage\":{\"@id\":\"https:\\\/\\\/www.aceguarulhos.com.br\\\/blog\\\/confira-os-pr%c3%a9-selecionados-ao-destaque-empresarial\\\/\"},\"wordCount\":421,\"commentCount\":0,\"publisher\":{\"@id\":\"https:\\\/\\\/www.aceguarulhos.com.br\\\/blog\\\/#organization\"},\"articleSection\":[\"Not\u00edcias\"],\"inLanguage\":\"pt-BR\"},{\"@type\":\"WebPage\",\"@id\":\"https:\\\/\\\/www.aceguarulhos.com.br\\\/blog\\\/confira-os-pr%c3%a9-selecionados-ao-destaque-empresarial\\\/\",\"url\":\"https:\\\/\\\/www.aceguarulhos.com.br\\\/blog\\\/confira-os-pr%c3%a9-selecionados-ao-destaque-empresarial\\\/\",\"name\":\"Confira os pr\u00e9-selecionados ao Destaque Empresarial - ACE-Guarulhos\",\"isPartOf\":{\"@id\":\"https:\\\/\\\/www.aceguarulhos.com.br\\\/blog\\\/#website\"},\"datePublished\":\"2007-10-19T14:45:39+00:00\",\"breadcrumb\":{\"@id\":\"https:\\\/\\\/www.aceguarulhos.com.br\\\/blog\\\/confira-os-pr%c3%a9-selecionados-ao-destaque-empresarial\\\/#breadcrumb\"},\"inLanguage\":\"pt-BR\",\"potentialAction\":[{\"@type\":\"ReadAction\",\"target\":[\"https:\\\/\\\/www.aceguarulhos.com.br\\\/blog\\\/confira-os-pr%c3%a9-selecionados-ao-destaque-empresarial\\\/\"]}]},{\"@type\":\"BreadcrumbList\",\"@id\":\"https:\\\/\\\/www.aceguarulhos.com.br\\\/blog\\\/confira-os-pr%c3%a9-selecionados-ao-destaque-empresarial\\\/#breadcrumb\",\"itemListElement\":[{\"@type\":\"ListItem\",\"position\":1,\"name\":\"In\u00edcio\",\"item\":\"https:\\\/\\\/www.aceguarulhos.com.br\\\/blog\\\/\"},{\"@type\":\"ListItem\",\"position\":2,\"name\":\"Confira os pr\u00e9-selecionados ao Destaque Empresarial\"}]},{\"@type\":\"WebSite\",\"@id\":\"https:\\\/\\\/www.aceguarulhos.com.br\\\/blog\\\/#website\",\"url\":\"https:\\\/\\\/www.aceguarulhos.com.br\\\/blog\\\/\",\"name\":\"ACE-Guarulhos\",\"description\":\"A ACE-Guarulhos \u00e9 uma associa\u00e7\u00e3o que ap\u00f3ia os empres\u00e1rios guarulhenses atrav\u00e9s da representa\u00e7\u00e3o, da gera\u00e7\u00e3o de neg\u00f3cios e presta\u00e7\u00e3o de servi\u00e7os.\",\"publisher\":{\"@id\":\"https:\\\/\\\/www.aceguarulhos.com.br\\\/blog\\\/#organization\"},\"potentialAction\":[{\"@type\":\"SearchAction\",\"target\":{\"@type\":\"EntryPoint\",\"urlTemplate\":\"https:\\\/\\\/www.aceguarulhos.com.br\\\/blog\\\/?s={search_term_string}\"},\"query-input\":{\"@type\":\"PropertyValueSpecification\",\"valueRequired\":true,\"valueName\":\"search_term_string\"}}],\"inLanguage\":\"pt-BR\"},{\"@type\":\"Organization\",\"@id\":\"https:\\\/\\\/www.aceguarulhos.com.br\\\/blog\\\/#organization\",\"name\":\"ACE-Guarulhos\",\"url\":\"https:\\\/\\\/www.aceguarulhos.com.br\\\/blog\\\/\",\"logo\":{\"@type\":\"ImageObject\",\"inLanguage\":\"pt-BR\",\"@id\":\"https:\\\/\\\/www.aceguarulhos.com.br\\\/blog\\\/#\\\/schema\\\/logo\\\/image\\\/\",\"url\":\"https:\\\/\\\/www.aceguarulhos.com.br\\\/blog\\\/wp-content\\\/uploads\\\/2017\\\/12\\\/logo-aceguarulhos-2018.png\",\"contentUrl\":\"https:\\\/\\\/www.aceguarulhos.com.br\\\/blog\\\/wp-content\\\/uploads\\\/2017\\\/12\\\/logo-aceguarulhos-2018.png\",\"width\":419,\"height\":76,\"caption\":\"ACE-Guarulhos\"},\"image\":{\"@id\":\"https:\\\/\\\/www.aceguarulhos.com.br\\\/blog\\\/#\\\/schema\\\/logo\\\/image\\\/\"},\"sameAs\":[\"https:\\\/\\\/www.facebook.com\\\/aceguarulhos\\\/\",\"https:\\\/\\\/br.linkedin.com\\\/in\\\/ace-guarulhos-b9a97093\",\"https:\\\/\\\/www.youtube.com\\\/user\\\/aceguarulhos\"]},{\"@type\":\"Person\",\"@id\":\"https:\\\/\\\/www.aceguarulhos.com.br\\\/blog\\\/#\\\/schema\\\/person\\\/6983b51bad37489989e4f09698c26237\",\"name\":\"Assessoria de Imprensa ACE-Guarulhos\",\"image\":{\"@type\":\"ImageObject\",\"inLanguage\":\"pt-BR\",\"@id\":\"https:\\\/\\\/secure.gravatar.com\\\/avatar\\\/707f3fadd6918afeb64173ab22d8a8cb0676953098a4f31ff36dc2b4c699ef6a?s=96&d=mm&r=g\",\"url\":\"https:\\\/\\\/secure.gravatar.com\\\/avatar\\\/707f3fadd6918afeb64173ab22d8a8cb0676953098a4f31ff36dc2b4c699ef6a?s=96&d=mm&r=g\",\"contentUrl\":\"https:\\\/\\\/secure.gravatar.com\\\/avatar\\\/707f3fadd6918afeb64173ab22d8a8cb0676953098a4f31ff36dc2b4c699ef6a?s=96&d=mm&r=g\",\"caption\":\"Assessoria de Imprensa ACE-Guarulhos\"},\"url\":\"https:\\\/\\\/www.aceguarulhos.com.br\\\/blog\\\/author\\\/assessoria-de-imprensa-ace-guarulhos\\\/\"}]}<\/script>\n<!-- \/ Yoast SEO plugin. -->","yoast_head_json":{"title":"Confira os pr\u00e9-selecionados ao Destaque Empresarial - ACE-Guarulhos","robots":{"index":"index","follow":"follow","max-snippet":"max-snippet:-1","max-image-preview":"max-image-preview:large","max-video-preview":"max-video-preview:-1"},"canonical":"https:\/\/www.aceguarulhos.com.br\/blog\/confira-os-pr\u00e9-selecionados-ao-destaque-empresarial\/","og_locale":"pt_BR","og_type":"article","og_title":"Confira os pr\u00e9-selecionados ao Destaque Empresarial - ACE-Guarulhos","og_description":"A diretoria da ACE-Guarulhos (ACE-Guarulhos) definiu na manh\u00e3 de ter\u00e7a-feira, 16, na nova sede da entidade, a pr\u00e9-sele\u00e7\u00e3o dos cinco indicados ao Pr\u00eamio","og_url":"https:\/\/www.aceguarulhos.com.br\/blog\/confira-os-pr\u00e9-selecionados-ao-destaque-empresarial\/","og_site_name":"ACE-Guarulhos","article_publisher":"https:\/\/www.facebook.com\/aceguarulhos\/","article_published_time":"2007-10-19T14:45:39+00:00","og_image":[{"url":"https:\/\/www.aceguarulhos.com.br\/blog\/wp-content\/uploads\/image.php","type":"","width":"","height":""}],"author":"Assessoria de Imprensa ACE-Guarulhos","twitter_card":"summary_large_image","twitter_misc":{"Escrito por":"Assessoria de Imprensa ACE-Guarulhos","Est. tempo de leitura":"2 minutos"},"schema":{"@context":"https:\/\/schema.org","@graph":[{"@type":"Article","@id":"https:\/\/www.aceguarulhos.com.br\/blog\/confira-os-pr%c3%a9-selecionados-ao-destaque-empresarial\/#article","isPartOf":{"@id":"https:\/\/www.aceguarulhos.com.br\/blog\/confira-os-pr%c3%a9-selecionados-ao-destaque-empresarial\/"},"author":{"name":"Assessoria de Imprensa ACE-Guarulhos","@id":"https:\/\/www.aceguarulhos.com.br\/blog\/#\/schema\/person\/6983b51bad37489989e4f09698c26237"},"headline":"Confira os pr\u00e9-selecionados ao Destaque Empresarial","datePublished":"2007-10-19T14:45:39+00:00","mainEntityOfPage":{"@id":"https:\/\/www.aceguarulhos.com.br\/blog\/confira-os-pr%c3%a9-selecionados-ao-destaque-empresarial\/"},"wordCount":421,"commentCount":0,"publisher":{"@id":"https:\/\/www.aceguarulhos.com.br\/blog\/#organization"},"articleSection":["Not\u00edcias"],"inLanguage":"pt-BR"},{"@type":"WebPage","@id":"https:\/\/www.aceguarulhos.com.br\/blog\/confira-os-pr%c3%a9-selecionados-ao-destaque-empresarial\/","url":"https:\/\/www.aceguarulhos.com.br\/blog\/confira-os-pr%c3%a9-selecionados-ao-destaque-empresarial\/","name":"Confira os pr\u00e9-selecionados ao Destaque Empresarial - ACE-Guarulhos","isPartOf":{"@id":"https:\/\/www.aceguarulhos.com.br\/blog\/#website"},"datePublished":"2007-10-19T14:45:39+00:00","breadcrumb":{"@id":"https:\/\/www.aceguarulhos.com.br\/blog\/confira-os-pr%c3%a9-selecionados-ao-destaque-empresarial\/#breadcrumb"},"inLanguage":"pt-BR","potentialAction":[{"@type":"ReadAction","target":["https:\/\/www.aceguarulhos.com.br\/blog\/confira-os-pr%c3%a9-selecionados-ao-destaque-empresarial\/"]}]},{"@type":"BreadcrumbList","@id":"https:\/\/www.aceguarulhos.com.br\/blog\/confira-os-pr%c3%a9-selecionados-ao-destaque-empresarial\/#breadcrumb","itemListElement":[{"@type":"ListItem","position":1,"name":"In\u00edcio","item":"https:\/\/www.aceguarulhos.com.br\/blog\/"},{"@type":"ListItem","position":2,"name":"Confira os pr\u00e9-selecionados ao Destaque Empresarial"}]},{"@type":"WebSite","@id":"https:\/\/www.aceguarulhos.com.br\/blog\/#website","url":"https:\/\/www.aceguarulhos.com.br\/blog\/","name":"ACE-Guarulhos","description":"A ACE-Guarulhos \u00e9 uma associa\u00e7\u00e3o que ap\u00f3ia os empres\u00e1rios guarulhenses atrav\u00e9s da representa\u00e7\u00e3o, da gera\u00e7\u00e3o de neg\u00f3cios e presta\u00e7\u00e3o de servi\u00e7os.","publisher":{"@id":"https:\/\/www.aceguarulhos.com.br\/blog\/#organization"},"potentialAction":[{"@type":"SearchAction","target":{"@type":"EntryPoint","urlTemplate":"https:\/\/www.aceguarulhos.com.br\/blog\/?s={search_term_string}"},"query-input":{"@type":"PropertyValueSpecification","valueRequired":true,"valueName":"search_term_string"}}],"inLanguage":"pt-BR"},{"@type":"Organization","@id":"https:\/\/www.aceguarulhos.com.br\/blog\/#organization","name":"ACE-Guarulhos","url":"https:\/\/www.aceguarulhos.com.br\/blog\/","logo":{"@type":"ImageObject","inLanguage":"pt-BR","@id":"https:\/\/www.aceguarulhos.com.br\/blog\/#\/schema\/logo\/image\/","url":"https:\/\/www.aceguarulhos.com.br\/blog\/wp-content\/uploads\/2017\/12\/logo-aceguarulhos-2018.png","contentUrl":"https:\/\/www.aceguarulhos.com.br\/blog\/wp-content\/uploads\/2017\/12\/logo-aceguarulhos-2018.png","width":419,"height":76,"caption":"ACE-Guarulhos"},"image":{"@id":"https:\/\/www.aceguarulhos.com.br\/blog\/#\/schema\/logo\/image\/"},"sameAs":["https:\/\/www.facebook.com\/aceguarulhos\/","https:\/\/br.linkedin.com\/in\/ace-guarulhos-b9a97093","https:\/\/www.youtube.com\/user\/aceguarulhos"]},{"@type":"Person","@id":"https:\/\/www.aceguarulhos.com.br\/blog\/#\/schema\/person\/6983b51bad37489989e4f09698c26237","name":"Assessoria de Imprensa ACE-Guarulhos","image":{"@type":"ImageObject","inLanguage":"pt-BR","@id":"https:\/\/secure.gravatar.com\/avatar\/707f3fadd6918afeb64173ab22d8a8cb0676953098a4f31ff36dc2b4c699ef6a?s=96&d=mm&r=g","url":"https:\/\/secure.gravatar.com\/avatar\/707f3fadd6918afeb64173ab22d8a8cb0676953098a4f31ff36dc2b4c699ef6a?s=96&d=mm&r=g","contentUrl":"https:\/\/secure.gravatar.com\/avatar\/707f3fadd6918afeb64173ab22d8a8cb0676953098a4f31ff36dc2b4c699ef6a?s=96&d=mm&r=g","caption":"Assessoria de Imprensa ACE-Guarulhos"},"url":"https:\/\/www.aceguarulhos.com.br\/blog\/author\/assessoria-de-imprensa-ace-guarulhos\/"}]}},"wps_subtitle":"","amp_enabled":true,"_links":{"self":[{"href":"https:\/\/www.aceguarulhos.com.br\/blog\/wp-json\/wp\/v2\/posts\/32330","targetHints":{"allow":["GET"]}}],"collection":[{"href":"https:\/\/www.aceguarulhos.com.br\/blog\/wp-json\/wp\/v2\/posts"}],"about":[{"href":"https:\/\/www.aceguarulhos.com.br\/blog\/wp-json\/wp\/v2\/types\/post"}],"author":[{"embeddable":true,"href":"https:\/\/www.aceguarulhos.com.br\/blog\/wp-json\/wp\/v2\/users\/8"}],"replies":[{"embeddable":true,"href":"https:\/\/www.aceguarulhos.com.br\/blog\/wp-json\/wp\/v2\/comments?post=32330"}],"version-history":[{"count":0,"href":"https:\/\/www.aceguarulhos.com.br\/blog\/wp-json\/wp\/v2\/posts\/32330\/revisions"}],"wp:attachment":[{"href":"https:\/\/www.aceguarulhos.com.br\/blog\/wp-json\/wp\/v2\/media?parent=32330"}],"wp:term":[{"taxonomy":"category","embeddable":true,"href":"https:\/\/www.aceguarulhos.com.br\/blog\/wp-json\/wp\/v2\/categories?post=32330"},{"taxonomy":"post_tag","embeddable":true,"href":"https:\/\/www.aceguarulhos.com.br\/blog\/wp-json\/wp\/v2\/tags?post=32330"}],"curies":[{"name":"wp","href":"https:\/\/api.w.org\/{rel}","templated":true}]}}