{"id":32229,"date":"2007-09-28T14:02:04","date_gmt":"2007-09-28T14:02:04","guid":{"rendered":"http:\/\/www.aceguarulhos.com.br\/blog\/?p=32229"},"modified":"-0001-11-30T00:00:00","modified_gmt":"-0001-11-30T03:00:00","slug":"alto-tiet%c3%aa-cria-ag%c3%aancia-de-desenvolvimento-econ%c3%b4mico","status":"publish","type":"post","link":"https:\/\/www.aceguarulhos.com.br\/blog\/alto-tiet%c3%aa-cria-ag%c3%aancia-de-desenvolvimento-econ%c3%b4mico\/","title":{"rendered":"Alto Tiet\u00ea cria ag\u00eancia de desenvolvimento econ\u00f4mico"},"content":{"rendered":"<p><i>Depois de dois anos de negocia\u00e7\u00f5es, foi oficialmente fundada nesta quinta-feira dia 27, a Ag\u00eancia de Desenvolvimento Regional do Alto do Tiet\u00ea (Adrat)<\/i><\/p>\n<p>O evento de inaugura\u00e7\u00e3o ocorreu no Senai de Suzano, durante assembl\u00e9ia entre os representantes municipais das 11 cidades participantes. O pr\u00f3-reitor da Universidade de Mogi da Cruzes, Paulo Cezar de Almeida, foi nomeado presidente da entidade.<\/p>\n<p>Al\u00e9m de Guarulhos, fazem parte da nova ag\u00eancia: Suzano, Mogi das Cruzes, Aruj\u00e1, Biritiba Mirim, Ferraz de Vasconcelos, Guararema, Itaquaquecetuba, Po\u00e1, Sales\u00f3polis, Santa Isabel. <\/p>\n<p>De acordo com Decio Pomp\u00eao Junior, vice-presidente da Agende, a a\u00e7\u00e3o trar\u00e1 mais desenvolvimento para toda regi\u00e3o. \u201cTodas as cidades do eixo ser\u00e3o beneficiadas. Com os objetivos unificados os resultados certamente aparecer\u00e3o\u201d, disse.<\/p>\n<p>J\u00e1 para Yutaka Kanbe, secret\u00e1rio-adjunto da Secretaria de Desenvolvimento Econ\u00f4mico de Guarulhos, a miss\u00e3o da Adrat \u00e9 desenvolver a\u00e7\u00f5es voltadas \u00e0 ind\u00fastria, inova\u00e7\u00f5es tecnol\u00f3gicas, turismo, educa\u00e7\u00e3o profissionalizante, agroneg\u00f3cios, com\u00e9rcio exterior, entre outras. Al\u00e9m disso, a ag\u00eancia deve trazer investidores para a regi\u00e3o, que possuiu uma grande diversidade de produtos e de setores.<\/p>\n<p>Para o secret\u00e1rio-adjunto \u00e9 imprescind\u00edvel Guarulhos participar de uma ag\u00eancia que representa uma regi\u00e3o t\u00e3o pujante economicamente.&nbsp; Para se ter uma id\u00e9ia, as 11 cidades juntas somam quase 2,5 milh\u00f5es de habitantes e um PIB superior a R$ 26 bilh\u00f5es. Segundo ele, a Adrat vai proporcionar solu\u00e7\u00f5es articuladas para aumentar o crescimento econ\u00f4mico de todos os munic\u00edpios participantes do bloco.<\/p>\n<p>Guarulhos ter\u00e1 uma atua\u00e7\u00e3o estrat\u00e9gica no grupo. Do ponto de vista geogr\u00e1fico, a cidade \u00e9 um corredor de entrada para o mercado da Capital, al\u00e9m de absorver muita m\u00e3o-de-obra oriunda da regi\u00e3o do Alto Tiet\u00ea. Kanbe acrescenta ainda que a Adrat pretende fortalecer o di\u00e1logo entre os munic\u00edpios participantes e o governo federal.<\/p>\n<p>Uma das estrat\u00e9gias para o sucesso da ag\u00eancia s\u00e3o as chamadas c\u00e2maras tem\u00e1ticas (grupos de discuss\u00e3o de um determinado segmento). Elas ir\u00e3o focar, especialmente, os setores da ind\u00fastria, da agricultura e do com\u00e9rcio exterior, as principais fontes da economia local. Nelas, os agentes far\u00e3o debates para a elabora\u00e7\u00e3o de propostas a serem encaminhadas para a Adrat.<\/p>\n","protected":false},"excerpt":{"rendered":"Depois de dois anos de negocia\u00e7\u00f5es, foi oficialmente fundada nesta quinta-feira dia 27, a Ag\u00eancia de Desenvolvimento Regional do Alto do Tiet\u00ea (Adrat) \n<a class=\"moretag\" href=\"https:\/\/www.aceguarulhos.com.br\/blog\/alto-tiet%c3%aa-cria-ag%c3%aancia-de-desenvolvimento-econ%c3%b4mico\/\"> [...]<\/a>","protected":false},"author":8,"featured_media":0,"comment_status":"open","ping_status":"open","sticky":false,"template":"","format":"standard","meta":{"footnotes":""},"categories":[2],"tags":[],"class_list":["post-32229","post","type-post","status-publish","format-standard","hentry","category-noticias"],"yoast_head":"<!-- This site is optimized with the Yoast SEO plugin v28.1 - https:\/\/yoast.com\/product\/yoast-seo-wordpress\/ -->\n<title>Alto Tiet\u00ea cria ag\u00eancia de desenvolvimento econ\u00f4mico - ACE-Guarulhos<\/title>\n<meta name=\"robots\" content=\"index, follow, max-snippet:-1, max-image-preview:large, max-video-preview:-1\" \/>\n<link rel=\"canonical\" href=\"https:\/\/www.aceguarulhos.com.br\/blog\/alto-tiet\u00ea-cria-ag\u00eancia-de-desenvolvimento-econ\u00f4mico\/\" \/>\n<meta property=\"og:locale\" content=\"pt_BR\" \/>\n<meta property=\"og:type\" content=\"article\" \/>\n<meta property=\"og:title\" content=\"Alto Tiet\u00ea cria ag\u00eancia de desenvolvimento econ\u00f4mico - ACE-Guarulhos\" \/>\n<meta property=\"og:description\" content=\"Depois de dois anos de negocia\u00e7\u00f5es, foi oficialmente fundada nesta quinta-feira dia 27, a Ag\u00eancia de Desenvolvimento Regional do Alto do Tiet\u00ea (Adrat)\" \/>\n<meta property=\"og:url\" content=\"https:\/\/www.aceguarulhos.com.br\/blog\/alto-tiet\u00ea-cria-ag\u00eancia-de-desenvolvimento-econ\u00f4mico\/\" \/>\n<meta property=\"og:site_name\" content=\"ACE-Guarulhos\" \/>\n<meta property=\"article:publisher\" content=\"https:\/\/www.facebook.com\/aceguarulhos\/\" \/>\n<meta property=\"article:published_time\" content=\"2007-09-28T14:02:04+00:00\" \/>\n<meta name=\"author\" content=\"Assessoria de Imprensa ACE-Guarulhos\" \/>\n<meta name=\"twitter:card\" content=\"summary_large_image\" \/>\n<meta name=\"twitter:label1\" content=\"Escrito por\" \/>\n\t<meta name=\"twitter:data1\" content=\"Assessoria de Imprensa ACE-Guarulhos\" \/>\n\t<meta name=\"twitter:label2\" content=\"Est. tempo de leitura\" \/>\n\t<meta name=\"twitter:data2\" content=\"2 minutos\" \/>\n<script type=\"application\/ld+json\" class=\"yoast-schema-graph\">{\"@context\":\"https:\\\/\\\/schema.org\",\"@graph\":[{\"@type\":\"Article\",\"@id\":\"https:\\\/\\\/www.aceguarulhos.com.br\\\/blog\\\/alto-tiet%c3%aa-cria-ag%c3%aancia-de-desenvolvimento-econ%c3%b4mico\\\/#article\",\"isPartOf\":{\"@id\":\"https:\\\/\\\/www.aceguarulhos.com.br\\\/blog\\\/alto-tiet%c3%aa-cria-ag%c3%aancia-de-desenvolvimento-econ%c3%b4mico\\\/\"},\"author\":{\"name\":\"Assessoria de Imprensa ACE-Guarulhos\",\"@id\":\"https:\\\/\\\/www.aceguarulhos.com.br\\\/blog\\\/#\\\/schema\\\/person\\\/6983b51bad37489989e4f09698c26237\"},\"headline\":\"Alto Tiet\u00ea cria ag\u00eancia de desenvolvimento econ\u00f4mico\",\"datePublished\":\"2007-09-28T14:02:04+00:00\",\"mainEntityOfPage\":{\"@id\":\"https:\\\/\\\/www.aceguarulhos.com.br\\\/blog\\\/alto-tiet%c3%aa-cria-ag%c3%aancia-de-desenvolvimento-econ%c3%b4mico\\\/\"},\"wordCount\":394,\"commentCount\":0,\"publisher\":{\"@id\":\"https:\\\/\\\/www.aceguarulhos.com.br\\\/blog\\\/#organization\"},\"articleSection\":[\"Not\u00edcias\"],\"inLanguage\":\"pt-BR\"},{\"@type\":\"WebPage\",\"@id\":\"https:\\\/\\\/www.aceguarulhos.com.br\\\/blog\\\/alto-tiet%c3%aa-cria-ag%c3%aancia-de-desenvolvimento-econ%c3%b4mico\\\/\",\"url\":\"https:\\\/\\\/www.aceguarulhos.com.br\\\/blog\\\/alto-tiet%c3%aa-cria-ag%c3%aancia-de-desenvolvimento-econ%c3%b4mico\\\/\",\"name\":\"Alto Tiet\u00ea cria ag\u00eancia de desenvolvimento econ\u00f4mico - ACE-Guarulhos\",\"isPartOf\":{\"@id\":\"https:\\\/\\\/www.aceguarulhos.com.br\\\/blog\\\/#website\"},\"datePublished\":\"2007-09-28T14:02:04+00:00\",\"breadcrumb\":{\"@id\":\"https:\\\/\\\/www.aceguarulhos.com.br\\\/blog\\\/alto-tiet%c3%aa-cria-ag%c3%aancia-de-desenvolvimento-econ%c3%b4mico\\\/#breadcrumb\"},\"inLanguage\":\"pt-BR\",\"potentialAction\":[{\"@type\":\"ReadAction\",\"target\":[\"https:\\\/\\\/www.aceguarulhos.com.br\\\/blog\\\/alto-tiet%c3%aa-cria-ag%c3%aancia-de-desenvolvimento-econ%c3%b4mico\\\/\"]}]},{\"@type\":\"BreadcrumbList\",\"@id\":\"https:\\\/\\\/www.aceguarulhos.com.br\\\/blog\\\/alto-tiet%c3%aa-cria-ag%c3%aancia-de-desenvolvimento-econ%c3%b4mico\\\/#breadcrumb\",\"itemListElement\":[{\"@type\":\"ListItem\",\"position\":1,\"name\":\"In\u00edcio\",\"item\":\"https:\\\/\\\/www.aceguarulhos.com.br\\\/blog\\\/\"},{\"@type\":\"ListItem\",\"position\":2,\"name\":\"Alto Tiet\u00ea cria ag\u00eancia de desenvolvimento econ\u00f4mico\"}]},{\"@type\":\"WebSite\",\"@id\":\"https:\\\/\\\/www.aceguarulhos.com.br\\\/blog\\\/#website\",\"url\":\"https:\\\/\\\/www.aceguarulhos.com.br\\\/blog\\\/\",\"name\":\"ACE-Guarulhos\",\"description\":\"A ACE-Guarulhos \u00e9 uma associa\u00e7\u00e3o que ap\u00f3ia os empres\u00e1rios guarulhenses atrav\u00e9s da representa\u00e7\u00e3o, da gera\u00e7\u00e3o de neg\u00f3cios e presta\u00e7\u00e3o de servi\u00e7os.\",\"publisher\":{\"@id\":\"https:\\\/\\\/www.aceguarulhos.com.br\\\/blog\\\/#organization\"},\"potentialAction\":[{\"@type\":\"SearchAction\",\"target\":{\"@type\":\"EntryPoint\",\"urlTemplate\":\"https:\\\/\\\/www.aceguarulhos.com.br\\\/blog\\\/?s={search_term_string}\"},\"query-input\":{\"@type\":\"PropertyValueSpecification\",\"valueRequired\":true,\"valueName\":\"search_term_string\"}}],\"inLanguage\":\"pt-BR\"},{\"@type\":\"Organization\",\"@id\":\"https:\\\/\\\/www.aceguarulhos.com.br\\\/blog\\\/#organization\",\"name\":\"ACE-Guarulhos\",\"url\":\"https:\\\/\\\/www.aceguarulhos.com.br\\\/blog\\\/\",\"logo\":{\"@type\":\"ImageObject\",\"inLanguage\":\"pt-BR\",\"@id\":\"https:\\\/\\\/www.aceguarulhos.com.br\\\/blog\\\/#\\\/schema\\\/logo\\\/image\\\/\",\"url\":\"https:\\\/\\\/www.aceguarulhos.com.br\\\/blog\\\/wp-content\\\/uploads\\\/2017\\\/12\\\/logo-aceguarulhos-2018.png\",\"contentUrl\":\"https:\\\/\\\/www.aceguarulhos.com.br\\\/blog\\\/wp-content\\\/uploads\\\/2017\\\/12\\\/logo-aceguarulhos-2018.png\",\"width\":419,\"height\":76,\"caption\":\"ACE-Guarulhos\"},\"image\":{\"@id\":\"https:\\\/\\\/www.aceguarulhos.com.br\\\/blog\\\/#\\\/schema\\\/logo\\\/image\\\/\"},\"sameAs\":[\"https:\\\/\\\/www.facebook.com\\\/aceguarulhos\\\/\",\"https:\\\/\\\/br.linkedin.com\\\/in\\\/ace-guarulhos-b9a97093\",\"https:\\\/\\\/www.youtube.com\\\/user\\\/aceguarulhos\"]},{\"@type\":\"Person\",\"@id\":\"https:\\\/\\\/www.aceguarulhos.com.br\\\/blog\\\/#\\\/schema\\\/person\\\/6983b51bad37489989e4f09698c26237\",\"name\":\"Assessoria de Imprensa ACE-Guarulhos\",\"image\":{\"@type\":\"ImageObject\",\"inLanguage\":\"pt-BR\",\"@id\":\"https:\\\/\\\/secure.gravatar.com\\\/avatar\\\/707f3fadd6918afeb64173ab22d8a8cb0676953098a4f31ff36dc2b4c699ef6a?s=96&d=mm&r=g\",\"url\":\"https:\\\/\\\/secure.gravatar.com\\\/avatar\\\/707f3fadd6918afeb64173ab22d8a8cb0676953098a4f31ff36dc2b4c699ef6a?s=96&d=mm&r=g\",\"contentUrl\":\"https:\\\/\\\/secure.gravatar.com\\\/avatar\\\/707f3fadd6918afeb64173ab22d8a8cb0676953098a4f31ff36dc2b4c699ef6a?s=96&d=mm&r=g\",\"caption\":\"Assessoria de Imprensa ACE-Guarulhos\"},\"url\":\"https:\\\/\\\/www.aceguarulhos.com.br\\\/blog\\\/author\\\/assessoria-de-imprensa-ace-guarulhos\\\/\"}]}<\/script>\n<!-- \/ Yoast SEO plugin. -->","yoast_head_json":{"title":"Alto Tiet\u00ea cria ag\u00eancia de desenvolvimento econ\u00f4mico - ACE-Guarulhos","robots":{"index":"index","follow":"follow","max-snippet":"max-snippet:-1","max-image-preview":"max-image-preview:large","max-video-preview":"max-video-preview:-1"},"canonical":"https:\/\/www.aceguarulhos.com.br\/blog\/alto-tiet\u00ea-cria-ag\u00eancia-de-desenvolvimento-econ\u00f4mico\/","og_locale":"pt_BR","og_type":"article","og_title":"Alto Tiet\u00ea cria ag\u00eancia de desenvolvimento econ\u00f4mico - ACE-Guarulhos","og_description":"Depois de dois anos de negocia\u00e7\u00f5es, foi oficialmente fundada nesta quinta-feira dia 27, a Ag\u00eancia de Desenvolvimento Regional do Alto do Tiet\u00ea (Adrat)","og_url":"https:\/\/www.aceguarulhos.com.br\/blog\/alto-tiet\u00ea-cria-ag\u00eancia-de-desenvolvimento-econ\u00f4mico\/","og_site_name":"ACE-Guarulhos","article_publisher":"https:\/\/www.facebook.com\/aceguarulhos\/","article_published_time":"2007-09-28T14:02:04+00:00","author":"Assessoria de Imprensa ACE-Guarulhos","twitter_card":"summary_large_image","twitter_misc":{"Escrito por":"Assessoria de Imprensa ACE-Guarulhos","Est. tempo de leitura":"2 minutos"},"schema":{"@context":"https:\/\/schema.org","@graph":[{"@type":"Article","@id":"https:\/\/www.aceguarulhos.com.br\/blog\/alto-tiet%c3%aa-cria-ag%c3%aancia-de-desenvolvimento-econ%c3%b4mico\/#article","isPartOf":{"@id":"https:\/\/www.aceguarulhos.com.br\/blog\/alto-tiet%c3%aa-cria-ag%c3%aancia-de-desenvolvimento-econ%c3%b4mico\/"},"author":{"name":"Assessoria de Imprensa ACE-Guarulhos","@id":"https:\/\/www.aceguarulhos.com.br\/blog\/#\/schema\/person\/6983b51bad37489989e4f09698c26237"},"headline":"Alto Tiet\u00ea cria ag\u00eancia de desenvolvimento econ\u00f4mico","datePublished":"2007-09-28T14:02:04+00:00","mainEntityOfPage":{"@id":"https:\/\/www.aceguarulhos.com.br\/blog\/alto-tiet%c3%aa-cria-ag%c3%aancia-de-desenvolvimento-econ%c3%b4mico\/"},"wordCount":394,"commentCount":0,"publisher":{"@id":"https:\/\/www.aceguarulhos.com.br\/blog\/#organization"},"articleSection":["Not\u00edcias"],"inLanguage":"pt-BR"},{"@type":"WebPage","@id":"https:\/\/www.aceguarulhos.com.br\/blog\/alto-tiet%c3%aa-cria-ag%c3%aancia-de-desenvolvimento-econ%c3%b4mico\/","url":"https:\/\/www.aceguarulhos.com.br\/blog\/alto-tiet%c3%aa-cria-ag%c3%aancia-de-desenvolvimento-econ%c3%b4mico\/","name":"Alto Tiet\u00ea cria ag\u00eancia de desenvolvimento econ\u00f4mico - ACE-Guarulhos","isPartOf":{"@id":"https:\/\/www.aceguarulhos.com.br\/blog\/#website"},"datePublished":"2007-09-28T14:02:04+00:00","breadcrumb":{"@id":"https:\/\/www.aceguarulhos.com.br\/blog\/alto-tiet%c3%aa-cria-ag%c3%aancia-de-desenvolvimento-econ%c3%b4mico\/#breadcrumb"},"inLanguage":"pt-BR","potentialAction":[{"@type":"ReadAction","target":["https:\/\/www.aceguarulhos.com.br\/blog\/alto-tiet%c3%aa-cria-ag%c3%aancia-de-desenvolvimento-econ%c3%b4mico\/"]}]},{"@type":"BreadcrumbList","@id":"https:\/\/www.aceguarulhos.com.br\/blog\/alto-tiet%c3%aa-cria-ag%c3%aancia-de-desenvolvimento-econ%c3%b4mico\/#breadcrumb","itemListElement":[{"@type":"ListItem","position":1,"name":"In\u00edcio","item":"https:\/\/www.aceguarulhos.com.br\/blog\/"},{"@type":"ListItem","position":2,"name":"Alto Tiet\u00ea cria ag\u00eancia de desenvolvimento econ\u00f4mico"}]},{"@type":"WebSite","@id":"https:\/\/www.aceguarulhos.com.br\/blog\/#website","url":"https:\/\/www.aceguarulhos.com.br\/blog\/","name":"ACE-Guarulhos","description":"A ACE-Guarulhos \u00e9 uma associa\u00e7\u00e3o que ap\u00f3ia os empres\u00e1rios guarulhenses atrav\u00e9s da representa\u00e7\u00e3o, da gera\u00e7\u00e3o de neg\u00f3cios e presta\u00e7\u00e3o de servi\u00e7os.","publisher":{"@id":"https:\/\/www.aceguarulhos.com.br\/blog\/#organization"},"potentialAction":[{"@type":"SearchAction","target":{"@type":"EntryPoint","urlTemplate":"https:\/\/www.aceguarulhos.com.br\/blog\/?s={search_term_string}"},"query-input":{"@type":"PropertyValueSpecification","valueRequired":true,"valueName":"search_term_string"}}],"inLanguage":"pt-BR"},{"@type":"Organization","@id":"https:\/\/www.aceguarulhos.com.br\/blog\/#organization","name":"ACE-Guarulhos","url":"https:\/\/www.aceguarulhos.com.br\/blog\/","logo":{"@type":"ImageObject","inLanguage":"pt-BR","@id":"https:\/\/www.aceguarulhos.com.br\/blog\/#\/schema\/logo\/image\/","url":"https:\/\/www.aceguarulhos.com.br\/blog\/wp-content\/uploads\/2017\/12\/logo-aceguarulhos-2018.png","contentUrl":"https:\/\/www.aceguarulhos.com.br\/blog\/wp-content\/uploads\/2017\/12\/logo-aceguarulhos-2018.png","width":419,"height":76,"caption":"ACE-Guarulhos"},"image":{"@id":"https:\/\/www.aceguarulhos.com.br\/blog\/#\/schema\/logo\/image\/"},"sameAs":["https:\/\/www.facebook.com\/aceguarulhos\/","https:\/\/br.linkedin.com\/in\/ace-guarulhos-b9a97093","https:\/\/www.youtube.com\/user\/aceguarulhos"]},{"@type":"Person","@id":"https:\/\/www.aceguarulhos.com.br\/blog\/#\/schema\/person\/6983b51bad37489989e4f09698c26237","name":"Assessoria de Imprensa ACE-Guarulhos","image":{"@type":"ImageObject","inLanguage":"pt-BR","@id":"https:\/\/secure.gravatar.com\/avatar\/707f3fadd6918afeb64173ab22d8a8cb0676953098a4f31ff36dc2b4c699ef6a?s=96&d=mm&r=g","url":"https:\/\/secure.gravatar.com\/avatar\/707f3fadd6918afeb64173ab22d8a8cb0676953098a4f31ff36dc2b4c699ef6a?s=96&d=mm&r=g","contentUrl":"https:\/\/secure.gravatar.com\/avatar\/707f3fadd6918afeb64173ab22d8a8cb0676953098a4f31ff36dc2b4c699ef6a?s=96&d=mm&r=g","caption":"Assessoria de Imprensa ACE-Guarulhos"},"url":"https:\/\/www.aceguarulhos.com.br\/blog\/author\/assessoria-de-imprensa-ace-guarulhos\/"}]}},"wps_subtitle":"","amp_enabled":true,"_links":{"self":[{"href":"https:\/\/www.aceguarulhos.com.br\/blog\/wp-json\/wp\/v2\/posts\/32229","targetHints":{"allow":["GET"]}}],"collection":[{"href":"https:\/\/www.aceguarulhos.com.br\/blog\/wp-json\/wp\/v2\/posts"}],"about":[{"href":"https:\/\/www.aceguarulhos.com.br\/blog\/wp-json\/wp\/v2\/types\/post"}],"author":[{"embeddable":true,"href":"https:\/\/www.aceguarulhos.com.br\/blog\/wp-json\/wp\/v2\/users\/8"}],"replies":[{"embeddable":true,"href":"https:\/\/www.aceguarulhos.com.br\/blog\/wp-json\/wp\/v2\/comments?post=32229"}],"version-history":[{"count":0,"href":"https:\/\/www.aceguarulhos.com.br\/blog\/wp-json\/wp\/v2\/posts\/32229\/revisions"}],"wp:attachment":[{"href":"https:\/\/www.aceguarulhos.com.br\/blog\/wp-json\/wp\/v2\/media?parent=32229"}],"wp:term":[{"taxonomy":"category","embeddable":true,"href":"https:\/\/www.aceguarulhos.com.br\/blog\/wp-json\/wp\/v2\/categories?post=32229"},{"taxonomy":"post_tag","embeddable":true,"href":"https:\/\/www.aceguarulhos.com.br\/blog\/wp-json\/wp\/v2\/tags?post=32229"}],"curies":[{"name":"wp","href":"https:\/\/api.w.org\/{rel}","templated":true}]}}