{"id":32215,"date":"2007-09-28T09:30:35","date_gmt":"2007-09-28T09:30:35","guid":{"rendered":"http:\/\/www.aceguarulhos.com.br\/blog\/?p=32215"},"modified":"-0001-11-30T00:00:00","modified_gmt":"-0001-11-30T03:00:00","slug":"evento-divulga-detalhes-sobre-1%c2%ba-festival-de-cultura-digital","status":"publish","type":"post","link":"https:\/\/www.aceguarulhos.com.br\/blog\/evento-divulga-detalhes-sobre-1%c2%ba-festival-de-cultura-digital\/","title":{"rendered":"Evento divulga detalhes sobre 1\u00ba Festival de Cultura Digital"},"content":{"rendered":"<p>As secretarias de Comunica\u00e7\u00e3o e Cultura apresentaram nesta quarta-feira, dia 26, a representantes da administra\u00e7\u00e3o municipal, detalhes do 1\u00ba Festival de Cultura Digital de Guarulhos. In\u00e9dita no pa\u00eds, a realiza\u00e7\u00e3o do evento vai estimular a participa\u00e7\u00e3o da popula\u00e7\u00e3o no espa\u00e7o virtual e agir como instrumento de est\u00edmulo \u00e0 produ\u00e7\u00e3o digital dentro do esp\u00edrito da web 2.0.<\/p>\n<p>Interessados em participar do 1\u00ba Festival de Cultura Digital dever\u00e3o postar conte\u00fados (fotos, textos, anima\u00e7\u00f5es, blogs, v\u00eddeos, entre outros) relacionados com a vida da cidade, de 25 de outubro a 21 de novembro, em um portal que est\u00e1 sendo desenvolvido. As melhores produ\u00e7\u00f5es ser\u00e3o premiadas em data a ser fixada no m\u00eas de dezembro, durante as comemora\u00e7\u00f5es no anivers\u00e1rio de Guarulhos.<br \/><b><br \/>Cursos<\/b><\/p>\n<p>Para facilitar a produ\u00e7\u00e3o e edi\u00e7\u00e3o de conte\u00fados digitais para a internet, a Prefeitura est\u00e1 com inscri\u00e7\u00f5es abertas at\u00e9 o dia 11 de outubro para cursos de micro-document\u00e1rio, Web TV, blog\/fotolog\/audiolog e anima\u00e7\u00e3o 3D. Ao todo, s\u00e3o oferecidas 480 vagas. Quem fizer os cursos estar\u00e1 capacitado para participar do concurso, embora este n\u00e3o seja pr\u00e9-requisito obrigat\u00f3rio. O 1\u00ba Festival de Cultura Digital \u00e9 aberto a todas as pessoas interessadas em mostrar algum material sobre a cidade de Guarulhos.<\/p>\n<p><center><\/p>\n<p class=\"midia\" style=\"width: 420px;\"><img loading=\"lazy\" decoding=\"async\" src=\"\/blog\/wp-content\/uploads\/image.php?x=i&amp;i1=100&amp;i2=20070928092857\" title=\"Richard Alberto\/PMG\" height=\"280\" width=\"420\"><br \/>A apresenta\u00e7\u00e3o do festival foi feita pelo especialista em inclus\u00e3o digital S\u00e9rgio Amadeu<\/p>\n<p><\/center><\/p>\n<p>O consultor S\u00e9rgio Amadeu, especialista em internet e inclus\u00e3o digital, que foi respons\u00e1vel pela cria\u00e7\u00e3o dos telecentros em S\u00e3o Paulo e teve marcante atua\u00e7\u00e3o no Instituto Nacional de Tecnologias de Informa\u00e7\u00e3o (ITI), aposta no sucesso da iniciativa. \u201cS\u00e3o a\u00e7\u00f5es inovadoras que incentivam uma interatividade plena, em que moradores de Guarulhos podem colocar fotos, v\u00eddeos, textos e contar hist\u00f3rias que fazem parte do cotidiano da cidade e que colaboram para o resgate de uma identidade cultural\u201d, salienta.<\/p>\n<p>Mais informa\u00e7\u00f5es podem ser obtidas em <a href=\"http:\/\/www.guarulhos.sp.gov.br\">www.guarulhos.sp.gov.br<\/a>. O lan\u00e7amento oficial do festival acontecer\u00e1 no m\u00eas de outubro.<\/p>\n","protected":false},"excerpt":{"rendered":"As secretarias de Comunica\u00e7\u00e3o e Cultura apresentaram nesta quarta-feira, dia 26, a representantes da administra\u00e7\u00e3o municipal, detalhes do 1\u00ba Festival de Cultura Digital de Guarulhos\n<a class=\"moretag\" href=\"https:\/\/www.aceguarulhos.com.br\/blog\/evento-divulga-detalhes-sobre-1%c2%ba-festival-de-cultura-digital\/\"> [...]<\/a>","protected":false},"author":8,"featured_media":0,"comment_status":"open","ping_status":"open","sticky":false,"template":"","format":"standard","meta":{"footnotes":""},"categories":[2],"tags":[],"class_list":["post-32215","post","type-post","status-publish","format-standard","hentry","category-noticias"],"yoast_head":"<!-- This site is optimized with the Yoast SEO plugin v28.1 - https:\/\/yoast.com\/product\/yoast-seo-wordpress\/ -->\n<title>Evento divulga detalhes sobre 1\u00ba Festival de Cultura Digital - ACE-Guarulhos<\/title>\n<meta name=\"robots\" content=\"index, follow, max-snippet:-1, max-image-preview:large, max-video-preview:-1\" \/>\n<link rel=\"canonical\" href=\"https:\/\/www.aceguarulhos.com.br\/blog\/evento-divulga-detalhes-sobre-1\u00ba-festival-de-cultura-digital\/\" \/>\n<meta property=\"og:locale\" content=\"pt_BR\" \/>\n<meta property=\"og:type\" content=\"article\" \/>\n<meta property=\"og:title\" content=\"Evento divulga detalhes sobre 1\u00ba Festival de Cultura Digital - ACE-Guarulhos\" \/>\n<meta property=\"og:description\" content=\"As secretarias de Comunica\u00e7\u00e3o e Cultura apresentaram nesta quarta-feira, dia 26, a representantes da administra\u00e7\u00e3o municipal, detalhes do 1\u00ba Festival de Cultura Digital de Guarulhos\" \/>\n<meta property=\"og:url\" content=\"https:\/\/www.aceguarulhos.com.br\/blog\/evento-divulga-detalhes-sobre-1\u00ba-festival-de-cultura-digital\/\" \/>\n<meta property=\"og:site_name\" content=\"ACE-Guarulhos\" \/>\n<meta property=\"article:publisher\" content=\"https:\/\/www.facebook.com\/aceguarulhos\/\" \/>\n<meta property=\"article:published_time\" content=\"2007-09-28T09:30:35+00:00\" \/>\n<meta property=\"og:image\" content=\"https:\/\/www.aceguarulhos.com.br\/blog\/wp-content\/uploads\/image.php\" \/>\n<meta name=\"author\" content=\"Assessoria de Imprensa ACE-Guarulhos\" \/>\n<meta name=\"twitter:card\" content=\"summary_large_image\" \/>\n<meta name=\"twitter:label1\" content=\"Escrito por\" \/>\n\t<meta name=\"twitter:data1\" content=\"Assessoria de Imprensa ACE-Guarulhos\" \/>\n\t<meta name=\"twitter:label2\" content=\"Est. tempo de leitura\" \/>\n\t<meta name=\"twitter:data2\" content=\"2 minutos\" \/>\n<script type=\"application\/ld+json\" class=\"yoast-schema-graph\">{\"@context\":\"https:\\\/\\\/schema.org\",\"@graph\":[{\"@type\":\"Article\",\"@id\":\"https:\\\/\\\/www.aceguarulhos.com.br\\\/blog\\\/evento-divulga-detalhes-sobre-1%c2%ba-festival-de-cultura-digital\\\/#article\",\"isPartOf\":{\"@id\":\"https:\\\/\\\/www.aceguarulhos.com.br\\\/blog\\\/evento-divulga-detalhes-sobre-1%c2%ba-festival-de-cultura-digital\\\/\"},\"author\":{\"name\":\"Assessoria de Imprensa ACE-Guarulhos\",\"@id\":\"https:\\\/\\\/www.aceguarulhos.com.br\\\/blog\\\/#\\\/schema\\\/person\\\/6983b51bad37489989e4f09698c26237\"},\"headline\":\"Evento divulga detalhes sobre 1\u00ba Festival de Cultura Digital\",\"datePublished\":\"2007-09-28T09:30:35+00:00\",\"mainEntityOfPage\":{\"@id\":\"https:\\\/\\\/www.aceguarulhos.com.br\\\/blog\\\/evento-divulga-detalhes-sobre-1%c2%ba-festival-de-cultura-digital\\\/\"},\"wordCount\":352,\"commentCount\":0,\"publisher\":{\"@id\":\"https:\\\/\\\/www.aceguarulhos.com.br\\\/blog\\\/#organization\"},\"articleSection\":[\"Not\u00edcias\"],\"inLanguage\":\"pt-BR\"},{\"@type\":\"WebPage\",\"@id\":\"https:\\\/\\\/www.aceguarulhos.com.br\\\/blog\\\/evento-divulga-detalhes-sobre-1%c2%ba-festival-de-cultura-digital\\\/\",\"url\":\"https:\\\/\\\/www.aceguarulhos.com.br\\\/blog\\\/evento-divulga-detalhes-sobre-1%c2%ba-festival-de-cultura-digital\\\/\",\"name\":\"Evento divulga detalhes sobre 1\u00ba Festival de Cultura Digital - ACE-Guarulhos\",\"isPartOf\":{\"@id\":\"https:\\\/\\\/www.aceguarulhos.com.br\\\/blog\\\/#website\"},\"datePublished\":\"2007-09-28T09:30:35+00:00\",\"breadcrumb\":{\"@id\":\"https:\\\/\\\/www.aceguarulhos.com.br\\\/blog\\\/evento-divulga-detalhes-sobre-1%c2%ba-festival-de-cultura-digital\\\/#breadcrumb\"},\"inLanguage\":\"pt-BR\",\"potentialAction\":[{\"@type\":\"ReadAction\",\"target\":[\"https:\\\/\\\/www.aceguarulhos.com.br\\\/blog\\\/evento-divulga-detalhes-sobre-1%c2%ba-festival-de-cultura-digital\\\/\"]}]},{\"@type\":\"BreadcrumbList\",\"@id\":\"https:\\\/\\\/www.aceguarulhos.com.br\\\/blog\\\/evento-divulga-detalhes-sobre-1%c2%ba-festival-de-cultura-digital\\\/#breadcrumb\",\"itemListElement\":[{\"@type\":\"ListItem\",\"position\":1,\"name\":\"In\u00edcio\",\"item\":\"https:\\\/\\\/www.aceguarulhos.com.br\\\/blog\\\/\"},{\"@type\":\"ListItem\",\"position\":2,\"name\":\"Evento divulga detalhes sobre 1\u00ba Festival de Cultura Digital\"}]},{\"@type\":\"WebSite\",\"@id\":\"https:\\\/\\\/www.aceguarulhos.com.br\\\/blog\\\/#website\",\"url\":\"https:\\\/\\\/www.aceguarulhos.com.br\\\/blog\\\/\",\"name\":\"ACE-Guarulhos\",\"description\":\"A ACE-Guarulhos \u00e9 uma associa\u00e7\u00e3o que ap\u00f3ia os empres\u00e1rios guarulhenses atrav\u00e9s da representa\u00e7\u00e3o, da gera\u00e7\u00e3o de neg\u00f3cios e presta\u00e7\u00e3o de servi\u00e7os.\",\"publisher\":{\"@id\":\"https:\\\/\\\/www.aceguarulhos.com.br\\\/blog\\\/#organization\"},\"potentialAction\":[{\"@type\":\"SearchAction\",\"target\":{\"@type\":\"EntryPoint\",\"urlTemplate\":\"https:\\\/\\\/www.aceguarulhos.com.br\\\/blog\\\/?s={search_term_string}\"},\"query-input\":{\"@type\":\"PropertyValueSpecification\",\"valueRequired\":true,\"valueName\":\"search_term_string\"}}],\"inLanguage\":\"pt-BR\"},{\"@type\":\"Organization\",\"@id\":\"https:\\\/\\\/www.aceguarulhos.com.br\\\/blog\\\/#organization\",\"name\":\"ACE-Guarulhos\",\"url\":\"https:\\\/\\\/www.aceguarulhos.com.br\\\/blog\\\/\",\"logo\":{\"@type\":\"ImageObject\",\"inLanguage\":\"pt-BR\",\"@id\":\"https:\\\/\\\/www.aceguarulhos.com.br\\\/blog\\\/#\\\/schema\\\/logo\\\/image\\\/\",\"url\":\"https:\\\/\\\/www.aceguarulhos.com.br\\\/blog\\\/wp-content\\\/uploads\\\/2017\\\/12\\\/logo-aceguarulhos-2018.png\",\"contentUrl\":\"https:\\\/\\\/www.aceguarulhos.com.br\\\/blog\\\/wp-content\\\/uploads\\\/2017\\\/12\\\/logo-aceguarulhos-2018.png\",\"width\":419,\"height\":76,\"caption\":\"ACE-Guarulhos\"},\"image\":{\"@id\":\"https:\\\/\\\/www.aceguarulhos.com.br\\\/blog\\\/#\\\/schema\\\/logo\\\/image\\\/\"},\"sameAs\":[\"https:\\\/\\\/www.facebook.com\\\/aceguarulhos\\\/\",\"https:\\\/\\\/br.linkedin.com\\\/in\\\/ace-guarulhos-b9a97093\",\"https:\\\/\\\/www.youtube.com\\\/user\\\/aceguarulhos\"]},{\"@type\":\"Person\",\"@id\":\"https:\\\/\\\/www.aceguarulhos.com.br\\\/blog\\\/#\\\/schema\\\/person\\\/6983b51bad37489989e4f09698c26237\",\"name\":\"Assessoria de Imprensa ACE-Guarulhos\",\"image\":{\"@type\":\"ImageObject\",\"inLanguage\":\"pt-BR\",\"@id\":\"https:\\\/\\\/secure.gravatar.com\\\/avatar\\\/707f3fadd6918afeb64173ab22d8a8cb0676953098a4f31ff36dc2b4c699ef6a?s=96&d=mm&r=g\",\"url\":\"https:\\\/\\\/secure.gravatar.com\\\/avatar\\\/707f3fadd6918afeb64173ab22d8a8cb0676953098a4f31ff36dc2b4c699ef6a?s=96&d=mm&r=g\",\"contentUrl\":\"https:\\\/\\\/secure.gravatar.com\\\/avatar\\\/707f3fadd6918afeb64173ab22d8a8cb0676953098a4f31ff36dc2b4c699ef6a?s=96&d=mm&r=g\",\"caption\":\"Assessoria de Imprensa ACE-Guarulhos\"},\"url\":\"https:\\\/\\\/www.aceguarulhos.com.br\\\/blog\\\/author\\\/assessoria-de-imprensa-ace-guarulhos\\\/\"}]}<\/script>\n<!-- \/ Yoast SEO plugin. -->","yoast_head_json":{"title":"Evento divulga detalhes sobre 1\u00ba Festival de Cultura Digital - ACE-Guarulhos","robots":{"index":"index","follow":"follow","max-snippet":"max-snippet:-1","max-image-preview":"max-image-preview:large","max-video-preview":"max-video-preview:-1"},"canonical":"https:\/\/www.aceguarulhos.com.br\/blog\/evento-divulga-detalhes-sobre-1\u00ba-festival-de-cultura-digital\/","og_locale":"pt_BR","og_type":"article","og_title":"Evento divulga detalhes sobre 1\u00ba Festival de Cultura Digital - ACE-Guarulhos","og_description":"As secretarias de Comunica\u00e7\u00e3o e Cultura apresentaram nesta quarta-feira, dia 26, a representantes da administra\u00e7\u00e3o municipal, detalhes do 1\u00ba Festival de Cultura Digital de Guarulhos","og_url":"https:\/\/www.aceguarulhos.com.br\/blog\/evento-divulga-detalhes-sobre-1\u00ba-festival-de-cultura-digital\/","og_site_name":"ACE-Guarulhos","article_publisher":"https:\/\/www.facebook.com\/aceguarulhos\/","article_published_time":"2007-09-28T09:30:35+00:00","og_image":[{"url":"https:\/\/www.aceguarulhos.com.br\/blog\/wp-content\/uploads\/image.php","type":"","width":"","height":""}],"author":"Assessoria de Imprensa ACE-Guarulhos","twitter_card":"summary_large_image","twitter_misc":{"Escrito por":"Assessoria de Imprensa ACE-Guarulhos","Est. tempo de leitura":"2 minutos"},"schema":{"@context":"https:\/\/schema.org","@graph":[{"@type":"Article","@id":"https:\/\/www.aceguarulhos.com.br\/blog\/evento-divulga-detalhes-sobre-1%c2%ba-festival-de-cultura-digital\/#article","isPartOf":{"@id":"https:\/\/www.aceguarulhos.com.br\/blog\/evento-divulga-detalhes-sobre-1%c2%ba-festival-de-cultura-digital\/"},"author":{"name":"Assessoria de Imprensa ACE-Guarulhos","@id":"https:\/\/www.aceguarulhos.com.br\/blog\/#\/schema\/person\/6983b51bad37489989e4f09698c26237"},"headline":"Evento divulga detalhes sobre 1\u00ba Festival de Cultura Digital","datePublished":"2007-09-28T09:30:35+00:00","mainEntityOfPage":{"@id":"https:\/\/www.aceguarulhos.com.br\/blog\/evento-divulga-detalhes-sobre-1%c2%ba-festival-de-cultura-digital\/"},"wordCount":352,"commentCount":0,"publisher":{"@id":"https:\/\/www.aceguarulhos.com.br\/blog\/#organization"},"articleSection":["Not\u00edcias"],"inLanguage":"pt-BR"},{"@type":"WebPage","@id":"https:\/\/www.aceguarulhos.com.br\/blog\/evento-divulga-detalhes-sobre-1%c2%ba-festival-de-cultura-digital\/","url":"https:\/\/www.aceguarulhos.com.br\/blog\/evento-divulga-detalhes-sobre-1%c2%ba-festival-de-cultura-digital\/","name":"Evento divulga detalhes sobre 1\u00ba Festival de Cultura Digital - ACE-Guarulhos","isPartOf":{"@id":"https:\/\/www.aceguarulhos.com.br\/blog\/#website"},"datePublished":"2007-09-28T09:30:35+00:00","breadcrumb":{"@id":"https:\/\/www.aceguarulhos.com.br\/blog\/evento-divulga-detalhes-sobre-1%c2%ba-festival-de-cultura-digital\/#breadcrumb"},"inLanguage":"pt-BR","potentialAction":[{"@type":"ReadAction","target":["https:\/\/www.aceguarulhos.com.br\/blog\/evento-divulga-detalhes-sobre-1%c2%ba-festival-de-cultura-digital\/"]}]},{"@type":"BreadcrumbList","@id":"https:\/\/www.aceguarulhos.com.br\/blog\/evento-divulga-detalhes-sobre-1%c2%ba-festival-de-cultura-digital\/#breadcrumb","itemListElement":[{"@type":"ListItem","position":1,"name":"In\u00edcio","item":"https:\/\/www.aceguarulhos.com.br\/blog\/"},{"@type":"ListItem","position":2,"name":"Evento divulga detalhes sobre 1\u00ba Festival de Cultura Digital"}]},{"@type":"WebSite","@id":"https:\/\/www.aceguarulhos.com.br\/blog\/#website","url":"https:\/\/www.aceguarulhos.com.br\/blog\/","name":"ACE-Guarulhos","description":"A ACE-Guarulhos \u00e9 uma associa\u00e7\u00e3o que ap\u00f3ia os empres\u00e1rios guarulhenses atrav\u00e9s da representa\u00e7\u00e3o, da gera\u00e7\u00e3o de neg\u00f3cios e presta\u00e7\u00e3o de servi\u00e7os.","publisher":{"@id":"https:\/\/www.aceguarulhos.com.br\/blog\/#organization"},"potentialAction":[{"@type":"SearchAction","target":{"@type":"EntryPoint","urlTemplate":"https:\/\/www.aceguarulhos.com.br\/blog\/?s={search_term_string}"},"query-input":{"@type":"PropertyValueSpecification","valueRequired":true,"valueName":"search_term_string"}}],"inLanguage":"pt-BR"},{"@type":"Organization","@id":"https:\/\/www.aceguarulhos.com.br\/blog\/#organization","name":"ACE-Guarulhos","url":"https:\/\/www.aceguarulhos.com.br\/blog\/","logo":{"@type":"ImageObject","inLanguage":"pt-BR","@id":"https:\/\/www.aceguarulhos.com.br\/blog\/#\/schema\/logo\/image\/","url":"https:\/\/www.aceguarulhos.com.br\/blog\/wp-content\/uploads\/2017\/12\/logo-aceguarulhos-2018.png","contentUrl":"https:\/\/www.aceguarulhos.com.br\/blog\/wp-content\/uploads\/2017\/12\/logo-aceguarulhos-2018.png","width":419,"height":76,"caption":"ACE-Guarulhos"},"image":{"@id":"https:\/\/www.aceguarulhos.com.br\/blog\/#\/schema\/logo\/image\/"},"sameAs":["https:\/\/www.facebook.com\/aceguarulhos\/","https:\/\/br.linkedin.com\/in\/ace-guarulhos-b9a97093","https:\/\/www.youtube.com\/user\/aceguarulhos"]},{"@type":"Person","@id":"https:\/\/www.aceguarulhos.com.br\/blog\/#\/schema\/person\/6983b51bad37489989e4f09698c26237","name":"Assessoria de Imprensa ACE-Guarulhos","image":{"@type":"ImageObject","inLanguage":"pt-BR","@id":"https:\/\/secure.gravatar.com\/avatar\/707f3fadd6918afeb64173ab22d8a8cb0676953098a4f31ff36dc2b4c699ef6a?s=96&d=mm&r=g","url":"https:\/\/secure.gravatar.com\/avatar\/707f3fadd6918afeb64173ab22d8a8cb0676953098a4f31ff36dc2b4c699ef6a?s=96&d=mm&r=g","contentUrl":"https:\/\/secure.gravatar.com\/avatar\/707f3fadd6918afeb64173ab22d8a8cb0676953098a4f31ff36dc2b4c699ef6a?s=96&d=mm&r=g","caption":"Assessoria de Imprensa ACE-Guarulhos"},"url":"https:\/\/www.aceguarulhos.com.br\/blog\/author\/assessoria-de-imprensa-ace-guarulhos\/"}]}},"wps_subtitle":"","amp_enabled":true,"_links":{"self":[{"href":"https:\/\/www.aceguarulhos.com.br\/blog\/wp-json\/wp\/v2\/posts\/32215","targetHints":{"allow":["GET"]}}],"collection":[{"href":"https:\/\/www.aceguarulhos.com.br\/blog\/wp-json\/wp\/v2\/posts"}],"about":[{"href":"https:\/\/www.aceguarulhos.com.br\/blog\/wp-json\/wp\/v2\/types\/post"}],"author":[{"embeddable":true,"href":"https:\/\/www.aceguarulhos.com.br\/blog\/wp-json\/wp\/v2\/users\/8"}],"replies":[{"embeddable":true,"href":"https:\/\/www.aceguarulhos.com.br\/blog\/wp-json\/wp\/v2\/comments?post=32215"}],"version-history":[{"count":0,"href":"https:\/\/www.aceguarulhos.com.br\/blog\/wp-json\/wp\/v2\/posts\/32215\/revisions"}],"wp:attachment":[{"href":"https:\/\/www.aceguarulhos.com.br\/blog\/wp-json\/wp\/v2\/media?parent=32215"}],"wp:term":[{"taxonomy":"category","embeddable":true,"href":"https:\/\/www.aceguarulhos.com.br\/blog\/wp-json\/wp\/v2\/categories?post=32215"},{"taxonomy":"post_tag","embeddable":true,"href":"https:\/\/www.aceguarulhos.com.br\/blog\/wp-json\/wp\/v2\/tags?post=32215"}],"curies":[{"name":"wp","href":"https:\/\/api.w.org\/{rel}","templated":true}]}}