{"id":32204,"date":"2007-09-27T10:34:46","date_gmt":"2007-09-27T10:34:46","guid":{"rendered":"http:\/\/www.aceguarulhos.com.br\/blog\/?p=32204"},"modified":"-0001-11-30T00:00:00","modified_gmt":"-0001-11-30T03:00:00","slug":"varejo-verde-ser%c3%a1-o-fim-do-pl%c3%a1stico","status":"publish","type":"post","link":"https:\/\/www.aceguarulhos.com.br\/blog\/varejo-verde-ser%c3%a1-o-fim-do-pl%c3%a1stico\/","title":{"rendered":"Varejo Verde: ser\u00e1 o fim do pl\u00e1stico?"},"content":{"rendered":"<p><i>O varejo est\u00e1 preocupado com a utiliza\u00e7\u00e3o de sacolas pl\u00e1sticas e procura alternativas para diminuir o consumo ou substituir o uso por completo<\/i><\/p>\n<p>Algumas lojas e supermercados come\u00e7am a aderir ao movimento, incentivando o uso de sacolas com material recicl\u00e1vel e de tecidos. De acordo com dados da Funda\u00e7\u00e3o Verde, nos supermercados brasileiros, s\u00e3o consumidas um bilh\u00e3o de sacolas pl\u00e1sticas por m\u00eas. Na capital paulista, s\u00e3o 66 milh\u00f5es mensais. Desses n\u00fameros, estima-se que 80% se transformam em sacos de lixo dom\u00e9stico. <\/p>\n<p>Diante desse cen\u00e1rio, empresas j\u00e1 prop\u00f5em alternativas. A Gatto de Rua aposta na Bag Market. Confeccionada em tecido n\u00e3o tecido (TNT), a sacola pode ser acomodada no carrinho de supermercado e tem tr\u00eas reparti\u00e7\u00f5es, que podem ser levadas separadamente. Cada sacola ag\u00fcenta at\u00e9 30 quilos. Os valores v\u00e3o de R$ 60 a R$ 80 . <\/p>\n<p>J\u00e1 a rede P\u00e3o de A\u00e7\u00facar incentiva seus clientes a comprar o produto retorn\u00e1vel. Tamb\u00e9m em TNT, as sacolas t\u00eam desenhos de animais em risco de extin\u00e7\u00e3o. As sacolas, feitas em parceria com a SOS Mata Atl\u00e2ntica, custam R$ 3,99. Em todo o Pa\u00eds, j\u00e1 foram vendidas aproximadamente 80 mil. <\/p>\n<p>A Tok&amp;Stok \u00e9 outra empresa que est\u00e1 investindo em embalagens de papel. As sacolas para presente s\u00e3o feitas de material p\u00f3s-consumo reciclado. &#8220;Essa iniciativa de trocar o papel branco por um material 100% proveniente de lixo reciclado \u00e9 ben\u00e9fica para todos. O investimento representa uma forma vi\u00e1vel de prote\u00e7\u00e3o \u00e0s \u00e1reas ambientais e agrega valor e consci\u00eancia ao nosso consumidor&#8221;, disse o gerente comercial, Nilo Signorini. <\/p>\n<p>Para incentivar o consumidor a racionalizar o uso de sacolas descart\u00e1veis e a optar pelas retorn\u00e1veis, no \u00faltimo dia 12, a Secretaria Municipal do Verde e Meio Ambiente, lan\u00e7ou a campanha Eu n\u00e3o sou de pl\u00e1stico , com a cria\u00e7\u00e3o de dois modelos em tecido. As vers\u00f5es &#8220;Eu n\u00e3o sou de pl\u00e1stico&#8221; e &#8220;Minha v\u00f3 j\u00e1 usava sacola de pano&#8221; ficar\u00e3o expostas no Senac da Lapa at\u00e9 o dia 4 de outubro. <\/p>\n<p>Os temas alternativas de embalagens e os impactos das sacolas pl\u00e1sticas no meio ambiente foram debatidos ontem, em um f\u00f3rum realizado pela Associa\u00e7\u00e3o Brasileira de Supermercados (Abras) e pelo Instituto para Desenvolvimento do Varejo (IDV), na Funda\u00e7\u00e3o Get\u00falio Vargas. <\/p>\n<p>N\u00fameros \u2013 N\u00e3o faz muito tempo que as sacolas de pl\u00e1stico passaram a fazer parte do cotidiano do consumidor. Elas apareceram na d\u00e9cada de 1970 e desde ent\u00e3o viraram produto essencial, tanto para lojistas, j\u00e1 que s\u00e3o utilizadas como publicidade, quanto para o consumidor, pela boa aceita\u00e7\u00e3o e por se transformar em sacos de lixo, uma forma de economia dom\u00e9stica. <\/p>\n<p>&#8220;Hoje, independentemente do produto que o consumidor compra, pode ser at\u00e9 uma pilha, ele recebe uma sacola imensa. Utilizar sacos pl\u00e1sticos faz parte da nossa cultura e isso s\u00f3 mudar\u00e1 quando o consumidor deixar de aceitar essas embalagens&#8221;, disse o presidente da Abras, Sussumu Honda. <\/p>\n<p>Para se ter uma id\u00e9ia da dimens\u00e3o do problema, uma sacola pl\u00e1stica pode demorar at\u00e9 500 anos para se decompor. &#8220;Em outros pa\u00edses, como na Alemanha, esse problema j\u00e1 foi resolvido. L\u00e1, o cliente que n\u00e3o levar a sua sacola para fazer compras, paga 0,06 euro por uma sacola pequena e 0,09 euro por uma grande. No Brasil, o consumo de sacolas pl\u00e1sticas n\u00e3o \u00e9 uma quest\u00e3o de lei, mas sim de cultura. Na Alemanha, a embalagem retorn\u00e1vel funciona muito bem. Aqui ainda estamos na era do descart\u00e1vel&#8221;, disse Sussumu.<\/p>\n","protected":false},"excerpt":{"rendered":"O varejo est\u00e1 preocupado com a utiliza\u00e7\u00e3o de sacolas pl\u00e1sticas e procura alternativas para diminuir o consumo ou substituir o uso por completo \n<a class=\"moretag\" href=\"https:\/\/www.aceguarulhos.com.br\/blog\/varejo-verde-ser%c3%a1-o-fim-do-pl%c3%a1stico\/\"> [...]<\/a>","protected":false},"author":8,"featured_media":0,"comment_status":"open","ping_status":"open","sticky":false,"template":"","format":"standard","meta":{"footnotes":""},"categories":[2],"tags":[],"class_list":["post-32204","post","type-post","status-publish","format-standard","hentry","category-noticias"],"yoast_head":"<!-- This site is optimized with the Yoast SEO plugin v28.1 - https:\/\/yoast.com\/product\/yoast-seo-wordpress\/ -->\n<title>Varejo Verde: ser\u00e1 o fim do pl\u00e1stico?  - ACE-Guarulhos<\/title>\n<meta name=\"robots\" content=\"index, follow, max-snippet:-1, max-image-preview:large, max-video-preview:-1\" \/>\n<link rel=\"canonical\" href=\"https:\/\/www.aceguarulhos.com.br\/blog\/varejo-verde-ser\u00e1-o-fim-do-pl\u00e1stico\/\" \/>\n<meta property=\"og:locale\" content=\"pt_BR\" \/>\n<meta property=\"og:type\" content=\"article\" \/>\n<meta property=\"og:title\" content=\"Varejo Verde: ser\u00e1 o fim do pl\u00e1stico?  - ACE-Guarulhos\" \/>\n<meta property=\"og:description\" content=\"O varejo est\u00e1 preocupado com a utiliza\u00e7\u00e3o de sacolas pl\u00e1sticas e procura alternativas para diminuir o consumo ou substituir o uso por completo\" \/>\n<meta property=\"og:url\" content=\"https:\/\/www.aceguarulhos.com.br\/blog\/varejo-verde-ser\u00e1-o-fim-do-pl\u00e1stico\/\" \/>\n<meta property=\"og:site_name\" content=\"ACE-Guarulhos\" \/>\n<meta property=\"article:publisher\" content=\"https:\/\/www.facebook.com\/aceguarulhos\/\" \/>\n<meta property=\"article:published_time\" content=\"2007-09-27T10:34:46+00:00\" \/>\n<meta name=\"author\" content=\"Assessoria de Imprensa ACE-Guarulhos\" \/>\n<meta name=\"twitter:card\" content=\"summary_large_image\" \/>\n<meta name=\"twitter:label1\" content=\"Escrito por\" \/>\n\t<meta name=\"twitter:data1\" content=\"Assessoria de Imprensa ACE-Guarulhos\" \/>\n\t<meta name=\"twitter:label2\" content=\"Est. tempo de leitura\" \/>\n\t<meta name=\"twitter:data2\" content=\"3 minutos\" \/>\n<script type=\"application\/ld+json\" class=\"yoast-schema-graph\">{\"@context\":\"https:\\\/\\\/schema.org\",\"@graph\":[{\"@type\":\"Article\",\"@id\":\"https:\\\/\\\/www.aceguarulhos.com.br\\\/blog\\\/varejo-verde-ser%c3%a1-o-fim-do-pl%c3%a1stico\\\/#article\",\"isPartOf\":{\"@id\":\"https:\\\/\\\/www.aceguarulhos.com.br\\\/blog\\\/varejo-verde-ser%c3%a1-o-fim-do-pl%c3%a1stico\\\/\"},\"author\":{\"name\":\"Assessoria de Imprensa ACE-Guarulhos\",\"@id\":\"https:\\\/\\\/www.aceguarulhos.com.br\\\/blog\\\/#\\\/schema\\\/person\\\/6983b51bad37489989e4f09698c26237\"},\"headline\":\"Varejo Verde: ser\u00e1 o fim do pl\u00e1stico?\",\"datePublished\":\"2007-09-27T10:34:46+00:00\",\"mainEntityOfPage\":{\"@id\":\"https:\\\/\\\/www.aceguarulhos.com.br\\\/blog\\\/varejo-verde-ser%c3%a1-o-fim-do-pl%c3%a1stico\\\/\"},\"wordCount\":616,\"commentCount\":0,\"publisher\":{\"@id\":\"https:\\\/\\\/www.aceguarulhos.com.br\\\/blog\\\/#organization\"},\"articleSection\":[\"Not\u00edcias\"],\"inLanguage\":\"pt-BR\"},{\"@type\":\"WebPage\",\"@id\":\"https:\\\/\\\/www.aceguarulhos.com.br\\\/blog\\\/varejo-verde-ser%c3%a1-o-fim-do-pl%c3%a1stico\\\/\",\"url\":\"https:\\\/\\\/www.aceguarulhos.com.br\\\/blog\\\/varejo-verde-ser%c3%a1-o-fim-do-pl%c3%a1stico\\\/\",\"name\":\"Varejo Verde: ser\u00e1 o fim do pl\u00e1stico? - ACE-Guarulhos\",\"isPartOf\":{\"@id\":\"https:\\\/\\\/www.aceguarulhos.com.br\\\/blog\\\/#website\"},\"datePublished\":\"2007-09-27T10:34:46+00:00\",\"breadcrumb\":{\"@id\":\"https:\\\/\\\/www.aceguarulhos.com.br\\\/blog\\\/varejo-verde-ser%c3%a1-o-fim-do-pl%c3%a1stico\\\/#breadcrumb\"},\"inLanguage\":\"pt-BR\",\"potentialAction\":[{\"@type\":\"ReadAction\",\"target\":[\"https:\\\/\\\/www.aceguarulhos.com.br\\\/blog\\\/varejo-verde-ser%c3%a1-o-fim-do-pl%c3%a1stico\\\/\"]}]},{\"@type\":\"BreadcrumbList\",\"@id\":\"https:\\\/\\\/www.aceguarulhos.com.br\\\/blog\\\/varejo-verde-ser%c3%a1-o-fim-do-pl%c3%a1stico\\\/#breadcrumb\",\"itemListElement\":[{\"@type\":\"ListItem\",\"position\":1,\"name\":\"In\u00edcio\",\"item\":\"https:\\\/\\\/www.aceguarulhos.com.br\\\/blog\\\/\"},{\"@type\":\"ListItem\",\"position\":2,\"name\":\"Varejo Verde: ser\u00e1 o fim do pl\u00e1stico?\"}]},{\"@type\":\"WebSite\",\"@id\":\"https:\\\/\\\/www.aceguarulhos.com.br\\\/blog\\\/#website\",\"url\":\"https:\\\/\\\/www.aceguarulhos.com.br\\\/blog\\\/\",\"name\":\"ACE-Guarulhos\",\"description\":\"A ACE-Guarulhos \u00e9 uma associa\u00e7\u00e3o que ap\u00f3ia os empres\u00e1rios guarulhenses atrav\u00e9s da representa\u00e7\u00e3o, da gera\u00e7\u00e3o de neg\u00f3cios e presta\u00e7\u00e3o de servi\u00e7os.\",\"publisher\":{\"@id\":\"https:\\\/\\\/www.aceguarulhos.com.br\\\/blog\\\/#organization\"},\"potentialAction\":[{\"@type\":\"SearchAction\",\"target\":{\"@type\":\"EntryPoint\",\"urlTemplate\":\"https:\\\/\\\/www.aceguarulhos.com.br\\\/blog\\\/?s={search_term_string}\"},\"query-input\":{\"@type\":\"PropertyValueSpecification\",\"valueRequired\":true,\"valueName\":\"search_term_string\"}}],\"inLanguage\":\"pt-BR\"},{\"@type\":\"Organization\",\"@id\":\"https:\\\/\\\/www.aceguarulhos.com.br\\\/blog\\\/#organization\",\"name\":\"ACE-Guarulhos\",\"url\":\"https:\\\/\\\/www.aceguarulhos.com.br\\\/blog\\\/\",\"logo\":{\"@type\":\"ImageObject\",\"inLanguage\":\"pt-BR\",\"@id\":\"https:\\\/\\\/www.aceguarulhos.com.br\\\/blog\\\/#\\\/schema\\\/logo\\\/image\\\/\",\"url\":\"https:\\\/\\\/www.aceguarulhos.com.br\\\/blog\\\/wp-content\\\/uploads\\\/2017\\\/12\\\/logo-aceguarulhos-2018.png\",\"contentUrl\":\"https:\\\/\\\/www.aceguarulhos.com.br\\\/blog\\\/wp-content\\\/uploads\\\/2017\\\/12\\\/logo-aceguarulhos-2018.png\",\"width\":419,\"height\":76,\"caption\":\"ACE-Guarulhos\"},\"image\":{\"@id\":\"https:\\\/\\\/www.aceguarulhos.com.br\\\/blog\\\/#\\\/schema\\\/logo\\\/image\\\/\"},\"sameAs\":[\"https:\\\/\\\/www.facebook.com\\\/aceguarulhos\\\/\",\"https:\\\/\\\/br.linkedin.com\\\/in\\\/ace-guarulhos-b9a97093\",\"https:\\\/\\\/www.youtube.com\\\/user\\\/aceguarulhos\"]},{\"@type\":\"Person\",\"@id\":\"https:\\\/\\\/www.aceguarulhos.com.br\\\/blog\\\/#\\\/schema\\\/person\\\/6983b51bad37489989e4f09698c26237\",\"name\":\"Assessoria de Imprensa ACE-Guarulhos\",\"image\":{\"@type\":\"ImageObject\",\"inLanguage\":\"pt-BR\",\"@id\":\"https:\\\/\\\/secure.gravatar.com\\\/avatar\\\/707f3fadd6918afeb64173ab22d8a8cb0676953098a4f31ff36dc2b4c699ef6a?s=96&d=mm&r=g\",\"url\":\"https:\\\/\\\/secure.gravatar.com\\\/avatar\\\/707f3fadd6918afeb64173ab22d8a8cb0676953098a4f31ff36dc2b4c699ef6a?s=96&d=mm&r=g\",\"contentUrl\":\"https:\\\/\\\/secure.gravatar.com\\\/avatar\\\/707f3fadd6918afeb64173ab22d8a8cb0676953098a4f31ff36dc2b4c699ef6a?s=96&d=mm&r=g\",\"caption\":\"Assessoria de Imprensa ACE-Guarulhos\"},\"url\":\"https:\\\/\\\/www.aceguarulhos.com.br\\\/blog\\\/author\\\/assessoria-de-imprensa-ace-guarulhos\\\/\"}]}<\/script>\n<!-- \/ Yoast SEO plugin. -->","yoast_head_json":{"title":"Varejo Verde: ser\u00e1 o fim do pl\u00e1stico?  - ACE-Guarulhos","robots":{"index":"index","follow":"follow","max-snippet":"max-snippet:-1","max-image-preview":"max-image-preview:large","max-video-preview":"max-video-preview:-1"},"canonical":"https:\/\/www.aceguarulhos.com.br\/blog\/varejo-verde-ser\u00e1-o-fim-do-pl\u00e1stico\/","og_locale":"pt_BR","og_type":"article","og_title":"Varejo Verde: ser\u00e1 o fim do pl\u00e1stico?  - ACE-Guarulhos","og_description":"O varejo est\u00e1 preocupado com a utiliza\u00e7\u00e3o de sacolas pl\u00e1sticas e procura alternativas para diminuir o consumo ou substituir o uso por completo","og_url":"https:\/\/www.aceguarulhos.com.br\/blog\/varejo-verde-ser\u00e1-o-fim-do-pl\u00e1stico\/","og_site_name":"ACE-Guarulhos","article_publisher":"https:\/\/www.facebook.com\/aceguarulhos\/","article_published_time":"2007-09-27T10:34:46+00:00","author":"Assessoria de Imprensa ACE-Guarulhos","twitter_card":"summary_large_image","twitter_misc":{"Escrito por":"Assessoria de Imprensa ACE-Guarulhos","Est. tempo de leitura":"3 minutos"},"schema":{"@context":"https:\/\/schema.org","@graph":[{"@type":"Article","@id":"https:\/\/www.aceguarulhos.com.br\/blog\/varejo-verde-ser%c3%a1-o-fim-do-pl%c3%a1stico\/#article","isPartOf":{"@id":"https:\/\/www.aceguarulhos.com.br\/blog\/varejo-verde-ser%c3%a1-o-fim-do-pl%c3%a1stico\/"},"author":{"name":"Assessoria de Imprensa ACE-Guarulhos","@id":"https:\/\/www.aceguarulhos.com.br\/blog\/#\/schema\/person\/6983b51bad37489989e4f09698c26237"},"headline":"Varejo Verde: ser\u00e1 o fim do pl\u00e1stico?","datePublished":"2007-09-27T10:34:46+00:00","mainEntityOfPage":{"@id":"https:\/\/www.aceguarulhos.com.br\/blog\/varejo-verde-ser%c3%a1-o-fim-do-pl%c3%a1stico\/"},"wordCount":616,"commentCount":0,"publisher":{"@id":"https:\/\/www.aceguarulhos.com.br\/blog\/#organization"},"articleSection":["Not\u00edcias"],"inLanguage":"pt-BR"},{"@type":"WebPage","@id":"https:\/\/www.aceguarulhos.com.br\/blog\/varejo-verde-ser%c3%a1-o-fim-do-pl%c3%a1stico\/","url":"https:\/\/www.aceguarulhos.com.br\/blog\/varejo-verde-ser%c3%a1-o-fim-do-pl%c3%a1stico\/","name":"Varejo Verde: ser\u00e1 o fim do pl\u00e1stico? - ACE-Guarulhos","isPartOf":{"@id":"https:\/\/www.aceguarulhos.com.br\/blog\/#website"},"datePublished":"2007-09-27T10:34:46+00:00","breadcrumb":{"@id":"https:\/\/www.aceguarulhos.com.br\/blog\/varejo-verde-ser%c3%a1-o-fim-do-pl%c3%a1stico\/#breadcrumb"},"inLanguage":"pt-BR","potentialAction":[{"@type":"ReadAction","target":["https:\/\/www.aceguarulhos.com.br\/blog\/varejo-verde-ser%c3%a1-o-fim-do-pl%c3%a1stico\/"]}]},{"@type":"BreadcrumbList","@id":"https:\/\/www.aceguarulhos.com.br\/blog\/varejo-verde-ser%c3%a1-o-fim-do-pl%c3%a1stico\/#breadcrumb","itemListElement":[{"@type":"ListItem","position":1,"name":"In\u00edcio","item":"https:\/\/www.aceguarulhos.com.br\/blog\/"},{"@type":"ListItem","position":2,"name":"Varejo Verde: ser\u00e1 o fim do pl\u00e1stico?"}]},{"@type":"WebSite","@id":"https:\/\/www.aceguarulhos.com.br\/blog\/#website","url":"https:\/\/www.aceguarulhos.com.br\/blog\/","name":"ACE-Guarulhos","description":"A ACE-Guarulhos \u00e9 uma associa\u00e7\u00e3o que ap\u00f3ia os empres\u00e1rios guarulhenses atrav\u00e9s da representa\u00e7\u00e3o, da gera\u00e7\u00e3o de neg\u00f3cios e presta\u00e7\u00e3o de servi\u00e7os.","publisher":{"@id":"https:\/\/www.aceguarulhos.com.br\/blog\/#organization"},"potentialAction":[{"@type":"SearchAction","target":{"@type":"EntryPoint","urlTemplate":"https:\/\/www.aceguarulhos.com.br\/blog\/?s={search_term_string}"},"query-input":{"@type":"PropertyValueSpecification","valueRequired":true,"valueName":"search_term_string"}}],"inLanguage":"pt-BR"},{"@type":"Organization","@id":"https:\/\/www.aceguarulhos.com.br\/blog\/#organization","name":"ACE-Guarulhos","url":"https:\/\/www.aceguarulhos.com.br\/blog\/","logo":{"@type":"ImageObject","inLanguage":"pt-BR","@id":"https:\/\/www.aceguarulhos.com.br\/blog\/#\/schema\/logo\/image\/","url":"https:\/\/www.aceguarulhos.com.br\/blog\/wp-content\/uploads\/2017\/12\/logo-aceguarulhos-2018.png","contentUrl":"https:\/\/www.aceguarulhos.com.br\/blog\/wp-content\/uploads\/2017\/12\/logo-aceguarulhos-2018.png","width":419,"height":76,"caption":"ACE-Guarulhos"},"image":{"@id":"https:\/\/www.aceguarulhos.com.br\/blog\/#\/schema\/logo\/image\/"},"sameAs":["https:\/\/www.facebook.com\/aceguarulhos\/","https:\/\/br.linkedin.com\/in\/ace-guarulhos-b9a97093","https:\/\/www.youtube.com\/user\/aceguarulhos"]},{"@type":"Person","@id":"https:\/\/www.aceguarulhos.com.br\/blog\/#\/schema\/person\/6983b51bad37489989e4f09698c26237","name":"Assessoria de Imprensa ACE-Guarulhos","image":{"@type":"ImageObject","inLanguage":"pt-BR","@id":"https:\/\/secure.gravatar.com\/avatar\/707f3fadd6918afeb64173ab22d8a8cb0676953098a4f31ff36dc2b4c699ef6a?s=96&d=mm&r=g","url":"https:\/\/secure.gravatar.com\/avatar\/707f3fadd6918afeb64173ab22d8a8cb0676953098a4f31ff36dc2b4c699ef6a?s=96&d=mm&r=g","contentUrl":"https:\/\/secure.gravatar.com\/avatar\/707f3fadd6918afeb64173ab22d8a8cb0676953098a4f31ff36dc2b4c699ef6a?s=96&d=mm&r=g","caption":"Assessoria de Imprensa ACE-Guarulhos"},"url":"https:\/\/www.aceguarulhos.com.br\/blog\/author\/assessoria-de-imprensa-ace-guarulhos\/"}]}},"wps_subtitle":"","amp_enabled":true,"_links":{"self":[{"href":"https:\/\/www.aceguarulhos.com.br\/blog\/wp-json\/wp\/v2\/posts\/32204","targetHints":{"allow":["GET"]}}],"collection":[{"href":"https:\/\/www.aceguarulhos.com.br\/blog\/wp-json\/wp\/v2\/posts"}],"about":[{"href":"https:\/\/www.aceguarulhos.com.br\/blog\/wp-json\/wp\/v2\/types\/post"}],"author":[{"embeddable":true,"href":"https:\/\/www.aceguarulhos.com.br\/blog\/wp-json\/wp\/v2\/users\/8"}],"replies":[{"embeddable":true,"href":"https:\/\/www.aceguarulhos.com.br\/blog\/wp-json\/wp\/v2\/comments?post=32204"}],"version-history":[{"count":0,"href":"https:\/\/www.aceguarulhos.com.br\/blog\/wp-json\/wp\/v2\/posts\/32204\/revisions"}],"wp:attachment":[{"href":"https:\/\/www.aceguarulhos.com.br\/blog\/wp-json\/wp\/v2\/media?parent=32204"}],"wp:term":[{"taxonomy":"category","embeddable":true,"href":"https:\/\/www.aceguarulhos.com.br\/blog\/wp-json\/wp\/v2\/categories?post=32204"},{"taxonomy":"post_tag","embeddable":true,"href":"https:\/\/www.aceguarulhos.com.br\/blog\/wp-json\/wp\/v2\/tags?post=32204"}],"curies":[{"name":"wp","href":"https:\/\/api.w.org\/{rel}","templated":true}]}}