{"id":32164,"date":"2007-09-19T08:51:08","date_gmt":"2007-09-19T08:51:08","guid":{"rendered":"http:\/\/www.aceguarulhos.com.br\/blog\/?p=32164"},"modified":"-0001-11-30T00:00:00","modified_gmt":"-0001-11-30T03:00:00","slug":"viva-guarulhos-tem-nova-diretoria","status":"publish","type":"post","link":"https:\/\/www.aceguarulhos.com.br\/blog\/viva-guarulhos-tem-nova-diretoria\/","title":{"rendered":"Viva Guarulhos tem nova diretoria"},"content":{"rendered":"<p>Uma p\u00e1gina de louvor e m\u00e9rito foi escrita nesta ter\u00e7a-feira, 18 de setembro, no livro das ex\u00edmias pr\u00e1ticas de responsabilidade social do munic\u00edpio de Guarulhos. &nbsp;<\/p>\n<p>Jos\u00e9 Roberto Mendes da Silva, Hugo Mesquita (presidente e vice) e demais membros da diretoria despediram-se da Viva Guarulhos, uma entidade reconhecida internacionalmente pelo profissionalismo e efic\u00e1cia de seus projetos visando \u00e0 qualidade de vida da cidade.<br \/>&nbsp;<br \/>Assume a presid\u00eancia, por aclama\u00e7\u00e3o, Pedro Fabri, juntamente com Wanderley Areias Neto, vice, pessoas que j\u00e1 acompanhavam o trabalho da entidade desde a sua funda\u00e7\u00e3o. <br \/><center><\/p>\n<p class=\"midia\" style=\"width: 420px;\"><img loading=\"lazy\" decoding=\"async\" src=\"\/blog\/wp-content\/uploads\/image.php?x=i&amp;i1=100&amp;i2=20070919103300\" title=\"Divulga\u00e7\u00e3o\" height=\"315\" width=\"420\"><br \/>Pedro Fabri<\/p>\n<p><\/center>&nbsp;<br \/>&#8220;Foi um chamamento irrecus\u00e1vel&#8221;, afirmou Fabri, para quem &#8220;\u00c9 uma estrada j\u00e1 devidamente pavimentada e cuja responsabilidade em guiar, embora grande, \u00e9 reconfortada pela possibilidade de contar com o apoio dos meus antecessores&#8221;, disse.<br \/>&nbsp;<br \/>Aplaudido efusivamente, Jos\u00e9 Roberto Mendes da Silva, outrora presidente, falou em nome da empresa na qual exerce o cargo majorit\u00e1rio, Bardella S\/A, e em seu pr\u00f3prio nome, num discurso curto, mas o suficiente para comover. &#8220;Aprendi muito convivendo com pessoas maravilhosas num projeto ambicioso e in\u00e9dito em minha vida; s\u00f3 tenho a agradecer pela amizade e pela oportunidade&#8221;, declarou.<br \/>&nbsp;<br \/>Representando a ACE-Guarulhos esteve o vice-presidente do Com\u00e9rcio, Jorge Taiar que reafirmou a parceria da entidade tamb\u00e9m no Movimento Degrau. \u201cVamos aumentar o n\u00famero de jovens atendidos para serem inseridos no mercado de trabalho. Desta forma ajudamos tamb\u00e9m Guarulhos a prosperar\u201d, disse<\/p>\n<p>Antes da transi\u00e7\u00e3o para a nova diretoria foram feitos estudos visando o novo reposicionamento institucional da entidade, adequando-se \u00e0 realidade dos seus projetos e a expertise acumulada, merecendo tamb\u00e9m a consultoria da rec\u00e9m contratada Gerente Institucional, com forma\u00e7\u00e3o e experi\u00eancias na \u00e1rea de responsabilidade social empresarial. &#8220;Mudamos para melhor&#8221;, disse Hugo Mesquita, vice-presidente da entidade que apresentou o novo planejamento estrat\u00e9gico da Viva Guarulhos, contemplando uma nova miss\u00e3o, vis\u00e3o e valores. &#8220;N\u00e3o alteramos a ess\u00eancia da entidade, apenas fizemos algumas adapta\u00e7\u00f5es \u00e0 nova realidade&#8221;, informou.<br \/>&nbsp;<br \/>O evento, que foi acompanhado por um p\u00fablico de pouco mais de 50 pessoas em sua maioria associados, teve seu ponto alto com o discurso do fundador da entidade, Victor Siaulys, presidente do Conselho Deliberativo do Ach\u00e9 Laborat\u00f3rios. Siaulys rememorou parte da hist\u00f3ria da Viva Guarulhos e a manuten\u00e7\u00e3o daquilo que considera o &#8220;sopro inicial&#8221;, ou seja, &#8220;Empresas fazendo o papel do poder p\u00fablico na solu\u00e7\u00e3o dos problemas da popula\u00e7\u00e3o&#8221;, e clamou: &#8220;Continuem desta forma, na condi\u00e7\u00e3o de geradores de emprego sejamos muitos a fazer nosso papel, n\u00e3o com o r\u00f3tulo de responsabilidade social, mas sim como obriga\u00e7\u00e3o&#8221;, enfatizou.<br \/>&nbsp;<br \/>&nbsp;Um novo ciclo se inicia na Viva Guarulhos, uma entidade fundada em 2001 e que se tornou uma refer\u00eancia. Para uma das pessoas que teve a iniciativa em mobilizar empres\u00e1rios para a sua funda\u00e7\u00e3o, vale o ensinamento: &#8220;A vida s\u00f3 faz sentido se voc\u00ea tiver uma bandeira, uma miss\u00e3o, uma causa. A Viva Guarulhos \u00e9 a nossa causa&#8221;, preconizou Siaulys.<br \/>&nbsp;<br \/>Nova Diretoria &#8211; 2007\/09<br \/>&nbsp;<br \/>Diretoria Executiva<br \/>Presidente &#8211; Pedro Ernesto Fabri (Flaumar Assessoria Empresarial)<br \/>Vice-Presidente &#8211; Wanderley Areias (Leymar Servi\u00e7os Cont\u00e1beis)<br \/>1o. Secret\u00e1rio &#8211; Hugo Mesquita (Advocacia Mesquita)<br \/>2a. Secret\u00e1ria &#8211; Silvana Scarpino (Cia de Solu\u00e7\u00f5es)<br \/>1o. Tesoureiro &#8211; Pablo Alzogaray (Ach\u00e9 Lab. Farmac\u00eauticos S.A)<br \/>2o. Tesoureira &#8211; Aldair Brasil (Advocacia Brasil e Brasil)<br \/>&nbsp;<br \/>Conselho Deliberativo <br \/>Jos\u00e9 Ricardo Mendes da Silva &#8211; (Ach\u00e9 Labor. Farmac\u00eauticos S.A) <br \/>Daniele Pestelli &#8211; (CIESP Guarulhos) <br \/>Jos\u00e9 Roberto Mendes da Silva &#8211; (Bardella Ind. Mec\u00e2nica S.A)<br \/>S\u00e9rgio M\u00e1rio da Costa e Silva &#8211; (Advocacia Mesquita)<br \/>Bernadete de F\u00e1tima Zacarias &#8211; (Fitas Met\u00e1licas Ind. e Com. S.A)<br \/>Antonio Carlos Koch &#8211; (Lepe Ind\u00fastria e Com\u00e9rcio Ltda)<br \/>Am\u00e9rico Roberto Urino &#8211; (Guarupas \u2013 Transporte Urbano) <br \/>Fabiana de Jesus Mariza &#8211; (Associa\u00e7\u00e3o dos Funcion\u00e1rios da Visteon)<br \/>Victor Siaulys &#8211; (Ach\u00e9 Labor. Farmac\u00eauticos S.A) <br \/>Airton Trevisan &#8211; (Advocacia Trevisan)<br \/>Antonio Roberto Marchiori &#8211; (ASEC) <br \/>&nbsp;<br \/>Conselho Fiscal<br \/>Titulares<br \/>Marcelo Silveira Zanin (Adv. Mesquita)<br \/>Maria de F\u00e1tima Pinto (CEPAC)<br \/>Jacques Miranda (Neux Comunica\u00e7\u00e3o)<br \/>&nbsp;<br \/>Suplentes <br \/>Jorge Alberto Taiar (ACE Guarulhos)<br \/>Anelise Ramos (UNIMED Guarulhos)<br \/>Marcelo Pardal (Rio Negro)<\/p>\n","protected":false},"excerpt":{"rendered":"Contabilista Pedro Fabri assume dire\u00e7\u00e3o da entidade\n<a class=\"moretag\" href=\"https:\/\/www.aceguarulhos.com.br\/blog\/viva-guarulhos-tem-nova-diretoria\/\"> [...]<\/a>","protected":false},"author":8,"featured_media":0,"comment_status":"open","ping_status":"open","sticky":false,"template":"","format":"standard","meta":{"footnotes":""},"categories":[2],"tags":[],"class_list":["post-32164","post","type-post","status-publish","format-standard","hentry","category-noticias"],"yoast_head":"<!-- This site is optimized with the Yoast SEO plugin v28.1 - https:\/\/yoast.com\/product\/yoast-seo-wordpress\/ -->\n<title>Viva Guarulhos tem nova diretoria - ACE-Guarulhos<\/title>\n<meta name=\"robots\" content=\"index, follow, max-snippet:-1, max-image-preview:large, max-video-preview:-1\" \/>\n<link rel=\"canonical\" href=\"https:\/\/www.aceguarulhos.com.br\/blog\/viva-guarulhos-tem-nova-diretoria\/\" \/>\n<meta property=\"og:locale\" content=\"pt_BR\" \/>\n<meta property=\"og:type\" content=\"article\" \/>\n<meta property=\"og:title\" content=\"Viva Guarulhos tem nova diretoria - ACE-Guarulhos\" \/>\n<meta property=\"og:description\" content=\"Contabilista Pedro Fabri assume dire\u00e7\u00e3o da entidade\" \/>\n<meta property=\"og:url\" content=\"https:\/\/www.aceguarulhos.com.br\/blog\/viva-guarulhos-tem-nova-diretoria\/\" \/>\n<meta property=\"og:site_name\" content=\"ACE-Guarulhos\" \/>\n<meta property=\"article:publisher\" content=\"https:\/\/www.facebook.com\/aceguarulhos\/\" \/>\n<meta property=\"article:published_time\" content=\"2007-09-19T08:51:08+00:00\" \/>\n<meta property=\"og:image\" content=\"https:\/\/www.aceguarulhos.com.br\/blog\/wp-content\/uploads\/image.php\" \/>\n<meta name=\"author\" content=\"Assessoria de Imprensa ACE-Guarulhos\" \/>\n<meta name=\"twitter:card\" content=\"summary_large_image\" \/>\n<meta name=\"twitter:label1\" content=\"Escrito por\" \/>\n\t<meta name=\"twitter:data1\" content=\"Assessoria de Imprensa ACE-Guarulhos\" \/>\n\t<meta name=\"twitter:label2\" content=\"Est. tempo de leitura\" \/>\n\t<meta name=\"twitter:data2\" content=\"4 minutos\" \/>\n<script type=\"application\/ld+json\" class=\"yoast-schema-graph\">{\"@context\":\"https:\\\/\\\/schema.org\",\"@graph\":[{\"@type\":\"Article\",\"@id\":\"https:\\\/\\\/www.aceguarulhos.com.br\\\/blog\\\/viva-guarulhos-tem-nova-diretoria\\\/#article\",\"isPartOf\":{\"@id\":\"https:\\\/\\\/www.aceguarulhos.com.br\\\/blog\\\/viva-guarulhos-tem-nova-diretoria\\\/\"},\"author\":{\"name\":\"Assessoria de Imprensa ACE-Guarulhos\",\"@id\":\"https:\\\/\\\/www.aceguarulhos.com.br\\\/blog\\\/#\\\/schema\\\/person\\\/6983b51bad37489989e4f09698c26237\"},\"headline\":\"Viva Guarulhos tem nova diretoria\",\"datePublished\":\"2007-09-19T08:51:08+00:00\",\"mainEntityOfPage\":{\"@id\":\"https:\\\/\\\/www.aceguarulhos.com.br\\\/blog\\\/viva-guarulhos-tem-nova-diretoria\\\/\"},\"wordCount\":718,\"commentCount\":0,\"publisher\":{\"@id\":\"https:\\\/\\\/www.aceguarulhos.com.br\\\/blog\\\/#organization\"},\"articleSection\":[\"Not\u00edcias\"],\"inLanguage\":\"pt-BR\"},{\"@type\":\"WebPage\",\"@id\":\"https:\\\/\\\/www.aceguarulhos.com.br\\\/blog\\\/viva-guarulhos-tem-nova-diretoria\\\/\",\"url\":\"https:\\\/\\\/www.aceguarulhos.com.br\\\/blog\\\/viva-guarulhos-tem-nova-diretoria\\\/\",\"name\":\"Viva Guarulhos tem nova diretoria - ACE-Guarulhos\",\"isPartOf\":{\"@id\":\"https:\\\/\\\/www.aceguarulhos.com.br\\\/blog\\\/#website\"},\"datePublished\":\"2007-09-19T08:51:08+00:00\",\"breadcrumb\":{\"@id\":\"https:\\\/\\\/www.aceguarulhos.com.br\\\/blog\\\/viva-guarulhos-tem-nova-diretoria\\\/#breadcrumb\"},\"inLanguage\":\"pt-BR\",\"potentialAction\":[{\"@type\":\"ReadAction\",\"target\":[\"https:\\\/\\\/www.aceguarulhos.com.br\\\/blog\\\/viva-guarulhos-tem-nova-diretoria\\\/\"]}]},{\"@type\":\"BreadcrumbList\",\"@id\":\"https:\\\/\\\/www.aceguarulhos.com.br\\\/blog\\\/viva-guarulhos-tem-nova-diretoria\\\/#breadcrumb\",\"itemListElement\":[{\"@type\":\"ListItem\",\"position\":1,\"name\":\"In\u00edcio\",\"item\":\"https:\\\/\\\/www.aceguarulhos.com.br\\\/blog\\\/\"},{\"@type\":\"ListItem\",\"position\":2,\"name\":\"Viva Guarulhos tem nova diretoria\"}]},{\"@type\":\"WebSite\",\"@id\":\"https:\\\/\\\/www.aceguarulhos.com.br\\\/blog\\\/#website\",\"url\":\"https:\\\/\\\/www.aceguarulhos.com.br\\\/blog\\\/\",\"name\":\"ACE-Guarulhos\",\"description\":\"A ACE-Guarulhos \u00e9 uma associa\u00e7\u00e3o que ap\u00f3ia os empres\u00e1rios guarulhenses atrav\u00e9s da representa\u00e7\u00e3o, da gera\u00e7\u00e3o de neg\u00f3cios e presta\u00e7\u00e3o de servi\u00e7os.\",\"publisher\":{\"@id\":\"https:\\\/\\\/www.aceguarulhos.com.br\\\/blog\\\/#organization\"},\"potentialAction\":[{\"@type\":\"SearchAction\",\"target\":{\"@type\":\"EntryPoint\",\"urlTemplate\":\"https:\\\/\\\/www.aceguarulhos.com.br\\\/blog\\\/?s={search_term_string}\"},\"query-input\":{\"@type\":\"PropertyValueSpecification\",\"valueRequired\":true,\"valueName\":\"search_term_string\"}}],\"inLanguage\":\"pt-BR\"},{\"@type\":\"Organization\",\"@id\":\"https:\\\/\\\/www.aceguarulhos.com.br\\\/blog\\\/#organization\",\"name\":\"ACE-Guarulhos\",\"url\":\"https:\\\/\\\/www.aceguarulhos.com.br\\\/blog\\\/\",\"logo\":{\"@type\":\"ImageObject\",\"inLanguage\":\"pt-BR\",\"@id\":\"https:\\\/\\\/www.aceguarulhos.com.br\\\/blog\\\/#\\\/schema\\\/logo\\\/image\\\/\",\"url\":\"https:\\\/\\\/www.aceguarulhos.com.br\\\/blog\\\/wp-content\\\/uploads\\\/2017\\\/12\\\/logo-aceguarulhos-2018.png\",\"contentUrl\":\"https:\\\/\\\/www.aceguarulhos.com.br\\\/blog\\\/wp-content\\\/uploads\\\/2017\\\/12\\\/logo-aceguarulhos-2018.png\",\"width\":419,\"height\":76,\"caption\":\"ACE-Guarulhos\"},\"image\":{\"@id\":\"https:\\\/\\\/www.aceguarulhos.com.br\\\/blog\\\/#\\\/schema\\\/logo\\\/image\\\/\"},\"sameAs\":[\"https:\\\/\\\/www.facebook.com\\\/aceguarulhos\\\/\",\"https:\\\/\\\/br.linkedin.com\\\/in\\\/ace-guarulhos-b9a97093\",\"https:\\\/\\\/www.youtube.com\\\/user\\\/aceguarulhos\"]},{\"@type\":\"Person\",\"@id\":\"https:\\\/\\\/www.aceguarulhos.com.br\\\/blog\\\/#\\\/schema\\\/person\\\/6983b51bad37489989e4f09698c26237\",\"name\":\"Assessoria de Imprensa ACE-Guarulhos\",\"image\":{\"@type\":\"ImageObject\",\"inLanguage\":\"pt-BR\",\"@id\":\"https:\\\/\\\/secure.gravatar.com\\\/avatar\\\/707f3fadd6918afeb64173ab22d8a8cb0676953098a4f31ff36dc2b4c699ef6a?s=96&d=mm&r=g\",\"url\":\"https:\\\/\\\/secure.gravatar.com\\\/avatar\\\/707f3fadd6918afeb64173ab22d8a8cb0676953098a4f31ff36dc2b4c699ef6a?s=96&d=mm&r=g\",\"contentUrl\":\"https:\\\/\\\/secure.gravatar.com\\\/avatar\\\/707f3fadd6918afeb64173ab22d8a8cb0676953098a4f31ff36dc2b4c699ef6a?s=96&d=mm&r=g\",\"caption\":\"Assessoria de Imprensa ACE-Guarulhos\"},\"url\":\"https:\\\/\\\/www.aceguarulhos.com.br\\\/blog\\\/author\\\/assessoria-de-imprensa-ace-guarulhos\\\/\"}]}<\/script>\n<!-- \/ Yoast SEO plugin. -->","yoast_head_json":{"title":"Viva Guarulhos tem nova diretoria - ACE-Guarulhos","robots":{"index":"index","follow":"follow","max-snippet":"max-snippet:-1","max-image-preview":"max-image-preview:large","max-video-preview":"max-video-preview:-1"},"canonical":"https:\/\/www.aceguarulhos.com.br\/blog\/viva-guarulhos-tem-nova-diretoria\/","og_locale":"pt_BR","og_type":"article","og_title":"Viva Guarulhos tem nova diretoria - ACE-Guarulhos","og_description":"Contabilista Pedro Fabri assume dire\u00e7\u00e3o da entidade","og_url":"https:\/\/www.aceguarulhos.com.br\/blog\/viva-guarulhos-tem-nova-diretoria\/","og_site_name":"ACE-Guarulhos","article_publisher":"https:\/\/www.facebook.com\/aceguarulhos\/","article_published_time":"2007-09-19T08:51:08+00:00","og_image":[{"url":"https:\/\/www.aceguarulhos.com.br\/blog\/wp-content\/uploads\/image.php","type":"","width":"","height":""}],"author":"Assessoria de Imprensa ACE-Guarulhos","twitter_card":"summary_large_image","twitter_misc":{"Escrito por":"Assessoria de Imprensa ACE-Guarulhos","Est. tempo de leitura":"4 minutos"},"schema":{"@context":"https:\/\/schema.org","@graph":[{"@type":"Article","@id":"https:\/\/www.aceguarulhos.com.br\/blog\/viva-guarulhos-tem-nova-diretoria\/#article","isPartOf":{"@id":"https:\/\/www.aceguarulhos.com.br\/blog\/viva-guarulhos-tem-nova-diretoria\/"},"author":{"name":"Assessoria de Imprensa ACE-Guarulhos","@id":"https:\/\/www.aceguarulhos.com.br\/blog\/#\/schema\/person\/6983b51bad37489989e4f09698c26237"},"headline":"Viva Guarulhos tem nova diretoria","datePublished":"2007-09-19T08:51:08+00:00","mainEntityOfPage":{"@id":"https:\/\/www.aceguarulhos.com.br\/blog\/viva-guarulhos-tem-nova-diretoria\/"},"wordCount":718,"commentCount":0,"publisher":{"@id":"https:\/\/www.aceguarulhos.com.br\/blog\/#organization"},"articleSection":["Not\u00edcias"],"inLanguage":"pt-BR"},{"@type":"WebPage","@id":"https:\/\/www.aceguarulhos.com.br\/blog\/viva-guarulhos-tem-nova-diretoria\/","url":"https:\/\/www.aceguarulhos.com.br\/blog\/viva-guarulhos-tem-nova-diretoria\/","name":"Viva Guarulhos tem nova diretoria - ACE-Guarulhos","isPartOf":{"@id":"https:\/\/www.aceguarulhos.com.br\/blog\/#website"},"datePublished":"2007-09-19T08:51:08+00:00","breadcrumb":{"@id":"https:\/\/www.aceguarulhos.com.br\/blog\/viva-guarulhos-tem-nova-diretoria\/#breadcrumb"},"inLanguage":"pt-BR","potentialAction":[{"@type":"ReadAction","target":["https:\/\/www.aceguarulhos.com.br\/blog\/viva-guarulhos-tem-nova-diretoria\/"]}]},{"@type":"BreadcrumbList","@id":"https:\/\/www.aceguarulhos.com.br\/blog\/viva-guarulhos-tem-nova-diretoria\/#breadcrumb","itemListElement":[{"@type":"ListItem","position":1,"name":"In\u00edcio","item":"https:\/\/www.aceguarulhos.com.br\/blog\/"},{"@type":"ListItem","position":2,"name":"Viva Guarulhos tem nova diretoria"}]},{"@type":"WebSite","@id":"https:\/\/www.aceguarulhos.com.br\/blog\/#website","url":"https:\/\/www.aceguarulhos.com.br\/blog\/","name":"ACE-Guarulhos","description":"A ACE-Guarulhos \u00e9 uma associa\u00e7\u00e3o que ap\u00f3ia os empres\u00e1rios guarulhenses atrav\u00e9s da representa\u00e7\u00e3o, da gera\u00e7\u00e3o de neg\u00f3cios e presta\u00e7\u00e3o de servi\u00e7os.","publisher":{"@id":"https:\/\/www.aceguarulhos.com.br\/blog\/#organization"},"potentialAction":[{"@type":"SearchAction","target":{"@type":"EntryPoint","urlTemplate":"https:\/\/www.aceguarulhos.com.br\/blog\/?s={search_term_string}"},"query-input":{"@type":"PropertyValueSpecification","valueRequired":true,"valueName":"search_term_string"}}],"inLanguage":"pt-BR"},{"@type":"Organization","@id":"https:\/\/www.aceguarulhos.com.br\/blog\/#organization","name":"ACE-Guarulhos","url":"https:\/\/www.aceguarulhos.com.br\/blog\/","logo":{"@type":"ImageObject","inLanguage":"pt-BR","@id":"https:\/\/www.aceguarulhos.com.br\/blog\/#\/schema\/logo\/image\/","url":"https:\/\/www.aceguarulhos.com.br\/blog\/wp-content\/uploads\/2017\/12\/logo-aceguarulhos-2018.png","contentUrl":"https:\/\/www.aceguarulhos.com.br\/blog\/wp-content\/uploads\/2017\/12\/logo-aceguarulhos-2018.png","width":419,"height":76,"caption":"ACE-Guarulhos"},"image":{"@id":"https:\/\/www.aceguarulhos.com.br\/blog\/#\/schema\/logo\/image\/"},"sameAs":["https:\/\/www.facebook.com\/aceguarulhos\/","https:\/\/br.linkedin.com\/in\/ace-guarulhos-b9a97093","https:\/\/www.youtube.com\/user\/aceguarulhos"]},{"@type":"Person","@id":"https:\/\/www.aceguarulhos.com.br\/blog\/#\/schema\/person\/6983b51bad37489989e4f09698c26237","name":"Assessoria de Imprensa ACE-Guarulhos","image":{"@type":"ImageObject","inLanguage":"pt-BR","@id":"https:\/\/secure.gravatar.com\/avatar\/707f3fadd6918afeb64173ab22d8a8cb0676953098a4f31ff36dc2b4c699ef6a?s=96&d=mm&r=g","url":"https:\/\/secure.gravatar.com\/avatar\/707f3fadd6918afeb64173ab22d8a8cb0676953098a4f31ff36dc2b4c699ef6a?s=96&d=mm&r=g","contentUrl":"https:\/\/secure.gravatar.com\/avatar\/707f3fadd6918afeb64173ab22d8a8cb0676953098a4f31ff36dc2b4c699ef6a?s=96&d=mm&r=g","caption":"Assessoria de Imprensa ACE-Guarulhos"},"url":"https:\/\/www.aceguarulhos.com.br\/blog\/author\/assessoria-de-imprensa-ace-guarulhos\/"}]}},"wps_subtitle":"","amp_enabled":true,"_links":{"self":[{"href":"https:\/\/www.aceguarulhos.com.br\/blog\/wp-json\/wp\/v2\/posts\/32164","targetHints":{"allow":["GET"]}}],"collection":[{"href":"https:\/\/www.aceguarulhos.com.br\/blog\/wp-json\/wp\/v2\/posts"}],"about":[{"href":"https:\/\/www.aceguarulhos.com.br\/blog\/wp-json\/wp\/v2\/types\/post"}],"author":[{"embeddable":true,"href":"https:\/\/www.aceguarulhos.com.br\/blog\/wp-json\/wp\/v2\/users\/8"}],"replies":[{"embeddable":true,"href":"https:\/\/www.aceguarulhos.com.br\/blog\/wp-json\/wp\/v2\/comments?post=32164"}],"version-history":[{"count":0,"href":"https:\/\/www.aceguarulhos.com.br\/blog\/wp-json\/wp\/v2\/posts\/32164\/revisions"}],"wp:attachment":[{"href":"https:\/\/www.aceguarulhos.com.br\/blog\/wp-json\/wp\/v2\/media?parent=32164"}],"wp:term":[{"taxonomy":"category","embeddable":true,"href":"https:\/\/www.aceguarulhos.com.br\/blog\/wp-json\/wp\/v2\/categories?post=32164"},{"taxonomy":"post_tag","embeddable":true,"href":"https:\/\/www.aceguarulhos.com.br\/blog\/wp-json\/wp\/v2\/tags?post=32164"}],"curies":[{"name":"wp","href":"https:\/\/api.w.org\/{rel}","templated":true}]}}