{"id":32109,"date":"2007-09-05T14:31:47","date_gmt":"2007-09-05T14:31:47","guid":{"rendered":"http:\/\/www.aceguarulhos.com.br\/blog\/?p=32109"},"modified":"-0001-11-30T00:00:00","modified_gmt":"-0001-11-30T03:00:00","slug":"proposta-para-o-centro-comente","status":"publish","type":"post","link":"https:\/\/www.aceguarulhos.com.br\/blog\/proposta-para-o-centro-comente\/","title":{"rendered":"Proposta para o Centro. Comente!"},"content":{"rendered":"<p><i>Ap\u00f3s reuni\u00e3o realizada na sede da ACE entre profissionais liberais, comerciantes e propriet\u00e1rios de im\u00f3veis, chegou-se a um consenso sobre a necessidade da revitaliza\u00e7\u00e3o do Centro, por\u00e9m de uma maneira diferente da apresentada pelo poder p\u00fablico<\/i><\/p>\n<p>Desde que o projeto de Requalifica\u00e7\u00e3o da regi\u00e3o central foi apresentado pela Prefeitura, ele vem sendo analisado por v\u00e1rios integrantes da sociedade guarulhense e tem como foco e objetivo a curto prazo a constru\u00e7\u00e3o de um cal\u00e7ad\u00e3o em toda a extens\u00e3o da Rua D. Pedro II. Ademais, est\u00e1 sendo estudada a implanta\u00e7\u00e3o de um novo teatro para a cidade, bem como mais uma pra\u00e7a no Centro.<\/p>\n<p><center><\/p>\n<p class=\"midia\" style=\"width: 420px;\"><img loading=\"lazy\" decoding=\"async\" src=\"\/blog\/wp-content\/uploads\/image.php?x=i&amp;i1=100&amp;i2=20070905141359\" title=\"Divulga\u00e7\u00e3o\" height=\"274\" width=\"420\"><br \/>Centro de Barcelona<\/p>\n<p><\/center><\/p>\n<p>A proposta elaborada pelo grupo foi feita em cima desses t\u00f3picos espec\u00edficos contemplados no projeto, tendo por objetivo minimizar as perdas que seriam geradas com essa implanta\u00e7\u00e3o. Com o fechamento da Rua D. Pedro II, 15 estabelecimentos comerciais, que dependem diretamente do acesso de ve\u00edculos, (sendo 3 bancos, 1 hotel, 1 posto de gasolina e 10 estacionamentos), localizados nas ruas Luiz Gama, Quinze de Novembro e Padre Celestino, seriam diretamente afetados, gerando uma queda no faturamento e aumento do desemprego na cidade. Haver\u00e1 gastos tamb\u00e9m com processos de perdas e danos, dos comerciantes atingidos.<\/p>\n<p>As desapropria\u00e7\u00f5es nas \u00e1reas da Rua D. Pedro II, para a constru\u00e7\u00e3o da pra\u00e7a e do teatro, seriam muito caras, gerando um aumento consider\u00e1vel na d\u00edvida do munic\u00edpio. Tais desapropria\u00e7\u00f5es, assim como as contempladas para liga\u00e7\u00e3o entre as ruas Capit\u00e3o Gabriel e Dr. Ramos de Azevedo, podem ser evitadas, j\u00e1 que \u00e9 poss\u00edvel desapropriar o cotovelo da Ladeira Campos Sales, no qual existe um im\u00f3vel em p\u00e9ssimo estado de conserva\u00e7\u00e3o, com custo baix\u00edssimo por metro quadrado e que, inclusive, j\u00e1 est\u00e1 em fase de desapropria\u00e7\u00e3o pela Prefeitura.<\/p>\n<p><center><\/p>\n<p class=\"midia\" style=\"width: 420px;\"><img loading=\"lazy\" decoding=\"async\" src=\"\/blog\/wp-content\/uploads\/image.php?x=i&amp;i1=100&amp;i2=20070905142424\" title=\"Divulga\u00e7\u00e3o\" height=\"305\" width=\"420\"><br \/>Lombada para pedestres esquina com a Rua 15 de Novembro<\/p>\n<p><\/center><\/p>\n<p>Quanto \u00e0s desapropria\u00e7\u00f5es para liga\u00e7\u00e3o das ruas Oswaldo Cruz e Olinda de Albuquerque, haver\u00e1 um preju\u00edzo relacionado ao tr\u00e2nsito, j\u00e1 ca\u00f3tico no local, pois aumentar\u00e1 o fluxo de ve\u00edculos na Rua Oswaldo Cruz, que possui um gargalo entre o Banespa e o cemit\u00e9rio.<\/p>\n<p>Por fim, a desapropria\u00e7\u00e3o da Rua Cerqueira C\u00e9sar, esquina com Rua Dr. Ramos de Azevedo, pode ser evitada, pois esta \u00e9 bastante larga, comportando assim a instala\u00e7\u00e3o de um ponto de \u00f4nibus (ponto 3 no mapa).<\/p>\n<p> A solu\u00e7\u00e3o encontrada no estudo foi expandir o cal\u00e7ad\u00e3o existente at\u00e9 a esquina com a Rua Luiz Gama. A partir deste ponto o cal\u00e7ad\u00e3o continua atrav\u00e9s de duas cal\u00e7adas com 6 metros de largura at\u00e9 a Rua Jo\u00e3o Gon\u00e7alves. Desta forma, sobraria uma passagem de 4 metros, por onde trafegar\u00e3o carros, taxis e \u00f4nibus que precisem passar pela Rua D. Pedro II, para atingir a Rua Jo\u00e3o Gon\u00e7alves.<\/p>\n<p><center><\/p>\n<p class=\"midia\" style=\"width: 420px;\"><img loading=\"lazy\" decoding=\"async\" src=\"\/blog\/wp-content\/uploads\/image.php?x=i&amp;i1=100&amp;i2=20070910101750\" title=\"Divulga\u00e7\u00e3o\" height=\"293\" width=\"420\"><br \/>Planta do Centro<\/p>\n<p><\/center><\/p>\n<p>Depois que a desativa\u00e7\u00e3o do ponto da Rua D. Pedro II fosse conclu\u00edda, a antiga sa\u00edda para os \u00f4nibus seria fechada. Assim, a Rua Luiz Gama seria a \u00fanica passagem para carros e t\u00e1xis (somente), que poder\u00e3o atingir a Rua Quinze de Novembro, Rua Padre Celestino e Rua Jo\u00e3o Gon\u00e7alves. <\/p>\n<p> Antes de se pensar na instala\u00e7\u00e3o do cal\u00e7ad\u00e3o, \u00e9 impreter\u00edvel, para uma reforma geral no visual da Rua D. Pedro II, que sejam eliminados postes, cabos, fios el\u00e9tricos, fios de telefonia e toda polui\u00e7\u00e3o visual existente no local, que degrada o centro urbano pela falta de harmonia de an\u00fancios e propagandas.<\/p>\n<p>Deve-se verificar os encanamentos de \u00e1gua e esgoto, como tamb\u00e9m instalar linha para alimenta\u00e7\u00e3o de \u00e1gua para os hidrantes. Tamb\u00e9m \u00e9 necess\u00e1rio estudar a passagem para ambul\u00e2ncias, carros de resgate e de bombeiros para atender a regi\u00e3o.<\/p>\n<p> Amplia\u00e7\u00e3o dos Pontos de \u00d4nibus existentes &#8211; O ponto de \u00f4nibus (5 no mapa), localizado na Av. Monteiro Lobato, deve ser ampliado, j\u00e1 que a cal\u00e7ada onde est\u00e1 localizado (lado direto de quem chega ao centro) j\u00e1 n\u00e3o comporta o n\u00famero de pessoas que pegam seus \u00f4nibus e lota\u00e7\u00f5es neste local. Al\u00e9m disso, a amplia\u00e7\u00e3o se torna totalmente pertinente, j\u00e1 que esta avenida ter\u00e1 m\u00e3o \u00fanica no sentido centro, a partir da Rua Harry Simonsen, conforme projeto proposto pela Prefeitura.<\/p>\n<p><center><\/p>\n<p class=\"midia\" style=\"width: 420px;\"><img loading=\"lazy\" decoding=\"async\" src=\"\/blog\/wp-content\/uploads\/image.php?x=i&amp;i1=100&amp;i2=20070905142757\" title=\"Divulga\u00e7\u00e3o\" height=\"305\" width=\"420\"><br \/>Vista a\u00e9rea das cal\u00e7adas<\/p>\n<p><\/center><\/p>\n<p>O ponto 7 (mapa), localizado ao lado da Igreja Matriz, tamb\u00e9m deveria ser ampliado para comportar o aumento na circula\u00e7\u00e3o de pessoas, gerado pelo fechamento do ponto da Rua D. Pedro II.<\/p>\n<p>Foi estudada e sugerida a instala\u00e7\u00e3o de um novo ponto de \u00f4nibus na Rua Sete de Setembro, (ponto 6 no mapa), pois esta \u00e1rea, al\u00e9m de n\u00e3o trazer nenhum benef\u00edcio para o centro de Guarulhos, est\u00e1 abandonada e se degradando a cada dia. Al\u00e9m disso, \u00e9 uma \u00e1rea vi\u00e1vel para se desapropriar. O grande benef\u00edcio ser\u00e1 trazer mais pessoas para o centro, visto que a Rua Sete de Setembro passar\u00e1 a ser uma das art\u00e9rias principais para o tr\u00e2nsito de Guarulhos.<\/p>\n<p>O grupo acredita que a retirada do ponto de \u00f4nibus da Rua D. Pedro II n\u00e3o deve ser feita antes da instala\u00e7\u00e3o do cal\u00e7ad\u00e3o, nem dos novos pontos de \u00f4nibus e nem da amplia\u00e7\u00e3o dos que j\u00e1 existem. A mudan\u00e7a log\u00edstica proposta deve ser gradual, para que o fluxo de pessoas no centro n\u00e3o seja bruscamente alterado.<\/p>\n<p>O projeto de mais um teatro para Guarulhos poderia ser implantado em um local de f\u00e1cil acesso vi\u00e1rio para as pessoas e que n\u00e3o trouxesse maiores danos ao com\u00e9rcio, ao fluxo e \u00e0 din\u00e2mica da cidade. <\/p>\n<p>A desapropria\u00e7\u00e3o para a constru\u00e7\u00e3o de uma pra\u00e7a n\u00e3o faz sentido, dado que algumas pra\u00e7as de Guarulhos, est\u00e3o sem nenhum tipo de manuten\u00e7\u00e3o, descuidadas e sendo utilizadas para dep\u00f3sito de papel\u00e3o e para dormit\u00f3rio de mendigos. Al\u00e9m disso, o local do antigo ponto da Rua D. Pedro II seria transformado em uma pra\u00e7a, sem custo de desapropria\u00e7\u00e3o para o munic\u00edpio.<\/p>\n<p>O grupo \u00e9 totalmente favor\u00e1vel a melhorar o centro de nossa cidade. No entanto acredita que temos de avaliar, tamb\u00e9m, os custos envolvidos no projeto da Prefeitura, pois estes afetam diretamente a d\u00edvida do governo municipal. Estes recursos dispensados poderiam ser utilizados em obras de maior import\u00e2ncia e urg\u00eancia para a cidade.<\/p>\n<p>Diante disso, a ACE-Guarulhos continua recebendo sugest\u00f5es para melhorar o projeto de Requalifica\u00e7\u00e3o do Centro proposto pela Prefeitura. Foi solicitada uma audi\u00eancia p\u00fablica na C\u00e2mara Municipal para se debater melhor a quest\u00e3o.<\/p>\n","protected":false},"excerpt":{"rendered":"Ap\u00f3s reuni\u00e3o realizada na sede da ACE entre profissionais liberais, comerciantes e propriet\u00e1rios de im\u00f3veis, chegou-se a um consenso sobre a necessidade da \n<a class=\"moretag\" href=\"https:\/\/www.aceguarulhos.com.br\/blog\/proposta-para-o-centro-comente\/\"> [...]<\/a>","protected":false},"author":8,"featured_media":0,"comment_status":"open","ping_status":"open","sticky":false,"template":"","format":"standard","meta":{"footnotes":""},"categories":[2],"tags":[],"class_list":["post-32109","post","type-post","status-publish","format-standard","hentry","category-noticias"],"yoast_head":"<!-- This site is optimized with the Yoast SEO plugin v28.1 - https:\/\/yoast.com\/product\/yoast-seo-wordpress\/ -->\n<title>Proposta para o Centro. Comente! - ACE-Guarulhos<\/title>\n<meta name=\"robots\" content=\"index, follow, max-snippet:-1, max-image-preview:large, max-video-preview:-1\" \/>\n<link rel=\"canonical\" href=\"https:\/\/www.aceguarulhos.com.br\/blog\/proposta-para-o-centro-comente\/\" \/>\n<meta property=\"og:locale\" content=\"pt_BR\" \/>\n<meta property=\"og:type\" content=\"article\" \/>\n<meta property=\"og:title\" content=\"Proposta para o Centro. Comente! - ACE-Guarulhos\" \/>\n<meta property=\"og:description\" content=\"Ap\u00f3s reuni\u00e3o realizada na sede da ACE entre profissionais liberais, comerciantes e propriet\u00e1rios de im\u00f3veis, chegou-se a um consenso sobre a necessidade da\" \/>\n<meta property=\"og:url\" content=\"https:\/\/www.aceguarulhos.com.br\/blog\/proposta-para-o-centro-comente\/\" \/>\n<meta property=\"og:site_name\" content=\"ACE-Guarulhos\" \/>\n<meta property=\"article:publisher\" content=\"https:\/\/www.facebook.com\/aceguarulhos\/\" \/>\n<meta property=\"article:published_time\" content=\"2007-09-05T14:31:47+00:00\" \/>\n<meta property=\"og:image\" content=\"https:\/\/www.aceguarulhos.com.br\/blog\/wp-content\/uploads\/image.php\" \/>\n<meta name=\"author\" content=\"Assessoria de Imprensa ACE-Guarulhos\" \/>\n<meta name=\"twitter:card\" content=\"summary_large_image\" \/>\n<meta name=\"twitter:label1\" content=\"Escrito por\" \/>\n\t<meta name=\"twitter:data1\" content=\"Assessoria de Imprensa ACE-Guarulhos\" \/>\n\t<meta name=\"twitter:label2\" content=\"Est. tempo de leitura\" \/>\n\t<meta name=\"twitter:data2\" content=\"6 minutos\" \/>\n<script type=\"application\/ld+json\" class=\"yoast-schema-graph\">{\"@context\":\"https:\\\/\\\/schema.org\",\"@graph\":[{\"@type\":\"Article\",\"@id\":\"https:\\\/\\\/www.aceguarulhos.com.br\\\/blog\\\/proposta-para-o-centro-comente\\\/#article\",\"isPartOf\":{\"@id\":\"https:\\\/\\\/www.aceguarulhos.com.br\\\/blog\\\/proposta-para-o-centro-comente\\\/\"},\"author\":{\"name\":\"Assessoria de Imprensa ACE-Guarulhos\",\"@id\":\"https:\\\/\\\/www.aceguarulhos.com.br\\\/blog\\\/#\\\/schema\\\/person\\\/6983b51bad37489989e4f09698c26237\"},\"headline\":\"Proposta para o Centro. Comente!\",\"datePublished\":\"2007-09-05T14:31:47+00:00\",\"mainEntityOfPage\":{\"@id\":\"https:\\\/\\\/www.aceguarulhos.com.br\\\/blog\\\/proposta-para-o-centro-comente\\\/\"},\"wordCount\":1141,\"commentCount\":0,\"publisher\":{\"@id\":\"https:\\\/\\\/www.aceguarulhos.com.br\\\/blog\\\/#organization\"},\"articleSection\":[\"Not\u00edcias\"],\"inLanguage\":\"pt-BR\"},{\"@type\":\"WebPage\",\"@id\":\"https:\\\/\\\/www.aceguarulhos.com.br\\\/blog\\\/proposta-para-o-centro-comente\\\/\",\"url\":\"https:\\\/\\\/www.aceguarulhos.com.br\\\/blog\\\/proposta-para-o-centro-comente\\\/\",\"name\":\"Proposta para o Centro. Comente! - ACE-Guarulhos\",\"isPartOf\":{\"@id\":\"https:\\\/\\\/www.aceguarulhos.com.br\\\/blog\\\/#website\"},\"datePublished\":\"2007-09-05T14:31:47+00:00\",\"breadcrumb\":{\"@id\":\"https:\\\/\\\/www.aceguarulhos.com.br\\\/blog\\\/proposta-para-o-centro-comente\\\/#breadcrumb\"},\"inLanguage\":\"pt-BR\",\"potentialAction\":[{\"@type\":\"ReadAction\",\"target\":[\"https:\\\/\\\/www.aceguarulhos.com.br\\\/blog\\\/proposta-para-o-centro-comente\\\/\"]}]},{\"@type\":\"BreadcrumbList\",\"@id\":\"https:\\\/\\\/www.aceguarulhos.com.br\\\/blog\\\/proposta-para-o-centro-comente\\\/#breadcrumb\",\"itemListElement\":[{\"@type\":\"ListItem\",\"position\":1,\"name\":\"In\u00edcio\",\"item\":\"https:\\\/\\\/www.aceguarulhos.com.br\\\/blog\\\/\"},{\"@type\":\"ListItem\",\"position\":2,\"name\":\"Proposta para o Centro. Comente!\"}]},{\"@type\":\"WebSite\",\"@id\":\"https:\\\/\\\/www.aceguarulhos.com.br\\\/blog\\\/#website\",\"url\":\"https:\\\/\\\/www.aceguarulhos.com.br\\\/blog\\\/\",\"name\":\"ACE-Guarulhos\",\"description\":\"A ACE-Guarulhos \u00e9 uma associa\u00e7\u00e3o que ap\u00f3ia os empres\u00e1rios guarulhenses atrav\u00e9s da representa\u00e7\u00e3o, da gera\u00e7\u00e3o de neg\u00f3cios e presta\u00e7\u00e3o de servi\u00e7os.\",\"publisher\":{\"@id\":\"https:\\\/\\\/www.aceguarulhos.com.br\\\/blog\\\/#organization\"},\"potentialAction\":[{\"@type\":\"SearchAction\",\"target\":{\"@type\":\"EntryPoint\",\"urlTemplate\":\"https:\\\/\\\/www.aceguarulhos.com.br\\\/blog\\\/?s={search_term_string}\"},\"query-input\":{\"@type\":\"PropertyValueSpecification\",\"valueRequired\":true,\"valueName\":\"search_term_string\"}}],\"inLanguage\":\"pt-BR\"},{\"@type\":\"Organization\",\"@id\":\"https:\\\/\\\/www.aceguarulhos.com.br\\\/blog\\\/#organization\",\"name\":\"ACE-Guarulhos\",\"url\":\"https:\\\/\\\/www.aceguarulhos.com.br\\\/blog\\\/\",\"logo\":{\"@type\":\"ImageObject\",\"inLanguage\":\"pt-BR\",\"@id\":\"https:\\\/\\\/www.aceguarulhos.com.br\\\/blog\\\/#\\\/schema\\\/logo\\\/image\\\/\",\"url\":\"https:\\\/\\\/www.aceguarulhos.com.br\\\/blog\\\/wp-content\\\/uploads\\\/2017\\\/12\\\/logo-aceguarulhos-2018.png\",\"contentUrl\":\"https:\\\/\\\/www.aceguarulhos.com.br\\\/blog\\\/wp-content\\\/uploads\\\/2017\\\/12\\\/logo-aceguarulhos-2018.png\",\"width\":419,\"height\":76,\"caption\":\"ACE-Guarulhos\"},\"image\":{\"@id\":\"https:\\\/\\\/www.aceguarulhos.com.br\\\/blog\\\/#\\\/schema\\\/logo\\\/image\\\/\"},\"sameAs\":[\"https:\\\/\\\/www.facebook.com\\\/aceguarulhos\\\/\",\"https:\\\/\\\/br.linkedin.com\\\/in\\\/ace-guarulhos-b9a97093\",\"https:\\\/\\\/www.youtube.com\\\/user\\\/aceguarulhos\"]},{\"@type\":\"Person\",\"@id\":\"https:\\\/\\\/www.aceguarulhos.com.br\\\/blog\\\/#\\\/schema\\\/person\\\/6983b51bad37489989e4f09698c26237\",\"name\":\"Assessoria de Imprensa ACE-Guarulhos\",\"image\":{\"@type\":\"ImageObject\",\"inLanguage\":\"pt-BR\",\"@id\":\"https:\\\/\\\/secure.gravatar.com\\\/avatar\\\/707f3fadd6918afeb64173ab22d8a8cb0676953098a4f31ff36dc2b4c699ef6a?s=96&d=mm&r=g\",\"url\":\"https:\\\/\\\/secure.gravatar.com\\\/avatar\\\/707f3fadd6918afeb64173ab22d8a8cb0676953098a4f31ff36dc2b4c699ef6a?s=96&d=mm&r=g\",\"contentUrl\":\"https:\\\/\\\/secure.gravatar.com\\\/avatar\\\/707f3fadd6918afeb64173ab22d8a8cb0676953098a4f31ff36dc2b4c699ef6a?s=96&d=mm&r=g\",\"caption\":\"Assessoria de Imprensa ACE-Guarulhos\"},\"url\":\"https:\\\/\\\/www.aceguarulhos.com.br\\\/blog\\\/author\\\/assessoria-de-imprensa-ace-guarulhos\\\/\"}]}<\/script>\n<!-- \/ Yoast SEO plugin. -->","yoast_head_json":{"title":"Proposta para o Centro. Comente! - ACE-Guarulhos","robots":{"index":"index","follow":"follow","max-snippet":"max-snippet:-1","max-image-preview":"max-image-preview:large","max-video-preview":"max-video-preview:-1"},"canonical":"https:\/\/www.aceguarulhos.com.br\/blog\/proposta-para-o-centro-comente\/","og_locale":"pt_BR","og_type":"article","og_title":"Proposta para o Centro. Comente! - ACE-Guarulhos","og_description":"Ap\u00f3s reuni\u00e3o realizada na sede da ACE entre profissionais liberais, comerciantes e propriet\u00e1rios de im\u00f3veis, chegou-se a um consenso sobre a necessidade da","og_url":"https:\/\/www.aceguarulhos.com.br\/blog\/proposta-para-o-centro-comente\/","og_site_name":"ACE-Guarulhos","article_publisher":"https:\/\/www.facebook.com\/aceguarulhos\/","article_published_time":"2007-09-05T14:31:47+00:00","og_image":[{"url":"https:\/\/www.aceguarulhos.com.br\/blog\/wp-content\/uploads\/image.php","type":"","width":"","height":""}],"author":"Assessoria de Imprensa ACE-Guarulhos","twitter_card":"summary_large_image","twitter_misc":{"Escrito por":"Assessoria de Imprensa ACE-Guarulhos","Est. tempo de leitura":"6 minutos"},"schema":{"@context":"https:\/\/schema.org","@graph":[{"@type":"Article","@id":"https:\/\/www.aceguarulhos.com.br\/blog\/proposta-para-o-centro-comente\/#article","isPartOf":{"@id":"https:\/\/www.aceguarulhos.com.br\/blog\/proposta-para-o-centro-comente\/"},"author":{"name":"Assessoria de Imprensa ACE-Guarulhos","@id":"https:\/\/www.aceguarulhos.com.br\/blog\/#\/schema\/person\/6983b51bad37489989e4f09698c26237"},"headline":"Proposta para o Centro. Comente!","datePublished":"2007-09-05T14:31:47+00:00","mainEntityOfPage":{"@id":"https:\/\/www.aceguarulhos.com.br\/blog\/proposta-para-o-centro-comente\/"},"wordCount":1141,"commentCount":0,"publisher":{"@id":"https:\/\/www.aceguarulhos.com.br\/blog\/#organization"},"articleSection":["Not\u00edcias"],"inLanguage":"pt-BR"},{"@type":"WebPage","@id":"https:\/\/www.aceguarulhos.com.br\/blog\/proposta-para-o-centro-comente\/","url":"https:\/\/www.aceguarulhos.com.br\/blog\/proposta-para-o-centro-comente\/","name":"Proposta para o Centro. Comente! - ACE-Guarulhos","isPartOf":{"@id":"https:\/\/www.aceguarulhos.com.br\/blog\/#website"},"datePublished":"2007-09-05T14:31:47+00:00","breadcrumb":{"@id":"https:\/\/www.aceguarulhos.com.br\/blog\/proposta-para-o-centro-comente\/#breadcrumb"},"inLanguage":"pt-BR","potentialAction":[{"@type":"ReadAction","target":["https:\/\/www.aceguarulhos.com.br\/blog\/proposta-para-o-centro-comente\/"]}]},{"@type":"BreadcrumbList","@id":"https:\/\/www.aceguarulhos.com.br\/blog\/proposta-para-o-centro-comente\/#breadcrumb","itemListElement":[{"@type":"ListItem","position":1,"name":"In\u00edcio","item":"https:\/\/www.aceguarulhos.com.br\/blog\/"},{"@type":"ListItem","position":2,"name":"Proposta para o Centro. Comente!"}]},{"@type":"WebSite","@id":"https:\/\/www.aceguarulhos.com.br\/blog\/#website","url":"https:\/\/www.aceguarulhos.com.br\/blog\/","name":"ACE-Guarulhos","description":"A ACE-Guarulhos \u00e9 uma associa\u00e7\u00e3o que ap\u00f3ia os empres\u00e1rios guarulhenses atrav\u00e9s da representa\u00e7\u00e3o, da gera\u00e7\u00e3o de neg\u00f3cios e presta\u00e7\u00e3o de servi\u00e7os.","publisher":{"@id":"https:\/\/www.aceguarulhos.com.br\/blog\/#organization"},"potentialAction":[{"@type":"SearchAction","target":{"@type":"EntryPoint","urlTemplate":"https:\/\/www.aceguarulhos.com.br\/blog\/?s={search_term_string}"},"query-input":{"@type":"PropertyValueSpecification","valueRequired":true,"valueName":"search_term_string"}}],"inLanguage":"pt-BR"},{"@type":"Organization","@id":"https:\/\/www.aceguarulhos.com.br\/blog\/#organization","name":"ACE-Guarulhos","url":"https:\/\/www.aceguarulhos.com.br\/blog\/","logo":{"@type":"ImageObject","inLanguage":"pt-BR","@id":"https:\/\/www.aceguarulhos.com.br\/blog\/#\/schema\/logo\/image\/","url":"https:\/\/www.aceguarulhos.com.br\/blog\/wp-content\/uploads\/2017\/12\/logo-aceguarulhos-2018.png","contentUrl":"https:\/\/www.aceguarulhos.com.br\/blog\/wp-content\/uploads\/2017\/12\/logo-aceguarulhos-2018.png","width":419,"height":76,"caption":"ACE-Guarulhos"},"image":{"@id":"https:\/\/www.aceguarulhos.com.br\/blog\/#\/schema\/logo\/image\/"},"sameAs":["https:\/\/www.facebook.com\/aceguarulhos\/","https:\/\/br.linkedin.com\/in\/ace-guarulhos-b9a97093","https:\/\/www.youtube.com\/user\/aceguarulhos"]},{"@type":"Person","@id":"https:\/\/www.aceguarulhos.com.br\/blog\/#\/schema\/person\/6983b51bad37489989e4f09698c26237","name":"Assessoria de Imprensa ACE-Guarulhos","image":{"@type":"ImageObject","inLanguage":"pt-BR","@id":"https:\/\/secure.gravatar.com\/avatar\/707f3fadd6918afeb64173ab22d8a8cb0676953098a4f31ff36dc2b4c699ef6a?s=96&d=mm&r=g","url":"https:\/\/secure.gravatar.com\/avatar\/707f3fadd6918afeb64173ab22d8a8cb0676953098a4f31ff36dc2b4c699ef6a?s=96&d=mm&r=g","contentUrl":"https:\/\/secure.gravatar.com\/avatar\/707f3fadd6918afeb64173ab22d8a8cb0676953098a4f31ff36dc2b4c699ef6a?s=96&d=mm&r=g","caption":"Assessoria de Imprensa ACE-Guarulhos"},"url":"https:\/\/www.aceguarulhos.com.br\/blog\/author\/assessoria-de-imprensa-ace-guarulhos\/"}]}},"wps_subtitle":"","amp_enabled":true,"_links":{"self":[{"href":"https:\/\/www.aceguarulhos.com.br\/blog\/wp-json\/wp\/v2\/posts\/32109","targetHints":{"allow":["GET"]}}],"collection":[{"href":"https:\/\/www.aceguarulhos.com.br\/blog\/wp-json\/wp\/v2\/posts"}],"about":[{"href":"https:\/\/www.aceguarulhos.com.br\/blog\/wp-json\/wp\/v2\/types\/post"}],"author":[{"embeddable":true,"href":"https:\/\/www.aceguarulhos.com.br\/blog\/wp-json\/wp\/v2\/users\/8"}],"replies":[{"embeddable":true,"href":"https:\/\/www.aceguarulhos.com.br\/blog\/wp-json\/wp\/v2\/comments?post=32109"}],"version-history":[{"count":0,"href":"https:\/\/www.aceguarulhos.com.br\/blog\/wp-json\/wp\/v2\/posts\/32109\/revisions"}],"wp:attachment":[{"href":"https:\/\/www.aceguarulhos.com.br\/blog\/wp-json\/wp\/v2\/media?parent=32109"}],"wp:term":[{"taxonomy":"category","embeddable":true,"href":"https:\/\/www.aceguarulhos.com.br\/blog\/wp-json\/wp\/v2\/categories?post=32109"},{"taxonomy":"post_tag","embeddable":true,"href":"https:\/\/www.aceguarulhos.com.br\/blog\/wp-json\/wp\/v2\/tags?post=32109"}],"curies":[{"name":"wp","href":"https:\/\/api.w.org\/{rel}","templated":true}]}}