{"id":32098,"date":"2007-09-03T14:39:00","date_gmt":"2007-09-03T14:39:00","guid":{"rendered":"http:\/\/www.aceguarulhos.com.br\/blog\/?p=32098"},"modified":"-0001-11-30T00:00:00","modified_gmt":"-0001-11-30T03:00:00","slug":"liderar-%c3%a9-motivar","status":"publish","type":"post","link":"https:\/\/www.aceguarulhos.com.br\/blog\/liderar-%c3%a9-motivar\/","title":{"rendered":"Liderar \u00e9 motivar!"},"content":{"rendered":"<p>No meu livro \u201cAdministrar, Hoje\u201d (Editora Harbra,15\u00aa Edi\u00e7\u00e3o) escrevi um cap\u00edtulo chamado \u201cPrecisa-se de um Chefe\u201d em que eu digo que \u201cChefes fracos, moles, com baixo teor de exig\u00eancia com rela\u00e7\u00e3o a seus subordinados est\u00e3o desmotivando os empregados.\u201d&nbsp; E tenho continuado a notar este s\u00e9rio problema na empresa brasileira. Os chefes atualmente est\u00e3o t\u00edmidos no exerc\u00edcio inalien\u00e1vel de sua fun\u00e7\u00e3o de liderar.&nbsp; V\u00eaem o erro e fingem n\u00e3o t\u00ea-lo visto. Constatam a des\u00eddia e cegam a pr\u00f3pria consci\u00eancia.<\/p>\n<p>Esse relaxamento no cumprimento das fun\u00e7\u00f5es de liderar est\u00e1 levando a uma profunda desmotiva\u00e7\u00e3o entre os empregados. N\u00e3o s\u00e3o poucos aqueles que vendo a completa aus\u00eancia de refor\u00e7o positivo pelo trabalho bem feito e a n\u00e3o-puni\u00e7\u00e3o da neglig\u00eancia, desinteressam-se pelo auto-aperfei\u00e7oamento e auto-exig\u00eancia e disciplina. O ser humano precisa de desafios constantes que o levem a superar-se constantemente e precisa de modelos nos quais possa se espelhar. Os mais pr\u00f3ximos modelos s\u00e3o os pais, professores e chefes. <\/p>\n<p>Na aus\u00eancia de l\u00edderes, o homem se torna fraco, ab\u00falico. Sem desafios, o homem se transforma num alco\u00f3latra do \u00f3cio. \u00c9 preciso reeditar aqueles chefes\/l\u00edderes que eram respeitados, queridos, verdadeiros mestres, enfim, verdadeiros l\u00edderes.<\/p>\n<p>O conceito de \u201cchefe\u201d hoje est\u00e1 mudando para o conceito de \u201ccoach\u201d que em portugu\u00eas significa \u201ctreinador\u201d \u2013 \u201cCoach\u201d&nbsp; \u00e9 o nome que os ingleses d\u00e3o aos t\u00e9cnicos de um time. O \u201ccoach\u201d \u00e9 aquele que acompanha, que insiste em alta performance, que acompanha o time, que conhece cada um dos \u201cjogadores\u201d e trabalha individualmente com cada um ao mesmo tempo que faz com que todos tenham consci\u00eancia de equipe. Num time, cada um dos indiv\u00edduos com as suas caracter\u00edsticas individuais e aptid\u00f5es \u00e9 fundamental. Por\u00e9m, se cada um jogar sozinho, o time n\u00e3o vencer\u00e1. Assim, uma das grandes tarefas do l\u00edder-coach \u00e9 fazer a necess\u00e1ria integra\u00e7\u00e3o entre o individual e o coletivo. O coletivo na empresa \u00e9 o seu mercado, seus clientes, seus objetivos. Para marcar o \u201cgol\u201d tanto \u00e9 necess\u00e1ria a compet\u00eancia individual quanto a habilidade coletiva. <\/p>\n<p>Gostaria que voc\u00ea fizesse, como chefe, um exame de consci\u00eancia e se perguntasse: <\/p>\n<p>(a) Deixo claro aos meus subordinados o que espero deles?<\/p>\n<p>(b) Sou firme e decidido e exijo o m\u00e1ximo de meu pessoal?<\/p>\n<p>(c) Quando vejo algo fora dos padr\u00f5es de excel\u00eancia, imediatamente chamo os respons\u00e1veis e, com eles, revemos se todos entenderam os objetivos e tarefas e os da empresa?<\/p>\n<p>(d) Tenho sempre a inten\u00e7\u00e3o de ser \u201cjusto\u201d ao inv\u00e9s de ser \u201cbonzinho\u201d? <\/p>\n<p>Pense nestas perguntas. Leve seu pessoal, que tem subordinados, a tamb\u00e9m pensar nelas. O que precisamos \u00e9 de verdadeiros l\u00edderes que possam levar as pessoas a vencer seus pr\u00f3prios desafios e limites sem esquecer o coletivo, a harmonia, o \u201cpassar a bola\u201d para que o outro marque o t\u00e3o esperado gol e todo o time saia vencedor.<\/p>\n<p>Pense nisso. Sucesso!<\/p>\n","protected":false},"excerpt":{"rendered":"No meu livro \u201cAdministrar, Hoje\u201d (Editora Harbra,15\u00aa Edi\u00e7\u00e3o) escrevi um cap\u00edtulo chamado \u201cPrecisa-se de um Chefe\u201d em que eu digo que \u201cChefes fracos, \n<a class=\"moretag\" href=\"https:\/\/www.aceguarulhos.com.br\/blog\/liderar-%c3%a9-motivar\/\"> [...]<\/a>","protected":false},"author":8,"featured_media":0,"comment_status":"open","ping_status":"open","sticky":false,"template":"","format":"standard","meta":{"footnotes":""},"categories":[2],"tags":[],"class_list":["post-32098","post","type-post","status-publish","format-standard","hentry","category-noticias"],"yoast_head":"<!-- This site is optimized with the Yoast SEO plugin v28.1 - https:\/\/yoast.com\/product\/yoast-seo-wordpress\/ -->\n<title>Liderar \u00e9 motivar! - ACE-Guarulhos<\/title>\n<meta name=\"robots\" content=\"index, follow, max-snippet:-1, max-image-preview:large, max-video-preview:-1\" \/>\n<link rel=\"canonical\" href=\"https:\/\/www.aceguarulhos.com.br\/blog\/liderar-\u00e9-motivar\/\" \/>\n<meta property=\"og:locale\" content=\"pt_BR\" \/>\n<meta property=\"og:type\" content=\"article\" \/>\n<meta property=\"og:title\" content=\"Liderar \u00e9 motivar! - ACE-Guarulhos\" \/>\n<meta property=\"og:description\" content=\"No meu livro \u201cAdministrar, Hoje\u201d (Editora Harbra,15\u00aa Edi\u00e7\u00e3o) escrevi um cap\u00edtulo chamado \u201cPrecisa-se de um Chefe\u201d em que eu digo que \u201cChefes fracos,\" \/>\n<meta property=\"og:url\" content=\"https:\/\/www.aceguarulhos.com.br\/blog\/liderar-\u00e9-motivar\/\" \/>\n<meta property=\"og:site_name\" content=\"ACE-Guarulhos\" \/>\n<meta property=\"article:publisher\" content=\"https:\/\/www.facebook.com\/aceguarulhos\/\" \/>\n<meta property=\"article:published_time\" content=\"2007-09-03T14:39:00+00:00\" \/>\n<meta name=\"author\" content=\"Assessoria de Imprensa ACE-Guarulhos\" \/>\n<meta name=\"twitter:card\" content=\"summary_large_image\" \/>\n<meta name=\"twitter:label1\" content=\"Escrito por\" \/>\n\t<meta name=\"twitter:data1\" content=\"Assessoria de Imprensa ACE-Guarulhos\" \/>\n\t<meta name=\"twitter:label2\" content=\"Est. tempo de leitura\" \/>\n\t<meta name=\"twitter:data2\" content=\"3 minutos\" \/>\n<script type=\"application\/ld+json\" class=\"yoast-schema-graph\">{\"@context\":\"https:\\\/\\\/schema.org\",\"@graph\":[{\"@type\":\"Article\",\"@id\":\"https:\\\/\\\/www.aceguarulhos.com.br\\\/blog\\\/liderar-%c3%a9-motivar\\\/#article\",\"isPartOf\":{\"@id\":\"https:\\\/\\\/www.aceguarulhos.com.br\\\/blog\\\/liderar-%c3%a9-motivar\\\/\"},\"author\":{\"name\":\"Assessoria de Imprensa ACE-Guarulhos\",\"@id\":\"https:\\\/\\\/www.aceguarulhos.com.br\\\/blog\\\/#\\\/schema\\\/person\\\/6983b51bad37489989e4f09698c26237\"},\"headline\":\"Liderar \u00e9 motivar!\",\"datePublished\":\"2007-09-03T14:39:00+00:00\",\"mainEntityOfPage\":{\"@id\":\"https:\\\/\\\/www.aceguarulhos.com.br\\\/blog\\\/liderar-%c3%a9-motivar\\\/\"},\"wordCount\":522,\"commentCount\":0,\"publisher\":{\"@id\":\"https:\\\/\\\/www.aceguarulhos.com.br\\\/blog\\\/#organization\"},\"articleSection\":[\"Not\u00edcias\"],\"inLanguage\":\"pt-BR\"},{\"@type\":\"WebPage\",\"@id\":\"https:\\\/\\\/www.aceguarulhos.com.br\\\/blog\\\/liderar-%c3%a9-motivar\\\/\",\"url\":\"https:\\\/\\\/www.aceguarulhos.com.br\\\/blog\\\/liderar-%c3%a9-motivar\\\/\",\"name\":\"Liderar \u00e9 motivar! - ACE-Guarulhos\",\"isPartOf\":{\"@id\":\"https:\\\/\\\/www.aceguarulhos.com.br\\\/blog\\\/#website\"},\"datePublished\":\"2007-09-03T14:39:00+00:00\",\"breadcrumb\":{\"@id\":\"https:\\\/\\\/www.aceguarulhos.com.br\\\/blog\\\/liderar-%c3%a9-motivar\\\/#breadcrumb\"},\"inLanguage\":\"pt-BR\",\"potentialAction\":[{\"@type\":\"ReadAction\",\"target\":[\"https:\\\/\\\/www.aceguarulhos.com.br\\\/blog\\\/liderar-%c3%a9-motivar\\\/\"]}]},{\"@type\":\"BreadcrumbList\",\"@id\":\"https:\\\/\\\/www.aceguarulhos.com.br\\\/blog\\\/liderar-%c3%a9-motivar\\\/#breadcrumb\",\"itemListElement\":[{\"@type\":\"ListItem\",\"position\":1,\"name\":\"In\u00edcio\",\"item\":\"https:\\\/\\\/www.aceguarulhos.com.br\\\/blog\\\/\"},{\"@type\":\"ListItem\",\"position\":2,\"name\":\"Liderar \u00e9 motivar!\"}]},{\"@type\":\"WebSite\",\"@id\":\"https:\\\/\\\/www.aceguarulhos.com.br\\\/blog\\\/#website\",\"url\":\"https:\\\/\\\/www.aceguarulhos.com.br\\\/blog\\\/\",\"name\":\"ACE-Guarulhos\",\"description\":\"A ACE-Guarulhos \u00e9 uma associa\u00e7\u00e3o que ap\u00f3ia os empres\u00e1rios guarulhenses atrav\u00e9s da representa\u00e7\u00e3o, da gera\u00e7\u00e3o de neg\u00f3cios e presta\u00e7\u00e3o de servi\u00e7os.\",\"publisher\":{\"@id\":\"https:\\\/\\\/www.aceguarulhos.com.br\\\/blog\\\/#organization\"},\"potentialAction\":[{\"@type\":\"SearchAction\",\"target\":{\"@type\":\"EntryPoint\",\"urlTemplate\":\"https:\\\/\\\/www.aceguarulhos.com.br\\\/blog\\\/?s={search_term_string}\"},\"query-input\":{\"@type\":\"PropertyValueSpecification\",\"valueRequired\":true,\"valueName\":\"search_term_string\"}}],\"inLanguage\":\"pt-BR\"},{\"@type\":\"Organization\",\"@id\":\"https:\\\/\\\/www.aceguarulhos.com.br\\\/blog\\\/#organization\",\"name\":\"ACE-Guarulhos\",\"url\":\"https:\\\/\\\/www.aceguarulhos.com.br\\\/blog\\\/\",\"logo\":{\"@type\":\"ImageObject\",\"inLanguage\":\"pt-BR\",\"@id\":\"https:\\\/\\\/www.aceguarulhos.com.br\\\/blog\\\/#\\\/schema\\\/logo\\\/image\\\/\",\"url\":\"https:\\\/\\\/www.aceguarulhos.com.br\\\/blog\\\/wp-content\\\/uploads\\\/2017\\\/12\\\/logo-aceguarulhos-2018.png\",\"contentUrl\":\"https:\\\/\\\/www.aceguarulhos.com.br\\\/blog\\\/wp-content\\\/uploads\\\/2017\\\/12\\\/logo-aceguarulhos-2018.png\",\"width\":419,\"height\":76,\"caption\":\"ACE-Guarulhos\"},\"image\":{\"@id\":\"https:\\\/\\\/www.aceguarulhos.com.br\\\/blog\\\/#\\\/schema\\\/logo\\\/image\\\/\"},\"sameAs\":[\"https:\\\/\\\/www.facebook.com\\\/aceguarulhos\\\/\",\"https:\\\/\\\/br.linkedin.com\\\/in\\\/ace-guarulhos-b9a97093\",\"https:\\\/\\\/www.youtube.com\\\/user\\\/aceguarulhos\"]},{\"@type\":\"Person\",\"@id\":\"https:\\\/\\\/www.aceguarulhos.com.br\\\/blog\\\/#\\\/schema\\\/person\\\/6983b51bad37489989e4f09698c26237\",\"name\":\"Assessoria de Imprensa ACE-Guarulhos\",\"image\":{\"@type\":\"ImageObject\",\"inLanguage\":\"pt-BR\",\"@id\":\"https:\\\/\\\/secure.gravatar.com\\\/avatar\\\/707f3fadd6918afeb64173ab22d8a8cb0676953098a4f31ff36dc2b4c699ef6a?s=96&d=mm&r=g\",\"url\":\"https:\\\/\\\/secure.gravatar.com\\\/avatar\\\/707f3fadd6918afeb64173ab22d8a8cb0676953098a4f31ff36dc2b4c699ef6a?s=96&d=mm&r=g\",\"contentUrl\":\"https:\\\/\\\/secure.gravatar.com\\\/avatar\\\/707f3fadd6918afeb64173ab22d8a8cb0676953098a4f31ff36dc2b4c699ef6a?s=96&d=mm&r=g\",\"caption\":\"Assessoria de Imprensa ACE-Guarulhos\"},\"url\":\"https:\\\/\\\/www.aceguarulhos.com.br\\\/blog\\\/author\\\/assessoria-de-imprensa-ace-guarulhos\\\/\"}]}<\/script>\n<!-- \/ Yoast SEO plugin. -->","yoast_head_json":{"title":"Liderar \u00e9 motivar! - ACE-Guarulhos","robots":{"index":"index","follow":"follow","max-snippet":"max-snippet:-1","max-image-preview":"max-image-preview:large","max-video-preview":"max-video-preview:-1"},"canonical":"https:\/\/www.aceguarulhos.com.br\/blog\/liderar-\u00e9-motivar\/","og_locale":"pt_BR","og_type":"article","og_title":"Liderar \u00e9 motivar! - ACE-Guarulhos","og_description":"No meu livro \u201cAdministrar, Hoje\u201d (Editora Harbra,15\u00aa Edi\u00e7\u00e3o) escrevi um cap\u00edtulo chamado \u201cPrecisa-se de um Chefe\u201d em que eu digo que \u201cChefes fracos,","og_url":"https:\/\/www.aceguarulhos.com.br\/blog\/liderar-\u00e9-motivar\/","og_site_name":"ACE-Guarulhos","article_publisher":"https:\/\/www.facebook.com\/aceguarulhos\/","article_published_time":"2007-09-03T14:39:00+00:00","author":"Assessoria de Imprensa ACE-Guarulhos","twitter_card":"summary_large_image","twitter_misc":{"Escrito por":"Assessoria de Imprensa ACE-Guarulhos","Est. tempo de leitura":"3 minutos"},"schema":{"@context":"https:\/\/schema.org","@graph":[{"@type":"Article","@id":"https:\/\/www.aceguarulhos.com.br\/blog\/liderar-%c3%a9-motivar\/#article","isPartOf":{"@id":"https:\/\/www.aceguarulhos.com.br\/blog\/liderar-%c3%a9-motivar\/"},"author":{"name":"Assessoria de Imprensa ACE-Guarulhos","@id":"https:\/\/www.aceguarulhos.com.br\/blog\/#\/schema\/person\/6983b51bad37489989e4f09698c26237"},"headline":"Liderar \u00e9 motivar!","datePublished":"2007-09-03T14:39:00+00:00","mainEntityOfPage":{"@id":"https:\/\/www.aceguarulhos.com.br\/blog\/liderar-%c3%a9-motivar\/"},"wordCount":522,"commentCount":0,"publisher":{"@id":"https:\/\/www.aceguarulhos.com.br\/blog\/#organization"},"articleSection":["Not\u00edcias"],"inLanguage":"pt-BR"},{"@type":"WebPage","@id":"https:\/\/www.aceguarulhos.com.br\/blog\/liderar-%c3%a9-motivar\/","url":"https:\/\/www.aceguarulhos.com.br\/blog\/liderar-%c3%a9-motivar\/","name":"Liderar \u00e9 motivar! - ACE-Guarulhos","isPartOf":{"@id":"https:\/\/www.aceguarulhos.com.br\/blog\/#website"},"datePublished":"2007-09-03T14:39:00+00:00","breadcrumb":{"@id":"https:\/\/www.aceguarulhos.com.br\/blog\/liderar-%c3%a9-motivar\/#breadcrumb"},"inLanguage":"pt-BR","potentialAction":[{"@type":"ReadAction","target":["https:\/\/www.aceguarulhos.com.br\/blog\/liderar-%c3%a9-motivar\/"]}]},{"@type":"BreadcrumbList","@id":"https:\/\/www.aceguarulhos.com.br\/blog\/liderar-%c3%a9-motivar\/#breadcrumb","itemListElement":[{"@type":"ListItem","position":1,"name":"In\u00edcio","item":"https:\/\/www.aceguarulhos.com.br\/blog\/"},{"@type":"ListItem","position":2,"name":"Liderar \u00e9 motivar!"}]},{"@type":"WebSite","@id":"https:\/\/www.aceguarulhos.com.br\/blog\/#website","url":"https:\/\/www.aceguarulhos.com.br\/blog\/","name":"ACE-Guarulhos","description":"A ACE-Guarulhos \u00e9 uma associa\u00e7\u00e3o que ap\u00f3ia os empres\u00e1rios guarulhenses atrav\u00e9s da representa\u00e7\u00e3o, da gera\u00e7\u00e3o de neg\u00f3cios e presta\u00e7\u00e3o de servi\u00e7os.","publisher":{"@id":"https:\/\/www.aceguarulhos.com.br\/blog\/#organization"},"potentialAction":[{"@type":"SearchAction","target":{"@type":"EntryPoint","urlTemplate":"https:\/\/www.aceguarulhos.com.br\/blog\/?s={search_term_string}"},"query-input":{"@type":"PropertyValueSpecification","valueRequired":true,"valueName":"search_term_string"}}],"inLanguage":"pt-BR"},{"@type":"Organization","@id":"https:\/\/www.aceguarulhos.com.br\/blog\/#organization","name":"ACE-Guarulhos","url":"https:\/\/www.aceguarulhos.com.br\/blog\/","logo":{"@type":"ImageObject","inLanguage":"pt-BR","@id":"https:\/\/www.aceguarulhos.com.br\/blog\/#\/schema\/logo\/image\/","url":"https:\/\/www.aceguarulhos.com.br\/blog\/wp-content\/uploads\/2017\/12\/logo-aceguarulhos-2018.png","contentUrl":"https:\/\/www.aceguarulhos.com.br\/blog\/wp-content\/uploads\/2017\/12\/logo-aceguarulhos-2018.png","width":419,"height":76,"caption":"ACE-Guarulhos"},"image":{"@id":"https:\/\/www.aceguarulhos.com.br\/blog\/#\/schema\/logo\/image\/"},"sameAs":["https:\/\/www.facebook.com\/aceguarulhos\/","https:\/\/br.linkedin.com\/in\/ace-guarulhos-b9a97093","https:\/\/www.youtube.com\/user\/aceguarulhos"]},{"@type":"Person","@id":"https:\/\/www.aceguarulhos.com.br\/blog\/#\/schema\/person\/6983b51bad37489989e4f09698c26237","name":"Assessoria de Imprensa ACE-Guarulhos","image":{"@type":"ImageObject","inLanguage":"pt-BR","@id":"https:\/\/secure.gravatar.com\/avatar\/707f3fadd6918afeb64173ab22d8a8cb0676953098a4f31ff36dc2b4c699ef6a?s=96&d=mm&r=g","url":"https:\/\/secure.gravatar.com\/avatar\/707f3fadd6918afeb64173ab22d8a8cb0676953098a4f31ff36dc2b4c699ef6a?s=96&d=mm&r=g","contentUrl":"https:\/\/secure.gravatar.com\/avatar\/707f3fadd6918afeb64173ab22d8a8cb0676953098a4f31ff36dc2b4c699ef6a?s=96&d=mm&r=g","caption":"Assessoria de Imprensa ACE-Guarulhos"},"url":"https:\/\/www.aceguarulhos.com.br\/blog\/author\/assessoria-de-imprensa-ace-guarulhos\/"}]}},"wps_subtitle":"","amp_enabled":true,"_links":{"self":[{"href":"https:\/\/www.aceguarulhos.com.br\/blog\/wp-json\/wp\/v2\/posts\/32098","targetHints":{"allow":["GET"]}}],"collection":[{"href":"https:\/\/www.aceguarulhos.com.br\/blog\/wp-json\/wp\/v2\/posts"}],"about":[{"href":"https:\/\/www.aceguarulhos.com.br\/blog\/wp-json\/wp\/v2\/types\/post"}],"author":[{"embeddable":true,"href":"https:\/\/www.aceguarulhos.com.br\/blog\/wp-json\/wp\/v2\/users\/8"}],"replies":[{"embeddable":true,"href":"https:\/\/www.aceguarulhos.com.br\/blog\/wp-json\/wp\/v2\/comments?post=32098"}],"version-history":[{"count":0,"href":"https:\/\/www.aceguarulhos.com.br\/blog\/wp-json\/wp\/v2\/posts\/32098\/revisions"}],"wp:attachment":[{"href":"https:\/\/www.aceguarulhos.com.br\/blog\/wp-json\/wp\/v2\/media?parent=32098"}],"wp:term":[{"taxonomy":"category","embeddable":true,"href":"https:\/\/www.aceguarulhos.com.br\/blog\/wp-json\/wp\/v2\/categories?post=32098"},{"taxonomy":"post_tag","embeddable":true,"href":"https:\/\/www.aceguarulhos.com.br\/blog\/wp-json\/wp\/v2\/tags?post=32098"}],"curies":[{"name":"wp","href":"https:\/\/api.w.org\/{rel}","templated":true}]}}