{"id":32088,"date":"2007-09-03T09:31:52","date_gmt":"2007-09-03T09:31:52","guid":{"rendered":"http:\/\/www.aceguarulhos.com.br\/blog\/?p=32088"},"modified":"-0001-11-30T00:00:00","modified_gmt":"-0001-11-30T03:00:00","slug":"paulistano-vai-gastar-at%c3%a9-10-mais-com-a-moda-primavera-ver%c3%a3o","status":"publish","type":"post","link":"https:\/\/www.aceguarulhos.com.br\/blog\/paulistano-vai-gastar-at%c3%a9-10-mais-com-a-moda-primavera-ver%c3%a3o\/","title":{"rendered":"Paulistano vai gastar at\u00e9 10% mais com a moda primavera-ver\u00e3o"},"content":{"rendered":"<p><i>O paulistano gastar\u00e1 at\u00e9 10% a mais para comprar roupas da moda primavera-ver\u00e3o que chega \u00e0s lojas. Segundo o Sindicato das Ind\u00fastrias do Vestu\u00e1rio de S\u00e3o Paulo (Sindivest), as roupas de ver\u00e3o expostas nas vitrines est\u00e3o com pre\u00e7os 6% maiores do que no mesmo per\u00edodo do ano passado, mas n\u00e3o devem pesar demais no bolso do consumidor, j\u00e1 que a infla\u00e7\u00e3o em outros setores \u00e9 mais vis\u00edvel<\/i><\/p>\n<p>Entre lojistas, o sentimento geral \u00e9 de estabilidade com &#8220;ligeira alta&#8221; nos pre\u00e7os da cole\u00e7\u00e3o da pr\u00f3xima esta\u00e7\u00e3o. S\u00e3o citados at\u00e9 casos de baixa em algumas pe\u00e7as espec\u00edficas. &#8220;O vestu\u00e1rio \u00e9 a \u00e2ncora da infla\u00e7\u00e3o. N\u00e3o existe mercado de consumo capaz de aumentar demais o seu custo para o consumidor final&#8221;, diz o coordenador do \u00cdndice de Pre\u00e7os ao Consumidor (IPC) da Funda\u00e7\u00e3o Instituto de Pesquisas Econ\u00f4micas (Fipe), M\u00e1rcio Nakane. O IPC teve alta de 0,11% na terceira semana de agosto, com varia\u00e7\u00e3o negativa no vestu\u00e1rio de 0,89%. <\/p>\n<p>Embora esteja em baixa, o percentual \u00e9 menor do que o da segunda semana do m\u00eas, quando o \u00edndice foi de menos 1,24%. Os n\u00fameros s\u00e3o reflexo do final da temporada de liq\u00fcida\u00e7\u00f5es de outono-inverno. A expectativa do coordenador \u00e9 de que em setembro os pre\u00e7os aumentem mais, seguindo a tend\u00eancia do ano passado, quando a pr\u00e9via registrou alta de 0,66% no mesmo per\u00edodo. <\/p>\n<p>Concorr\u00eancia \u2013 Das cerca de 6 bilh\u00f5es de pe\u00e7as de roupas confeccionadas por ano no Pa\u00eds, 5,2 bilh\u00f5es s\u00e3o da moda primavera-ver\u00e3o, de acordo com o presidente da Associa\u00e7\u00e3o Brasileira do Vestu\u00e1rio (Abravest), Roberto Chadad. Ele diz que a varia\u00e7\u00e3o de pre\u00e7os de um ano para o outro \u00e9 muito pequena. &#8220;Um dos motivos \u00e9 a concorr\u00eancia com os produtos chineses, que s\u00e3o mais baratos&#8221;. <\/p>\n<p>Para o economista da Associa\u00e7\u00e3o Comercial de S\u00e3o Paulo (ACSP) Em\u00edlio Alfieri, outro motivo \u00e9 o tempo irregular no Pa\u00eds. &#8220;O pre\u00e7o das roupas fica estabilizado, geralmente, por causa das liq\u00fcida\u00e7\u00f5es. Neste ano fez calor no inverno, e os pre\u00e7os ca\u00edram mais cedo. O setor est\u00e1 em apuros. Foi o que menos reajustou pre\u00e7os nos \u00faltimos 13 anos,&#8221; lembrou. <\/p>\n<p>Segundo o secret\u00e1rio-executivo do Sindicato das Ind\u00fastrias do Vestu\u00e1rio de S\u00e3o Paulo (Sindivest), Pedro Eduardo Fortes, as roupas da primavera-ver\u00e3o ficaram 6% mais caras sobre o mesmo per\u00edodo do ano passado. &#8220;Se comparada a outros setores, n\u00e3o chega a ser uma alta significativa. Mas ser\u00e1 preocupante se o governo aprovar o aumento da al\u00edquota de importa\u00e7\u00e3o de mat\u00e9ria-prima de 20% para 26%&#8221;, diz, referindo-se \u00e0 eleva\u00e7\u00e3o dessas tarifas, ainda em discuss\u00e3o no Mercosul. &#8220;Caso saia a aprova\u00e7\u00e3o, o setor de vestu\u00e1rio ter\u00e1 a maior alta de pre\u00e7os desde a cria\u00e7\u00e3o do Plano Real. Isso pode ocorrer na pr\u00f3xima troca de esta\u00e7\u00e3o.&#8221; <\/p>\n<p>No Shopping Center Norte, a gerente da Erva Doce, Marilene Aparecida Borges, diz que o pre\u00e7o da nova cole\u00e7\u00e3o \u00e9 praticamente o mesmo de 2006, com uma pe\u00e7a ou outra mais cara. Um vestido da marca, por exemplo, custa, em m\u00e9dia, R$ 140, diz ela. <br \/>J\u00e1 na loja de moda feminina Ak\u00e1ssia, as roupas de primavera-ver\u00e3o est\u00e3o 10% mais caras do que na mesma \u00e9poca do ano passado. &#8220;Mudamos nossa vitrine h\u00e1 15 dias. Mas esfriou de novo, e colocamos alguns casacos de volta para atrair a consumidora&#8221;, diz a gerente Sileide Santos. <\/p>\n<p>J\u00e1 na loja masculina Yachtsman alguns pre\u00e7os despencaram. De acordo com a gerente S\u00edlvia Alves dos Santos, as camisas que custavam R$ 89 em 2006, neste ano custam R$ 69. &#8220;Mas, no geral, os pre\u00e7os se mantiveram&#8221;, afirma. Ainda h\u00e1 pe\u00e7as de inverno na vitrine, com descontos de at\u00e9 60%.<\/p>\n","protected":false},"excerpt":{"rendered":"O paulistano gastar\u00e1 at\u00e9 10% a mais para comprar roupas da moda primavera-ver\u00e3o que chega \u00e0s lojas. Segundo o Sindicato das Ind\u00fastrias do \n<a class=\"moretag\" href=\"https:\/\/www.aceguarulhos.com.br\/blog\/paulistano-vai-gastar-at%c3%a9-10-mais-com-a-moda-primavera-ver%c3%a3o\/\"> [...]<\/a>","protected":false},"author":8,"featured_media":0,"comment_status":"open","ping_status":"open","sticky":false,"template":"","format":"standard","meta":{"footnotes":""},"categories":[2],"tags":[],"class_list":["post-32088","post","type-post","status-publish","format-standard","hentry","category-noticias"],"yoast_head":"<!-- This site is optimized with the Yoast SEO plugin v28.1 - https:\/\/yoast.com\/product\/yoast-seo-wordpress\/ -->\n<title>Paulistano vai gastar at\u00e9 10% mais com a moda primavera-ver\u00e3o - ACE-Guarulhos<\/title>\n<meta name=\"robots\" content=\"index, follow, max-snippet:-1, max-image-preview:large, max-video-preview:-1\" \/>\n<link rel=\"canonical\" href=\"https:\/\/www.aceguarulhos.com.br\/blog\/paulistano-vai-gastar-at\u00e9-10-mais-com-a-moda-primavera-ver\u00e3o\/\" \/>\n<meta property=\"og:locale\" content=\"pt_BR\" \/>\n<meta property=\"og:type\" content=\"article\" \/>\n<meta property=\"og:title\" content=\"Paulistano vai gastar at\u00e9 10% mais com a moda primavera-ver\u00e3o - ACE-Guarulhos\" \/>\n<meta property=\"og:description\" content=\"O paulistano gastar\u00e1 at\u00e9 10% a mais para comprar roupas da moda primavera-ver\u00e3o que chega \u00e0s lojas. Segundo o Sindicato das Ind\u00fastrias do\" \/>\n<meta property=\"og:url\" content=\"https:\/\/www.aceguarulhos.com.br\/blog\/paulistano-vai-gastar-at\u00e9-10-mais-com-a-moda-primavera-ver\u00e3o\/\" \/>\n<meta property=\"og:site_name\" content=\"ACE-Guarulhos\" \/>\n<meta property=\"article:publisher\" content=\"https:\/\/www.facebook.com\/aceguarulhos\/\" \/>\n<meta property=\"article:published_time\" content=\"2007-09-03T09:31:52+00:00\" \/>\n<meta name=\"author\" content=\"Assessoria de Imprensa ACE-Guarulhos\" \/>\n<meta name=\"twitter:card\" content=\"summary_large_image\" \/>\n<meta name=\"twitter:label1\" content=\"Escrito por\" \/>\n\t<meta name=\"twitter:data1\" content=\"Assessoria de Imprensa ACE-Guarulhos\" \/>\n\t<meta name=\"twitter:label2\" content=\"Est. tempo de leitura\" \/>\n\t<meta name=\"twitter:data2\" content=\"3 minutos\" \/>\n<script type=\"application\/ld+json\" class=\"yoast-schema-graph\">{\"@context\":\"https:\\\/\\\/schema.org\",\"@graph\":[{\"@type\":\"Article\",\"@id\":\"https:\\\/\\\/www.aceguarulhos.com.br\\\/blog\\\/paulistano-vai-gastar-at%c3%a9-10-mais-com-a-moda-primavera-ver%c3%a3o\\\/#article\",\"isPartOf\":{\"@id\":\"https:\\\/\\\/www.aceguarulhos.com.br\\\/blog\\\/paulistano-vai-gastar-at%c3%a9-10-mais-com-a-moda-primavera-ver%c3%a3o\\\/\"},\"author\":{\"name\":\"Assessoria de Imprensa ACE-Guarulhos\",\"@id\":\"https:\\\/\\\/www.aceguarulhos.com.br\\\/blog\\\/#\\\/schema\\\/person\\\/6983b51bad37489989e4f09698c26237\"},\"headline\":\"Paulistano vai gastar at\u00e9 10% mais com a moda primavera-ver\u00e3o\",\"datePublished\":\"2007-09-03T09:31:52+00:00\",\"mainEntityOfPage\":{\"@id\":\"https:\\\/\\\/www.aceguarulhos.com.br\\\/blog\\\/paulistano-vai-gastar-at%c3%a9-10-mais-com-a-moda-primavera-ver%c3%a3o\\\/\"},\"wordCount\":654,\"commentCount\":0,\"publisher\":{\"@id\":\"https:\\\/\\\/www.aceguarulhos.com.br\\\/blog\\\/#organization\"},\"articleSection\":[\"Not\u00edcias\"],\"inLanguage\":\"pt-BR\"},{\"@type\":\"WebPage\",\"@id\":\"https:\\\/\\\/www.aceguarulhos.com.br\\\/blog\\\/paulistano-vai-gastar-at%c3%a9-10-mais-com-a-moda-primavera-ver%c3%a3o\\\/\",\"url\":\"https:\\\/\\\/www.aceguarulhos.com.br\\\/blog\\\/paulistano-vai-gastar-at%c3%a9-10-mais-com-a-moda-primavera-ver%c3%a3o\\\/\",\"name\":\"Paulistano vai gastar at\u00e9 10% mais com a moda primavera-ver\u00e3o - ACE-Guarulhos\",\"isPartOf\":{\"@id\":\"https:\\\/\\\/www.aceguarulhos.com.br\\\/blog\\\/#website\"},\"datePublished\":\"2007-09-03T09:31:52+00:00\",\"breadcrumb\":{\"@id\":\"https:\\\/\\\/www.aceguarulhos.com.br\\\/blog\\\/paulistano-vai-gastar-at%c3%a9-10-mais-com-a-moda-primavera-ver%c3%a3o\\\/#breadcrumb\"},\"inLanguage\":\"pt-BR\",\"potentialAction\":[{\"@type\":\"ReadAction\",\"target\":[\"https:\\\/\\\/www.aceguarulhos.com.br\\\/blog\\\/paulistano-vai-gastar-at%c3%a9-10-mais-com-a-moda-primavera-ver%c3%a3o\\\/\"]}]},{\"@type\":\"BreadcrumbList\",\"@id\":\"https:\\\/\\\/www.aceguarulhos.com.br\\\/blog\\\/paulistano-vai-gastar-at%c3%a9-10-mais-com-a-moda-primavera-ver%c3%a3o\\\/#breadcrumb\",\"itemListElement\":[{\"@type\":\"ListItem\",\"position\":1,\"name\":\"In\u00edcio\",\"item\":\"https:\\\/\\\/www.aceguarulhos.com.br\\\/blog\\\/\"},{\"@type\":\"ListItem\",\"position\":2,\"name\":\"Paulistano vai gastar at\u00e9 10% mais com a moda primavera-ver\u00e3o\"}]},{\"@type\":\"WebSite\",\"@id\":\"https:\\\/\\\/www.aceguarulhos.com.br\\\/blog\\\/#website\",\"url\":\"https:\\\/\\\/www.aceguarulhos.com.br\\\/blog\\\/\",\"name\":\"ACE-Guarulhos\",\"description\":\"A ACE-Guarulhos \u00e9 uma associa\u00e7\u00e3o que ap\u00f3ia os empres\u00e1rios guarulhenses atrav\u00e9s da representa\u00e7\u00e3o, da gera\u00e7\u00e3o de neg\u00f3cios e presta\u00e7\u00e3o de servi\u00e7os.\",\"publisher\":{\"@id\":\"https:\\\/\\\/www.aceguarulhos.com.br\\\/blog\\\/#organization\"},\"potentialAction\":[{\"@type\":\"SearchAction\",\"target\":{\"@type\":\"EntryPoint\",\"urlTemplate\":\"https:\\\/\\\/www.aceguarulhos.com.br\\\/blog\\\/?s={search_term_string}\"},\"query-input\":{\"@type\":\"PropertyValueSpecification\",\"valueRequired\":true,\"valueName\":\"search_term_string\"}}],\"inLanguage\":\"pt-BR\"},{\"@type\":\"Organization\",\"@id\":\"https:\\\/\\\/www.aceguarulhos.com.br\\\/blog\\\/#organization\",\"name\":\"ACE-Guarulhos\",\"url\":\"https:\\\/\\\/www.aceguarulhos.com.br\\\/blog\\\/\",\"logo\":{\"@type\":\"ImageObject\",\"inLanguage\":\"pt-BR\",\"@id\":\"https:\\\/\\\/www.aceguarulhos.com.br\\\/blog\\\/#\\\/schema\\\/logo\\\/image\\\/\",\"url\":\"https:\\\/\\\/www.aceguarulhos.com.br\\\/blog\\\/wp-content\\\/uploads\\\/2017\\\/12\\\/logo-aceguarulhos-2018.png\",\"contentUrl\":\"https:\\\/\\\/www.aceguarulhos.com.br\\\/blog\\\/wp-content\\\/uploads\\\/2017\\\/12\\\/logo-aceguarulhos-2018.png\",\"width\":419,\"height\":76,\"caption\":\"ACE-Guarulhos\"},\"image\":{\"@id\":\"https:\\\/\\\/www.aceguarulhos.com.br\\\/blog\\\/#\\\/schema\\\/logo\\\/image\\\/\"},\"sameAs\":[\"https:\\\/\\\/www.facebook.com\\\/aceguarulhos\\\/\",\"https:\\\/\\\/br.linkedin.com\\\/in\\\/ace-guarulhos-b9a97093\",\"https:\\\/\\\/www.youtube.com\\\/user\\\/aceguarulhos\"]},{\"@type\":\"Person\",\"@id\":\"https:\\\/\\\/www.aceguarulhos.com.br\\\/blog\\\/#\\\/schema\\\/person\\\/6983b51bad37489989e4f09698c26237\",\"name\":\"Assessoria de Imprensa ACE-Guarulhos\",\"image\":{\"@type\":\"ImageObject\",\"inLanguage\":\"pt-BR\",\"@id\":\"https:\\\/\\\/secure.gravatar.com\\\/avatar\\\/707f3fadd6918afeb64173ab22d8a8cb0676953098a4f31ff36dc2b4c699ef6a?s=96&d=mm&r=g\",\"url\":\"https:\\\/\\\/secure.gravatar.com\\\/avatar\\\/707f3fadd6918afeb64173ab22d8a8cb0676953098a4f31ff36dc2b4c699ef6a?s=96&d=mm&r=g\",\"contentUrl\":\"https:\\\/\\\/secure.gravatar.com\\\/avatar\\\/707f3fadd6918afeb64173ab22d8a8cb0676953098a4f31ff36dc2b4c699ef6a?s=96&d=mm&r=g\",\"caption\":\"Assessoria de Imprensa ACE-Guarulhos\"},\"url\":\"https:\\\/\\\/www.aceguarulhos.com.br\\\/blog\\\/author\\\/assessoria-de-imprensa-ace-guarulhos\\\/\"}]}<\/script>\n<!-- \/ Yoast SEO plugin. -->","yoast_head_json":{"title":"Paulistano vai gastar at\u00e9 10% mais com a moda primavera-ver\u00e3o - ACE-Guarulhos","robots":{"index":"index","follow":"follow","max-snippet":"max-snippet:-1","max-image-preview":"max-image-preview:large","max-video-preview":"max-video-preview:-1"},"canonical":"https:\/\/www.aceguarulhos.com.br\/blog\/paulistano-vai-gastar-at\u00e9-10-mais-com-a-moda-primavera-ver\u00e3o\/","og_locale":"pt_BR","og_type":"article","og_title":"Paulistano vai gastar at\u00e9 10% mais com a moda primavera-ver\u00e3o - ACE-Guarulhos","og_description":"O paulistano gastar\u00e1 at\u00e9 10% a mais para comprar roupas da moda primavera-ver\u00e3o que chega \u00e0s lojas. Segundo o Sindicato das Ind\u00fastrias do","og_url":"https:\/\/www.aceguarulhos.com.br\/blog\/paulistano-vai-gastar-at\u00e9-10-mais-com-a-moda-primavera-ver\u00e3o\/","og_site_name":"ACE-Guarulhos","article_publisher":"https:\/\/www.facebook.com\/aceguarulhos\/","article_published_time":"2007-09-03T09:31:52+00:00","author":"Assessoria de Imprensa ACE-Guarulhos","twitter_card":"summary_large_image","twitter_misc":{"Escrito por":"Assessoria de Imprensa ACE-Guarulhos","Est. tempo de leitura":"3 minutos"},"schema":{"@context":"https:\/\/schema.org","@graph":[{"@type":"Article","@id":"https:\/\/www.aceguarulhos.com.br\/blog\/paulistano-vai-gastar-at%c3%a9-10-mais-com-a-moda-primavera-ver%c3%a3o\/#article","isPartOf":{"@id":"https:\/\/www.aceguarulhos.com.br\/blog\/paulistano-vai-gastar-at%c3%a9-10-mais-com-a-moda-primavera-ver%c3%a3o\/"},"author":{"name":"Assessoria de Imprensa ACE-Guarulhos","@id":"https:\/\/www.aceguarulhos.com.br\/blog\/#\/schema\/person\/6983b51bad37489989e4f09698c26237"},"headline":"Paulistano vai gastar at\u00e9 10% mais com a moda primavera-ver\u00e3o","datePublished":"2007-09-03T09:31:52+00:00","mainEntityOfPage":{"@id":"https:\/\/www.aceguarulhos.com.br\/blog\/paulistano-vai-gastar-at%c3%a9-10-mais-com-a-moda-primavera-ver%c3%a3o\/"},"wordCount":654,"commentCount":0,"publisher":{"@id":"https:\/\/www.aceguarulhos.com.br\/blog\/#organization"},"articleSection":["Not\u00edcias"],"inLanguage":"pt-BR"},{"@type":"WebPage","@id":"https:\/\/www.aceguarulhos.com.br\/blog\/paulistano-vai-gastar-at%c3%a9-10-mais-com-a-moda-primavera-ver%c3%a3o\/","url":"https:\/\/www.aceguarulhos.com.br\/blog\/paulistano-vai-gastar-at%c3%a9-10-mais-com-a-moda-primavera-ver%c3%a3o\/","name":"Paulistano vai gastar at\u00e9 10% mais com a moda primavera-ver\u00e3o - ACE-Guarulhos","isPartOf":{"@id":"https:\/\/www.aceguarulhos.com.br\/blog\/#website"},"datePublished":"2007-09-03T09:31:52+00:00","breadcrumb":{"@id":"https:\/\/www.aceguarulhos.com.br\/blog\/paulistano-vai-gastar-at%c3%a9-10-mais-com-a-moda-primavera-ver%c3%a3o\/#breadcrumb"},"inLanguage":"pt-BR","potentialAction":[{"@type":"ReadAction","target":["https:\/\/www.aceguarulhos.com.br\/blog\/paulistano-vai-gastar-at%c3%a9-10-mais-com-a-moda-primavera-ver%c3%a3o\/"]}]},{"@type":"BreadcrumbList","@id":"https:\/\/www.aceguarulhos.com.br\/blog\/paulistano-vai-gastar-at%c3%a9-10-mais-com-a-moda-primavera-ver%c3%a3o\/#breadcrumb","itemListElement":[{"@type":"ListItem","position":1,"name":"In\u00edcio","item":"https:\/\/www.aceguarulhos.com.br\/blog\/"},{"@type":"ListItem","position":2,"name":"Paulistano vai gastar at\u00e9 10% mais com a moda primavera-ver\u00e3o"}]},{"@type":"WebSite","@id":"https:\/\/www.aceguarulhos.com.br\/blog\/#website","url":"https:\/\/www.aceguarulhos.com.br\/blog\/","name":"ACE-Guarulhos","description":"A ACE-Guarulhos \u00e9 uma associa\u00e7\u00e3o que ap\u00f3ia os empres\u00e1rios guarulhenses atrav\u00e9s da representa\u00e7\u00e3o, da gera\u00e7\u00e3o de neg\u00f3cios e presta\u00e7\u00e3o de servi\u00e7os.","publisher":{"@id":"https:\/\/www.aceguarulhos.com.br\/blog\/#organization"},"potentialAction":[{"@type":"SearchAction","target":{"@type":"EntryPoint","urlTemplate":"https:\/\/www.aceguarulhos.com.br\/blog\/?s={search_term_string}"},"query-input":{"@type":"PropertyValueSpecification","valueRequired":true,"valueName":"search_term_string"}}],"inLanguage":"pt-BR"},{"@type":"Organization","@id":"https:\/\/www.aceguarulhos.com.br\/blog\/#organization","name":"ACE-Guarulhos","url":"https:\/\/www.aceguarulhos.com.br\/blog\/","logo":{"@type":"ImageObject","inLanguage":"pt-BR","@id":"https:\/\/www.aceguarulhos.com.br\/blog\/#\/schema\/logo\/image\/","url":"https:\/\/www.aceguarulhos.com.br\/blog\/wp-content\/uploads\/2017\/12\/logo-aceguarulhos-2018.png","contentUrl":"https:\/\/www.aceguarulhos.com.br\/blog\/wp-content\/uploads\/2017\/12\/logo-aceguarulhos-2018.png","width":419,"height":76,"caption":"ACE-Guarulhos"},"image":{"@id":"https:\/\/www.aceguarulhos.com.br\/blog\/#\/schema\/logo\/image\/"},"sameAs":["https:\/\/www.facebook.com\/aceguarulhos\/","https:\/\/br.linkedin.com\/in\/ace-guarulhos-b9a97093","https:\/\/www.youtube.com\/user\/aceguarulhos"]},{"@type":"Person","@id":"https:\/\/www.aceguarulhos.com.br\/blog\/#\/schema\/person\/6983b51bad37489989e4f09698c26237","name":"Assessoria de Imprensa ACE-Guarulhos","image":{"@type":"ImageObject","inLanguage":"pt-BR","@id":"https:\/\/secure.gravatar.com\/avatar\/707f3fadd6918afeb64173ab22d8a8cb0676953098a4f31ff36dc2b4c699ef6a?s=96&d=mm&r=g","url":"https:\/\/secure.gravatar.com\/avatar\/707f3fadd6918afeb64173ab22d8a8cb0676953098a4f31ff36dc2b4c699ef6a?s=96&d=mm&r=g","contentUrl":"https:\/\/secure.gravatar.com\/avatar\/707f3fadd6918afeb64173ab22d8a8cb0676953098a4f31ff36dc2b4c699ef6a?s=96&d=mm&r=g","caption":"Assessoria de Imprensa ACE-Guarulhos"},"url":"https:\/\/www.aceguarulhos.com.br\/blog\/author\/assessoria-de-imprensa-ace-guarulhos\/"}]}},"wps_subtitle":"","amp_enabled":true,"_links":{"self":[{"href":"https:\/\/www.aceguarulhos.com.br\/blog\/wp-json\/wp\/v2\/posts\/32088","targetHints":{"allow":["GET"]}}],"collection":[{"href":"https:\/\/www.aceguarulhos.com.br\/blog\/wp-json\/wp\/v2\/posts"}],"about":[{"href":"https:\/\/www.aceguarulhos.com.br\/blog\/wp-json\/wp\/v2\/types\/post"}],"author":[{"embeddable":true,"href":"https:\/\/www.aceguarulhos.com.br\/blog\/wp-json\/wp\/v2\/users\/8"}],"replies":[{"embeddable":true,"href":"https:\/\/www.aceguarulhos.com.br\/blog\/wp-json\/wp\/v2\/comments?post=32088"}],"version-history":[{"count":0,"href":"https:\/\/www.aceguarulhos.com.br\/blog\/wp-json\/wp\/v2\/posts\/32088\/revisions"}],"wp:attachment":[{"href":"https:\/\/www.aceguarulhos.com.br\/blog\/wp-json\/wp\/v2\/media?parent=32088"}],"wp:term":[{"taxonomy":"category","embeddable":true,"href":"https:\/\/www.aceguarulhos.com.br\/blog\/wp-json\/wp\/v2\/categories?post=32088"},{"taxonomy":"post_tag","embeddable":true,"href":"https:\/\/www.aceguarulhos.com.br\/blog\/wp-json\/wp\/v2\/tags?post=32088"}],"curies":[{"name":"wp","href":"https:\/\/api.w.org\/{rel}","templated":true}]}}