{"id":32086,"date":"2007-08-31T15:34:14","date_gmt":"2007-08-31T15:34:14","guid":{"rendered":"http:\/\/www.aceguarulhos.com.br\/blog\/?p=32086"},"modified":"-0001-11-30T00:00:00","modified_gmt":"-0001-11-30T03:00:00","slug":"l%c3%adderes-debatem-voto-distrital","status":"publish","type":"post","link":"https:\/\/www.aceguarulhos.com.br\/blog\/l%c3%adderes-debatem-voto-distrital\/","title":{"rendered":"L\u00edderes debatem voto distrital"},"content":{"rendered":"<p><i>A raiz de todos os males da pol\u00edtica brasileira est\u00e1 plantada na forma com que s\u00e3o eleitos os representantes para a C\u00e2mara dos Deputados e Assembl\u00e9ias Legislativas. Falta qualidade na representa\u00e7\u00e3o<\/i><\/p>\n<p>Quem defende a posi\u00e7\u00e3o \u00e9 a Confedera\u00e7\u00e3o das Associa\u00e7\u00f5es Comerciais e Empresariais (CACB) que se reuniu no Crowne Plaza Hotel, com empres\u00e1rios, pol\u00edticos, juristas e jornalistas para debater a ado\u00e7\u00e3o do voto distrital no Brasil. Representantes da ACE-Guarulhos estiveram presentes: Wilson Louren\u00e7o, presidente da ACE; Decio Pomp\u00eao Junior, Diretor de Rela\u00e7\u00f5es Institucionais; Anunciato Thomeo Sobrinho, Presidente do Conselho Deliberativo e Eduardo Kamei Yukisaki, Diretor de Assuntos Legislativos.<\/p>\n<p>O evento &#8220;Meu Voto \u00e9 Distrital \u2013 A Reforma Pol\u00edtica que Interessa&#8221; teve como palestrantes o ex-presidente Fernando Henrique Cardoso e o ex-ministro do Supremo Tribunal Federal (STF) Carlos M\u00e1rio Velloso. Ap\u00f3s as palestras, houve um debate com os deputados federais Arnaldo Madeira (PSDB-SP), Ibsen Pinheiro (PMDB-RS), Virg\u00edlio Guimar\u00e3es (PT-MG), Jos\u00e9 Carlos Aleluia (DEM-BA) e Fernando Coruja (PPS-SC). <\/p>\n<p>Prioridade \u2013 Para a CACB, &#8220;a reforma eleitoral deveria ser a prioridade da reforma pol\u00edtica&#8221;, que se arrasta h\u00e1 d\u00e9cadas no Congresso. O artigo 45 da Constitui\u00e7\u00e3o prev\u00ea o sistema proporcional. Os votos s\u00e3o dados aos candidatos, mas as cadeiras s\u00e3o distribu\u00eddas aos partidos pol\u00edticos proporcionalmente ao total de votos que receberam. O modelo, implantado h\u00e1 mais de 70 anos, resultou numa salada de siglas e nomes, que distanciou o representante do eleitor. <\/p>\n<p>O voto distrital, que divide estados e munic\u00edpios em distritos eleitorais, seria uma forma de melhorar a qualidade da representa\u00e7\u00e3o. &#8220;\u00c9 imprescind\u00edvel a ado\u00e7\u00e3o do voto distrital. Ao aproximar eleitos e eleitores, opera-se uma transforma\u00e7\u00e3o fundamental: os cidad\u00e3os passam a fiscalizar, cobrar e responsabilizar seus representantes, num claro exerc\u00edcio de cidadania. O voto distrital pode alterar as rela\u00e7\u00f5es de poder da sociedade brasileira&#8221;, defende o presidente da CACB, Alencar Burti, que apresentou a cartilha que foi distribu\u00edda aos participantes do evento. <\/p>\n<p>Pr\u00f3s e contras \u2013 O documento explica numa linguagem simples o que s\u00e3o os tr\u00eas sistemas: proporcional, distrital majorit\u00e1rio e distrital misto. As justificativas contra o sistema proporcional s\u00e3o: grande n\u00fameros de candidatos, corrup\u00e7\u00e3o, abuso de poder econ\u00f4mico e mem\u00f3ria fraca do voto. <\/p>\n<p>O voto distrital majorit\u00e1rio \u00e9 o adotado em democracias hist\u00f3ricas como os Estados Unidos e Inglaterra. Cada distrito elege um deputado por maioria simples. O mesmo modelo de elei\u00e7\u00e3o para presidente, governador, prefeito e senador \u00e9 por maioria absoluta. Cr\u00edticos dizem que essa modalidade sufoca as minorias. <\/p>\n<p>Arnaldo Madeira apresentou uma proposta de emenda \u00e0 Constitui\u00e7\u00e3o, que institui o voto distrital majorit\u00e1rio para a C\u00e2mara dos Deputados, Assembl\u00e9ias Legislativas e C\u00e2mara Municipais. O projeto foi aprovado na Comiss\u00e3o de Constitui\u00e7\u00e3o e Justi\u00e7a (CCJ). &#8220;A discuss\u00e3o do voto distrital est\u00e1 muito verde no Congresso. Precisamos de um movimento de m\u00eddia e opini\u00e3o p\u00fablica&#8221;, declara o tucano. <\/p>\n<p>No voto distrital misto, elege-se um representante pelo voto proporcional e outro pela maioria dos votos dos distritos eleitorais. <br \/>O ex-ministro Carlos Velloso, defende o voto distrital de uma outra forma: um representante seria eleito pelo voto proporcional e outro em lista fechada partid\u00e1ria. A Alemanha adotou o modelo de forma pioneira. Pol\u00edticos criticam a lista fechada porque fortaleceria as oligarquias partid\u00e1rias. <\/p>\n<p>No caso de S\u00e3o Paulo, a bancada federal de 70 deputados seria renovada em 50% pelo voto proporcional e 50% pelo majorit\u00e1rio. &#8220;O voto distrital misto combate o abuso de poder econ\u00f4mico na elei\u00e7\u00e3o e, ao mesmo tempo, fortalece e qualifica os partidos&#8221;, defende Velloso.<\/p>\n<p>Para Wilson Louren\u00e7o, presidente da ACE-Guarulhos \u00e9 preciso se reestabelecer a confian\u00e7a no processo eleitoral. \u201cO voto distrital \u00e9 o caminho. Com ele aumenta-se a representa\u00e7\u00e3o do eleito. A proximidade da popula\u00e7\u00e3o com os pol\u00edticos \u00e9 fundamental. Desta forma h\u00e1 mais cobran\u00e7a e controle\u201d, disse.<\/p>\n<p>Os representantes da ACE-Guarulhos aproveitaram a oportunidade para convidarem Fernando Henrique Cardoso a uma visita \u00e0 cidade onde poderia inclusive proferir uma palestra. Receberam uma resposta positiva onde ficou de se estabelecer uma data para a realiza\u00e7\u00e3o do evento.<\/p>\n","protected":false},"excerpt":{"rendered":"A raiz de todos os males da pol\u00edtica brasileira est\u00e1 plantada na forma com que s\u00e3o eleitos os representantes para a C\u00e2mara dos \n<a class=\"moretag\" href=\"https:\/\/www.aceguarulhos.com.br\/blog\/l%c3%adderes-debatem-voto-distrital\/\"> [...]<\/a>","protected":false},"author":8,"featured_media":0,"comment_status":"open","ping_status":"open","sticky":false,"template":"","format":"standard","meta":{"footnotes":""},"categories":[2],"tags":[],"class_list":["post-32086","post","type-post","status-publish","format-standard","hentry","category-noticias"],"yoast_head":"<!-- This site is optimized with the Yoast SEO plugin v28.1 - https:\/\/yoast.com\/product\/yoast-seo-wordpress\/ -->\n<title>L\u00edderes debatem voto distrital  - ACE-Guarulhos<\/title>\n<meta name=\"robots\" content=\"index, follow, max-snippet:-1, max-image-preview:large, max-video-preview:-1\" \/>\n<link rel=\"canonical\" href=\"https:\/\/www.aceguarulhos.com.br\/blog\/l\u00edderes-debatem-voto-distrital\/\" \/>\n<meta property=\"og:locale\" content=\"pt_BR\" \/>\n<meta property=\"og:type\" content=\"article\" \/>\n<meta property=\"og:title\" content=\"L\u00edderes debatem voto distrital  - ACE-Guarulhos\" \/>\n<meta property=\"og:description\" content=\"A raiz de todos os males da pol\u00edtica brasileira est\u00e1 plantada na forma com que s\u00e3o eleitos os representantes para a C\u00e2mara dos\" \/>\n<meta property=\"og:url\" content=\"https:\/\/www.aceguarulhos.com.br\/blog\/l\u00edderes-debatem-voto-distrital\/\" \/>\n<meta property=\"og:site_name\" content=\"ACE-Guarulhos\" \/>\n<meta property=\"article:publisher\" content=\"https:\/\/www.facebook.com\/aceguarulhos\/\" \/>\n<meta property=\"article:published_time\" content=\"2007-08-31T15:34:14+00:00\" \/>\n<meta name=\"author\" content=\"Assessoria de Imprensa ACE-Guarulhos\" \/>\n<meta name=\"twitter:card\" content=\"summary_large_image\" \/>\n<meta name=\"twitter:label1\" content=\"Escrito por\" \/>\n\t<meta name=\"twitter:data1\" content=\"Assessoria de Imprensa ACE-Guarulhos\" \/>\n\t<meta name=\"twitter:label2\" content=\"Est. tempo de leitura\" \/>\n\t<meta name=\"twitter:data2\" content=\"4 minutos\" \/>\n<script type=\"application\/ld+json\" class=\"yoast-schema-graph\">{\"@context\":\"https:\\\/\\\/schema.org\",\"@graph\":[{\"@type\":\"Article\",\"@id\":\"https:\\\/\\\/www.aceguarulhos.com.br\\\/blog\\\/l%c3%adderes-debatem-voto-distrital\\\/#article\",\"isPartOf\":{\"@id\":\"https:\\\/\\\/www.aceguarulhos.com.br\\\/blog\\\/l%c3%adderes-debatem-voto-distrital\\\/\"},\"author\":{\"name\":\"Assessoria de Imprensa ACE-Guarulhos\",\"@id\":\"https:\\\/\\\/www.aceguarulhos.com.br\\\/blog\\\/#\\\/schema\\\/person\\\/6983b51bad37489989e4f09698c26237\"},\"headline\":\"L\u00edderes debatem voto distrital\",\"datePublished\":\"2007-08-31T15:34:14+00:00\",\"mainEntityOfPage\":{\"@id\":\"https:\\\/\\\/www.aceguarulhos.com.br\\\/blog\\\/l%c3%adderes-debatem-voto-distrital\\\/\"},\"wordCount\":710,\"commentCount\":0,\"publisher\":{\"@id\":\"https:\\\/\\\/www.aceguarulhos.com.br\\\/blog\\\/#organization\"},\"articleSection\":[\"Not\u00edcias\"],\"inLanguage\":\"pt-BR\"},{\"@type\":\"WebPage\",\"@id\":\"https:\\\/\\\/www.aceguarulhos.com.br\\\/blog\\\/l%c3%adderes-debatem-voto-distrital\\\/\",\"url\":\"https:\\\/\\\/www.aceguarulhos.com.br\\\/blog\\\/l%c3%adderes-debatem-voto-distrital\\\/\",\"name\":\"L\u00edderes debatem voto distrital - ACE-Guarulhos\",\"isPartOf\":{\"@id\":\"https:\\\/\\\/www.aceguarulhos.com.br\\\/blog\\\/#website\"},\"datePublished\":\"2007-08-31T15:34:14+00:00\",\"breadcrumb\":{\"@id\":\"https:\\\/\\\/www.aceguarulhos.com.br\\\/blog\\\/l%c3%adderes-debatem-voto-distrital\\\/#breadcrumb\"},\"inLanguage\":\"pt-BR\",\"potentialAction\":[{\"@type\":\"ReadAction\",\"target\":[\"https:\\\/\\\/www.aceguarulhos.com.br\\\/blog\\\/l%c3%adderes-debatem-voto-distrital\\\/\"]}]},{\"@type\":\"BreadcrumbList\",\"@id\":\"https:\\\/\\\/www.aceguarulhos.com.br\\\/blog\\\/l%c3%adderes-debatem-voto-distrital\\\/#breadcrumb\",\"itemListElement\":[{\"@type\":\"ListItem\",\"position\":1,\"name\":\"In\u00edcio\",\"item\":\"https:\\\/\\\/www.aceguarulhos.com.br\\\/blog\\\/\"},{\"@type\":\"ListItem\",\"position\":2,\"name\":\"L\u00edderes debatem voto distrital\"}]},{\"@type\":\"WebSite\",\"@id\":\"https:\\\/\\\/www.aceguarulhos.com.br\\\/blog\\\/#website\",\"url\":\"https:\\\/\\\/www.aceguarulhos.com.br\\\/blog\\\/\",\"name\":\"ACE-Guarulhos\",\"description\":\"A ACE-Guarulhos \u00e9 uma associa\u00e7\u00e3o que ap\u00f3ia os empres\u00e1rios guarulhenses atrav\u00e9s da representa\u00e7\u00e3o, da gera\u00e7\u00e3o de neg\u00f3cios e presta\u00e7\u00e3o de servi\u00e7os.\",\"publisher\":{\"@id\":\"https:\\\/\\\/www.aceguarulhos.com.br\\\/blog\\\/#organization\"},\"potentialAction\":[{\"@type\":\"SearchAction\",\"target\":{\"@type\":\"EntryPoint\",\"urlTemplate\":\"https:\\\/\\\/www.aceguarulhos.com.br\\\/blog\\\/?s={search_term_string}\"},\"query-input\":{\"@type\":\"PropertyValueSpecification\",\"valueRequired\":true,\"valueName\":\"search_term_string\"}}],\"inLanguage\":\"pt-BR\"},{\"@type\":\"Organization\",\"@id\":\"https:\\\/\\\/www.aceguarulhos.com.br\\\/blog\\\/#organization\",\"name\":\"ACE-Guarulhos\",\"url\":\"https:\\\/\\\/www.aceguarulhos.com.br\\\/blog\\\/\",\"logo\":{\"@type\":\"ImageObject\",\"inLanguage\":\"pt-BR\",\"@id\":\"https:\\\/\\\/www.aceguarulhos.com.br\\\/blog\\\/#\\\/schema\\\/logo\\\/image\\\/\",\"url\":\"https:\\\/\\\/www.aceguarulhos.com.br\\\/blog\\\/wp-content\\\/uploads\\\/2017\\\/12\\\/logo-aceguarulhos-2018.png\",\"contentUrl\":\"https:\\\/\\\/www.aceguarulhos.com.br\\\/blog\\\/wp-content\\\/uploads\\\/2017\\\/12\\\/logo-aceguarulhos-2018.png\",\"width\":419,\"height\":76,\"caption\":\"ACE-Guarulhos\"},\"image\":{\"@id\":\"https:\\\/\\\/www.aceguarulhos.com.br\\\/blog\\\/#\\\/schema\\\/logo\\\/image\\\/\"},\"sameAs\":[\"https:\\\/\\\/www.facebook.com\\\/aceguarulhos\\\/\",\"https:\\\/\\\/br.linkedin.com\\\/in\\\/ace-guarulhos-b9a97093\",\"https:\\\/\\\/www.youtube.com\\\/user\\\/aceguarulhos\"]},{\"@type\":\"Person\",\"@id\":\"https:\\\/\\\/www.aceguarulhos.com.br\\\/blog\\\/#\\\/schema\\\/person\\\/6983b51bad37489989e4f09698c26237\",\"name\":\"Assessoria de Imprensa ACE-Guarulhos\",\"image\":{\"@type\":\"ImageObject\",\"inLanguage\":\"pt-BR\",\"@id\":\"https:\\\/\\\/secure.gravatar.com\\\/avatar\\\/707f3fadd6918afeb64173ab22d8a8cb0676953098a4f31ff36dc2b4c699ef6a?s=96&d=mm&r=g\",\"url\":\"https:\\\/\\\/secure.gravatar.com\\\/avatar\\\/707f3fadd6918afeb64173ab22d8a8cb0676953098a4f31ff36dc2b4c699ef6a?s=96&d=mm&r=g\",\"contentUrl\":\"https:\\\/\\\/secure.gravatar.com\\\/avatar\\\/707f3fadd6918afeb64173ab22d8a8cb0676953098a4f31ff36dc2b4c699ef6a?s=96&d=mm&r=g\",\"caption\":\"Assessoria de Imprensa ACE-Guarulhos\"},\"url\":\"https:\\\/\\\/www.aceguarulhos.com.br\\\/blog\\\/author\\\/assessoria-de-imprensa-ace-guarulhos\\\/\"}]}<\/script>\n<!-- \/ Yoast SEO plugin. -->","yoast_head_json":{"title":"L\u00edderes debatem voto distrital  - ACE-Guarulhos","robots":{"index":"index","follow":"follow","max-snippet":"max-snippet:-1","max-image-preview":"max-image-preview:large","max-video-preview":"max-video-preview:-1"},"canonical":"https:\/\/www.aceguarulhos.com.br\/blog\/l\u00edderes-debatem-voto-distrital\/","og_locale":"pt_BR","og_type":"article","og_title":"L\u00edderes debatem voto distrital  - ACE-Guarulhos","og_description":"A raiz de todos os males da pol\u00edtica brasileira est\u00e1 plantada na forma com que s\u00e3o eleitos os representantes para a C\u00e2mara dos","og_url":"https:\/\/www.aceguarulhos.com.br\/blog\/l\u00edderes-debatem-voto-distrital\/","og_site_name":"ACE-Guarulhos","article_publisher":"https:\/\/www.facebook.com\/aceguarulhos\/","article_published_time":"2007-08-31T15:34:14+00:00","author":"Assessoria de Imprensa ACE-Guarulhos","twitter_card":"summary_large_image","twitter_misc":{"Escrito por":"Assessoria de Imprensa ACE-Guarulhos","Est. tempo de leitura":"4 minutos"},"schema":{"@context":"https:\/\/schema.org","@graph":[{"@type":"Article","@id":"https:\/\/www.aceguarulhos.com.br\/blog\/l%c3%adderes-debatem-voto-distrital\/#article","isPartOf":{"@id":"https:\/\/www.aceguarulhos.com.br\/blog\/l%c3%adderes-debatem-voto-distrital\/"},"author":{"name":"Assessoria de Imprensa ACE-Guarulhos","@id":"https:\/\/www.aceguarulhos.com.br\/blog\/#\/schema\/person\/6983b51bad37489989e4f09698c26237"},"headline":"L\u00edderes debatem voto distrital","datePublished":"2007-08-31T15:34:14+00:00","mainEntityOfPage":{"@id":"https:\/\/www.aceguarulhos.com.br\/blog\/l%c3%adderes-debatem-voto-distrital\/"},"wordCount":710,"commentCount":0,"publisher":{"@id":"https:\/\/www.aceguarulhos.com.br\/blog\/#organization"},"articleSection":["Not\u00edcias"],"inLanguage":"pt-BR"},{"@type":"WebPage","@id":"https:\/\/www.aceguarulhos.com.br\/blog\/l%c3%adderes-debatem-voto-distrital\/","url":"https:\/\/www.aceguarulhos.com.br\/blog\/l%c3%adderes-debatem-voto-distrital\/","name":"L\u00edderes debatem voto distrital - ACE-Guarulhos","isPartOf":{"@id":"https:\/\/www.aceguarulhos.com.br\/blog\/#website"},"datePublished":"2007-08-31T15:34:14+00:00","breadcrumb":{"@id":"https:\/\/www.aceguarulhos.com.br\/blog\/l%c3%adderes-debatem-voto-distrital\/#breadcrumb"},"inLanguage":"pt-BR","potentialAction":[{"@type":"ReadAction","target":["https:\/\/www.aceguarulhos.com.br\/blog\/l%c3%adderes-debatem-voto-distrital\/"]}]},{"@type":"BreadcrumbList","@id":"https:\/\/www.aceguarulhos.com.br\/blog\/l%c3%adderes-debatem-voto-distrital\/#breadcrumb","itemListElement":[{"@type":"ListItem","position":1,"name":"In\u00edcio","item":"https:\/\/www.aceguarulhos.com.br\/blog\/"},{"@type":"ListItem","position":2,"name":"L\u00edderes debatem voto distrital"}]},{"@type":"WebSite","@id":"https:\/\/www.aceguarulhos.com.br\/blog\/#website","url":"https:\/\/www.aceguarulhos.com.br\/blog\/","name":"ACE-Guarulhos","description":"A ACE-Guarulhos \u00e9 uma associa\u00e7\u00e3o que ap\u00f3ia os empres\u00e1rios guarulhenses atrav\u00e9s da representa\u00e7\u00e3o, da gera\u00e7\u00e3o de neg\u00f3cios e presta\u00e7\u00e3o de servi\u00e7os.","publisher":{"@id":"https:\/\/www.aceguarulhos.com.br\/blog\/#organization"},"potentialAction":[{"@type":"SearchAction","target":{"@type":"EntryPoint","urlTemplate":"https:\/\/www.aceguarulhos.com.br\/blog\/?s={search_term_string}"},"query-input":{"@type":"PropertyValueSpecification","valueRequired":true,"valueName":"search_term_string"}}],"inLanguage":"pt-BR"},{"@type":"Organization","@id":"https:\/\/www.aceguarulhos.com.br\/blog\/#organization","name":"ACE-Guarulhos","url":"https:\/\/www.aceguarulhos.com.br\/blog\/","logo":{"@type":"ImageObject","inLanguage":"pt-BR","@id":"https:\/\/www.aceguarulhos.com.br\/blog\/#\/schema\/logo\/image\/","url":"https:\/\/www.aceguarulhos.com.br\/blog\/wp-content\/uploads\/2017\/12\/logo-aceguarulhos-2018.png","contentUrl":"https:\/\/www.aceguarulhos.com.br\/blog\/wp-content\/uploads\/2017\/12\/logo-aceguarulhos-2018.png","width":419,"height":76,"caption":"ACE-Guarulhos"},"image":{"@id":"https:\/\/www.aceguarulhos.com.br\/blog\/#\/schema\/logo\/image\/"},"sameAs":["https:\/\/www.facebook.com\/aceguarulhos\/","https:\/\/br.linkedin.com\/in\/ace-guarulhos-b9a97093","https:\/\/www.youtube.com\/user\/aceguarulhos"]},{"@type":"Person","@id":"https:\/\/www.aceguarulhos.com.br\/blog\/#\/schema\/person\/6983b51bad37489989e4f09698c26237","name":"Assessoria de Imprensa ACE-Guarulhos","image":{"@type":"ImageObject","inLanguage":"pt-BR","@id":"https:\/\/secure.gravatar.com\/avatar\/707f3fadd6918afeb64173ab22d8a8cb0676953098a4f31ff36dc2b4c699ef6a?s=96&d=mm&r=g","url":"https:\/\/secure.gravatar.com\/avatar\/707f3fadd6918afeb64173ab22d8a8cb0676953098a4f31ff36dc2b4c699ef6a?s=96&d=mm&r=g","contentUrl":"https:\/\/secure.gravatar.com\/avatar\/707f3fadd6918afeb64173ab22d8a8cb0676953098a4f31ff36dc2b4c699ef6a?s=96&d=mm&r=g","caption":"Assessoria de Imprensa ACE-Guarulhos"},"url":"https:\/\/www.aceguarulhos.com.br\/blog\/author\/assessoria-de-imprensa-ace-guarulhos\/"}]}},"wps_subtitle":"","amp_enabled":true,"_links":{"self":[{"href":"https:\/\/www.aceguarulhos.com.br\/blog\/wp-json\/wp\/v2\/posts\/32086","targetHints":{"allow":["GET"]}}],"collection":[{"href":"https:\/\/www.aceguarulhos.com.br\/blog\/wp-json\/wp\/v2\/posts"}],"about":[{"href":"https:\/\/www.aceguarulhos.com.br\/blog\/wp-json\/wp\/v2\/types\/post"}],"author":[{"embeddable":true,"href":"https:\/\/www.aceguarulhos.com.br\/blog\/wp-json\/wp\/v2\/users\/8"}],"replies":[{"embeddable":true,"href":"https:\/\/www.aceguarulhos.com.br\/blog\/wp-json\/wp\/v2\/comments?post=32086"}],"version-history":[{"count":0,"href":"https:\/\/www.aceguarulhos.com.br\/blog\/wp-json\/wp\/v2\/posts\/32086\/revisions"}],"wp:attachment":[{"href":"https:\/\/www.aceguarulhos.com.br\/blog\/wp-json\/wp\/v2\/media?parent=32086"}],"wp:term":[{"taxonomy":"category","embeddable":true,"href":"https:\/\/www.aceguarulhos.com.br\/blog\/wp-json\/wp\/v2\/categories?post=32086"},{"taxonomy":"post_tag","embeddable":true,"href":"https:\/\/www.aceguarulhos.com.br\/blog\/wp-json\/wp\/v2\/tags?post=32086"}],"curies":[{"name":"wp","href":"https:\/\/api.w.org\/{rel}","templated":true}]}}